{"id":1012,"date":"2016-03-26T09:50:29","date_gmt":"2016-03-26T08:50:29","guid":{"rendered":"http:\/\/jp2doc.pl\/it\/?p=1012"},"modified":"2017-04-02T09:52:32","modified_gmt":"2017-04-02T07:52:32","slug":"un-inno-di-gloria-saluti-il-signore","status":"publish","type":"post","link":"https:\/\/jp2doc.pl\/it\/2016\/03\/26\/un-inno-di-gloria-saluti-il-signore\/","title":{"rendered":"Un inno di gloria saluti il Signore"},"content":{"rendered":"<p><i>Rif.: letture della Veglia e del giorno di Pasqua<br \/>\n<\/i><\/p>\n<p>\u201cLumen Christi\u201d \u2013 \u201cExultet\u201d: La Veglia pasquale, madre di tutte le veglie, inizia con l\u2019annuncio di Cristo, luce del mondo, e prosegue con il grido di gioia di chi, nel buio della notte, scorge e saluta il primo chiarore dell\u2019alba.<\/p>\n<p>Il sepolcro vuoto \u00e8 annuncio di Risurrezione e di Vita. Dalle tenebre della morte Cristo emerge trionfante, \u00e8 la notte della Risurrezione e della Vita che mai pi\u00f9 muore. L\u2019eternit\u00e0 spalanca le sue porte, di fronte ad essa ci poniamo tremanti e fiduciosi, e, sapendo di non meritarlo, accogliamo il dono gratuito e sovrabbondante di Dio. La Pasqua segna il passaggio dall\u2019incredulit\u00e0 alla fede, dalla delusione alla gioia.<\/p>\n<p>E\u2019 la notte della Memoria e della Vita che si illuminano alla luce del Risorto.\u00a0 Memoria, che attraverso le sette letture &#8211; sette perch\u00e9 questo \u00e8 il numero della perfezione e dell\u2019opera compiuta, sette, infatti, furono i giorni della creazione \u2013ripercorre l\u2019azione di Dio nella storia: dalla creazione alla profezia\u00a0 fino alla Redenzione che Cristo ha operato nella sua morte e risurrezione.<\/p>\n<p>Memoria del nostro Battesimo che, in questa notte, rinnoviamo rinunciando a Satana, alle sue pompe e alle sue opere e riaffermando la nostra fede in Cristo vero Dio e vero Uomo, Figlio Unigenito del Padre! Egli ha superato il confine della morte ed \u00e8 tornato alla vita. \u201cPerch\u00e9 cercate tra i morti colui che \u00e8 vivo?\u201d \u00e8 l\u2019annuncio degli angeli.<\/p>\n<p><img loading=\"lazy\" decoding=\"async\" width=\"560\" height=\"373\" class=\"aligncenter size-full wp-image-1013\" src=\"http:\/\/jp2doc.pl\/it\/wp-content\/uploads\/sites\/3\/2017\/04\/56f713cbae09b906329_10151521283054547_2084552795_o.jpg\" alt=\"\" \/><\/p>\n<p>La vita di Cristo risorto dilaga sul mondo, travolgendo tutto e tutti in un\u2019onda di irrefrenabile amore, non \u00e8 pi\u00f9 il tempo del passato ora \u00e8 tempo di vivere la vita che Cristo ha conquistato per noi e che costantemente ci dona. Nel sepolcro vuoto splende la vita che segna il tempo della fede e della grazia!<br \/>\nEcco la notte di Pasqua, ecco la notte della nostra salvezza, ecco la vittoria di Cristo! Lasciamoci travolgere dalla gioia della Chiesa, lasciamoci trasfigurare dalla Risurrezione di Ges\u00f9, lasciamoci guarire dalla Vita!<\/p>\n<p>Sull\u2019esempio di Pietro corriamo anche noi verso la tomba scoperta, abbandonando le nostre pene, le nostre tristezze e le nostre lacrime, corriamo incontro alla Vita, Corriamo con quanta forza abbiamo per gioire della Risurrezione.\u00a0 Il suo annuncio percorre le strade della storia e ci raggiunge in questa notte per dirci ancora una volta che Dio si \u00e8 fatto vicino, ha preso su di lui il nostro peccato e lo ha crocifisso per sempre. Come Pietro e Giovanni anche noi sperimentiamo di essere in presenza di un mistero, un mistero profondo, che si fa dono nell\u2019Eucaristia e qui ci parla di una Presenza che si rinnova, di un Dio che si dona senza riserve, di un Incontro che si ripete di giorno in giorno. E di giorno in giorno finch\u00e9 sar\u00e0 celebrata l\u2019Eucaristia, sar\u00e0 celebrata la Pasqua e ciascuno di noi sar\u00e0 inviato nel mondo ad annunciare la Buona Novella, a cantare con fede: \u201cEcco il giorno che fece il Signore, esultiamo di allegrezza e di gioia\u201d<\/p>\n","protected":false},"excerpt":{"rendered":"<p>Rif.: letture della Veglia e del giorno di Pasqua \u201cLumen Christi\u201d \u2013 \u201cExultet\u201d: La Veglia pasquale, madre di tutte le veglie, inizia con l\u2019annuncio di Cristo, luce del mondo, e prosegue con il grido di gioia di chi, nel buio della notte, scorge e saluta il primo chiarore dell\u2019alba. Il sepolcro vuoto \u00e8 annuncio di [&hellip;]<\/p>\n","protected":false},"author":3,"featured_media":0,"comment_status":"open","ping_status":"open","sticky":false,"template":"","format":"standard","meta":{"_acf_changed":false,"_exactmetrics_skip_tracking":false,"_exactmetrics_sitenote_active":false,"_exactmetrics_sitenote_note":"","_exactmetrics_sitenote_category":0,"footnotes":""},"categories":[4],"tags":[],"class_list":["post-1012","post","type-post","status-publish","format-standard","hentry","category-blog"],"acf":[],"yoast_head":"<!-- This site is optimized with the Yoast SEO plugin v26.2 - https:\/\/yoast.com\/wordpress\/plugins\/seo\/ -->\n<title>Un inno di gloria saluti il Signore - Centro di Documentazione e Studio del Pontificato di Giovanni Paolo II a Roma<\/title>\n<meta name=\"robots\" content=\"index, follow, max-snippet:-1, max-image-preview:large, max-video-preview:-1\" \/>\n<link rel=\"canonical\" href=\"https:\/\/jp2doc.pl\/it\/2016\/03\/26\/un-inno-di-gloria-saluti-il-signore\/\" \/>\n<meta property=\"og:locale\" content=\"it_IT\" \/>\n<meta property=\"og:type\" content=\"article\" \/>\n<meta property=\"og:title\" content=\"Un inno di gloria saluti il Signore - Centro di Documentazione e Studio del Pontificato di Giovanni Paolo II a Roma\" \/>\n<meta property=\"og:description\" content=\"Rif.: letture della Veglia e del giorno di Pasqua \u201cLumen Christi\u201d \u2013 \u201cExultet\u201d: La Veglia pasquale, madre di tutte le veglie, inizia con l\u2019annuncio di Cristo, luce del mondo, e prosegue con il grido di gioia di chi, nel buio della notte, scorge e saluta il primo chiarore dell\u2019alba. Il sepolcro vuoto \u00e8 annuncio di [&hellip;]\" \/>\n<meta property=\"og:url\" content=\"https:\/\/jp2doc.pl\/it\/2016\/03\/26\/un-inno-di-gloria-saluti-il-signore\/\" \/>\n<meta property=\"og:site_name\" content=\"Centro di Documentazione e Studio del Pontificato di Giovanni Paolo II a Roma\" \/>\n<meta property=\"article:published_time\" content=\"2016-03-26T08:50:29+00:00\" \/>\n<meta property=\"article:modified_time\" content=\"2017-04-02T07:52:32+00:00\" \/>\n<meta property=\"og:image\" content=\"http:\/\/jp2doc.pl\/it\/wp-content\/uploads\/sites\/3\/2017\/04\/56f713cbae09b906329_10151521283054547_2084552795_o.jpg\" \/>\n<meta name=\"author\" content=\"Anna Nogawczyk\" \/>\n<meta name=\"twitter:card\" content=\"summary_large_image\" \/>\n<meta name=\"twitter:label1\" content=\"Scritto da\" \/>\n\t<meta name=\"twitter:data1\" content=\"Anna Nogawczyk\" \/>\n\t<meta name=\"twitter:label2\" content=\"Tempo di lettura stimato\" \/>\n\t<meta name=\"twitter:data2\" content=\"2 minuti\" \/>\n<script type=\"application\/ld+json\" class=\"yoast-schema-graph\">{\"@context\":\"https:\/\/schema.org\",\"@graph\":[{\"@type\":\"Article\",\"@id\":\"https:\/\/jp2doc.pl\/it\/2016\/03\/26\/un-inno-di-gloria-saluti-il-signore\/#article\",\"isPartOf\":{\"@id\":\"https:\/\/jp2doc.pl\/it\/2016\/03\/26\/un-inno-di-gloria-saluti-il-signore\/\"},\"author\":{\"name\":\"Anna Nogawczyk\",\"@id\":\"https:\/\/jp2doc.pl\/it\/#\/schema\/person\/ecb3008f6674a8ed2f0cffc842168b87\"},\"headline\":\"Un inno di gloria saluti il Signore\",\"datePublished\":\"2016-03-26T08:50:29+00:00\",\"dateModified\":\"2017-04-02T07:52:32+00:00\",\"mainEntityOfPage\":{\"@id\":\"https:\/\/jp2doc.pl\/it\/2016\/03\/26\/un-inno-di-gloria-saluti-il-signore\/\"},\"wordCount\":502,\"commentCount\":0,\"publisher\":{\"@id\":\"https:\/\/jp2doc.pl\/it\/#organization\"},\"image\":{\"@id\":\"https:\/\/jp2doc.pl\/it\/2016\/03\/26\/un-inno-di-gloria-saluti-il-signore\/#primaryimage\"},\"thumbnailUrl\":\"http:\/\/jp2doc.pl\/it\/wp-content\/uploads\/sites\/3\/2017\/04\/56f713cbae09b906329_10151521283054547_2084552795_o.jpg\",\"articleSection\":[\"Blog\"],\"inLanguage\":\"it-IT\",\"potentialAction\":[{\"@type\":\"CommentAction\",\"name\":\"Comment\",\"target\":[\"https:\/\/jp2doc.pl\/it\/2016\/03\/26\/un-inno-di-gloria-saluti-il-signore\/#respond\"]}]},{\"@type\":\"WebPage\",\"@id\":\"https:\/\/jp2doc.pl\/it\/2016\/03\/26\/un-inno-di-gloria-saluti-il-signore\/\",\"url\":\"https:\/\/jp2doc.pl\/it\/2016\/03\/26\/un-inno-di-gloria-saluti-il-signore\/\",\"name\":\"Un inno di gloria saluti il Signore - Centro di Documentazione e Studio del Pontificato di Giovanni Paolo II a Roma\",\"isPartOf\":{\"@id\":\"https:\/\/jp2doc.pl\/it\/#website\"},\"primaryImageOfPage\":{\"@id\":\"https:\/\/jp2doc.pl\/it\/2016\/03\/26\/un-inno-di-gloria-saluti-il-signore\/#primaryimage\"},\"image\":{\"@id\":\"https:\/\/jp2doc.pl\/it\/2016\/03\/26\/un-inno-di-gloria-saluti-il-signore\/#primaryimage\"},\"thumbnailUrl\":\"http:\/\/jp2doc.pl\/it\/wp-content\/uploads\/sites\/3\/2017\/04\/56f713cbae09b906329_10151521283054547_2084552795_o.jpg\",\"datePublished\":\"2016-03-26T08:50:29+00:00\",\"dateModified\":\"2017-04-02T07:52:32+00:00\",\"breadcrumb\":{\"@id\":\"https:\/\/jp2doc.pl\/it\/2016\/03\/26\/un-inno-di-gloria-saluti-il-signore\/#breadcrumb\"},\"inLanguage\":\"it-IT\",\"potentialAction\":[{\"@type\":\"ReadAction\",\"target\":[\"https:\/\/jp2doc.pl\/it\/2016\/03\/26\/un-inno-di-gloria-saluti-il-signore\/\"]}]},{\"@type\":\"ImageObject\",\"inLanguage\":\"it-IT\",\"@id\":\"https:\/\/jp2doc.pl\/it\/2016\/03\/26\/un-inno-di-gloria-saluti-il-signore\/#primaryimage\",\"url\":\"http:\/\/jp2doc.pl\/it\/wp-content\/uploads\/sites\/3\/2017\/04\/56f713cbae09b906329_10151521283054547_2084552795_o.jpg\",\"contentUrl\":\"http:\/\/jp2doc.pl\/it\/wp-content\/uploads\/sites\/3\/2017\/04\/56f713cbae09b906329_10151521283054547_2084552795_o.jpg\"},{\"@type\":\"BreadcrumbList\",\"@id\":\"https:\/\/jp2doc.pl\/it\/2016\/03\/26\/un-inno-di-gloria-saluti-il-signore\/#breadcrumb\",\"itemListElement\":[{\"@type\":\"ListItem\",\"position\":1,\"name\":\"Home\",\"item\":\"https:\/\/jp2doc.pl\/it\/\"},{\"@type\":\"ListItem\",\"position\":2,\"name\":\"Un inno di gloria saluti il Signore\"}]},{\"@type\":\"WebSite\",\"@id\":\"https:\/\/jp2doc.pl\/it\/#website\",\"url\":\"https:\/\/jp2doc.pl\/it\/\",\"name\":\"Centro di Documentazione e Studio del Pontificato di Giovanni Paolo II a Roma\",\"description\":\"\",\"publisher\":{\"@id\":\"https:\/\/jp2doc.pl\/it\/#organization\"},\"potentialAction\":[{\"@type\":\"SearchAction\",\"target\":{\"@type\":\"EntryPoint\",\"urlTemplate\":\"https:\/\/jp2doc.pl\/it\/?s={search_term_string}\"},\"query-input\":{\"@type\":\"PropertyValueSpecification\",\"valueRequired\":true,\"valueName\":\"search_term_string\"}}],\"inLanguage\":\"it-IT\"},{\"@type\":\"Organization\",\"@id\":\"https:\/\/jp2doc.pl\/it\/#organization\",\"name\":\"Centro di Documentazione e Studio del Pontificato di Giovanni Paolo II a Roma\",\"url\":\"https:\/\/jp2doc.pl\/it\/\",\"logo\":{\"@type\":\"ImageObject\",\"inLanguage\":\"it-IT\",\"@id\":\"https:\/\/jp2doc.pl\/it\/#\/schema\/logo\/image\/\",\"url\":\"https:\/\/jp2doc.pl\/it\/wp-content\/uploads\/sites\/3\/2017\/03\/cropped-logo.png\",\"contentUrl\":\"https:\/\/jp2doc.pl\/it\/wp-content\/uploads\/sites\/3\/2017\/03\/cropped-logo.png\",\"width\":115,\"height\":115,\"caption\":\"Centro di Documentazione e Studio del Pontificato di Giovanni Paolo II a Roma\"},\"image\":{\"@id\":\"https:\/\/jp2doc.pl\/it\/#\/schema\/logo\/image\/\"}},{\"@type\":\"Person\",\"@id\":\"https:\/\/jp2doc.pl\/it\/#\/schema\/person\/ecb3008f6674a8ed2f0cffc842168b87\",\"name\":\"Anna Nogawczyk\",\"image\":{\"@type\":\"ImageObject\",\"inLanguage\":\"it-IT\",\"@id\":\"https:\/\/jp2doc.pl\/it\/#\/schema\/person\/image\/\",\"url\":\"https:\/\/secure.gravatar.com\/avatar\/7f49c0a3455a5f39b9815332b5595517d52774cc8803ff595476ca8543d405f2?s=96&d=mm&r=g\",\"contentUrl\":\"https:\/\/secure.gravatar.com\/avatar\/7f49c0a3455a5f39b9815332b5595517d52774cc8803ff595476ca8543d405f2?s=96&d=mm&r=g\",\"caption\":\"Anna Nogawczyk\"},\"url\":\"https:\/\/jp2doc.pl\/it\/author\/ania-nogawczyk\/\"}]}<\/script>\n<!-- \/ Yoast SEO plugin. -->","yoast_head_json":{"title":"Un inno di gloria saluti il Signore - Centro di Documentazione e Studio del Pontificato di Giovanni Paolo II a Roma","robots":{"index":"index","follow":"follow","max-snippet":"max-snippet:-1","max-image-preview":"max-image-preview:large","max-video-preview":"max-video-preview:-1"},"canonical":"https:\/\/jp2doc.pl\/it\/2016\/03\/26\/un-inno-di-gloria-saluti-il-signore\/","og_locale":"it_IT","og_type":"article","og_title":"Un inno di gloria saluti il Signore - Centro di Documentazione e Studio del Pontificato di Giovanni Paolo II a Roma","og_description":"Rif.: letture della Veglia e del giorno di Pasqua \u201cLumen Christi\u201d \u2013 \u201cExultet\u201d: La Veglia pasquale, madre di tutte le veglie, inizia con l\u2019annuncio di Cristo, luce del mondo, e prosegue con il grido di gioia di chi, nel buio della notte, scorge e saluta il primo chiarore dell\u2019alba. Il sepolcro vuoto \u00e8 annuncio di [&hellip;]","og_url":"https:\/\/jp2doc.pl\/it\/2016\/03\/26\/un-inno-di-gloria-saluti-il-signore\/","og_site_name":"Centro di Documentazione e Studio del Pontificato di Giovanni Paolo II a Roma","article_published_time":"2016-03-26T08:50:29+00:00","article_modified_time":"2017-04-02T07:52:32+00:00","og_image":[{"url":"http:\/\/jp2doc.pl\/it\/wp-content\/uploads\/sites\/3\/2017\/04\/56f713cbae09b906329_10151521283054547_2084552795_o.jpg","type":"","width":"","height":""}],"author":"Anna Nogawczyk","twitter_card":"summary_large_image","twitter_misc":{"Scritto da":"Anna Nogawczyk","Tempo di lettura stimato":"2 minuti"},"schema":{"@context":"https:\/\/schema.org","@graph":[{"@type":"Article","@id":"https:\/\/jp2doc.pl\/it\/2016\/03\/26\/un-inno-di-gloria-saluti-il-signore\/#article","isPartOf":{"@id":"https:\/\/jp2doc.pl\/it\/2016\/03\/26\/un-inno-di-gloria-saluti-il-signore\/"},"author":{"name":"Anna Nogawczyk","@id":"https:\/\/jp2doc.pl\/it\/#\/schema\/person\/ecb3008f6674a8ed2f0cffc842168b87"},"headline":"Un inno di gloria saluti il Signore","datePublished":"2016-03-26T08:50:29+00:00","dateModified":"2017-04-02T07:52:32+00:00","mainEntityOfPage":{"@id":"https:\/\/jp2doc.pl\/it\/2016\/03\/26\/un-inno-di-gloria-saluti-il-signore\/"},"wordCount":502,"commentCount":0,"publisher":{"@id":"https:\/\/jp2doc.pl\/it\/#organization"},"image":{"@id":"https:\/\/jp2doc.pl\/it\/2016\/03\/26\/un-inno-di-gloria-saluti-il-signore\/#primaryimage"},"thumbnailUrl":"http:\/\/jp2doc.pl\/it\/wp-content\/uploads\/sites\/3\/2017\/04\/56f713cbae09b906329_10151521283054547_2084552795_o.jpg","articleSection":["Blog"],"inLanguage":"it-IT","potentialAction":[{"@type":"CommentAction","name":"Comment","target":["https:\/\/jp2doc.pl\/it\/2016\/03\/26\/un-inno-di-gloria-saluti-il-signore\/#respond"]}]},{"@type":"WebPage","@id":"https:\/\/jp2doc.pl\/it\/2016\/03\/26\/un-inno-di-gloria-saluti-il-signore\/","url":"https:\/\/jp2doc.pl\/it\/2016\/03\/26\/un-inno-di-gloria-saluti-il-signore\/","name":"Un inno di gloria saluti il Signore - Centro di Documentazione e Studio del Pontificato di Giovanni Paolo II a Roma","isPartOf":{"@id":"https:\/\/jp2doc.pl\/it\/#website"},"primaryImageOfPage":{"@id":"https:\/\/jp2doc.pl\/it\/2016\/03\/26\/un-inno-di-gloria-saluti-il-signore\/#primaryimage"},"image":{"@id":"https:\/\/jp2doc.pl\/it\/2016\/03\/26\/un-inno-di-gloria-saluti-il-signore\/#primaryimage"},"thumbnailUrl":"http:\/\/jp2doc.pl\/it\/wp-content\/uploads\/sites\/3\/2017\/04\/56f713cbae09b906329_10151521283054547_2084552795_o.jpg","datePublished":"2016-03-26T08:50:29+00:00","dateModified":"2017-04-02T07:52:32+00:00","breadcrumb":{"@id":"https:\/\/jp2doc.pl\/it\/2016\/03\/26\/un-inno-di-gloria-saluti-il-signore\/#breadcrumb"},"inLanguage":"it-IT","potentialAction":[{"@type":"ReadAction","target":["https:\/\/jp2doc.pl\/it\/2016\/03\/26\/un-inno-di-gloria-saluti-il-signore\/"]}]},{"@type":"ImageObject","inLanguage":"it-IT","@id":"https:\/\/jp2doc.pl\/it\/2016\/03\/26\/un-inno-di-gloria-saluti-il-signore\/#primaryimage","url":"http:\/\/jp2doc.pl\/it\/wp-content\/uploads\/sites\/3\/2017\/04\/56f713cbae09b906329_10151521283054547_2084552795_o.jpg","contentUrl":"http:\/\/jp2doc.pl\/it\/wp-content\/uploads\/sites\/3\/2017\/04\/56f713cbae09b906329_10151521283054547_2084552795_o.jpg"},{"@type":"BreadcrumbList","@id":"https:\/\/jp2doc.pl\/it\/2016\/03\/26\/un-inno-di-gloria-saluti-il-signore\/#breadcrumb","itemListElement":[{"@type":"ListItem","position":1,"name":"Home","item":"https:\/\/jp2doc.pl\/it\/"},{"@type":"ListItem","position":2,"name":"Un inno di gloria saluti il Signore"}]},{"@type":"WebSite","@id":"https:\/\/jp2doc.pl\/it\/#website","url":"https:\/\/jp2doc.pl\/it\/","name":"Centro di Documentazione e Studio del Pontificato di Giovanni Paolo II a Roma","description":"","publisher":{"@id":"https:\/\/jp2doc.pl\/it\/#organization"},"potentialAction":[{"@type":"SearchAction","target":{"@type":"EntryPoint","urlTemplate":"https:\/\/jp2doc.pl\/it\/?s={search_term_string}"},"query-input":{"@type":"PropertyValueSpecification","valueRequired":true,"valueName":"search_term_string"}}],"inLanguage":"it-IT"},{"@type":"Organization","@id":"https:\/\/jp2doc.pl\/it\/#organization","name":"Centro di Documentazione e Studio del Pontificato di Giovanni Paolo II a Roma","url":"https:\/\/jp2doc.pl\/it\/","logo":{"@type":"ImageObject","inLanguage":"it-IT","@id":"https:\/\/jp2doc.pl\/it\/#\/schema\/logo\/image\/","url":"https:\/\/jp2doc.pl\/it\/wp-content\/uploads\/sites\/3\/2017\/03\/cropped-logo.png","contentUrl":"https:\/\/jp2doc.pl\/it\/wp-content\/uploads\/sites\/3\/2017\/03\/cropped-logo.png","width":115,"height":115,"caption":"Centro di Documentazione e Studio del Pontificato di Giovanni Paolo II a Roma"},"image":{"@id":"https:\/\/jp2doc.pl\/it\/#\/schema\/logo\/image\/"}},{"@type":"Person","@id":"https:\/\/jp2doc.pl\/it\/#\/schema\/person\/ecb3008f6674a8ed2f0cffc842168b87","name":"Anna Nogawczyk","image":{"@type":"ImageObject","inLanguage":"it-IT","@id":"https:\/\/jp2doc.pl\/it\/#\/schema\/person\/image\/","url":"https:\/\/secure.gravatar.com\/avatar\/7f49c0a3455a5f39b9815332b5595517d52774cc8803ff595476ca8543d405f2?s=96&d=mm&r=g","contentUrl":"https:\/\/secure.gravatar.com\/avatar\/7f49c0a3455a5f39b9815332b5595517d52774cc8803ff595476ca8543d405f2?s=96&d=mm&r=g","caption":"Anna Nogawczyk"},"url":"https:\/\/jp2doc.pl\/it\/author\/ania-nogawczyk\/"}]}},"_links":{"self":[{"href":"https:\/\/jp2doc.pl\/it\/wp-json\/wp\/v2\/posts\/1012","targetHints":{"allow":["GET"]}}],"collection":[{"href":"https:\/\/jp2doc.pl\/it\/wp-json\/wp\/v2\/posts"}],"about":[{"href":"https:\/\/jp2doc.pl\/it\/wp-json\/wp\/v2\/types\/post"}],"author":[{"embeddable":true,"href":"https:\/\/jp2doc.pl\/it\/wp-json\/wp\/v2\/users\/3"}],"replies":[{"embeddable":true,"href":"https:\/\/jp2doc.pl\/it\/wp-json\/wp\/v2\/comments?post=1012"}],"version-history":[{"count":1,"href":"https:\/\/jp2doc.pl\/it\/wp-json\/wp\/v2\/posts\/1012\/revisions"}],"predecessor-version":[{"id":1014,"href":"https:\/\/jp2doc.pl\/it\/wp-json\/wp\/v2\/posts\/1012\/revisions\/1014"}],"wp:attachment":[{"href":"https:\/\/jp2doc.pl\/it\/wp-json\/wp\/v2\/media?parent=1012"}],"wp:term":[{"taxonomy":"category","embeddable":true,"href":"https:\/\/jp2doc.pl\/it\/wp-json\/wp\/v2\/categories?post=1012"},{"taxonomy":"post_tag","embeddable":true,"href":"https:\/\/jp2doc.pl\/it\/wp-json\/wp\/v2\/tags?post=1012"}],"curies":[{"name":"wp","href":"https:\/\/api.w.org\/{rel}","templated":true}]}}