{"id":1015,"date":"2016-03-19T09:53:24","date_gmt":"2016-03-19T08:53:24","guid":{"rendered":"http:\/\/jp2doc.pl\/it\/?p=1015"},"modified":"2017-04-02T09:54:55","modified_gmt":"2017-04-02T07:54:55","slug":"dallosanna-al-crucifige","status":"publish","type":"post","link":"https:\/\/jp2doc.pl\/it\/2016\/03\/19\/dallosanna-al-crucifige\/","title":{"rendered":"Dall&#8217;Osanna al Crucifige!"},"content":{"rendered":"<p><i>\u00a0Rif.: Is 50,4-7; Sal 21; Fil 2,6-11; Lc 22,14 \u2013 23,56<\/i><\/p>\n<p>Ges\u00f9 entra trionfalmente a Gerusalemme accolto dagli \u201cOsanna\u201d festosi della folla. Il grido di esultanza, in origine, indicava l\u2019affidamento del popolo alla potenza conquistatrice del condottiero: \u201cSalvaci\u201d. Ma la stessa folla che lo accoglie festante e a Lui si affida ne invocher\u00e0, dopo qualche giorno, la crocifissione e la morte.<\/p>\n<p>E\u2019 la prima delle forti contraddizioni di questa domenica in cui si passa dall\u2019atmosfera festosa e trionfale dell\u2019ingresso a Gerusalemme al dramma della Passione e del Crucifige, dall\u2019Ora delle tenebre e della Morte all\u2019Oggi della salvezza e del perdono.<\/p>\n<p>Il progetto di salvezza che Ges\u00f9 \u00e8 venuto ad attuare si scontra con l\u2019incomprensione umana, cos\u00ec mentre Egli annuncia la sua imminente condanna, gli Apostoli discutono su chi, fra loro, sia il pi\u00f9 grande; mentre, dilaniato dall\u2019angoscia, prega che si compia la volont\u00e0 del Padre, il bacio di un apostolo lo tradir\u00e0 e Lui, il Salvatore, finir\u00e0 inchiodato tra due malfattori. Ma le sue ultime parole saranno Parola di perdono e di giustificazione: \u201cPadre, perdona loro perch\u00e9 non sanno quello che fanno\u201d.<\/p>\n<p><img loading=\"lazy\" decoding=\"async\" width=\"473\" height=\"313\" class=\"aligncenter size-full wp-image-1016\" src=\"http:\/\/jp2doc.pl\/it\/wp-content\/uploads\/sites\/3\/2017\/04\/56edc21e71ef3palme.jpg\" alt=\"\" \/><\/p>\n<p>Una domenica, questa delle Palme che d\u00e0 inizio alla \u201cSettimana Santa\u201d o \u201cSettimana Grande\u201d nella quale emerge il Triduo Pasquale, fonte e culmine di tutto l\u2019anno liturgico e, attraverso la Liturgia di questi santi giorni, la Chiesa ci invita a intraprendere, a fianco di Cristo, il cammino della Passione, durante il quale conosceremo meglio il volto di Ges\u00f9: volto di Uomo sofferente e di Risorto. Il Triduo inizia al tramonto del Gioved\u00ec con la Santa Messa \u201cin coena Domini\u201d in cui facciamo memoria del momento in cui il Figlio di Dio dona il suo Corpo e il suo Sangue prima ancora di essere immolato; dono che \u00e8 preceduto della Lavanda dei piedi, umile gesto che \u00e8 invito ed esempio ad entrare nella dinamica di un amore senza confini, un amore totale che \u00e8 totale dono di s\u00e9. Non importa se alla sua tavola siedono Giuda il traditore, Pietro che lo rinnegher\u00e0 e gli altri che continuano a discutere su chi sia il pi\u00f9 grande fra loro. Cristo si dona, si consegna alla debolezza umana, all\u2019incomprensione dei suoi, a coloro che verranno ad arrestarlo. Il dono del Suo Corpo e del Suo Sangue diventano presenza quotidiana, offerta di cui tutti potranno disporre; Presenza viva, intorno alla quale la Chiesa si unisce in adorante preghiera per giungere al racconto della Passione del Venerd\u00ec santo. Giorno in cui la pace e l\u2019amore sono flagellati, l\u2019avvenire sembra non avere pi\u00f9 nulla da offrire, le tenebre ricoprono la terra. \u201cTutto \u00e8 compiuto\u201d, ma ai piedi della croce Dio parla ancora pi\u00f9 forte per bocca di un pagano: \u201cVeramente quest\u2019uomo \u00e8 il figlio di Dio\u201d.<\/p>\n<p>Sabato: Inizia, come si \u00e8 detto, al tramonto del Venerd\u00ec, \u00e8 il momento della sepoltura e del silenzio, \u00e8 il momento delle donne che stentano ad allontanarsi, che fissano la tomba per ritrovarla e ritornavi, \u00e8 il tempo della paura e dello sconcerto degli Apostoli, ma \u00e8 anche il tempo della speranza che ci spinge verso la Veglia, Madre di tutte le Veglie e in essa attendiamo con fede che dal buio della croce risplenda la vita!<\/p>\n","protected":false},"excerpt":{"rendered":"<p>\u00a0Rif.: Is 50,4-7; Sal 21; Fil 2,6-11; Lc 22,14 \u2013 23,56 Ges\u00f9 entra trionfalmente a Gerusalemme accolto dagli \u201cOsanna\u201d festosi della folla. Il grido di esultanza, in origine, indicava l\u2019affidamento del popolo alla potenza conquistatrice del condottiero: \u201cSalvaci\u201d. Ma la stessa folla che lo accoglie festante e a Lui si affida ne invocher\u00e0, dopo qualche [&hellip;]<\/p>\n","protected":false},"author":3,"featured_media":0,"comment_status":"open","ping_status":"open","sticky":false,"template":"","format":"standard","meta":{"_acf_changed":false,"_exactmetrics_skip_tracking":false,"_exactmetrics_sitenote_active":false,"_exactmetrics_sitenote_note":"","_exactmetrics_sitenote_category":0,"footnotes":""},"categories":[4],"tags":[],"class_list":["post-1015","post","type-post","status-publish","format-standard","hentry","category-blog"],"acf":[],"yoast_head":"<!-- This site is optimized with the Yoast SEO plugin v26.2 - https:\/\/yoast.com\/wordpress\/plugins\/seo\/ -->\n<title>Dall&#039;Osanna al Crucifige! - Centro di Documentazione e Studio del Pontificato di Giovanni Paolo II a Roma<\/title>\n<meta name=\"robots\" content=\"index, follow, max-snippet:-1, max-image-preview:large, max-video-preview:-1\" \/>\n<link rel=\"canonical\" href=\"https:\/\/jp2doc.pl\/it\/2016\/03\/19\/dallosanna-al-crucifige\/\" \/>\n<meta property=\"og:locale\" content=\"it_IT\" \/>\n<meta property=\"og:type\" content=\"article\" \/>\n<meta property=\"og:title\" content=\"Dall&#039;Osanna al Crucifige! - Centro di Documentazione e Studio del Pontificato di Giovanni Paolo II a Roma\" \/>\n<meta property=\"og:description\" content=\"\u00a0Rif.: Is 50,4-7; Sal 21; Fil 2,6-11; Lc 22,14 \u2013 23,56 Ges\u00f9 entra trionfalmente a Gerusalemme accolto dagli \u201cOsanna\u201d festosi della folla. Il grido di esultanza, in origine, indicava l\u2019affidamento del popolo alla potenza conquistatrice del condottiero: \u201cSalvaci\u201d. Ma la stessa folla che lo accoglie festante e a Lui si affida ne invocher\u00e0, dopo qualche [&hellip;]\" \/>\n<meta property=\"og:url\" content=\"https:\/\/jp2doc.pl\/it\/2016\/03\/19\/dallosanna-al-crucifige\/\" \/>\n<meta property=\"og:site_name\" content=\"Centro di Documentazione e Studio del Pontificato di Giovanni Paolo II a Roma\" \/>\n<meta property=\"article:published_time\" content=\"2016-03-19T08:53:24+00:00\" \/>\n<meta property=\"article:modified_time\" content=\"2017-04-02T07:54:55+00:00\" \/>\n<meta property=\"og:image\" content=\"http:\/\/jp2doc.pl\/it\/wp-content\/uploads\/sites\/3\/2017\/04\/56edc21e71ef3palme.jpg\" \/>\n<meta name=\"author\" content=\"Anna Nogawczyk\" \/>\n<meta name=\"twitter:card\" content=\"summary_large_image\" \/>\n<meta name=\"twitter:label1\" content=\"Scritto da\" \/>\n\t<meta name=\"twitter:data1\" content=\"Anna Nogawczyk\" \/>\n\t<meta name=\"twitter:label2\" content=\"Tempo di lettura stimato\" \/>\n\t<meta name=\"twitter:data2\" content=\"3 minuti\" \/>\n<script type=\"application\/ld+json\" class=\"yoast-schema-graph\">{\"@context\":\"https:\/\/schema.org\",\"@graph\":[{\"@type\":\"Article\",\"@id\":\"https:\/\/jp2doc.pl\/it\/2016\/03\/19\/dallosanna-al-crucifige\/#article\",\"isPartOf\":{\"@id\":\"https:\/\/jp2doc.pl\/it\/2016\/03\/19\/dallosanna-al-crucifige\/\"},\"author\":{\"name\":\"Anna Nogawczyk\",\"@id\":\"https:\/\/jp2doc.pl\/it\/#\/schema\/person\/ecb3008f6674a8ed2f0cffc842168b87\"},\"headline\":\"Dall&#8217;Osanna al Crucifige!\",\"datePublished\":\"2016-03-19T08:53:24+00:00\",\"dateModified\":\"2017-04-02T07:54:55+00:00\",\"mainEntityOfPage\":{\"@id\":\"https:\/\/jp2doc.pl\/it\/2016\/03\/19\/dallosanna-al-crucifige\/\"},\"wordCount\":529,\"commentCount\":0,\"publisher\":{\"@id\":\"https:\/\/jp2doc.pl\/it\/#organization\"},\"image\":{\"@id\":\"https:\/\/jp2doc.pl\/it\/2016\/03\/19\/dallosanna-al-crucifige\/#primaryimage\"},\"thumbnailUrl\":\"http:\/\/jp2doc.pl\/it\/wp-content\/uploads\/sites\/3\/2017\/04\/56edc21e71ef3palme.jpg\",\"articleSection\":[\"Blog\"],\"inLanguage\":\"it-IT\",\"potentialAction\":[{\"@type\":\"CommentAction\",\"name\":\"Comment\",\"target\":[\"https:\/\/jp2doc.pl\/it\/2016\/03\/19\/dallosanna-al-crucifige\/#respond\"]}]},{\"@type\":\"WebPage\",\"@id\":\"https:\/\/jp2doc.pl\/it\/2016\/03\/19\/dallosanna-al-crucifige\/\",\"url\":\"https:\/\/jp2doc.pl\/it\/2016\/03\/19\/dallosanna-al-crucifige\/\",\"name\":\"Dall'Osanna al Crucifige! - Centro di Documentazione e Studio del Pontificato di Giovanni Paolo II a Roma\",\"isPartOf\":{\"@id\":\"https:\/\/jp2doc.pl\/it\/#website\"},\"primaryImageOfPage\":{\"@id\":\"https:\/\/jp2doc.pl\/it\/2016\/03\/19\/dallosanna-al-crucifige\/#primaryimage\"},\"image\":{\"@id\":\"https:\/\/jp2doc.pl\/it\/2016\/03\/19\/dallosanna-al-crucifige\/#primaryimage\"},\"thumbnailUrl\":\"http:\/\/jp2doc.pl\/it\/wp-content\/uploads\/sites\/3\/2017\/04\/56edc21e71ef3palme.jpg\",\"datePublished\":\"2016-03-19T08:53:24+00:00\",\"dateModified\":\"2017-04-02T07:54:55+00:00\",\"breadcrumb\":{\"@id\":\"https:\/\/jp2doc.pl\/it\/2016\/03\/19\/dallosanna-al-crucifige\/#breadcrumb\"},\"inLanguage\":\"it-IT\",\"potentialAction\":[{\"@type\":\"ReadAction\",\"target\":[\"https:\/\/jp2doc.pl\/it\/2016\/03\/19\/dallosanna-al-crucifige\/\"]}]},{\"@type\":\"ImageObject\",\"inLanguage\":\"it-IT\",\"@id\":\"https:\/\/jp2doc.pl\/it\/2016\/03\/19\/dallosanna-al-crucifige\/#primaryimage\",\"url\":\"http:\/\/jp2doc.pl\/it\/wp-content\/uploads\/sites\/3\/2017\/04\/56edc21e71ef3palme.jpg\",\"contentUrl\":\"http:\/\/jp2doc.pl\/it\/wp-content\/uploads\/sites\/3\/2017\/04\/56edc21e71ef3palme.jpg\"},{\"@type\":\"BreadcrumbList\",\"@id\":\"https:\/\/jp2doc.pl\/it\/2016\/03\/19\/dallosanna-al-crucifige\/#breadcrumb\",\"itemListElement\":[{\"@type\":\"ListItem\",\"position\":1,\"name\":\"Home\",\"item\":\"https:\/\/jp2doc.pl\/it\/\"},{\"@type\":\"ListItem\",\"position\":2,\"name\":\"Dall&#8217;Osanna al Crucifige!\"}]},{\"@type\":\"WebSite\",\"@id\":\"https:\/\/jp2doc.pl\/it\/#website\",\"url\":\"https:\/\/jp2doc.pl\/it\/\",\"name\":\"Centro di Documentazione e Studio del Pontificato di Giovanni Paolo II a Roma\",\"description\":\"\",\"publisher\":{\"@id\":\"https:\/\/jp2doc.pl\/it\/#organization\"},\"potentialAction\":[{\"@type\":\"SearchAction\",\"target\":{\"@type\":\"EntryPoint\",\"urlTemplate\":\"https:\/\/jp2doc.pl\/it\/?s={search_term_string}\"},\"query-input\":{\"@type\":\"PropertyValueSpecification\",\"valueRequired\":true,\"valueName\":\"search_term_string\"}}],\"inLanguage\":\"it-IT\"},{\"@type\":\"Organization\",\"@id\":\"https:\/\/jp2doc.pl\/it\/#organization\",\"name\":\"Centro di Documentazione e Studio del Pontificato di Giovanni Paolo II a Roma\",\"url\":\"https:\/\/jp2doc.pl\/it\/\",\"logo\":{\"@type\":\"ImageObject\",\"inLanguage\":\"it-IT\",\"@id\":\"https:\/\/jp2doc.pl\/it\/#\/schema\/logo\/image\/\",\"url\":\"https:\/\/jp2doc.pl\/it\/wp-content\/uploads\/sites\/3\/2017\/03\/cropped-logo.png\",\"contentUrl\":\"https:\/\/jp2doc.pl\/it\/wp-content\/uploads\/sites\/3\/2017\/03\/cropped-logo.png\",\"width\":115,\"height\":115,\"caption\":\"Centro di Documentazione e Studio del Pontificato di Giovanni Paolo II a Roma\"},\"image\":{\"@id\":\"https:\/\/jp2doc.pl\/it\/#\/schema\/logo\/image\/\"}},{\"@type\":\"Person\",\"@id\":\"https:\/\/jp2doc.pl\/it\/#\/schema\/person\/ecb3008f6674a8ed2f0cffc842168b87\",\"name\":\"Anna Nogawczyk\",\"image\":{\"@type\":\"ImageObject\",\"inLanguage\":\"it-IT\",\"@id\":\"https:\/\/jp2doc.pl\/it\/#\/schema\/person\/image\/\",\"url\":\"https:\/\/secure.gravatar.com\/avatar\/7f49c0a3455a5f39b9815332b5595517d52774cc8803ff595476ca8543d405f2?s=96&d=mm&r=g\",\"contentUrl\":\"https:\/\/secure.gravatar.com\/avatar\/7f49c0a3455a5f39b9815332b5595517d52774cc8803ff595476ca8543d405f2?s=96&d=mm&r=g\",\"caption\":\"Anna Nogawczyk\"},\"url\":\"https:\/\/jp2doc.pl\/it\/author\/ania-nogawczyk\/\"}]}<\/script>\n<!-- \/ Yoast SEO plugin. -->","yoast_head_json":{"title":"Dall'Osanna al Crucifige! - Centro di Documentazione e Studio del Pontificato di Giovanni Paolo II a Roma","robots":{"index":"index","follow":"follow","max-snippet":"max-snippet:-1","max-image-preview":"max-image-preview:large","max-video-preview":"max-video-preview:-1"},"canonical":"https:\/\/jp2doc.pl\/it\/2016\/03\/19\/dallosanna-al-crucifige\/","og_locale":"it_IT","og_type":"article","og_title":"Dall'Osanna al Crucifige! - Centro di Documentazione e Studio del Pontificato di Giovanni Paolo II a Roma","og_description":"\u00a0Rif.: Is 50,4-7; Sal 21; Fil 2,6-11; Lc 22,14 \u2013 23,56 Ges\u00f9 entra trionfalmente a Gerusalemme accolto dagli \u201cOsanna\u201d festosi della folla. Il grido di esultanza, in origine, indicava l\u2019affidamento del popolo alla potenza conquistatrice del condottiero: \u201cSalvaci\u201d. Ma la stessa folla che lo accoglie festante e a Lui si affida ne invocher\u00e0, dopo qualche [&hellip;]","og_url":"https:\/\/jp2doc.pl\/it\/2016\/03\/19\/dallosanna-al-crucifige\/","og_site_name":"Centro di Documentazione e Studio del Pontificato di Giovanni Paolo II a Roma","article_published_time":"2016-03-19T08:53:24+00:00","article_modified_time":"2017-04-02T07:54:55+00:00","og_image":[{"url":"http:\/\/jp2doc.pl\/it\/wp-content\/uploads\/sites\/3\/2017\/04\/56edc21e71ef3palme.jpg","type":"","width":"","height":""}],"author":"Anna Nogawczyk","twitter_card":"summary_large_image","twitter_misc":{"Scritto da":"Anna Nogawczyk","Tempo di lettura stimato":"3 minuti"},"schema":{"@context":"https:\/\/schema.org","@graph":[{"@type":"Article","@id":"https:\/\/jp2doc.pl\/it\/2016\/03\/19\/dallosanna-al-crucifige\/#article","isPartOf":{"@id":"https:\/\/jp2doc.pl\/it\/2016\/03\/19\/dallosanna-al-crucifige\/"},"author":{"name":"Anna Nogawczyk","@id":"https:\/\/jp2doc.pl\/it\/#\/schema\/person\/ecb3008f6674a8ed2f0cffc842168b87"},"headline":"Dall&#8217;Osanna al Crucifige!","datePublished":"2016-03-19T08:53:24+00:00","dateModified":"2017-04-02T07:54:55+00:00","mainEntityOfPage":{"@id":"https:\/\/jp2doc.pl\/it\/2016\/03\/19\/dallosanna-al-crucifige\/"},"wordCount":529,"commentCount":0,"publisher":{"@id":"https:\/\/jp2doc.pl\/it\/#organization"},"image":{"@id":"https:\/\/jp2doc.pl\/it\/2016\/03\/19\/dallosanna-al-crucifige\/#primaryimage"},"thumbnailUrl":"http:\/\/jp2doc.pl\/it\/wp-content\/uploads\/sites\/3\/2017\/04\/56edc21e71ef3palme.jpg","articleSection":["Blog"],"inLanguage":"it-IT","potentialAction":[{"@type":"CommentAction","name":"Comment","target":["https:\/\/jp2doc.pl\/it\/2016\/03\/19\/dallosanna-al-crucifige\/#respond"]}]},{"@type":"WebPage","@id":"https:\/\/jp2doc.pl\/it\/2016\/03\/19\/dallosanna-al-crucifige\/","url":"https:\/\/jp2doc.pl\/it\/2016\/03\/19\/dallosanna-al-crucifige\/","name":"Dall'Osanna al Crucifige! - Centro di Documentazione e Studio del Pontificato di Giovanni Paolo II a Roma","isPartOf":{"@id":"https:\/\/jp2doc.pl\/it\/#website"},"primaryImageOfPage":{"@id":"https:\/\/jp2doc.pl\/it\/2016\/03\/19\/dallosanna-al-crucifige\/#primaryimage"},"image":{"@id":"https:\/\/jp2doc.pl\/it\/2016\/03\/19\/dallosanna-al-crucifige\/#primaryimage"},"thumbnailUrl":"http:\/\/jp2doc.pl\/it\/wp-content\/uploads\/sites\/3\/2017\/04\/56edc21e71ef3palme.jpg","datePublished":"2016-03-19T08:53:24+00:00","dateModified":"2017-04-02T07:54:55+00:00","breadcrumb":{"@id":"https:\/\/jp2doc.pl\/it\/2016\/03\/19\/dallosanna-al-crucifige\/#breadcrumb"},"inLanguage":"it-IT","potentialAction":[{"@type":"ReadAction","target":["https:\/\/jp2doc.pl\/it\/2016\/03\/19\/dallosanna-al-crucifige\/"]}]},{"@type":"ImageObject","inLanguage":"it-IT","@id":"https:\/\/jp2doc.pl\/it\/2016\/03\/19\/dallosanna-al-crucifige\/#primaryimage","url":"http:\/\/jp2doc.pl\/it\/wp-content\/uploads\/sites\/3\/2017\/04\/56edc21e71ef3palme.jpg","contentUrl":"http:\/\/jp2doc.pl\/it\/wp-content\/uploads\/sites\/3\/2017\/04\/56edc21e71ef3palme.jpg"},{"@type":"BreadcrumbList","@id":"https:\/\/jp2doc.pl\/it\/2016\/03\/19\/dallosanna-al-crucifige\/#breadcrumb","itemListElement":[{"@type":"ListItem","position":1,"name":"Home","item":"https:\/\/jp2doc.pl\/it\/"},{"@type":"ListItem","position":2,"name":"Dall&#8217;Osanna al Crucifige!"}]},{"@type":"WebSite","@id":"https:\/\/jp2doc.pl\/it\/#website","url":"https:\/\/jp2doc.pl\/it\/","name":"Centro di Documentazione e Studio del Pontificato di Giovanni Paolo II a Roma","description":"","publisher":{"@id":"https:\/\/jp2doc.pl\/it\/#organization"},"potentialAction":[{"@type":"SearchAction","target":{"@type":"EntryPoint","urlTemplate":"https:\/\/jp2doc.pl\/it\/?s={search_term_string}"},"query-input":{"@type":"PropertyValueSpecification","valueRequired":true,"valueName":"search_term_string"}}],"inLanguage":"it-IT"},{"@type":"Organization","@id":"https:\/\/jp2doc.pl\/it\/#organization","name":"Centro di Documentazione e Studio del Pontificato di Giovanni Paolo II a Roma","url":"https:\/\/jp2doc.pl\/it\/","logo":{"@type":"ImageObject","inLanguage":"it-IT","@id":"https:\/\/jp2doc.pl\/it\/#\/schema\/logo\/image\/","url":"https:\/\/jp2doc.pl\/it\/wp-content\/uploads\/sites\/3\/2017\/03\/cropped-logo.png","contentUrl":"https:\/\/jp2doc.pl\/it\/wp-content\/uploads\/sites\/3\/2017\/03\/cropped-logo.png","width":115,"height":115,"caption":"Centro di Documentazione e Studio del Pontificato di Giovanni Paolo II a Roma"},"image":{"@id":"https:\/\/jp2doc.pl\/it\/#\/schema\/logo\/image\/"}},{"@type":"Person","@id":"https:\/\/jp2doc.pl\/it\/#\/schema\/person\/ecb3008f6674a8ed2f0cffc842168b87","name":"Anna Nogawczyk","image":{"@type":"ImageObject","inLanguage":"it-IT","@id":"https:\/\/jp2doc.pl\/it\/#\/schema\/person\/image\/","url":"https:\/\/secure.gravatar.com\/avatar\/7f49c0a3455a5f39b9815332b5595517d52774cc8803ff595476ca8543d405f2?s=96&d=mm&r=g","contentUrl":"https:\/\/secure.gravatar.com\/avatar\/7f49c0a3455a5f39b9815332b5595517d52774cc8803ff595476ca8543d405f2?s=96&d=mm&r=g","caption":"Anna Nogawczyk"},"url":"https:\/\/jp2doc.pl\/it\/author\/ania-nogawczyk\/"}]}},"_links":{"self":[{"href":"https:\/\/jp2doc.pl\/it\/wp-json\/wp\/v2\/posts\/1015","targetHints":{"allow":["GET"]}}],"collection":[{"href":"https:\/\/jp2doc.pl\/it\/wp-json\/wp\/v2\/posts"}],"about":[{"href":"https:\/\/jp2doc.pl\/it\/wp-json\/wp\/v2\/types\/post"}],"author":[{"embeddable":true,"href":"https:\/\/jp2doc.pl\/it\/wp-json\/wp\/v2\/users\/3"}],"replies":[{"embeddable":true,"href":"https:\/\/jp2doc.pl\/it\/wp-json\/wp\/v2\/comments?post=1015"}],"version-history":[{"count":1,"href":"https:\/\/jp2doc.pl\/it\/wp-json\/wp\/v2\/posts\/1015\/revisions"}],"predecessor-version":[{"id":1017,"href":"https:\/\/jp2doc.pl\/it\/wp-json\/wp\/v2\/posts\/1015\/revisions\/1017"}],"wp:attachment":[{"href":"https:\/\/jp2doc.pl\/it\/wp-json\/wp\/v2\/media?parent=1015"}],"wp:term":[{"taxonomy":"category","embeddable":true,"href":"https:\/\/jp2doc.pl\/it\/wp-json\/wp\/v2\/categories?post=1015"},{"taxonomy":"post_tag","embeddable":true,"href":"https:\/\/jp2doc.pl\/it\/wp-json\/wp\/v2\/tags?post=1015"}],"curies":[{"name":"wp","href":"https:\/\/api.w.org\/{rel}","templated":true}]}}