{"id":1020,"date":"2016-03-12T09:56:06","date_gmt":"2016-03-12T08:56:06","guid":{"rendered":"http:\/\/jp2doc.pl\/it\/?p=1020"},"modified":"2017-04-02T09:57:46","modified_gmt":"2017-04-02T07:57:46","slug":"quaresima-tempo-di-misericordia","status":"publish","type":"post","link":"https:\/\/jp2doc.pl\/it\/2016\/03\/12\/quaresima-tempo-di-misericordia\/","title":{"rendered":"Quaresima: tempo di misericordia"},"content":{"rendered":"<p><i>Rif: Is 43,16-21; Sal 125\/126,1-6; Fil 3,8-14; Gv 8,1-11<\/i><\/p>\n<p>Tutte le letture di questa domenica ci invitano a lasciarci alle spalle il passato e guardare al futuro. E\u2019 nel futuro che Dio compir\u00e0 per il suo popolo meraviglie ancor pi\u00f9 grandi del passato (I lett.), \u00e8 davanti a noi che si staglia la meta eterna ed il premio al quale Dio ci chiama (II lett.),\u00a0 \u201c&#8230;va\u2019 e d\u2019ora in poi non peccare pi\u00f9\u201d \u00e8 l\u2019invito che, nel Vangelo, Ges\u00f9 rivolge alla donna adultera. Perch\u00e9? Perch\u00e9 Dio non ama rinvangare il passato, pescare nel torbido di ci\u00f2 che \u00e8 stato: il suo perdono ci rigenera a nuova vita, ci immette in un tempo nuovo. Al figlio che \u00e8 tornato a casa (vedi Vangelo della scorsa domenica) Dio non fa domande, la gioia di ritrovarlo annulla ogni altro rimpianto ed \u00e8 subito tempo di festa.<\/p>\n<p>\u201cTra l\u2019Agnello di Dio e la miseria dell\u2019uomo peccatore non esiste abisso che la misericordia divina non possa colmare\u201d (Francois Mauriac) ed infatti nel Vangelo, quasi a colmare tale distanza, vediamo Ges\u00f9 chinarsi accanto alla peccatrice, cos\u00ec che la miseria della donna possa incontrarsi con la misericordia divina (s. Agostino).<\/p>\n<p>Se nella prima lettura Dio promette nuove meraviglie al popolo, oggi noi possiamo vedere che le cose annunciate dal profeta si sono tutte realizzate in Cristo. E\u2019 Lui la nuova Via che si \u00e8 aperta nel deserto del mondo, \u00e8 Lui l\u2019acqua che nel Battesimo ci purifica, disseta, ci santifica.<\/p>\n<p><img loading=\"lazy\" decoding=\"async\" width=\"594\" height=\"447\" class=\"aligncenter size-full wp-image-1021\" src=\"http:\/\/jp2doc.pl\/it\/wp-content\/uploads\/sites\/3\/2017\/04\/dyluls.jpg\" alt=\"\" \/><\/p>\n<p>&nbsp;<\/p>\n<p>E\u2019 la sua Croce, la Porta che si apre alla vita, il Passaggio che ci conduce all\u2019eternit\u00e0, il Rimedio contro ogni male, il Tribunale del Perdono, la Sorgente inesauribile della misericordia, lo Strumento infamante che si trasforma in trono di Gloria. E\u2019 ancora la Croce che impressa nella nostra anima, ci segna come figli attesi e desiderati.<\/p>\n<p>Ma il perdono e la misericordia che Dio ci elargisce, senza limiti o condizioni, rappresenta per noi il sacro impegno di non ripercorrere le antiche strade dell\u2019orgoglio, della disperazione e della disonest\u00e0; una vita nuova ci attende, ed essa comincia quaggi\u00f9 ogni volta che un sacerdote ci assolve, ogni volta che ci nutriamo di Cristo, ogni volta che aiutiamo un fratello, malato, carcerato, povero, in difficolt\u00e0.<\/p>\n<p>Ci tornano in mente le Opere di Misericordia \u2013 che un tempo abbiamo imparato al Catechismo \u2013 e rileggendo la Scrittura, ci accorgiamo che ognuna di esse ci parla di un\u2019azione che Dio ha compiuto nei nostri confronti perch\u00e9 noi la compissimo verso gli altri a cominciare dall&#8217;amore e dalla comprensione.<\/p>\n<p>\u201c&#8230;e la donna si allontan\u00f2 perdonata&#8230;.perch\u00e9 nessuno l&#8217;aveva condannata: \u201cDonna dove sono? Nessuno ti ha condannata?\u201d Ed ella rispose: \u201cNessuno, Signore\u201d. E Ges\u00f9 disse: \u201cNeanch\u2019io ti condanno&#8230; va\u2019 e d\u2019ora in poi non peccare pi\u00f9\u201d.<br \/>\nE la nostra comune tendenza a peccare pu\u00f2, nel perdono, trasformarsi in reciproca comprensione: misericordia umana che attira quella divina: \u201cDio di bont\u00e0, davanti a te sta la nostra miseria\u201d.<\/p>\n","protected":false},"excerpt":{"rendered":"<p>Rif: Is 43,16-21; Sal 125\/126,1-6; Fil 3,8-14; Gv 8,1-11 Tutte le letture di questa domenica ci invitano a lasciarci alle spalle il passato e guardare al futuro. E\u2019 nel futuro che Dio compir\u00e0 per il suo popolo meraviglie ancor pi\u00f9 grandi del passato (I lett.), \u00e8 davanti a noi che si staglia la meta eterna [&hellip;]<\/p>\n","protected":false},"author":3,"featured_media":0,"comment_status":"open","ping_status":"open","sticky":false,"template":"","format":"standard","meta":{"_acf_changed":false,"_exactmetrics_skip_tracking":false,"_exactmetrics_sitenote_active":false,"_exactmetrics_sitenote_note":"","_exactmetrics_sitenote_category":0,"footnotes":""},"categories":[4],"tags":[],"class_list":["post-1020","post","type-post","status-publish","format-standard","hentry","category-blog"],"acf":[],"yoast_head":"<!-- This site is optimized with the Yoast SEO plugin v26.2 - https:\/\/yoast.com\/wordpress\/plugins\/seo\/ -->\n<title>Quaresima: tempo di misericordia - Centro di Documentazione e Studio del Pontificato di Giovanni Paolo II a Roma<\/title>\n<meta name=\"robots\" content=\"index, follow, max-snippet:-1, max-image-preview:large, max-video-preview:-1\" \/>\n<link rel=\"canonical\" href=\"https:\/\/jp2doc.pl\/it\/2016\/03\/12\/quaresima-tempo-di-misericordia\/\" \/>\n<meta property=\"og:locale\" content=\"it_IT\" \/>\n<meta property=\"og:type\" content=\"article\" \/>\n<meta property=\"og:title\" content=\"Quaresima: tempo di misericordia - Centro di Documentazione e Studio del Pontificato di Giovanni Paolo II a Roma\" \/>\n<meta property=\"og:description\" content=\"Rif: Is 43,16-21; Sal 125\/126,1-6; Fil 3,8-14; Gv 8,1-11 Tutte le letture di questa domenica ci invitano a lasciarci alle spalle il passato e guardare al futuro. E\u2019 nel futuro che Dio compir\u00e0 per il suo popolo meraviglie ancor pi\u00f9 grandi del passato (I lett.), \u00e8 davanti a noi che si staglia la meta eterna [&hellip;]\" \/>\n<meta property=\"og:url\" content=\"https:\/\/jp2doc.pl\/it\/2016\/03\/12\/quaresima-tempo-di-misericordia\/\" \/>\n<meta property=\"og:site_name\" content=\"Centro di Documentazione e Studio del Pontificato di Giovanni Paolo II a Roma\" \/>\n<meta property=\"article:published_time\" content=\"2016-03-12T08:56:06+00:00\" \/>\n<meta property=\"article:modified_time\" content=\"2017-04-02T07:57:46+00:00\" \/>\n<meta property=\"og:image\" content=\"http:\/\/jp2doc.pl\/it\/wp-content\/uploads\/sites\/3\/2017\/04\/dyluls.jpg\" \/>\n<meta name=\"author\" content=\"Anna Nogawczyk\" \/>\n<meta name=\"twitter:card\" content=\"summary_large_image\" \/>\n<meta name=\"twitter:label1\" content=\"Scritto da\" \/>\n\t<meta name=\"twitter:data1\" content=\"Anna Nogawczyk\" \/>\n\t<meta name=\"twitter:label2\" content=\"Tempo di lettura stimato\" \/>\n\t<meta name=\"twitter:data2\" content=\"2 minuti\" \/>\n<script type=\"application\/ld+json\" class=\"yoast-schema-graph\">{\"@context\":\"https:\/\/schema.org\",\"@graph\":[{\"@type\":\"Article\",\"@id\":\"https:\/\/jp2doc.pl\/it\/2016\/03\/12\/quaresima-tempo-di-misericordia\/#article\",\"isPartOf\":{\"@id\":\"https:\/\/jp2doc.pl\/it\/2016\/03\/12\/quaresima-tempo-di-misericordia\/\"},\"author\":{\"name\":\"Anna Nogawczyk\",\"@id\":\"https:\/\/jp2doc.pl\/it\/#\/schema\/person\/ecb3008f6674a8ed2f0cffc842168b87\"},\"headline\":\"Quaresima: tempo di misericordia\",\"datePublished\":\"2016-03-12T08:56:06+00:00\",\"dateModified\":\"2017-04-02T07:57:46+00:00\",\"mainEntityOfPage\":{\"@id\":\"https:\/\/jp2doc.pl\/it\/2016\/03\/12\/quaresima-tempo-di-misericordia\/\"},\"wordCount\":491,\"commentCount\":0,\"publisher\":{\"@id\":\"https:\/\/jp2doc.pl\/it\/#organization\"},\"image\":{\"@id\":\"https:\/\/jp2doc.pl\/it\/2016\/03\/12\/quaresima-tempo-di-misericordia\/#primaryimage\"},\"thumbnailUrl\":\"http:\/\/jp2doc.pl\/it\/wp-content\/uploads\/sites\/3\/2017\/04\/dyluls.jpg\",\"articleSection\":[\"Blog\"],\"inLanguage\":\"it-IT\",\"potentialAction\":[{\"@type\":\"CommentAction\",\"name\":\"Comment\",\"target\":[\"https:\/\/jp2doc.pl\/it\/2016\/03\/12\/quaresima-tempo-di-misericordia\/#respond\"]}]},{\"@type\":\"WebPage\",\"@id\":\"https:\/\/jp2doc.pl\/it\/2016\/03\/12\/quaresima-tempo-di-misericordia\/\",\"url\":\"https:\/\/jp2doc.pl\/it\/2016\/03\/12\/quaresima-tempo-di-misericordia\/\",\"name\":\"Quaresima: tempo di misericordia - Centro di Documentazione e Studio del Pontificato di Giovanni Paolo II a Roma\",\"isPartOf\":{\"@id\":\"https:\/\/jp2doc.pl\/it\/#website\"},\"primaryImageOfPage\":{\"@id\":\"https:\/\/jp2doc.pl\/it\/2016\/03\/12\/quaresima-tempo-di-misericordia\/#primaryimage\"},\"image\":{\"@id\":\"https:\/\/jp2doc.pl\/it\/2016\/03\/12\/quaresima-tempo-di-misericordia\/#primaryimage\"},\"thumbnailUrl\":\"http:\/\/jp2doc.pl\/it\/wp-content\/uploads\/sites\/3\/2017\/04\/dyluls.jpg\",\"datePublished\":\"2016-03-12T08:56:06+00:00\",\"dateModified\":\"2017-04-02T07:57:46+00:00\",\"breadcrumb\":{\"@id\":\"https:\/\/jp2doc.pl\/it\/2016\/03\/12\/quaresima-tempo-di-misericordia\/#breadcrumb\"},\"inLanguage\":\"it-IT\",\"potentialAction\":[{\"@type\":\"ReadAction\",\"target\":[\"https:\/\/jp2doc.pl\/it\/2016\/03\/12\/quaresima-tempo-di-misericordia\/\"]}]},{\"@type\":\"ImageObject\",\"inLanguage\":\"it-IT\",\"@id\":\"https:\/\/jp2doc.pl\/it\/2016\/03\/12\/quaresima-tempo-di-misericordia\/#primaryimage\",\"url\":\"http:\/\/jp2doc.pl\/it\/wp-content\/uploads\/sites\/3\/2017\/04\/dyluls.jpg\",\"contentUrl\":\"http:\/\/jp2doc.pl\/it\/wp-content\/uploads\/sites\/3\/2017\/04\/dyluls.jpg\"},{\"@type\":\"BreadcrumbList\",\"@id\":\"https:\/\/jp2doc.pl\/it\/2016\/03\/12\/quaresima-tempo-di-misericordia\/#breadcrumb\",\"itemListElement\":[{\"@type\":\"ListItem\",\"position\":1,\"name\":\"Home\",\"item\":\"https:\/\/jp2doc.pl\/it\/\"},{\"@type\":\"ListItem\",\"position\":2,\"name\":\"Quaresima: tempo di misericordia\"}]},{\"@type\":\"WebSite\",\"@id\":\"https:\/\/jp2doc.pl\/it\/#website\",\"url\":\"https:\/\/jp2doc.pl\/it\/\",\"name\":\"Centro di Documentazione e Studio del Pontificato di Giovanni Paolo II a Roma\",\"description\":\"\",\"publisher\":{\"@id\":\"https:\/\/jp2doc.pl\/it\/#organization\"},\"potentialAction\":[{\"@type\":\"SearchAction\",\"target\":{\"@type\":\"EntryPoint\",\"urlTemplate\":\"https:\/\/jp2doc.pl\/it\/?s={search_term_string}\"},\"query-input\":{\"@type\":\"PropertyValueSpecification\",\"valueRequired\":true,\"valueName\":\"search_term_string\"}}],\"inLanguage\":\"it-IT\"},{\"@type\":\"Organization\",\"@id\":\"https:\/\/jp2doc.pl\/it\/#organization\",\"name\":\"Centro di Documentazione e Studio del Pontificato di Giovanni Paolo II a Roma\",\"url\":\"https:\/\/jp2doc.pl\/it\/\",\"logo\":{\"@type\":\"ImageObject\",\"inLanguage\":\"it-IT\",\"@id\":\"https:\/\/jp2doc.pl\/it\/#\/schema\/logo\/image\/\",\"url\":\"https:\/\/jp2doc.pl\/it\/wp-content\/uploads\/sites\/3\/2017\/03\/cropped-logo.png\",\"contentUrl\":\"https:\/\/jp2doc.pl\/it\/wp-content\/uploads\/sites\/3\/2017\/03\/cropped-logo.png\",\"width\":115,\"height\":115,\"caption\":\"Centro di Documentazione e Studio del Pontificato di Giovanni Paolo II a Roma\"},\"image\":{\"@id\":\"https:\/\/jp2doc.pl\/it\/#\/schema\/logo\/image\/\"}},{\"@type\":\"Person\",\"@id\":\"https:\/\/jp2doc.pl\/it\/#\/schema\/person\/ecb3008f6674a8ed2f0cffc842168b87\",\"name\":\"Anna Nogawczyk\",\"image\":{\"@type\":\"ImageObject\",\"inLanguage\":\"it-IT\",\"@id\":\"https:\/\/jp2doc.pl\/it\/#\/schema\/person\/image\/\",\"url\":\"https:\/\/secure.gravatar.com\/avatar\/7f49c0a3455a5f39b9815332b5595517d52774cc8803ff595476ca8543d405f2?s=96&d=mm&r=g\",\"contentUrl\":\"https:\/\/secure.gravatar.com\/avatar\/7f49c0a3455a5f39b9815332b5595517d52774cc8803ff595476ca8543d405f2?s=96&d=mm&r=g\",\"caption\":\"Anna Nogawczyk\"},\"url\":\"https:\/\/jp2doc.pl\/it\/author\/ania-nogawczyk\/\"}]}<\/script>\n<!-- \/ Yoast SEO plugin. -->","yoast_head_json":{"title":"Quaresima: tempo di misericordia - Centro di Documentazione e Studio del Pontificato di Giovanni Paolo II a Roma","robots":{"index":"index","follow":"follow","max-snippet":"max-snippet:-1","max-image-preview":"max-image-preview:large","max-video-preview":"max-video-preview:-1"},"canonical":"https:\/\/jp2doc.pl\/it\/2016\/03\/12\/quaresima-tempo-di-misericordia\/","og_locale":"it_IT","og_type":"article","og_title":"Quaresima: tempo di misericordia - Centro di Documentazione e Studio del Pontificato di Giovanni Paolo II a Roma","og_description":"Rif: Is 43,16-21; Sal 125\/126,1-6; Fil 3,8-14; Gv 8,1-11 Tutte le letture di questa domenica ci invitano a lasciarci alle spalle il passato e guardare al futuro. E\u2019 nel futuro che Dio compir\u00e0 per il suo popolo meraviglie ancor pi\u00f9 grandi del passato (I lett.), \u00e8 davanti a noi che si staglia la meta eterna [&hellip;]","og_url":"https:\/\/jp2doc.pl\/it\/2016\/03\/12\/quaresima-tempo-di-misericordia\/","og_site_name":"Centro di Documentazione e Studio del Pontificato di Giovanni Paolo II a Roma","article_published_time":"2016-03-12T08:56:06+00:00","article_modified_time":"2017-04-02T07:57:46+00:00","og_image":[{"url":"http:\/\/jp2doc.pl\/it\/wp-content\/uploads\/sites\/3\/2017\/04\/dyluls.jpg","type":"","width":"","height":""}],"author":"Anna Nogawczyk","twitter_card":"summary_large_image","twitter_misc":{"Scritto da":"Anna Nogawczyk","Tempo di lettura stimato":"2 minuti"},"schema":{"@context":"https:\/\/schema.org","@graph":[{"@type":"Article","@id":"https:\/\/jp2doc.pl\/it\/2016\/03\/12\/quaresima-tempo-di-misericordia\/#article","isPartOf":{"@id":"https:\/\/jp2doc.pl\/it\/2016\/03\/12\/quaresima-tempo-di-misericordia\/"},"author":{"name":"Anna Nogawczyk","@id":"https:\/\/jp2doc.pl\/it\/#\/schema\/person\/ecb3008f6674a8ed2f0cffc842168b87"},"headline":"Quaresima: tempo di misericordia","datePublished":"2016-03-12T08:56:06+00:00","dateModified":"2017-04-02T07:57:46+00:00","mainEntityOfPage":{"@id":"https:\/\/jp2doc.pl\/it\/2016\/03\/12\/quaresima-tempo-di-misericordia\/"},"wordCount":491,"commentCount":0,"publisher":{"@id":"https:\/\/jp2doc.pl\/it\/#organization"},"image":{"@id":"https:\/\/jp2doc.pl\/it\/2016\/03\/12\/quaresima-tempo-di-misericordia\/#primaryimage"},"thumbnailUrl":"http:\/\/jp2doc.pl\/it\/wp-content\/uploads\/sites\/3\/2017\/04\/dyluls.jpg","articleSection":["Blog"],"inLanguage":"it-IT","potentialAction":[{"@type":"CommentAction","name":"Comment","target":["https:\/\/jp2doc.pl\/it\/2016\/03\/12\/quaresima-tempo-di-misericordia\/#respond"]}]},{"@type":"WebPage","@id":"https:\/\/jp2doc.pl\/it\/2016\/03\/12\/quaresima-tempo-di-misericordia\/","url":"https:\/\/jp2doc.pl\/it\/2016\/03\/12\/quaresima-tempo-di-misericordia\/","name":"Quaresima: tempo di misericordia - Centro di Documentazione e Studio del Pontificato di Giovanni Paolo II a Roma","isPartOf":{"@id":"https:\/\/jp2doc.pl\/it\/#website"},"primaryImageOfPage":{"@id":"https:\/\/jp2doc.pl\/it\/2016\/03\/12\/quaresima-tempo-di-misericordia\/#primaryimage"},"image":{"@id":"https:\/\/jp2doc.pl\/it\/2016\/03\/12\/quaresima-tempo-di-misericordia\/#primaryimage"},"thumbnailUrl":"http:\/\/jp2doc.pl\/it\/wp-content\/uploads\/sites\/3\/2017\/04\/dyluls.jpg","datePublished":"2016-03-12T08:56:06+00:00","dateModified":"2017-04-02T07:57:46+00:00","breadcrumb":{"@id":"https:\/\/jp2doc.pl\/it\/2016\/03\/12\/quaresima-tempo-di-misericordia\/#breadcrumb"},"inLanguage":"it-IT","potentialAction":[{"@type":"ReadAction","target":["https:\/\/jp2doc.pl\/it\/2016\/03\/12\/quaresima-tempo-di-misericordia\/"]}]},{"@type":"ImageObject","inLanguage":"it-IT","@id":"https:\/\/jp2doc.pl\/it\/2016\/03\/12\/quaresima-tempo-di-misericordia\/#primaryimage","url":"http:\/\/jp2doc.pl\/it\/wp-content\/uploads\/sites\/3\/2017\/04\/dyluls.jpg","contentUrl":"http:\/\/jp2doc.pl\/it\/wp-content\/uploads\/sites\/3\/2017\/04\/dyluls.jpg"},{"@type":"BreadcrumbList","@id":"https:\/\/jp2doc.pl\/it\/2016\/03\/12\/quaresima-tempo-di-misericordia\/#breadcrumb","itemListElement":[{"@type":"ListItem","position":1,"name":"Home","item":"https:\/\/jp2doc.pl\/it\/"},{"@type":"ListItem","position":2,"name":"Quaresima: tempo di misericordia"}]},{"@type":"WebSite","@id":"https:\/\/jp2doc.pl\/it\/#website","url":"https:\/\/jp2doc.pl\/it\/","name":"Centro di Documentazione e Studio del Pontificato di Giovanni Paolo II a Roma","description":"","publisher":{"@id":"https:\/\/jp2doc.pl\/it\/#organization"},"potentialAction":[{"@type":"SearchAction","target":{"@type":"EntryPoint","urlTemplate":"https:\/\/jp2doc.pl\/it\/?s={search_term_string}"},"query-input":{"@type":"PropertyValueSpecification","valueRequired":true,"valueName":"search_term_string"}}],"inLanguage":"it-IT"},{"@type":"Organization","@id":"https:\/\/jp2doc.pl\/it\/#organization","name":"Centro di Documentazione e Studio del Pontificato di Giovanni Paolo II a Roma","url":"https:\/\/jp2doc.pl\/it\/","logo":{"@type":"ImageObject","inLanguage":"it-IT","@id":"https:\/\/jp2doc.pl\/it\/#\/schema\/logo\/image\/","url":"https:\/\/jp2doc.pl\/it\/wp-content\/uploads\/sites\/3\/2017\/03\/cropped-logo.png","contentUrl":"https:\/\/jp2doc.pl\/it\/wp-content\/uploads\/sites\/3\/2017\/03\/cropped-logo.png","width":115,"height":115,"caption":"Centro di Documentazione e Studio del Pontificato di Giovanni Paolo II a Roma"},"image":{"@id":"https:\/\/jp2doc.pl\/it\/#\/schema\/logo\/image\/"}},{"@type":"Person","@id":"https:\/\/jp2doc.pl\/it\/#\/schema\/person\/ecb3008f6674a8ed2f0cffc842168b87","name":"Anna Nogawczyk","image":{"@type":"ImageObject","inLanguage":"it-IT","@id":"https:\/\/jp2doc.pl\/it\/#\/schema\/person\/image\/","url":"https:\/\/secure.gravatar.com\/avatar\/7f49c0a3455a5f39b9815332b5595517d52774cc8803ff595476ca8543d405f2?s=96&d=mm&r=g","contentUrl":"https:\/\/secure.gravatar.com\/avatar\/7f49c0a3455a5f39b9815332b5595517d52774cc8803ff595476ca8543d405f2?s=96&d=mm&r=g","caption":"Anna Nogawczyk"},"url":"https:\/\/jp2doc.pl\/it\/author\/ania-nogawczyk\/"}]}},"_links":{"self":[{"href":"https:\/\/jp2doc.pl\/it\/wp-json\/wp\/v2\/posts\/1020","targetHints":{"allow":["GET"]}}],"collection":[{"href":"https:\/\/jp2doc.pl\/it\/wp-json\/wp\/v2\/posts"}],"about":[{"href":"https:\/\/jp2doc.pl\/it\/wp-json\/wp\/v2\/types\/post"}],"author":[{"embeddable":true,"href":"https:\/\/jp2doc.pl\/it\/wp-json\/wp\/v2\/users\/3"}],"replies":[{"embeddable":true,"href":"https:\/\/jp2doc.pl\/it\/wp-json\/wp\/v2\/comments?post=1020"}],"version-history":[{"count":1,"href":"https:\/\/jp2doc.pl\/it\/wp-json\/wp\/v2\/posts\/1020\/revisions"}],"predecessor-version":[{"id":1022,"href":"https:\/\/jp2doc.pl\/it\/wp-json\/wp\/v2\/posts\/1020\/revisions\/1022"}],"wp:attachment":[{"href":"https:\/\/jp2doc.pl\/it\/wp-json\/wp\/v2\/media?parent=1020"}],"wp:term":[{"taxonomy":"category","embeddable":true,"href":"https:\/\/jp2doc.pl\/it\/wp-json\/wp\/v2\/categories?post=1020"},{"taxonomy":"post_tag","embeddable":true,"href":"https:\/\/jp2doc.pl\/it\/wp-json\/wp\/v2\/tags?post=1020"}],"curies":[{"name":"wp","href":"https:\/\/api.w.org\/{rel}","templated":true}]}}