{"id":1023,"date":"2016-03-16T09:58:13","date_gmt":"2016-03-16T08:58:13","guid":{"rendered":"http:\/\/jp2doc.pl\/it\/?p=1023"},"modified":"2017-04-02T09:59:26","modified_gmt":"2017-04-02T07:59:26","slug":"quaresima-tempo-di-perdono","status":"publish","type":"post","link":"https:\/\/jp2doc.pl\/it\/2016\/03\/16\/quaresima-tempo-di-perdono\/","title":{"rendered":"Quaresima, tempo di perdono"},"content":{"rendered":"<p><i>\u00a0Rif: Gs 5, 9a-12; Sal 33; 2Cor 5,17-21; Lc 15,1-3.11-32<\/i><\/p>\n<p>\u201cRallegrati&#8230;..\u201d, l\u2019esortazione iniziale dell\u2019Antifona d\u2019ingresso identifica la IV domenica di Quaresima come la domenica \u201claetare\u201d; domenica nella quale motivo di gioia \u00e8 il ritorno verso la casa del Padre dalla quale troppo spesso ci siamo allontanati (Vangelo), per gli Ebrei \u00e8 l\u2019entrata nella terra promessa dopo i quarant\u2019anni del deserto (I lettura), per tutti \u00e8 la riconciliazione che Cristo ci dona attraverso i suoi ministri (II lettura).<\/p>\n<p>Altro motivo di gioia \u00e8 riscoprire, attraverso la parabola del \u201cPadre misericordioso\u201d, lo sconfinato amore che Dio ha per i suoi figli, quelli lontani, ma anche quelli che, pur essendo vicini, non si sentono \u201cfigli\u201d e continuano a vivere in uno stato di sudditanza e di estraneit\u00e0. Come dimostra il figlio rimasto a casa, quello che il Padre esce a supplicare perch\u00e9 non voleva entrare.<br \/>\n\u201c&#8230;Il padre allora usc\u00ec a pregarlo&#8230;\u201d. Cos\u00ec comincia la seconda parte della parabola, la parte pi\u00f9 trascurata, quella che viene dopo e in cui si parla del figlio maggiore, rimasto a casa. Quello che mai si \u00e8 allontanato dal padre, ma che mai si \u00e8 sentito figlio e padrone, mai si \u00e8 accorto dell&#8217;amore che lo circondava, mai ha sentite sue le cose che possiede e mai ne ha provato gioia. In questo figlio forse \u00e8 ritratto l\u2019atteggiamento della maggior parte di noi che ci diciamo cristiani, che non abbiamo grandi cose da confessare, che conduciamo una vita di preghiera e di chiesa&#8230; senza gioia e che, senza accorgerci di essere amati, guardiamo con indifferenza il Padre che si strugge per il figlio lontano, senza sentirci n\u00e9 protagonisti, n\u00e9 compagni in quell\u2019attesa che stentiamo a comprendere e condividere. Nell\u2019indifferenza e nel vago rimpianto di non avere il coraggio di allontanarsi, mai uno slancio di amore, mai una sosta per chiedere al Padre se ha bisogno di compagnia, mai recuperiamo il tempo per ascoltarlo. Ci teniamo lontani da lui presi da mille cose&#8230;, siamo figli e ci sentiamo servi.<\/p>\n<p><img loading=\"lazy\" decoding=\"async\" width=\"560\" height=\"374\" class=\"aligncenter size-full wp-image-1024\" src=\"http:\/\/jp2doc.pl\/it\/wp-content\/uploads\/sites\/3\/2017\/04\/56dc1fabe36abdokazan-105.jpg\" alt=\"\" \/><\/p>\n<p>Comincia qui la parte pi\u00f9 struggente, quella che ci induce a riflettere come il Padre esca a cercare anche noi, perch\u00e9 la festa sia completa; nessun padre riuscirebbe a festeggiare uno solo dei suoi figli, festa \u00e8 solo quando la famiglia si riunisce al completo, quando ognuno trova posto nell\u2019amore indiviso del genitore, festa \u00e8 sentirsi \u201ca casa\u201d e \u201cdi casa\u201d, in un ambiente che \u00e8 nostro al punto da essere insostituibile. Ed \u00e8 lo stesso Padre a sottolineare in cosa consista la nostra mancanza pi\u00f9 grave: \u201c&#8230;questo tuo fratello era morto ed \u00e8 tornato in vita, era perduto ed \u00e8 stato ritrovato\u201d. Ogni persona che si allontana da Dio \u00e8 nostro fratello e ogni fratello che non riesce a trovare la strada di casa priva tutta la famiglia della sua presenza, del suo amore. Tutta la famiglia e ciascuno dei suoi componenti \u00e8 responsabile dell\u2019allontanamento degli altri, ciascuno \u00e8 chiamato a condividere i sentimenti paterni di Dio: l\u2019amore,l\u2019ansia, la preoccupazione, il perdono e la festa. L\u2019attesa del padre deve essere la nostra attesa e la sua gioia la nostra gioia allo stesso modo che in una famiglia si condividono con i genitori le gioie e i dolori.<\/p>\n<p>E Dio ama e attende, attende al di l\u00e0 di ogni speranza e di ogni evento, pronto a correre incontro a colui che da lontano, con passo incerto, si dirige verso casa.<\/p>\n","protected":false},"excerpt":{"rendered":"<p>\u00a0Rif: Gs 5, 9a-12; Sal 33; 2Cor 5,17-21; Lc 15,1-3.11-32 \u201cRallegrati&#8230;..\u201d, l\u2019esortazione iniziale dell\u2019Antifona d\u2019ingresso identifica la IV domenica di Quaresima come la domenica \u201claetare\u201d; domenica nella quale motivo di gioia \u00e8 il ritorno verso la casa del Padre dalla quale troppo spesso ci siamo allontanati (Vangelo), per gli Ebrei \u00e8 l\u2019entrata nella terra promessa [&hellip;]<\/p>\n","protected":false},"author":3,"featured_media":0,"comment_status":"open","ping_status":"open","sticky":false,"template":"","format":"standard","meta":{"_acf_changed":false,"_exactmetrics_skip_tracking":false,"_exactmetrics_sitenote_active":false,"_exactmetrics_sitenote_note":"","_exactmetrics_sitenote_category":0,"footnotes":""},"categories":[4],"tags":[],"class_list":["post-1023","post","type-post","status-publish","format-standard","hentry","category-blog"],"acf":[],"yoast_head":"<!-- This site is optimized with the Yoast SEO plugin v26.2 - https:\/\/yoast.com\/wordpress\/plugins\/seo\/ -->\n<title>Quaresima, tempo di perdono - Centro di Documentazione e Studio del Pontificato di Giovanni Paolo II a Roma<\/title>\n<meta name=\"robots\" content=\"index, follow, max-snippet:-1, max-image-preview:large, max-video-preview:-1\" \/>\n<link rel=\"canonical\" href=\"https:\/\/jp2doc.pl\/it\/2016\/03\/16\/quaresima-tempo-di-perdono\/\" \/>\n<meta property=\"og:locale\" content=\"it_IT\" \/>\n<meta property=\"og:type\" content=\"article\" \/>\n<meta property=\"og:title\" content=\"Quaresima, tempo di perdono - Centro di Documentazione e Studio del Pontificato di Giovanni Paolo II a Roma\" \/>\n<meta property=\"og:description\" content=\"\u00a0Rif: Gs 5, 9a-12; Sal 33; 2Cor 5,17-21; Lc 15,1-3.11-32 \u201cRallegrati&#8230;..\u201d, l\u2019esortazione iniziale dell\u2019Antifona d\u2019ingresso identifica la IV domenica di Quaresima come la domenica \u201claetare\u201d; domenica nella quale motivo di gioia \u00e8 il ritorno verso la casa del Padre dalla quale troppo spesso ci siamo allontanati (Vangelo), per gli Ebrei \u00e8 l\u2019entrata nella terra promessa [&hellip;]\" \/>\n<meta property=\"og:url\" content=\"https:\/\/jp2doc.pl\/it\/2016\/03\/16\/quaresima-tempo-di-perdono\/\" \/>\n<meta property=\"og:site_name\" content=\"Centro di Documentazione e Studio del Pontificato di Giovanni Paolo II a Roma\" \/>\n<meta property=\"article:published_time\" content=\"2016-03-16T08:58:13+00:00\" \/>\n<meta property=\"article:modified_time\" content=\"2017-04-02T07:59:26+00:00\" \/>\n<meta property=\"og:image\" content=\"http:\/\/jp2doc.pl\/it\/wp-content\/uploads\/sites\/3\/2017\/04\/56dc1fabe36abdokazan-105.jpg\" \/>\n<meta name=\"author\" content=\"Anna Nogawczyk\" \/>\n<meta name=\"twitter:card\" content=\"summary_large_image\" \/>\n<meta name=\"twitter:label1\" content=\"Scritto da\" \/>\n\t<meta name=\"twitter:data1\" content=\"Anna Nogawczyk\" \/>\n\t<meta name=\"twitter:label2\" content=\"Tempo di lettura stimato\" \/>\n\t<meta name=\"twitter:data2\" content=\"3 minuti\" \/>\n<script type=\"application\/ld+json\" class=\"yoast-schema-graph\">{\"@context\":\"https:\/\/schema.org\",\"@graph\":[{\"@type\":\"Article\",\"@id\":\"https:\/\/jp2doc.pl\/it\/2016\/03\/16\/quaresima-tempo-di-perdono\/#article\",\"isPartOf\":{\"@id\":\"https:\/\/jp2doc.pl\/it\/2016\/03\/16\/quaresima-tempo-di-perdono\/\"},\"author\":{\"name\":\"Anna Nogawczyk\",\"@id\":\"https:\/\/jp2doc.pl\/it\/#\/schema\/person\/ecb3008f6674a8ed2f0cffc842168b87\"},\"headline\":\"Quaresima, tempo di perdono\",\"datePublished\":\"2016-03-16T08:58:13+00:00\",\"dateModified\":\"2017-04-02T07:59:26+00:00\",\"mainEntityOfPage\":{\"@id\":\"https:\/\/jp2doc.pl\/it\/2016\/03\/16\/quaresima-tempo-di-perdono\/\"},\"wordCount\":561,\"commentCount\":0,\"publisher\":{\"@id\":\"https:\/\/jp2doc.pl\/it\/#organization\"},\"image\":{\"@id\":\"https:\/\/jp2doc.pl\/it\/2016\/03\/16\/quaresima-tempo-di-perdono\/#primaryimage\"},\"thumbnailUrl\":\"http:\/\/jp2doc.pl\/it\/wp-content\/uploads\/sites\/3\/2017\/04\/56dc1fabe36abdokazan-105.jpg\",\"articleSection\":[\"Blog\"],\"inLanguage\":\"it-IT\",\"potentialAction\":[{\"@type\":\"CommentAction\",\"name\":\"Comment\",\"target\":[\"https:\/\/jp2doc.pl\/it\/2016\/03\/16\/quaresima-tempo-di-perdono\/#respond\"]}]},{\"@type\":\"WebPage\",\"@id\":\"https:\/\/jp2doc.pl\/it\/2016\/03\/16\/quaresima-tempo-di-perdono\/\",\"url\":\"https:\/\/jp2doc.pl\/it\/2016\/03\/16\/quaresima-tempo-di-perdono\/\",\"name\":\"Quaresima, tempo di perdono - Centro di Documentazione e Studio del Pontificato di Giovanni Paolo II a Roma\",\"isPartOf\":{\"@id\":\"https:\/\/jp2doc.pl\/it\/#website\"},\"primaryImageOfPage\":{\"@id\":\"https:\/\/jp2doc.pl\/it\/2016\/03\/16\/quaresima-tempo-di-perdono\/#primaryimage\"},\"image\":{\"@id\":\"https:\/\/jp2doc.pl\/it\/2016\/03\/16\/quaresima-tempo-di-perdono\/#primaryimage\"},\"thumbnailUrl\":\"http:\/\/jp2doc.pl\/it\/wp-content\/uploads\/sites\/3\/2017\/04\/56dc1fabe36abdokazan-105.jpg\",\"datePublished\":\"2016-03-16T08:58:13+00:00\",\"dateModified\":\"2017-04-02T07:59:26+00:00\",\"breadcrumb\":{\"@id\":\"https:\/\/jp2doc.pl\/it\/2016\/03\/16\/quaresima-tempo-di-perdono\/#breadcrumb\"},\"inLanguage\":\"it-IT\",\"potentialAction\":[{\"@type\":\"ReadAction\",\"target\":[\"https:\/\/jp2doc.pl\/it\/2016\/03\/16\/quaresima-tempo-di-perdono\/\"]}]},{\"@type\":\"ImageObject\",\"inLanguage\":\"it-IT\",\"@id\":\"https:\/\/jp2doc.pl\/it\/2016\/03\/16\/quaresima-tempo-di-perdono\/#primaryimage\",\"url\":\"http:\/\/jp2doc.pl\/it\/wp-content\/uploads\/sites\/3\/2017\/04\/56dc1fabe36abdokazan-105.jpg\",\"contentUrl\":\"http:\/\/jp2doc.pl\/it\/wp-content\/uploads\/sites\/3\/2017\/04\/56dc1fabe36abdokazan-105.jpg\"},{\"@type\":\"BreadcrumbList\",\"@id\":\"https:\/\/jp2doc.pl\/it\/2016\/03\/16\/quaresima-tempo-di-perdono\/#breadcrumb\",\"itemListElement\":[{\"@type\":\"ListItem\",\"position\":1,\"name\":\"Home\",\"item\":\"https:\/\/jp2doc.pl\/it\/\"},{\"@type\":\"ListItem\",\"position\":2,\"name\":\"Quaresima, tempo di perdono\"}]},{\"@type\":\"WebSite\",\"@id\":\"https:\/\/jp2doc.pl\/it\/#website\",\"url\":\"https:\/\/jp2doc.pl\/it\/\",\"name\":\"Centro di Documentazione e Studio del Pontificato di Giovanni Paolo II a Roma\",\"description\":\"\",\"publisher\":{\"@id\":\"https:\/\/jp2doc.pl\/it\/#organization\"},\"potentialAction\":[{\"@type\":\"SearchAction\",\"target\":{\"@type\":\"EntryPoint\",\"urlTemplate\":\"https:\/\/jp2doc.pl\/it\/?s={search_term_string}\"},\"query-input\":{\"@type\":\"PropertyValueSpecification\",\"valueRequired\":true,\"valueName\":\"search_term_string\"}}],\"inLanguage\":\"it-IT\"},{\"@type\":\"Organization\",\"@id\":\"https:\/\/jp2doc.pl\/it\/#organization\",\"name\":\"Centro di Documentazione e Studio del Pontificato di Giovanni Paolo II a Roma\",\"url\":\"https:\/\/jp2doc.pl\/it\/\",\"logo\":{\"@type\":\"ImageObject\",\"inLanguage\":\"it-IT\",\"@id\":\"https:\/\/jp2doc.pl\/it\/#\/schema\/logo\/image\/\",\"url\":\"https:\/\/jp2doc.pl\/it\/wp-content\/uploads\/sites\/3\/2017\/03\/cropped-logo.png\",\"contentUrl\":\"https:\/\/jp2doc.pl\/it\/wp-content\/uploads\/sites\/3\/2017\/03\/cropped-logo.png\",\"width\":115,\"height\":115,\"caption\":\"Centro di Documentazione e Studio del Pontificato di Giovanni Paolo II a Roma\"},\"image\":{\"@id\":\"https:\/\/jp2doc.pl\/it\/#\/schema\/logo\/image\/\"}},{\"@type\":\"Person\",\"@id\":\"https:\/\/jp2doc.pl\/it\/#\/schema\/person\/ecb3008f6674a8ed2f0cffc842168b87\",\"name\":\"Anna Nogawczyk\",\"image\":{\"@type\":\"ImageObject\",\"inLanguage\":\"it-IT\",\"@id\":\"https:\/\/jp2doc.pl\/it\/#\/schema\/person\/image\/\",\"url\":\"https:\/\/secure.gravatar.com\/avatar\/7f49c0a3455a5f39b9815332b5595517d52774cc8803ff595476ca8543d405f2?s=96&d=mm&r=g\",\"contentUrl\":\"https:\/\/secure.gravatar.com\/avatar\/7f49c0a3455a5f39b9815332b5595517d52774cc8803ff595476ca8543d405f2?s=96&d=mm&r=g\",\"caption\":\"Anna Nogawczyk\"},\"url\":\"https:\/\/jp2doc.pl\/it\/author\/ania-nogawczyk\/\"}]}<\/script>\n<!-- \/ Yoast SEO plugin. -->","yoast_head_json":{"title":"Quaresima, tempo di perdono - Centro di Documentazione e Studio del Pontificato di Giovanni Paolo II a Roma","robots":{"index":"index","follow":"follow","max-snippet":"max-snippet:-1","max-image-preview":"max-image-preview:large","max-video-preview":"max-video-preview:-1"},"canonical":"https:\/\/jp2doc.pl\/it\/2016\/03\/16\/quaresima-tempo-di-perdono\/","og_locale":"it_IT","og_type":"article","og_title":"Quaresima, tempo di perdono - Centro di Documentazione e Studio del Pontificato di Giovanni Paolo II a Roma","og_description":"\u00a0Rif: Gs 5, 9a-12; Sal 33; 2Cor 5,17-21; Lc 15,1-3.11-32 \u201cRallegrati&#8230;..\u201d, l\u2019esortazione iniziale dell\u2019Antifona d\u2019ingresso identifica la IV domenica di Quaresima come la domenica \u201claetare\u201d; domenica nella quale motivo di gioia \u00e8 il ritorno verso la casa del Padre dalla quale troppo spesso ci siamo allontanati (Vangelo), per gli Ebrei \u00e8 l\u2019entrata nella terra promessa [&hellip;]","og_url":"https:\/\/jp2doc.pl\/it\/2016\/03\/16\/quaresima-tempo-di-perdono\/","og_site_name":"Centro di Documentazione e Studio del Pontificato di Giovanni Paolo II a Roma","article_published_time":"2016-03-16T08:58:13+00:00","article_modified_time":"2017-04-02T07:59:26+00:00","og_image":[{"url":"http:\/\/jp2doc.pl\/it\/wp-content\/uploads\/sites\/3\/2017\/04\/56dc1fabe36abdokazan-105.jpg","type":"","width":"","height":""}],"author":"Anna Nogawczyk","twitter_card":"summary_large_image","twitter_misc":{"Scritto da":"Anna Nogawczyk","Tempo di lettura stimato":"3 minuti"},"schema":{"@context":"https:\/\/schema.org","@graph":[{"@type":"Article","@id":"https:\/\/jp2doc.pl\/it\/2016\/03\/16\/quaresima-tempo-di-perdono\/#article","isPartOf":{"@id":"https:\/\/jp2doc.pl\/it\/2016\/03\/16\/quaresima-tempo-di-perdono\/"},"author":{"name":"Anna Nogawczyk","@id":"https:\/\/jp2doc.pl\/it\/#\/schema\/person\/ecb3008f6674a8ed2f0cffc842168b87"},"headline":"Quaresima, tempo di perdono","datePublished":"2016-03-16T08:58:13+00:00","dateModified":"2017-04-02T07:59:26+00:00","mainEntityOfPage":{"@id":"https:\/\/jp2doc.pl\/it\/2016\/03\/16\/quaresima-tempo-di-perdono\/"},"wordCount":561,"commentCount":0,"publisher":{"@id":"https:\/\/jp2doc.pl\/it\/#organization"},"image":{"@id":"https:\/\/jp2doc.pl\/it\/2016\/03\/16\/quaresima-tempo-di-perdono\/#primaryimage"},"thumbnailUrl":"http:\/\/jp2doc.pl\/it\/wp-content\/uploads\/sites\/3\/2017\/04\/56dc1fabe36abdokazan-105.jpg","articleSection":["Blog"],"inLanguage":"it-IT","potentialAction":[{"@type":"CommentAction","name":"Comment","target":["https:\/\/jp2doc.pl\/it\/2016\/03\/16\/quaresima-tempo-di-perdono\/#respond"]}]},{"@type":"WebPage","@id":"https:\/\/jp2doc.pl\/it\/2016\/03\/16\/quaresima-tempo-di-perdono\/","url":"https:\/\/jp2doc.pl\/it\/2016\/03\/16\/quaresima-tempo-di-perdono\/","name":"Quaresima, tempo di perdono - Centro di Documentazione e Studio del Pontificato di Giovanni Paolo II a Roma","isPartOf":{"@id":"https:\/\/jp2doc.pl\/it\/#website"},"primaryImageOfPage":{"@id":"https:\/\/jp2doc.pl\/it\/2016\/03\/16\/quaresima-tempo-di-perdono\/#primaryimage"},"image":{"@id":"https:\/\/jp2doc.pl\/it\/2016\/03\/16\/quaresima-tempo-di-perdono\/#primaryimage"},"thumbnailUrl":"http:\/\/jp2doc.pl\/it\/wp-content\/uploads\/sites\/3\/2017\/04\/56dc1fabe36abdokazan-105.jpg","datePublished":"2016-03-16T08:58:13+00:00","dateModified":"2017-04-02T07:59:26+00:00","breadcrumb":{"@id":"https:\/\/jp2doc.pl\/it\/2016\/03\/16\/quaresima-tempo-di-perdono\/#breadcrumb"},"inLanguage":"it-IT","potentialAction":[{"@type":"ReadAction","target":["https:\/\/jp2doc.pl\/it\/2016\/03\/16\/quaresima-tempo-di-perdono\/"]}]},{"@type":"ImageObject","inLanguage":"it-IT","@id":"https:\/\/jp2doc.pl\/it\/2016\/03\/16\/quaresima-tempo-di-perdono\/#primaryimage","url":"http:\/\/jp2doc.pl\/it\/wp-content\/uploads\/sites\/3\/2017\/04\/56dc1fabe36abdokazan-105.jpg","contentUrl":"http:\/\/jp2doc.pl\/it\/wp-content\/uploads\/sites\/3\/2017\/04\/56dc1fabe36abdokazan-105.jpg"},{"@type":"BreadcrumbList","@id":"https:\/\/jp2doc.pl\/it\/2016\/03\/16\/quaresima-tempo-di-perdono\/#breadcrumb","itemListElement":[{"@type":"ListItem","position":1,"name":"Home","item":"https:\/\/jp2doc.pl\/it\/"},{"@type":"ListItem","position":2,"name":"Quaresima, tempo di perdono"}]},{"@type":"WebSite","@id":"https:\/\/jp2doc.pl\/it\/#website","url":"https:\/\/jp2doc.pl\/it\/","name":"Centro di Documentazione e Studio del Pontificato di Giovanni Paolo II a Roma","description":"","publisher":{"@id":"https:\/\/jp2doc.pl\/it\/#organization"},"potentialAction":[{"@type":"SearchAction","target":{"@type":"EntryPoint","urlTemplate":"https:\/\/jp2doc.pl\/it\/?s={search_term_string}"},"query-input":{"@type":"PropertyValueSpecification","valueRequired":true,"valueName":"search_term_string"}}],"inLanguage":"it-IT"},{"@type":"Organization","@id":"https:\/\/jp2doc.pl\/it\/#organization","name":"Centro di Documentazione e Studio del Pontificato di Giovanni Paolo II a Roma","url":"https:\/\/jp2doc.pl\/it\/","logo":{"@type":"ImageObject","inLanguage":"it-IT","@id":"https:\/\/jp2doc.pl\/it\/#\/schema\/logo\/image\/","url":"https:\/\/jp2doc.pl\/it\/wp-content\/uploads\/sites\/3\/2017\/03\/cropped-logo.png","contentUrl":"https:\/\/jp2doc.pl\/it\/wp-content\/uploads\/sites\/3\/2017\/03\/cropped-logo.png","width":115,"height":115,"caption":"Centro di Documentazione e Studio del Pontificato di Giovanni Paolo II a Roma"},"image":{"@id":"https:\/\/jp2doc.pl\/it\/#\/schema\/logo\/image\/"}},{"@type":"Person","@id":"https:\/\/jp2doc.pl\/it\/#\/schema\/person\/ecb3008f6674a8ed2f0cffc842168b87","name":"Anna Nogawczyk","image":{"@type":"ImageObject","inLanguage":"it-IT","@id":"https:\/\/jp2doc.pl\/it\/#\/schema\/person\/image\/","url":"https:\/\/secure.gravatar.com\/avatar\/7f49c0a3455a5f39b9815332b5595517d52774cc8803ff595476ca8543d405f2?s=96&d=mm&r=g","contentUrl":"https:\/\/secure.gravatar.com\/avatar\/7f49c0a3455a5f39b9815332b5595517d52774cc8803ff595476ca8543d405f2?s=96&d=mm&r=g","caption":"Anna Nogawczyk"},"url":"https:\/\/jp2doc.pl\/it\/author\/ania-nogawczyk\/"}]}},"_links":{"self":[{"href":"https:\/\/jp2doc.pl\/it\/wp-json\/wp\/v2\/posts\/1023","targetHints":{"allow":["GET"]}}],"collection":[{"href":"https:\/\/jp2doc.pl\/it\/wp-json\/wp\/v2\/posts"}],"about":[{"href":"https:\/\/jp2doc.pl\/it\/wp-json\/wp\/v2\/types\/post"}],"author":[{"embeddable":true,"href":"https:\/\/jp2doc.pl\/it\/wp-json\/wp\/v2\/users\/3"}],"replies":[{"embeddable":true,"href":"https:\/\/jp2doc.pl\/it\/wp-json\/wp\/v2\/comments?post=1023"}],"version-history":[{"count":1,"href":"https:\/\/jp2doc.pl\/it\/wp-json\/wp\/v2\/posts\/1023\/revisions"}],"predecessor-version":[{"id":1025,"href":"https:\/\/jp2doc.pl\/it\/wp-json\/wp\/v2\/posts\/1023\/revisions\/1025"}],"wp:attachment":[{"href":"https:\/\/jp2doc.pl\/it\/wp-json\/wp\/v2\/media?parent=1023"}],"wp:term":[{"taxonomy":"category","embeddable":true,"href":"https:\/\/jp2doc.pl\/it\/wp-json\/wp\/v2\/categories?post=1023"},{"taxonomy":"post_tag","embeddable":true,"href":"https:\/\/jp2doc.pl\/it\/wp-json\/wp\/v2\/tags?post=1023"}],"curies":[{"name":"wp","href":"https:\/\/api.w.org\/{rel}","templated":true}]}}