{"id":1031,"date":"2016-03-16T10:03:26","date_gmt":"2016-03-16T09:03:26","guid":{"rendered":"http:\/\/jp2doc.pl\/it\/?p=1031"},"modified":"2017-04-02T10:04:37","modified_gmt":"2017-04-02T08:04:37","slug":"la-fedelta-di-dio-ci-sostiene","status":"publish","type":"post","link":"https:\/\/jp2doc.pl\/it\/2016\/03\/16\/la-fedelta-di-dio-ci-sostiene\/","title":{"rendered":"La fedelt\u00e0 di Dio ci sostiene"},"content":{"rendered":"<p><i>\u00a0Rif.: Gn 15,5-12.17-18; Sal 26; Fil 3,17-4,1; Lc 9,28b-36<\/i><\/p>\n<p>\u201cO Dio, grande e fedele\u201d \u2013 la sorprendente invocazione della Preghiera di Colletta II ci fa riflettere: tutta la storia della nostra salvezza, infatti, si regge proprio sulla fedelt\u00e0 di Dio che mai viene meno al suo amore per noi, alle sue promesse, alle sue scelte. In forza di questa divina fedelt\u00e0 la storia dell\u2019uomo diviene cos\u00ec \u201cstoria sacra\u201d, storia nella quale Dio inizia a \u201crivelarsi\u201d, a manifestarsi, a rendersi comprensibile all\u2019uomo e lo fa assumendo forme, figura e linguaggio di uomini. Ne \u00e8 esempio la Prima Lettura nella quale Dio chiama Abramo, stringe con lui un patto e gli si rende visibile assumendo la forma di un \u201cbraciere fumante, di una fiaccola ardente\u201d (Gn 15,17). Possiamo considerarla come la prima \u201ctrasfigurazione\u201d di Dio che si manifester\u00e0, poi, sotto forma di nube, di fuoco, di luce, di vento leggero e cos\u00ec via, fino a quando Dio si far\u00e0 vero Uomo tra gli uomini e ne assumer\u00e0 non solo le fattezze, ma la sorte e la morte. Questa, in sintesi, la radice del mistero della Trasfigurazione di Ges\u00f9 che oggi contempliamo e celebriamo.<\/p>\n<p>Ges\u00f9 si reca sul monte a pregare e mentre prega il suo volto si illumina ed anche le sue vesti risplendono. Appaiono Mos\u00e8 ed Elia che conversano con Lui parlando del suo prossimo \u201cesodo\u201d a Gerusalemme. Poi una nube avvolge la scena e una voce proclama: \u201cQuesti \u00e8 il Figlio mio, l\u2019eletto, ascoltatelo\u201d. Numerosi i significati da cogliere, innanzitutto Ges\u00f9 prega, il suo primo atto \u00e8 quello di mettersi a colloquio con il Padre, affidarsi a Lui e da Lui attendersi ogni cosa (cfr. le Tentazioni della scorsa settimana). Con Mos\u00e8 ed Elia Ges\u00f9 parla del suo prossimo \u201cesodo\u201d che non \u00e8 altro che la Croce, passaggio obbligato per donarci salvezza e per dire al mondo che Egli ci ha amati e ci ama pi\u00f9 di se stesso. Da notare che Ges\u00f9 parla della sua morte mentre tutto il suo essere rifulge di luce e di gloria, gloria che il Padre gli render\u00e0 proprio per l\u2019atroce scelta della Croce.<\/p>\n<p><img loading=\"lazy\" decoding=\"async\" width=\"542\" height=\"533\" class=\"aligncenter size-full wp-image-1032\" src=\"http:\/\/jp2doc.pl\/it\/wp-content\/uploads\/sites\/3\/2017\/04\/56c3856bbc401G\u00d3RA.jpg\" alt=\"\" \/><\/p>\n<h4>Fot. Stanis\u0142aw Wo\u015b<\/h4>\n<p>Non \u00e8 da trascurare il termine \u201cesodo\u201d, esso infatti indica il passaggio di tutto un popolo da un luogo ad un altro. Ges\u00f9 \u00e8 perci\u00f2 visto come colui che si pone a capo dell\u2019umanit\u00e0 per condurla da questa terra nel suo Regno.<\/p>\n<p>San Paolo ci addita il senso e lo scopo di tutta la storia sacra e della Trasfigurazione: Dio si rivela, si fa uomo viene a condividere la nostra debolezza e la nostra vita perch\u00e9 noi possiamo condividere eternamente la sua vita e la sua gloria. \u201cLa nostra cittadinanza \u00e8 nei cieli e di l\u00e0 aspettiamo come salvatore il Signore Ges\u00f9 Cristo, il quale trasfigurer\u00e0 il nostro misero corpo per conformarlo al suo corpo glorioso\u201d. Trasfigurazione di Ges\u00f9: meta, senso e modello della nostra \u201ctrasfigurazione\u201d alla quale ci prepariamo vivendo in pienezza di fede la Quaresima.<\/p>\n","protected":false},"excerpt":{"rendered":"<p>\u00a0Rif.: Gn 15,5-12.17-18; Sal 26; Fil 3,17-4,1; Lc 9,28b-36 \u201cO Dio, grande e fedele\u201d \u2013 la sorprendente invocazione della Preghiera di Colletta II ci fa riflettere: tutta la storia della nostra salvezza, infatti, si regge proprio sulla fedelt\u00e0 di Dio che mai viene meno al suo amore per noi, alle sue promesse, alle sue scelte. [&hellip;]<\/p>\n","protected":false},"author":3,"featured_media":0,"comment_status":"open","ping_status":"open","sticky":false,"template":"","format":"standard","meta":{"_acf_changed":false,"_exactmetrics_skip_tracking":false,"_exactmetrics_sitenote_active":false,"_exactmetrics_sitenote_note":"","_exactmetrics_sitenote_category":0,"footnotes":""},"categories":[4],"tags":[],"class_list":["post-1031","post","type-post","status-publish","format-standard","hentry","category-blog"],"acf":[],"yoast_head":"<!-- This site is optimized with the Yoast SEO plugin v26.2 - https:\/\/yoast.com\/wordpress\/plugins\/seo\/ -->\n<title>La fedelt\u00e0 di Dio ci sostiene - Centro di Documentazione e Studio del Pontificato di Giovanni Paolo II a Roma<\/title>\n<meta name=\"robots\" content=\"index, follow, max-snippet:-1, max-image-preview:large, max-video-preview:-1\" \/>\n<link rel=\"canonical\" href=\"https:\/\/jp2doc.pl\/it\/2016\/03\/16\/la-fedelta-di-dio-ci-sostiene\/\" \/>\n<meta property=\"og:locale\" content=\"it_IT\" \/>\n<meta property=\"og:type\" content=\"article\" \/>\n<meta property=\"og:title\" content=\"La fedelt\u00e0 di Dio ci sostiene - Centro di Documentazione e Studio del Pontificato di Giovanni Paolo II a Roma\" \/>\n<meta property=\"og:description\" content=\"\u00a0Rif.: Gn 15,5-12.17-18; Sal 26; Fil 3,17-4,1; Lc 9,28b-36 \u201cO Dio, grande e fedele\u201d \u2013 la sorprendente invocazione della Preghiera di Colletta II ci fa riflettere: tutta la storia della nostra salvezza, infatti, si regge proprio sulla fedelt\u00e0 di Dio che mai viene meno al suo amore per noi, alle sue promesse, alle sue scelte. [&hellip;]\" \/>\n<meta property=\"og:url\" content=\"https:\/\/jp2doc.pl\/it\/2016\/03\/16\/la-fedelta-di-dio-ci-sostiene\/\" \/>\n<meta property=\"og:site_name\" content=\"Centro di Documentazione e Studio del Pontificato di Giovanni Paolo II a Roma\" \/>\n<meta property=\"article:published_time\" content=\"2016-03-16T09:03:26+00:00\" \/>\n<meta property=\"article:modified_time\" content=\"2017-04-02T08:04:37+00:00\" \/>\n<meta name=\"author\" content=\"Anna Nogawczyk\" \/>\n<meta name=\"twitter:card\" content=\"summary_large_image\" \/>\n<meta name=\"twitter:label1\" content=\"Scritto da\" \/>\n\t<meta name=\"twitter:data1\" content=\"Anna Nogawczyk\" \/>\n\t<meta name=\"twitter:label2\" content=\"Tempo di lettura stimato\" \/>\n\t<meta name=\"twitter:data2\" content=\"2 minuti\" \/>\n<script type=\"application\/ld+json\" class=\"yoast-schema-graph\">{\"@context\":\"https:\/\/schema.org\",\"@graph\":[{\"@type\":\"Article\",\"@id\":\"https:\/\/jp2doc.pl\/it\/2016\/03\/16\/la-fedelta-di-dio-ci-sostiene\/#article\",\"isPartOf\":{\"@id\":\"https:\/\/jp2doc.pl\/it\/2016\/03\/16\/la-fedelta-di-dio-ci-sostiene\/\"},\"author\":{\"name\":\"Anna Nogawczyk\",\"@id\":\"https:\/\/jp2doc.pl\/it\/#\/schema\/person\/ecb3008f6674a8ed2f0cffc842168b87\"},\"headline\":\"La fedelt\u00e0 di Dio ci sostiene\",\"datePublished\":\"2016-03-16T09:03:26+00:00\",\"dateModified\":\"2017-04-02T08:04:37+00:00\",\"mainEntityOfPage\":{\"@id\":\"https:\/\/jp2doc.pl\/it\/2016\/03\/16\/la-fedelta-di-dio-ci-sostiene\/\"},\"wordCount\":493,\"commentCount\":0,\"publisher\":{\"@id\":\"https:\/\/jp2doc.pl\/it\/#organization\"},\"articleSection\":[\"Blog\"],\"inLanguage\":\"it-IT\",\"potentialAction\":[{\"@type\":\"CommentAction\",\"name\":\"Comment\",\"target\":[\"https:\/\/jp2doc.pl\/it\/2016\/03\/16\/la-fedelta-di-dio-ci-sostiene\/#respond\"]}]},{\"@type\":\"WebPage\",\"@id\":\"https:\/\/jp2doc.pl\/it\/2016\/03\/16\/la-fedelta-di-dio-ci-sostiene\/\",\"url\":\"https:\/\/jp2doc.pl\/it\/2016\/03\/16\/la-fedelta-di-dio-ci-sostiene\/\",\"name\":\"La fedelt\u00e0 di Dio ci sostiene - Centro di Documentazione e Studio del Pontificato di Giovanni Paolo II a Roma\",\"isPartOf\":{\"@id\":\"https:\/\/jp2doc.pl\/it\/#website\"},\"datePublished\":\"2016-03-16T09:03:26+00:00\",\"dateModified\":\"2017-04-02T08:04:37+00:00\",\"breadcrumb\":{\"@id\":\"https:\/\/jp2doc.pl\/it\/2016\/03\/16\/la-fedelta-di-dio-ci-sostiene\/#breadcrumb\"},\"inLanguage\":\"it-IT\",\"potentialAction\":[{\"@type\":\"ReadAction\",\"target\":[\"https:\/\/jp2doc.pl\/it\/2016\/03\/16\/la-fedelta-di-dio-ci-sostiene\/\"]}]},{\"@type\":\"BreadcrumbList\",\"@id\":\"https:\/\/jp2doc.pl\/it\/2016\/03\/16\/la-fedelta-di-dio-ci-sostiene\/#breadcrumb\",\"itemListElement\":[{\"@type\":\"ListItem\",\"position\":1,\"name\":\"Home\",\"item\":\"https:\/\/jp2doc.pl\/it\/\"},{\"@type\":\"ListItem\",\"position\":2,\"name\":\"La fedelt\u00e0 di Dio ci sostiene\"}]},{\"@type\":\"WebSite\",\"@id\":\"https:\/\/jp2doc.pl\/it\/#website\",\"url\":\"https:\/\/jp2doc.pl\/it\/\",\"name\":\"Centro di Documentazione e Studio del Pontificato di Giovanni Paolo II a Roma\",\"description\":\"\",\"publisher\":{\"@id\":\"https:\/\/jp2doc.pl\/it\/#organization\"},\"potentialAction\":[{\"@type\":\"SearchAction\",\"target\":{\"@type\":\"EntryPoint\",\"urlTemplate\":\"https:\/\/jp2doc.pl\/it\/?s={search_term_string}\"},\"query-input\":{\"@type\":\"PropertyValueSpecification\",\"valueRequired\":true,\"valueName\":\"search_term_string\"}}],\"inLanguage\":\"it-IT\"},{\"@type\":\"Organization\",\"@id\":\"https:\/\/jp2doc.pl\/it\/#organization\",\"name\":\"Centro di Documentazione e Studio del Pontificato di Giovanni Paolo II a Roma\",\"url\":\"https:\/\/jp2doc.pl\/it\/\",\"logo\":{\"@type\":\"ImageObject\",\"inLanguage\":\"it-IT\",\"@id\":\"https:\/\/jp2doc.pl\/it\/#\/schema\/logo\/image\/\",\"url\":\"https:\/\/jp2doc.pl\/it\/wp-content\/uploads\/sites\/3\/2017\/03\/cropped-logo.png\",\"contentUrl\":\"https:\/\/jp2doc.pl\/it\/wp-content\/uploads\/sites\/3\/2017\/03\/cropped-logo.png\",\"width\":115,\"height\":115,\"caption\":\"Centro di Documentazione e Studio del Pontificato di Giovanni Paolo II a Roma\"},\"image\":{\"@id\":\"https:\/\/jp2doc.pl\/it\/#\/schema\/logo\/image\/\"}},{\"@type\":\"Person\",\"@id\":\"https:\/\/jp2doc.pl\/it\/#\/schema\/person\/ecb3008f6674a8ed2f0cffc842168b87\",\"name\":\"Anna Nogawczyk\",\"image\":{\"@type\":\"ImageObject\",\"inLanguage\":\"it-IT\",\"@id\":\"https:\/\/jp2doc.pl\/it\/#\/schema\/person\/image\/\",\"url\":\"https:\/\/secure.gravatar.com\/avatar\/7f49c0a3455a5f39b9815332b5595517d52774cc8803ff595476ca8543d405f2?s=96&d=mm&r=g\",\"contentUrl\":\"https:\/\/secure.gravatar.com\/avatar\/7f49c0a3455a5f39b9815332b5595517d52774cc8803ff595476ca8543d405f2?s=96&d=mm&r=g\",\"caption\":\"Anna Nogawczyk\"},\"url\":\"https:\/\/jp2doc.pl\/it\/author\/ania-nogawczyk\/\"}]}<\/script>\n<!-- \/ Yoast SEO plugin. -->","yoast_head_json":{"title":"La fedelt\u00e0 di Dio ci sostiene - Centro di Documentazione e Studio del Pontificato di Giovanni Paolo II a Roma","robots":{"index":"index","follow":"follow","max-snippet":"max-snippet:-1","max-image-preview":"max-image-preview:large","max-video-preview":"max-video-preview:-1"},"canonical":"https:\/\/jp2doc.pl\/it\/2016\/03\/16\/la-fedelta-di-dio-ci-sostiene\/","og_locale":"it_IT","og_type":"article","og_title":"La fedelt\u00e0 di Dio ci sostiene - Centro di Documentazione e Studio del Pontificato di Giovanni Paolo II a Roma","og_description":"\u00a0Rif.: Gn 15,5-12.17-18; Sal 26; Fil 3,17-4,1; Lc 9,28b-36 \u201cO Dio, grande e fedele\u201d \u2013 la sorprendente invocazione della Preghiera di Colletta II ci fa riflettere: tutta la storia della nostra salvezza, infatti, si regge proprio sulla fedelt\u00e0 di Dio che mai viene meno al suo amore per noi, alle sue promesse, alle sue scelte. [&hellip;]","og_url":"https:\/\/jp2doc.pl\/it\/2016\/03\/16\/la-fedelta-di-dio-ci-sostiene\/","og_site_name":"Centro di Documentazione e Studio del Pontificato di Giovanni Paolo II a Roma","article_published_time":"2016-03-16T09:03:26+00:00","article_modified_time":"2017-04-02T08:04:37+00:00","author":"Anna Nogawczyk","twitter_card":"summary_large_image","twitter_misc":{"Scritto da":"Anna Nogawczyk","Tempo di lettura stimato":"2 minuti"},"schema":{"@context":"https:\/\/schema.org","@graph":[{"@type":"Article","@id":"https:\/\/jp2doc.pl\/it\/2016\/03\/16\/la-fedelta-di-dio-ci-sostiene\/#article","isPartOf":{"@id":"https:\/\/jp2doc.pl\/it\/2016\/03\/16\/la-fedelta-di-dio-ci-sostiene\/"},"author":{"name":"Anna Nogawczyk","@id":"https:\/\/jp2doc.pl\/it\/#\/schema\/person\/ecb3008f6674a8ed2f0cffc842168b87"},"headline":"La fedelt\u00e0 di Dio ci sostiene","datePublished":"2016-03-16T09:03:26+00:00","dateModified":"2017-04-02T08:04:37+00:00","mainEntityOfPage":{"@id":"https:\/\/jp2doc.pl\/it\/2016\/03\/16\/la-fedelta-di-dio-ci-sostiene\/"},"wordCount":493,"commentCount":0,"publisher":{"@id":"https:\/\/jp2doc.pl\/it\/#organization"},"articleSection":["Blog"],"inLanguage":"it-IT","potentialAction":[{"@type":"CommentAction","name":"Comment","target":["https:\/\/jp2doc.pl\/it\/2016\/03\/16\/la-fedelta-di-dio-ci-sostiene\/#respond"]}]},{"@type":"WebPage","@id":"https:\/\/jp2doc.pl\/it\/2016\/03\/16\/la-fedelta-di-dio-ci-sostiene\/","url":"https:\/\/jp2doc.pl\/it\/2016\/03\/16\/la-fedelta-di-dio-ci-sostiene\/","name":"La fedelt\u00e0 di Dio ci sostiene - Centro di Documentazione e Studio del Pontificato di Giovanni Paolo II a Roma","isPartOf":{"@id":"https:\/\/jp2doc.pl\/it\/#website"},"datePublished":"2016-03-16T09:03:26+00:00","dateModified":"2017-04-02T08:04:37+00:00","breadcrumb":{"@id":"https:\/\/jp2doc.pl\/it\/2016\/03\/16\/la-fedelta-di-dio-ci-sostiene\/#breadcrumb"},"inLanguage":"it-IT","potentialAction":[{"@type":"ReadAction","target":["https:\/\/jp2doc.pl\/it\/2016\/03\/16\/la-fedelta-di-dio-ci-sostiene\/"]}]},{"@type":"BreadcrumbList","@id":"https:\/\/jp2doc.pl\/it\/2016\/03\/16\/la-fedelta-di-dio-ci-sostiene\/#breadcrumb","itemListElement":[{"@type":"ListItem","position":1,"name":"Home","item":"https:\/\/jp2doc.pl\/it\/"},{"@type":"ListItem","position":2,"name":"La fedelt\u00e0 di Dio ci sostiene"}]},{"@type":"WebSite","@id":"https:\/\/jp2doc.pl\/it\/#website","url":"https:\/\/jp2doc.pl\/it\/","name":"Centro di Documentazione e Studio del Pontificato di Giovanni Paolo II a Roma","description":"","publisher":{"@id":"https:\/\/jp2doc.pl\/it\/#organization"},"potentialAction":[{"@type":"SearchAction","target":{"@type":"EntryPoint","urlTemplate":"https:\/\/jp2doc.pl\/it\/?s={search_term_string}"},"query-input":{"@type":"PropertyValueSpecification","valueRequired":true,"valueName":"search_term_string"}}],"inLanguage":"it-IT"},{"@type":"Organization","@id":"https:\/\/jp2doc.pl\/it\/#organization","name":"Centro di Documentazione e Studio del Pontificato di Giovanni Paolo II a Roma","url":"https:\/\/jp2doc.pl\/it\/","logo":{"@type":"ImageObject","inLanguage":"it-IT","@id":"https:\/\/jp2doc.pl\/it\/#\/schema\/logo\/image\/","url":"https:\/\/jp2doc.pl\/it\/wp-content\/uploads\/sites\/3\/2017\/03\/cropped-logo.png","contentUrl":"https:\/\/jp2doc.pl\/it\/wp-content\/uploads\/sites\/3\/2017\/03\/cropped-logo.png","width":115,"height":115,"caption":"Centro di Documentazione e Studio del Pontificato di Giovanni Paolo II a Roma"},"image":{"@id":"https:\/\/jp2doc.pl\/it\/#\/schema\/logo\/image\/"}},{"@type":"Person","@id":"https:\/\/jp2doc.pl\/it\/#\/schema\/person\/ecb3008f6674a8ed2f0cffc842168b87","name":"Anna Nogawczyk","image":{"@type":"ImageObject","inLanguage":"it-IT","@id":"https:\/\/jp2doc.pl\/it\/#\/schema\/person\/image\/","url":"https:\/\/secure.gravatar.com\/avatar\/7f49c0a3455a5f39b9815332b5595517d52774cc8803ff595476ca8543d405f2?s=96&d=mm&r=g","contentUrl":"https:\/\/secure.gravatar.com\/avatar\/7f49c0a3455a5f39b9815332b5595517d52774cc8803ff595476ca8543d405f2?s=96&d=mm&r=g","caption":"Anna Nogawczyk"},"url":"https:\/\/jp2doc.pl\/it\/author\/ania-nogawczyk\/"}]}},"_links":{"self":[{"href":"https:\/\/jp2doc.pl\/it\/wp-json\/wp\/v2\/posts\/1031","targetHints":{"allow":["GET"]}}],"collection":[{"href":"https:\/\/jp2doc.pl\/it\/wp-json\/wp\/v2\/posts"}],"about":[{"href":"https:\/\/jp2doc.pl\/it\/wp-json\/wp\/v2\/types\/post"}],"author":[{"embeddable":true,"href":"https:\/\/jp2doc.pl\/it\/wp-json\/wp\/v2\/users\/3"}],"replies":[{"embeddable":true,"href":"https:\/\/jp2doc.pl\/it\/wp-json\/wp\/v2\/comments?post=1031"}],"version-history":[{"count":1,"href":"https:\/\/jp2doc.pl\/it\/wp-json\/wp\/v2\/posts\/1031\/revisions"}],"predecessor-version":[{"id":1033,"href":"https:\/\/jp2doc.pl\/it\/wp-json\/wp\/v2\/posts\/1031\/revisions\/1033"}],"wp:attachment":[{"href":"https:\/\/jp2doc.pl\/it\/wp-json\/wp\/v2\/media?parent=1031"}],"wp:term":[{"taxonomy":"category","embeddable":true,"href":"https:\/\/jp2doc.pl\/it\/wp-json\/wp\/v2\/categories?post=1031"},{"taxonomy":"post_tag","embeddable":true,"href":"https:\/\/jp2doc.pl\/it\/wp-json\/wp\/v2\/tags?post=1031"}],"curies":[{"name":"wp","href":"https:\/\/api.w.org\/{rel}","templated":true}]}}