{"id":1038,"date":"2016-02-05T10:06:17","date_gmt":"2016-02-05T09:06:17","guid":{"rendered":"http:\/\/jp2doc.pl\/it\/?p=1038"},"modified":"2017-04-02T10:07:37","modified_gmt":"2017-04-02T08:07:37","slug":"dio-affida-alluomo-una-missione","status":"publish","type":"post","link":"https:\/\/jp2doc.pl\/it\/2016\/02\/05\/dio-affida-alluomo-una-missione\/","title":{"rendered":"Dio affida all&#8217;uomo una missione"},"content":{"rendered":"<p><i>\u00a0Is 6,1-8; Sal 137,1-5.8; 1Cor 15,1-11; Lc 5,1-11<\/i><\/p>\n<p>Tre uomini incontrano Dio in condizioni e momenti storici diversi: Isaia nel Tempio di Gerusalemme, San Paolo sulla via di Damasco e Pietro sulla riva del lago di Tiberiade. In questo incontro terribile e decisivo essi prendono coscienza della loro nullit\u00e0, debolezza, impurit\u00e0, tutti i tre tremano, ma nessuno recede e tutti rispondono a Dio che li manda nel mondo ad annunciare la sua grandezza e misericordia. E\u2019 la storia di ogni vocazione, \u00e8 la storia incredibile di Dio che con tenerezza materna chiama i suoi figli a collaborare con Lui.<\/p>\n<p>La vocazione \u00e8 dunque sempre finalizzata alla missione, al compito di collaborare con Dio. Essa presuppone: a monte l\u2019iniziativa divina e a valle la risposta dell\u2019uomo, l\u2019adesione libera, incondizionata, spontanea e gioiosa di un cuore che corrisponde all\u2019invito divino. Molte le considerazioni che ne scaturiscono e la prima \u00e8 che Dio non ci lascia mai soli, in qualunque tempo Egli fa udire la sua voce a qualcuno di buona volont\u00e0 e lo invia perch\u00e9 parli ai fratelli, si faccia portavoce della Sua parola e divenga testimone del Suo amore. La seconda considerazione \u00e8 che la vocazione non \u00e8 monopolio di pochi eletti, ogni uomo \u00e8 chiamato ad intraprendere la sconvolgente avventura di essere per gli altri un dono e per Dio un collaboratore.<\/p>\n<p>La storia di ogni vocazione, infatti, \u00e8 storia di un incontro, di un invito&#8230; che viene da chi non ti aspetti, quando meno te lo aspetti e scopri che Dio \u00e8 l\u00ec a portata di mano, Uno fra tanti, che fra i tanti chiama proprio te, senza guardare le tue mani gonfie e rosse di pescatore (Pietro), la tua rabbia di persecutore (Paolo) o il tuo prestigioso stato sociale di sacerdote (Isaia). Un giorno come tanti che diviene il tempo di Dio, tempo dell&#8217;incontro e dell&#8217;ascolto, tempo di esaminare la propria vita e scegliere di rispondere &#8220;si&#8221; o di allontanarsi da Lui.<\/p>\n<p><img loading=\"lazy\" decoding=\"async\" width=\"500\" height=\"414\" class=\"aligncenter size-full wp-image-1039\" src=\"http:\/\/jp2doc.pl\/it\/wp-content\/uploads\/sites\/3\/2017\/04\/56b4f144ac2b5nieuBoga...wszystkojestmo\u017cliwe.jpg\" alt=\"\" \/><\/p>\n<p>Il senso della propria indegnit\u00e0 dinanzi all&#8217;infinita santit\u00e0 di Dio, lo sgomento di essere incapaci, il timore di ci\u00f2 cui si va incontro, tutto viene annullato da un aiuto che purifica e perdona, che incoraggia e sostiene: &#8220;Non temere&#8221;, dir\u00e0 Ges\u00f9 a Pietro ed \u00e8 quella la parola che accompagna ogni vocazione e ogni scelta di vita.<\/p>\n<p>&#8220;Non temere&#8221; \u00e8 la mano che Dio ci tende, \u00e8 la forza necessaria a dare un taglio agli affetti, alle preoccupazioni&#8230; per andare dove Lui chiama e, sicuri del Suo appoggio, sentire che la paura e il coraggio non hanno pi\u00f9 senso, perch\u00e9 non sei tu a scegliere, ma sei stato scelto, non sei tu ad andare ma sei condotto e spinto e, come un granello di polvere, finalmente libero, volare&#8230; e andarti a posare l\u00e0 dove il Soffio di quella voce ti ha condotto.<\/p>\n","protected":false},"excerpt":{"rendered":"<p>\u00a0Is 6,1-8; Sal 137,1-5.8; 1Cor 15,1-11; Lc 5,1-11 Tre uomini incontrano Dio in condizioni e momenti storici diversi: Isaia nel Tempio di Gerusalemme, San Paolo sulla via di Damasco e Pietro sulla riva del lago di Tiberiade. In questo incontro terribile e decisivo essi prendono coscienza della loro nullit\u00e0, debolezza, impurit\u00e0, tutti i tre tremano, [&hellip;]<\/p>\n","protected":false},"author":3,"featured_media":0,"comment_status":"open","ping_status":"open","sticky":false,"template":"","format":"standard","meta":{"_acf_changed":false,"_exactmetrics_skip_tracking":false,"_exactmetrics_sitenote_active":false,"_exactmetrics_sitenote_note":"","_exactmetrics_sitenote_category":0,"footnotes":""},"categories":[4],"tags":[],"class_list":["post-1038","post","type-post","status-publish","format-standard","hentry","category-blog"],"acf":[],"yoast_head":"<!-- This site is optimized with the Yoast SEO plugin v26.2 - https:\/\/yoast.com\/wordpress\/plugins\/seo\/ -->\n<title>Dio affida all&#039;uomo una missione - Centro di Documentazione e Studio del Pontificato di Giovanni Paolo II a Roma<\/title>\n<meta name=\"robots\" content=\"index, follow, max-snippet:-1, max-image-preview:large, max-video-preview:-1\" \/>\n<link rel=\"canonical\" href=\"https:\/\/jp2doc.pl\/it\/2016\/02\/05\/dio-affida-alluomo-una-missione\/\" \/>\n<meta property=\"og:locale\" content=\"it_IT\" \/>\n<meta property=\"og:type\" content=\"article\" \/>\n<meta property=\"og:title\" content=\"Dio affida all&#039;uomo una missione - Centro di Documentazione e Studio del Pontificato di Giovanni Paolo II a Roma\" \/>\n<meta property=\"og:description\" content=\"\u00a0Is 6,1-8; Sal 137,1-5.8; 1Cor 15,1-11; Lc 5,1-11 Tre uomini incontrano Dio in condizioni e momenti storici diversi: Isaia nel Tempio di Gerusalemme, San Paolo sulla via di Damasco e Pietro sulla riva del lago di Tiberiade. In questo incontro terribile e decisivo essi prendono coscienza della loro nullit\u00e0, debolezza, impurit\u00e0, tutti i tre tremano, [&hellip;]\" \/>\n<meta property=\"og:url\" content=\"https:\/\/jp2doc.pl\/it\/2016\/02\/05\/dio-affida-alluomo-una-missione\/\" \/>\n<meta property=\"og:site_name\" content=\"Centro di Documentazione e Studio del Pontificato di Giovanni Paolo II a Roma\" \/>\n<meta property=\"article:published_time\" content=\"2016-02-05T09:06:17+00:00\" \/>\n<meta property=\"article:modified_time\" content=\"2017-04-02T08:07:37+00:00\" \/>\n<meta name=\"author\" content=\"Anna Nogawczyk\" \/>\n<meta name=\"twitter:card\" content=\"summary_large_image\" \/>\n<meta name=\"twitter:label1\" content=\"Scritto da\" \/>\n\t<meta name=\"twitter:data1\" content=\"Anna Nogawczyk\" \/>\n\t<meta name=\"twitter:label2\" content=\"Tempo di lettura stimato\" \/>\n\t<meta name=\"twitter:data2\" content=\"2 minuti\" \/>\n<script type=\"application\/ld+json\" class=\"yoast-schema-graph\">{\"@context\":\"https:\/\/schema.org\",\"@graph\":[{\"@type\":\"Article\",\"@id\":\"https:\/\/jp2doc.pl\/it\/2016\/02\/05\/dio-affida-alluomo-una-missione\/#article\",\"isPartOf\":{\"@id\":\"https:\/\/jp2doc.pl\/it\/2016\/02\/05\/dio-affida-alluomo-una-missione\/\"},\"author\":{\"name\":\"Anna Nogawczyk\",\"@id\":\"https:\/\/jp2doc.pl\/it\/#\/schema\/person\/ecb3008f6674a8ed2f0cffc842168b87\"},\"headline\":\"Dio affida all&#8217;uomo una missione\",\"datePublished\":\"2016-02-05T09:06:17+00:00\",\"dateModified\":\"2017-04-02T08:07:37+00:00\",\"mainEntityOfPage\":{\"@id\":\"https:\/\/jp2doc.pl\/it\/2016\/02\/05\/dio-affida-alluomo-una-missione\/\"},\"wordCount\":468,\"commentCount\":0,\"publisher\":{\"@id\":\"https:\/\/jp2doc.pl\/it\/#organization\"},\"articleSection\":[\"Blog\"],\"inLanguage\":\"it-IT\",\"potentialAction\":[{\"@type\":\"CommentAction\",\"name\":\"Comment\",\"target\":[\"https:\/\/jp2doc.pl\/it\/2016\/02\/05\/dio-affida-alluomo-una-missione\/#respond\"]}]},{\"@type\":\"WebPage\",\"@id\":\"https:\/\/jp2doc.pl\/it\/2016\/02\/05\/dio-affida-alluomo-una-missione\/\",\"url\":\"https:\/\/jp2doc.pl\/it\/2016\/02\/05\/dio-affida-alluomo-una-missione\/\",\"name\":\"Dio affida all'uomo una missione - Centro di Documentazione e Studio del Pontificato di Giovanni Paolo II a Roma\",\"isPartOf\":{\"@id\":\"https:\/\/jp2doc.pl\/it\/#website\"},\"datePublished\":\"2016-02-05T09:06:17+00:00\",\"dateModified\":\"2017-04-02T08:07:37+00:00\",\"breadcrumb\":{\"@id\":\"https:\/\/jp2doc.pl\/it\/2016\/02\/05\/dio-affida-alluomo-una-missione\/#breadcrumb\"},\"inLanguage\":\"it-IT\",\"potentialAction\":[{\"@type\":\"ReadAction\",\"target\":[\"https:\/\/jp2doc.pl\/it\/2016\/02\/05\/dio-affida-alluomo-una-missione\/\"]}]},{\"@type\":\"BreadcrumbList\",\"@id\":\"https:\/\/jp2doc.pl\/it\/2016\/02\/05\/dio-affida-alluomo-una-missione\/#breadcrumb\",\"itemListElement\":[{\"@type\":\"ListItem\",\"position\":1,\"name\":\"Home\",\"item\":\"https:\/\/jp2doc.pl\/it\/\"},{\"@type\":\"ListItem\",\"position\":2,\"name\":\"Dio affida all&#8217;uomo una missione\"}]},{\"@type\":\"WebSite\",\"@id\":\"https:\/\/jp2doc.pl\/it\/#website\",\"url\":\"https:\/\/jp2doc.pl\/it\/\",\"name\":\"Centro di Documentazione e Studio del Pontificato di Giovanni Paolo II a Roma\",\"description\":\"\",\"publisher\":{\"@id\":\"https:\/\/jp2doc.pl\/it\/#organization\"},\"potentialAction\":[{\"@type\":\"SearchAction\",\"target\":{\"@type\":\"EntryPoint\",\"urlTemplate\":\"https:\/\/jp2doc.pl\/it\/?s={search_term_string}\"},\"query-input\":{\"@type\":\"PropertyValueSpecification\",\"valueRequired\":true,\"valueName\":\"search_term_string\"}}],\"inLanguage\":\"it-IT\"},{\"@type\":\"Organization\",\"@id\":\"https:\/\/jp2doc.pl\/it\/#organization\",\"name\":\"Centro di Documentazione e Studio del Pontificato di Giovanni Paolo II a Roma\",\"url\":\"https:\/\/jp2doc.pl\/it\/\",\"logo\":{\"@type\":\"ImageObject\",\"inLanguage\":\"it-IT\",\"@id\":\"https:\/\/jp2doc.pl\/it\/#\/schema\/logo\/image\/\",\"url\":\"https:\/\/jp2doc.pl\/it\/wp-content\/uploads\/sites\/3\/2017\/03\/cropped-logo.png\",\"contentUrl\":\"https:\/\/jp2doc.pl\/it\/wp-content\/uploads\/sites\/3\/2017\/03\/cropped-logo.png\",\"width\":115,\"height\":115,\"caption\":\"Centro di Documentazione e Studio del Pontificato di Giovanni Paolo II a Roma\"},\"image\":{\"@id\":\"https:\/\/jp2doc.pl\/it\/#\/schema\/logo\/image\/\"}},{\"@type\":\"Person\",\"@id\":\"https:\/\/jp2doc.pl\/it\/#\/schema\/person\/ecb3008f6674a8ed2f0cffc842168b87\",\"name\":\"Anna Nogawczyk\",\"image\":{\"@type\":\"ImageObject\",\"inLanguage\":\"it-IT\",\"@id\":\"https:\/\/jp2doc.pl\/it\/#\/schema\/person\/image\/\",\"url\":\"https:\/\/secure.gravatar.com\/avatar\/7f49c0a3455a5f39b9815332b5595517d52774cc8803ff595476ca8543d405f2?s=96&d=mm&r=g\",\"contentUrl\":\"https:\/\/secure.gravatar.com\/avatar\/7f49c0a3455a5f39b9815332b5595517d52774cc8803ff595476ca8543d405f2?s=96&d=mm&r=g\",\"caption\":\"Anna Nogawczyk\"},\"url\":\"https:\/\/jp2doc.pl\/it\/author\/ania-nogawczyk\/\"}]}<\/script>\n<!-- \/ Yoast SEO plugin. -->","yoast_head_json":{"title":"Dio affida all'uomo una missione - Centro di Documentazione e Studio del Pontificato di Giovanni Paolo II a Roma","robots":{"index":"index","follow":"follow","max-snippet":"max-snippet:-1","max-image-preview":"max-image-preview:large","max-video-preview":"max-video-preview:-1"},"canonical":"https:\/\/jp2doc.pl\/it\/2016\/02\/05\/dio-affida-alluomo-una-missione\/","og_locale":"it_IT","og_type":"article","og_title":"Dio affida all'uomo una missione - Centro di Documentazione e Studio del Pontificato di Giovanni Paolo II a Roma","og_description":"\u00a0Is 6,1-8; Sal 137,1-5.8; 1Cor 15,1-11; Lc 5,1-11 Tre uomini incontrano Dio in condizioni e momenti storici diversi: Isaia nel Tempio di Gerusalemme, San Paolo sulla via di Damasco e Pietro sulla riva del lago di Tiberiade. In questo incontro terribile e decisivo essi prendono coscienza della loro nullit\u00e0, debolezza, impurit\u00e0, tutti i tre tremano, [&hellip;]","og_url":"https:\/\/jp2doc.pl\/it\/2016\/02\/05\/dio-affida-alluomo-una-missione\/","og_site_name":"Centro di Documentazione e Studio del Pontificato di Giovanni Paolo II a Roma","article_published_time":"2016-02-05T09:06:17+00:00","article_modified_time":"2017-04-02T08:07:37+00:00","author":"Anna Nogawczyk","twitter_card":"summary_large_image","twitter_misc":{"Scritto da":"Anna Nogawczyk","Tempo di lettura stimato":"2 minuti"},"schema":{"@context":"https:\/\/schema.org","@graph":[{"@type":"Article","@id":"https:\/\/jp2doc.pl\/it\/2016\/02\/05\/dio-affida-alluomo-una-missione\/#article","isPartOf":{"@id":"https:\/\/jp2doc.pl\/it\/2016\/02\/05\/dio-affida-alluomo-una-missione\/"},"author":{"name":"Anna Nogawczyk","@id":"https:\/\/jp2doc.pl\/it\/#\/schema\/person\/ecb3008f6674a8ed2f0cffc842168b87"},"headline":"Dio affida all&#8217;uomo una missione","datePublished":"2016-02-05T09:06:17+00:00","dateModified":"2017-04-02T08:07:37+00:00","mainEntityOfPage":{"@id":"https:\/\/jp2doc.pl\/it\/2016\/02\/05\/dio-affida-alluomo-una-missione\/"},"wordCount":468,"commentCount":0,"publisher":{"@id":"https:\/\/jp2doc.pl\/it\/#organization"},"articleSection":["Blog"],"inLanguage":"it-IT","potentialAction":[{"@type":"CommentAction","name":"Comment","target":["https:\/\/jp2doc.pl\/it\/2016\/02\/05\/dio-affida-alluomo-una-missione\/#respond"]}]},{"@type":"WebPage","@id":"https:\/\/jp2doc.pl\/it\/2016\/02\/05\/dio-affida-alluomo-una-missione\/","url":"https:\/\/jp2doc.pl\/it\/2016\/02\/05\/dio-affida-alluomo-una-missione\/","name":"Dio affida all'uomo una missione - Centro di Documentazione e Studio del Pontificato di Giovanni Paolo II a Roma","isPartOf":{"@id":"https:\/\/jp2doc.pl\/it\/#website"},"datePublished":"2016-02-05T09:06:17+00:00","dateModified":"2017-04-02T08:07:37+00:00","breadcrumb":{"@id":"https:\/\/jp2doc.pl\/it\/2016\/02\/05\/dio-affida-alluomo-una-missione\/#breadcrumb"},"inLanguage":"it-IT","potentialAction":[{"@type":"ReadAction","target":["https:\/\/jp2doc.pl\/it\/2016\/02\/05\/dio-affida-alluomo-una-missione\/"]}]},{"@type":"BreadcrumbList","@id":"https:\/\/jp2doc.pl\/it\/2016\/02\/05\/dio-affida-alluomo-una-missione\/#breadcrumb","itemListElement":[{"@type":"ListItem","position":1,"name":"Home","item":"https:\/\/jp2doc.pl\/it\/"},{"@type":"ListItem","position":2,"name":"Dio affida all&#8217;uomo una missione"}]},{"@type":"WebSite","@id":"https:\/\/jp2doc.pl\/it\/#website","url":"https:\/\/jp2doc.pl\/it\/","name":"Centro di Documentazione e Studio del Pontificato di Giovanni Paolo II a Roma","description":"","publisher":{"@id":"https:\/\/jp2doc.pl\/it\/#organization"},"potentialAction":[{"@type":"SearchAction","target":{"@type":"EntryPoint","urlTemplate":"https:\/\/jp2doc.pl\/it\/?s={search_term_string}"},"query-input":{"@type":"PropertyValueSpecification","valueRequired":true,"valueName":"search_term_string"}}],"inLanguage":"it-IT"},{"@type":"Organization","@id":"https:\/\/jp2doc.pl\/it\/#organization","name":"Centro di Documentazione e Studio del Pontificato di Giovanni Paolo II a Roma","url":"https:\/\/jp2doc.pl\/it\/","logo":{"@type":"ImageObject","inLanguage":"it-IT","@id":"https:\/\/jp2doc.pl\/it\/#\/schema\/logo\/image\/","url":"https:\/\/jp2doc.pl\/it\/wp-content\/uploads\/sites\/3\/2017\/03\/cropped-logo.png","contentUrl":"https:\/\/jp2doc.pl\/it\/wp-content\/uploads\/sites\/3\/2017\/03\/cropped-logo.png","width":115,"height":115,"caption":"Centro di Documentazione e Studio del Pontificato di Giovanni Paolo II a Roma"},"image":{"@id":"https:\/\/jp2doc.pl\/it\/#\/schema\/logo\/image\/"}},{"@type":"Person","@id":"https:\/\/jp2doc.pl\/it\/#\/schema\/person\/ecb3008f6674a8ed2f0cffc842168b87","name":"Anna Nogawczyk","image":{"@type":"ImageObject","inLanguage":"it-IT","@id":"https:\/\/jp2doc.pl\/it\/#\/schema\/person\/image\/","url":"https:\/\/secure.gravatar.com\/avatar\/7f49c0a3455a5f39b9815332b5595517d52774cc8803ff595476ca8543d405f2?s=96&d=mm&r=g","contentUrl":"https:\/\/secure.gravatar.com\/avatar\/7f49c0a3455a5f39b9815332b5595517d52774cc8803ff595476ca8543d405f2?s=96&d=mm&r=g","caption":"Anna Nogawczyk"},"url":"https:\/\/jp2doc.pl\/it\/author\/ania-nogawczyk\/"}]}},"_links":{"self":[{"href":"https:\/\/jp2doc.pl\/it\/wp-json\/wp\/v2\/posts\/1038","targetHints":{"allow":["GET"]}}],"collection":[{"href":"https:\/\/jp2doc.pl\/it\/wp-json\/wp\/v2\/posts"}],"about":[{"href":"https:\/\/jp2doc.pl\/it\/wp-json\/wp\/v2\/types\/post"}],"author":[{"embeddable":true,"href":"https:\/\/jp2doc.pl\/it\/wp-json\/wp\/v2\/users\/3"}],"replies":[{"embeddable":true,"href":"https:\/\/jp2doc.pl\/it\/wp-json\/wp\/v2\/comments?post=1038"}],"version-history":[{"count":1,"href":"https:\/\/jp2doc.pl\/it\/wp-json\/wp\/v2\/posts\/1038\/revisions"}],"predecessor-version":[{"id":1040,"href":"https:\/\/jp2doc.pl\/it\/wp-json\/wp\/v2\/posts\/1038\/revisions\/1040"}],"wp:attachment":[{"href":"https:\/\/jp2doc.pl\/it\/wp-json\/wp\/v2\/media?parent=1038"}],"wp:term":[{"taxonomy":"category","embeddable":true,"href":"https:\/\/jp2doc.pl\/it\/wp-json\/wp\/v2\/categories?post=1038"},{"taxonomy":"post_tag","embeddable":true,"href":"https:\/\/jp2doc.pl\/it\/wp-json\/wp\/v2\/tags?post=1038"}],"curies":[{"name":"wp","href":"https:\/\/api.w.org\/{rel}","templated":true}]}}