{"id":1044,"date":"2016-01-22T10:09:42","date_gmt":"2016-01-22T09:09:42","guid":{"rendered":"http:\/\/jp2doc.pl\/it\/?p=1044"},"modified":"2017-04-02T10:11:16","modified_gmt":"2017-04-02T08:11:16","slug":"oggi-si-e-compiuta-questa-scrittura","status":"publish","type":"post","link":"https:\/\/jp2doc.pl\/it\/2016\/01\/22\/oggi-si-e-compiuta-questa-scrittura\/","title":{"rendered":"&#8220;Oggi si \u00e8 compiuta questa scrittura&#8221;"},"content":{"rendered":"<p><i>Rif.: Ne 8,2-4\u00b0.5-6.8-10; Sal 18,8-10.15; 1Cor 12,12-30; Lc 1,1-4; 4,14-21 <\/i>r<\/p>\n<p>La Prima lettura di questa domenica ci riporta ad un lontanissimo giorno (458-433 a.C.) d\u2019autunno, quando Israele, ritornato in patria e ritrovato il Libro della Legge, organizza quella che potremmo definire la prima Liturgia della Parola. Uomini, donne e tutti quelli in grado di intendere, si prostrano con la faccia a terra, sicuri che Proclamazione della Parola e Presenza di Dio sono un tutt\u2019uno e perci\u00f2 mentre lo scriba legge la Scrittura, Dio stesso \u00e8 presente e parla al suo popolo.<\/p>\n<p>Da quel giorno, santo e benedetto, in cui la gioia si esprime nelle lacrime e la gratitudine nella preoccupazione per i fratelli bisognosi, ha origine la celebrazione liturgica che si svolgeva e si svolge ogni sabato nella Sinagoga. Da quel giorno il sabato diviene il giorno \u201cconsacrato\u201d, giorno dell\u2019incontro con Dio, nel quale la sospensione da ogni lavoro trova senso e ricompensa in quella Parola che promette e realizza la salvezza, che guida il cammino dell\u2019uomo e lo fa sentire curato e amato da Dio.<\/p>\n<p><img loading=\"lazy\" decoding=\"async\" width=\"560\" height=\"372\" class=\"aligncenter size-full wp-image-1045\" src=\"http:\/\/jp2doc.pl\/it\/wp-content\/uploads\/sites\/3\/2017\/04\/56a25b9c5a22300007RGIFYM8BVIW-C322.jpg\" alt=\"\" \/><\/p>\n<p>Parola che si incarna in Cristo, come Ges\u00f9 stesso proclama nella sinagoga del suo paese d\u2019origine: \u201cOggi si \u00e8 compiuta questa scrittura che voi avete ascoltato\u201d. Il Messia atteso, colui che i profeti hanno annunciato \u00e8 l\u00e0 presente, incarnato nella persona di Cristo. Egli \u00e8 colui che nel Battesimo fu proclamato da Dio \u201cFiglio prediletto\u201d, colui che lo Spirito Santo unse e prepar\u00f2 a questa missione posandosi su di Lui sotto forma di colomba. Fino a questo momento Ges\u00f9 ha compiuto prodigi, ha scacciato demoni impedendo loro di rivelare la sua identit\u00e0 divina e messianica. Ora a Nazareth, alla presenza degli scribi, del rabbino capo e di tutti quelli che fin dall\u2019infanzia conoscono lui e i suoi genitori, proprio l\u00e0, dove la troppa conoscenza sfocia nel pregiudizio, Ges\u00f9 rivela il suo essere e la sua missione.<\/p>\n<p>I poveri, i prigionieri, i ciechi, gli oppressi\u2026, le tremende infermit\u00e0 fisiche, sono anche il simbolo forte dei mali dell\u2019anima che affliggono l\u2019umanit\u00e0. Da queste e dal peccato \u00e8 venuto a risollevarci colui che da Dio \u00e8 stato inviato per la nostra salvezza: Cristo Signore nostro, Figlio del Padre! In Lui che ci redime, uniti dallo stesso Unico Spirito, tutti formiamo un solo corpo, le cui membra, pur destinate a funzioni diverse, tutte sono protese verso il bene comune (II lett.), tutte disponibili ad essere in Cristo, con Cristo e per Cristo strumento di liberazione e salvezza (v. preghiera Colletta II).<\/p>\n","protected":false},"excerpt":{"rendered":"<p>Rif.: Ne 8,2-4\u00b0.5-6.8-10; Sal 18,8-10.15; 1Cor 12,12-30; Lc 1,1-4; 4,14-21 r La Prima lettura di questa domenica ci riporta ad un lontanissimo giorno (458-433 a.C.) d\u2019autunno, quando Israele, ritornato in patria e ritrovato il Libro della Legge, organizza quella che potremmo definire la prima Liturgia della Parola. Uomini, donne e tutti quelli in grado di [&hellip;]<\/p>\n","protected":false},"author":3,"featured_media":0,"comment_status":"open","ping_status":"open","sticky":false,"template":"","format":"standard","meta":{"_acf_changed":false,"_exactmetrics_skip_tracking":false,"_exactmetrics_sitenote_active":false,"_exactmetrics_sitenote_note":"","_exactmetrics_sitenote_category":0,"footnotes":""},"categories":[4],"tags":[],"class_list":["post-1044","post","type-post","status-publish","format-standard","hentry","category-blog"],"acf":[],"yoast_head":"<!-- This site is optimized with the Yoast SEO plugin v26.2 - https:\/\/yoast.com\/wordpress\/plugins\/seo\/ -->\n<title>&quot;Oggi si \u00e8 compiuta questa scrittura&quot; - Centro di Documentazione e Studio del Pontificato di Giovanni Paolo II a Roma<\/title>\n<meta name=\"robots\" content=\"index, follow, max-snippet:-1, max-image-preview:large, max-video-preview:-1\" \/>\n<link rel=\"canonical\" href=\"https:\/\/jp2doc.pl\/it\/2016\/01\/22\/oggi-si-e-compiuta-questa-scrittura\/\" \/>\n<meta property=\"og:locale\" content=\"it_IT\" \/>\n<meta property=\"og:type\" content=\"article\" \/>\n<meta property=\"og:title\" content=\"&quot;Oggi si \u00e8 compiuta questa scrittura&quot; - Centro di Documentazione e Studio del Pontificato di Giovanni Paolo II a Roma\" \/>\n<meta property=\"og:description\" content=\"Rif.: Ne 8,2-4\u00b0.5-6.8-10; Sal 18,8-10.15; 1Cor 12,12-30; Lc 1,1-4; 4,14-21 r La Prima lettura di questa domenica ci riporta ad un lontanissimo giorno (458-433 a.C.) d\u2019autunno, quando Israele, ritornato in patria e ritrovato il Libro della Legge, organizza quella che potremmo definire la prima Liturgia della Parola. Uomini, donne e tutti quelli in grado di [&hellip;]\" \/>\n<meta property=\"og:url\" content=\"https:\/\/jp2doc.pl\/it\/2016\/01\/22\/oggi-si-e-compiuta-questa-scrittura\/\" \/>\n<meta property=\"og:site_name\" content=\"Centro di Documentazione e Studio del Pontificato di Giovanni Paolo II a Roma\" \/>\n<meta property=\"article:published_time\" content=\"2016-01-22T09:09:42+00:00\" \/>\n<meta property=\"article:modified_time\" content=\"2017-04-02T08:11:16+00:00\" \/>\n<meta property=\"og:image\" content=\"http:\/\/jp2doc.pl\/it\/wp-content\/uploads\/sites\/3\/2017\/04\/56a25b9c5a22300007RGIFYM8BVIW-C322.jpg\" \/>\n<meta name=\"author\" content=\"Anna Nogawczyk\" \/>\n<meta name=\"twitter:card\" content=\"summary_large_image\" \/>\n<meta name=\"twitter:label1\" content=\"Scritto da\" \/>\n\t<meta name=\"twitter:data1\" content=\"Anna Nogawczyk\" \/>\n\t<meta name=\"twitter:label2\" content=\"Tempo di lettura stimato\" \/>\n\t<meta name=\"twitter:data2\" content=\"2 minuti\" \/>\n<script type=\"application\/ld+json\" class=\"yoast-schema-graph\">{\"@context\":\"https:\/\/schema.org\",\"@graph\":[{\"@type\":\"Article\",\"@id\":\"https:\/\/jp2doc.pl\/it\/2016\/01\/22\/oggi-si-e-compiuta-questa-scrittura\/#article\",\"isPartOf\":{\"@id\":\"https:\/\/jp2doc.pl\/it\/2016\/01\/22\/oggi-si-e-compiuta-questa-scrittura\/\"},\"author\":{\"name\":\"Anna Nogawczyk\",\"@id\":\"https:\/\/jp2doc.pl\/it\/#\/schema\/person\/ecb3008f6674a8ed2f0cffc842168b87\"},\"headline\":\"&#8220;Oggi si \u00e8 compiuta questa scrittura&#8221;\",\"datePublished\":\"2016-01-22T09:09:42+00:00\",\"dateModified\":\"2017-04-02T08:11:16+00:00\",\"mainEntityOfPage\":{\"@id\":\"https:\/\/jp2doc.pl\/it\/2016\/01\/22\/oggi-si-e-compiuta-questa-scrittura\/\"},\"wordCount\":424,\"commentCount\":0,\"publisher\":{\"@id\":\"https:\/\/jp2doc.pl\/it\/#organization\"},\"image\":{\"@id\":\"https:\/\/jp2doc.pl\/it\/2016\/01\/22\/oggi-si-e-compiuta-questa-scrittura\/#primaryimage\"},\"thumbnailUrl\":\"http:\/\/jp2doc.pl\/it\/wp-content\/uploads\/sites\/3\/2017\/04\/56a25b9c5a22300007RGIFYM8BVIW-C322.jpg\",\"articleSection\":[\"Blog\"],\"inLanguage\":\"it-IT\",\"potentialAction\":[{\"@type\":\"CommentAction\",\"name\":\"Comment\",\"target\":[\"https:\/\/jp2doc.pl\/it\/2016\/01\/22\/oggi-si-e-compiuta-questa-scrittura\/#respond\"]}]},{\"@type\":\"WebPage\",\"@id\":\"https:\/\/jp2doc.pl\/it\/2016\/01\/22\/oggi-si-e-compiuta-questa-scrittura\/\",\"url\":\"https:\/\/jp2doc.pl\/it\/2016\/01\/22\/oggi-si-e-compiuta-questa-scrittura\/\",\"name\":\"\\\"Oggi si \u00e8 compiuta questa scrittura\\\" - Centro di Documentazione e Studio del Pontificato di Giovanni Paolo II a Roma\",\"isPartOf\":{\"@id\":\"https:\/\/jp2doc.pl\/it\/#website\"},\"primaryImageOfPage\":{\"@id\":\"https:\/\/jp2doc.pl\/it\/2016\/01\/22\/oggi-si-e-compiuta-questa-scrittura\/#primaryimage\"},\"image\":{\"@id\":\"https:\/\/jp2doc.pl\/it\/2016\/01\/22\/oggi-si-e-compiuta-questa-scrittura\/#primaryimage\"},\"thumbnailUrl\":\"http:\/\/jp2doc.pl\/it\/wp-content\/uploads\/sites\/3\/2017\/04\/56a25b9c5a22300007RGIFYM8BVIW-C322.jpg\",\"datePublished\":\"2016-01-22T09:09:42+00:00\",\"dateModified\":\"2017-04-02T08:11:16+00:00\",\"breadcrumb\":{\"@id\":\"https:\/\/jp2doc.pl\/it\/2016\/01\/22\/oggi-si-e-compiuta-questa-scrittura\/#breadcrumb\"},\"inLanguage\":\"it-IT\",\"potentialAction\":[{\"@type\":\"ReadAction\",\"target\":[\"https:\/\/jp2doc.pl\/it\/2016\/01\/22\/oggi-si-e-compiuta-questa-scrittura\/\"]}]},{\"@type\":\"ImageObject\",\"inLanguage\":\"it-IT\",\"@id\":\"https:\/\/jp2doc.pl\/it\/2016\/01\/22\/oggi-si-e-compiuta-questa-scrittura\/#primaryimage\",\"url\":\"http:\/\/jp2doc.pl\/it\/wp-content\/uploads\/sites\/3\/2017\/04\/56a25b9c5a22300007RGIFYM8BVIW-C322.jpg\",\"contentUrl\":\"http:\/\/jp2doc.pl\/it\/wp-content\/uploads\/sites\/3\/2017\/04\/56a25b9c5a22300007RGIFYM8BVIW-C322.jpg\"},{\"@type\":\"BreadcrumbList\",\"@id\":\"https:\/\/jp2doc.pl\/it\/2016\/01\/22\/oggi-si-e-compiuta-questa-scrittura\/#breadcrumb\",\"itemListElement\":[{\"@type\":\"ListItem\",\"position\":1,\"name\":\"Home\",\"item\":\"https:\/\/jp2doc.pl\/it\/\"},{\"@type\":\"ListItem\",\"position\":2,\"name\":\"&#8220;Oggi si \u00e8 compiuta questa scrittura&#8221;\"}]},{\"@type\":\"WebSite\",\"@id\":\"https:\/\/jp2doc.pl\/it\/#website\",\"url\":\"https:\/\/jp2doc.pl\/it\/\",\"name\":\"Centro di Documentazione e Studio del Pontificato di Giovanni Paolo II a Roma\",\"description\":\"\",\"publisher\":{\"@id\":\"https:\/\/jp2doc.pl\/it\/#organization\"},\"potentialAction\":[{\"@type\":\"SearchAction\",\"target\":{\"@type\":\"EntryPoint\",\"urlTemplate\":\"https:\/\/jp2doc.pl\/it\/?s={search_term_string}\"},\"query-input\":{\"@type\":\"PropertyValueSpecification\",\"valueRequired\":true,\"valueName\":\"search_term_string\"}}],\"inLanguage\":\"it-IT\"},{\"@type\":\"Organization\",\"@id\":\"https:\/\/jp2doc.pl\/it\/#organization\",\"name\":\"Centro di Documentazione e Studio del Pontificato di Giovanni Paolo II a Roma\",\"url\":\"https:\/\/jp2doc.pl\/it\/\",\"logo\":{\"@type\":\"ImageObject\",\"inLanguage\":\"it-IT\",\"@id\":\"https:\/\/jp2doc.pl\/it\/#\/schema\/logo\/image\/\",\"url\":\"https:\/\/jp2doc.pl\/it\/wp-content\/uploads\/sites\/3\/2017\/03\/cropped-logo.png\",\"contentUrl\":\"https:\/\/jp2doc.pl\/it\/wp-content\/uploads\/sites\/3\/2017\/03\/cropped-logo.png\",\"width\":115,\"height\":115,\"caption\":\"Centro di Documentazione e Studio del Pontificato di Giovanni Paolo II a Roma\"},\"image\":{\"@id\":\"https:\/\/jp2doc.pl\/it\/#\/schema\/logo\/image\/\"}},{\"@type\":\"Person\",\"@id\":\"https:\/\/jp2doc.pl\/it\/#\/schema\/person\/ecb3008f6674a8ed2f0cffc842168b87\",\"name\":\"Anna Nogawczyk\",\"image\":{\"@type\":\"ImageObject\",\"inLanguage\":\"it-IT\",\"@id\":\"https:\/\/jp2doc.pl\/it\/#\/schema\/person\/image\/\",\"url\":\"https:\/\/secure.gravatar.com\/avatar\/7f49c0a3455a5f39b9815332b5595517d52774cc8803ff595476ca8543d405f2?s=96&d=mm&r=g\",\"contentUrl\":\"https:\/\/secure.gravatar.com\/avatar\/7f49c0a3455a5f39b9815332b5595517d52774cc8803ff595476ca8543d405f2?s=96&d=mm&r=g\",\"caption\":\"Anna Nogawczyk\"},\"url\":\"https:\/\/jp2doc.pl\/it\/author\/ania-nogawczyk\/\"}]}<\/script>\n<!-- \/ Yoast SEO plugin. -->","yoast_head_json":{"title":"\"Oggi si \u00e8 compiuta questa scrittura\" - Centro di Documentazione e Studio del Pontificato di Giovanni Paolo II a Roma","robots":{"index":"index","follow":"follow","max-snippet":"max-snippet:-1","max-image-preview":"max-image-preview:large","max-video-preview":"max-video-preview:-1"},"canonical":"https:\/\/jp2doc.pl\/it\/2016\/01\/22\/oggi-si-e-compiuta-questa-scrittura\/","og_locale":"it_IT","og_type":"article","og_title":"\"Oggi si \u00e8 compiuta questa scrittura\" - Centro di Documentazione e Studio del Pontificato di Giovanni Paolo II a Roma","og_description":"Rif.: Ne 8,2-4\u00b0.5-6.8-10; Sal 18,8-10.15; 1Cor 12,12-30; Lc 1,1-4; 4,14-21 r La Prima lettura di questa domenica ci riporta ad un lontanissimo giorno (458-433 a.C.) d\u2019autunno, quando Israele, ritornato in patria e ritrovato il Libro della Legge, organizza quella che potremmo definire la prima Liturgia della Parola. Uomini, donne e tutti quelli in grado di [&hellip;]","og_url":"https:\/\/jp2doc.pl\/it\/2016\/01\/22\/oggi-si-e-compiuta-questa-scrittura\/","og_site_name":"Centro di Documentazione e Studio del Pontificato di Giovanni Paolo II a Roma","article_published_time":"2016-01-22T09:09:42+00:00","article_modified_time":"2017-04-02T08:11:16+00:00","og_image":[{"url":"http:\/\/jp2doc.pl\/it\/wp-content\/uploads\/sites\/3\/2017\/04\/56a25b9c5a22300007RGIFYM8BVIW-C322.jpg","type":"","width":"","height":""}],"author":"Anna Nogawczyk","twitter_card":"summary_large_image","twitter_misc":{"Scritto da":"Anna Nogawczyk","Tempo di lettura stimato":"2 minuti"},"schema":{"@context":"https:\/\/schema.org","@graph":[{"@type":"Article","@id":"https:\/\/jp2doc.pl\/it\/2016\/01\/22\/oggi-si-e-compiuta-questa-scrittura\/#article","isPartOf":{"@id":"https:\/\/jp2doc.pl\/it\/2016\/01\/22\/oggi-si-e-compiuta-questa-scrittura\/"},"author":{"name":"Anna Nogawczyk","@id":"https:\/\/jp2doc.pl\/it\/#\/schema\/person\/ecb3008f6674a8ed2f0cffc842168b87"},"headline":"&#8220;Oggi si \u00e8 compiuta questa scrittura&#8221;","datePublished":"2016-01-22T09:09:42+00:00","dateModified":"2017-04-02T08:11:16+00:00","mainEntityOfPage":{"@id":"https:\/\/jp2doc.pl\/it\/2016\/01\/22\/oggi-si-e-compiuta-questa-scrittura\/"},"wordCount":424,"commentCount":0,"publisher":{"@id":"https:\/\/jp2doc.pl\/it\/#organization"},"image":{"@id":"https:\/\/jp2doc.pl\/it\/2016\/01\/22\/oggi-si-e-compiuta-questa-scrittura\/#primaryimage"},"thumbnailUrl":"http:\/\/jp2doc.pl\/it\/wp-content\/uploads\/sites\/3\/2017\/04\/56a25b9c5a22300007RGIFYM8BVIW-C322.jpg","articleSection":["Blog"],"inLanguage":"it-IT","potentialAction":[{"@type":"CommentAction","name":"Comment","target":["https:\/\/jp2doc.pl\/it\/2016\/01\/22\/oggi-si-e-compiuta-questa-scrittura\/#respond"]}]},{"@type":"WebPage","@id":"https:\/\/jp2doc.pl\/it\/2016\/01\/22\/oggi-si-e-compiuta-questa-scrittura\/","url":"https:\/\/jp2doc.pl\/it\/2016\/01\/22\/oggi-si-e-compiuta-questa-scrittura\/","name":"\"Oggi si \u00e8 compiuta questa scrittura\" - Centro di Documentazione e Studio del Pontificato di Giovanni Paolo II a Roma","isPartOf":{"@id":"https:\/\/jp2doc.pl\/it\/#website"},"primaryImageOfPage":{"@id":"https:\/\/jp2doc.pl\/it\/2016\/01\/22\/oggi-si-e-compiuta-questa-scrittura\/#primaryimage"},"image":{"@id":"https:\/\/jp2doc.pl\/it\/2016\/01\/22\/oggi-si-e-compiuta-questa-scrittura\/#primaryimage"},"thumbnailUrl":"http:\/\/jp2doc.pl\/it\/wp-content\/uploads\/sites\/3\/2017\/04\/56a25b9c5a22300007RGIFYM8BVIW-C322.jpg","datePublished":"2016-01-22T09:09:42+00:00","dateModified":"2017-04-02T08:11:16+00:00","breadcrumb":{"@id":"https:\/\/jp2doc.pl\/it\/2016\/01\/22\/oggi-si-e-compiuta-questa-scrittura\/#breadcrumb"},"inLanguage":"it-IT","potentialAction":[{"@type":"ReadAction","target":["https:\/\/jp2doc.pl\/it\/2016\/01\/22\/oggi-si-e-compiuta-questa-scrittura\/"]}]},{"@type":"ImageObject","inLanguage":"it-IT","@id":"https:\/\/jp2doc.pl\/it\/2016\/01\/22\/oggi-si-e-compiuta-questa-scrittura\/#primaryimage","url":"http:\/\/jp2doc.pl\/it\/wp-content\/uploads\/sites\/3\/2017\/04\/56a25b9c5a22300007RGIFYM8BVIW-C322.jpg","contentUrl":"http:\/\/jp2doc.pl\/it\/wp-content\/uploads\/sites\/3\/2017\/04\/56a25b9c5a22300007RGIFYM8BVIW-C322.jpg"},{"@type":"BreadcrumbList","@id":"https:\/\/jp2doc.pl\/it\/2016\/01\/22\/oggi-si-e-compiuta-questa-scrittura\/#breadcrumb","itemListElement":[{"@type":"ListItem","position":1,"name":"Home","item":"https:\/\/jp2doc.pl\/it\/"},{"@type":"ListItem","position":2,"name":"&#8220;Oggi si \u00e8 compiuta questa scrittura&#8221;"}]},{"@type":"WebSite","@id":"https:\/\/jp2doc.pl\/it\/#website","url":"https:\/\/jp2doc.pl\/it\/","name":"Centro di Documentazione e Studio del Pontificato di Giovanni Paolo II a Roma","description":"","publisher":{"@id":"https:\/\/jp2doc.pl\/it\/#organization"},"potentialAction":[{"@type":"SearchAction","target":{"@type":"EntryPoint","urlTemplate":"https:\/\/jp2doc.pl\/it\/?s={search_term_string}"},"query-input":{"@type":"PropertyValueSpecification","valueRequired":true,"valueName":"search_term_string"}}],"inLanguage":"it-IT"},{"@type":"Organization","@id":"https:\/\/jp2doc.pl\/it\/#organization","name":"Centro di Documentazione e Studio del Pontificato di Giovanni Paolo II a Roma","url":"https:\/\/jp2doc.pl\/it\/","logo":{"@type":"ImageObject","inLanguage":"it-IT","@id":"https:\/\/jp2doc.pl\/it\/#\/schema\/logo\/image\/","url":"https:\/\/jp2doc.pl\/it\/wp-content\/uploads\/sites\/3\/2017\/03\/cropped-logo.png","contentUrl":"https:\/\/jp2doc.pl\/it\/wp-content\/uploads\/sites\/3\/2017\/03\/cropped-logo.png","width":115,"height":115,"caption":"Centro di Documentazione e Studio del Pontificato di Giovanni Paolo II a Roma"},"image":{"@id":"https:\/\/jp2doc.pl\/it\/#\/schema\/logo\/image\/"}},{"@type":"Person","@id":"https:\/\/jp2doc.pl\/it\/#\/schema\/person\/ecb3008f6674a8ed2f0cffc842168b87","name":"Anna Nogawczyk","image":{"@type":"ImageObject","inLanguage":"it-IT","@id":"https:\/\/jp2doc.pl\/it\/#\/schema\/person\/image\/","url":"https:\/\/secure.gravatar.com\/avatar\/7f49c0a3455a5f39b9815332b5595517d52774cc8803ff595476ca8543d405f2?s=96&d=mm&r=g","contentUrl":"https:\/\/secure.gravatar.com\/avatar\/7f49c0a3455a5f39b9815332b5595517d52774cc8803ff595476ca8543d405f2?s=96&d=mm&r=g","caption":"Anna Nogawczyk"},"url":"https:\/\/jp2doc.pl\/it\/author\/ania-nogawczyk\/"}]}},"_links":{"self":[{"href":"https:\/\/jp2doc.pl\/it\/wp-json\/wp\/v2\/posts\/1044","targetHints":{"allow":["GET"]}}],"collection":[{"href":"https:\/\/jp2doc.pl\/it\/wp-json\/wp\/v2\/posts"}],"about":[{"href":"https:\/\/jp2doc.pl\/it\/wp-json\/wp\/v2\/types\/post"}],"author":[{"embeddable":true,"href":"https:\/\/jp2doc.pl\/it\/wp-json\/wp\/v2\/users\/3"}],"replies":[{"embeddable":true,"href":"https:\/\/jp2doc.pl\/it\/wp-json\/wp\/v2\/comments?post=1044"}],"version-history":[{"count":1,"href":"https:\/\/jp2doc.pl\/it\/wp-json\/wp\/v2\/posts\/1044\/revisions"}],"predecessor-version":[{"id":1046,"href":"https:\/\/jp2doc.pl\/it\/wp-json\/wp\/v2\/posts\/1044\/revisions\/1046"}],"wp:attachment":[{"href":"https:\/\/jp2doc.pl\/it\/wp-json\/wp\/v2\/media?parent=1044"}],"wp:term":[{"taxonomy":"category","embeddable":true,"href":"https:\/\/jp2doc.pl\/it\/wp-json\/wp\/v2\/categories?post=1044"},{"taxonomy":"post_tag","embeddable":true,"href":"https:\/\/jp2doc.pl\/it\/wp-json\/wp\/v2\/tags?post=1044"}],"curies":[{"name":"wp","href":"https:\/\/api.w.org\/{rel}","templated":true}]}}