{"id":1047,"date":"2016-01-16T10:11:26","date_gmt":"2016-01-16T09:11:26","guid":{"rendered":"http:\/\/jp2doc.pl\/it\/?p=1047"},"modified":"2017-04-02T10:12:37","modified_gmt":"2017-04-02T08:12:37","slug":"manifesto-la-sua-gloria","status":"publish","type":"post","link":"https:\/\/jp2doc.pl\/it\/2016\/01\/16\/manifesto-la-sua-gloria\/","title":{"rendered":"&#8220;Manifest\u00f3 la sua gloria&#8221;"},"content":{"rendered":"<p><i>\u00a0Rif: Is 62, 1-5; Sal 95; 1Cor 12, 4-11; Gv 2, 1-12<\/i><\/p>\n<p>E\u2019 ormai iniziato il tempo liturgico detto \u201cOrdinario\u201d perch\u00e9 scandisce ed accompagna il ritmo quotidiano della nostra vita. E\u2019 il tempo del nascere e del morire, della gioia e del dolore, nel quale Dio si rivela, ci chiama e ci salva. E\u2019 il tempo nel quale Dio, discretamente, cammina con noi come ci mostra il Vangelo di questa domenica che vede Ges\u00f9 ospite ad una festa di nozze.<br \/>\n\u201c&#8230;non hanno vino\u201d e ci accorgiamo che solo la Madre poteva pensare di fargli una richieste cos\u00ec strana, mai avremmo pensato che a Dio, oltre il pane quotidiano, si pu\u00f2 chiedere anche il vino della gioia e dell\u2019ebbrezza, mai avremmo pensato che a Dio si pu\u00f2 chiedere tutto poich\u00e9 Egli \u00e8 pi\u00f9 grande di ogni nostra richiesta.<\/p>\n<p><img loading=\"lazy\" decoding=\"async\" width=\"560\" height=\"238\" class=\"aligncenter size-full wp-image-1048\" src=\"http:\/\/jp2doc.pl\/it\/wp-content\/uploads\/sites\/3\/2017\/04\/569ab251be406Kellerei-St-Pauls-anfore.jpg\" alt=\"\" \/><\/p>\n<p>Si, Dio \u00e8 Padre e come ogni buon padre vuole innanzitutto la gioia dei suoi figli e anche se ci annunzia una festa senza fine, un banchetto di nozze eterne (I Lettura), fin da ora aspetta il nostro invito: \u201c&#8230;io sto alla porta e busso. Se uno, udendo la mia voce, mi aprir\u00e0 la porta, io entrer\u00f2 da lui e cener\u00f2 con lui ed egli con me&#8230;\u201d (Ap 3, 20).<\/p>\n<p>Solo spalancando la porta ed invitandolo ad entrare potr\u00e0 donarci l\u2019acqua cambiata nel vino della festa e della gioia. Per l\u2019acqua cambiata in vino, per\u00f2, Giovanni non parla di miracolo, ma di segno, forse perch\u00e9 miracolo ancora pi\u00f9 grande \u00e8 quello di Dio che si china amorevole alle nostre richieste; miracolo \u00e8 sentirsi liberi di chiedere e sapere che Egli, come Padre, si preoccupa costantemente delle sue creature, miracolo \u00e8 accorgersi che sempre e per ognuno Maria si china all\u2019orecchio del Figlio e gli sussurra: \u201c&#8230;non hanno pi\u00f9 vino&#8230;\u201d, miracolo \u00e8 lo Spirito Santo che transustanzia il vino nel Sangue redentore di Cristo, miracolo \u00e8 la celebrazione eucaristica che ci unisce in Comunione con il Padre, il Figlio e lo Spirito Santo.<\/p>\n","protected":false},"excerpt":{"rendered":"<p>\u00a0Rif: Is 62, 1-5; Sal 95; 1Cor 12, 4-11; Gv 2, 1-12 E\u2019 ormai iniziato il tempo liturgico detto \u201cOrdinario\u201d perch\u00e9 scandisce ed accompagna il ritmo quotidiano della nostra vita. E\u2019 il tempo del nascere e del morire, della gioia e del dolore, nel quale Dio si rivela, ci chiama e ci salva. E\u2019 il [&hellip;]<\/p>\n","protected":false},"author":3,"featured_media":0,"comment_status":"open","ping_status":"open","sticky":false,"template":"","format":"standard","meta":{"_acf_changed":false,"_exactmetrics_skip_tracking":false,"_exactmetrics_sitenote_active":false,"_exactmetrics_sitenote_note":"","_exactmetrics_sitenote_category":0,"footnotes":""},"categories":[4],"tags":[],"class_list":["post-1047","post","type-post","status-publish","format-standard","hentry","category-blog"],"acf":[],"yoast_head":"<!-- This site is optimized with the Yoast SEO plugin v26.2 - https:\/\/yoast.com\/wordpress\/plugins\/seo\/ -->\n<title>&quot;Manifest\u00f3 la sua gloria&quot; - Centro di Documentazione e Studio del Pontificato di Giovanni Paolo II a Roma<\/title>\n<meta name=\"robots\" content=\"index, follow, max-snippet:-1, max-image-preview:large, max-video-preview:-1\" \/>\n<link rel=\"canonical\" href=\"https:\/\/jp2doc.pl\/it\/2016\/01\/16\/manifesto-la-sua-gloria\/\" \/>\n<meta property=\"og:locale\" content=\"it_IT\" \/>\n<meta property=\"og:type\" content=\"article\" \/>\n<meta property=\"og:title\" content=\"&quot;Manifest\u00f3 la sua gloria&quot; - Centro di Documentazione e Studio del Pontificato di Giovanni Paolo II a Roma\" \/>\n<meta property=\"og:description\" content=\"\u00a0Rif: Is 62, 1-5; Sal 95; 1Cor 12, 4-11; Gv 2, 1-12 E\u2019 ormai iniziato il tempo liturgico detto \u201cOrdinario\u201d perch\u00e9 scandisce ed accompagna il ritmo quotidiano della nostra vita. E\u2019 il tempo del nascere e del morire, della gioia e del dolore, nel quale Dio si rivela, ci chiama e ci salva. E\u2019 il [&hellip;]\" \/>\n<meta property=\"og:url\" content=\"https:\/\/jp2doc.pl\/it\/2016\/01\/16\/manifesto-la-sua-gloria\/\" \/>\n<meta property=\"og:site_name\" content=\"Centro di Documentazione e Studio del Pontificato di Giovanni Paolo II a Roma\" \/>\n<meta property=\"article:published_time\" content=\"2016-01-16T09:11:26+00:00\" \/>\n<meta property=\"article:modified_time\" content=\"2017-04-02T08:12:37+00:00\" \/>\n<meta property=\"og:image\" content=\"http:\/\/jp2doc.pl\/it\/wp-content\/uploads\/sites\/3\/2017\/04\/569ab251be406Kellerei-St-Pauls-anfore.jpg\" \/>\n<meta name=\"author\" content=\"Anna Nogawczyk\" \/>\n<meta name=\"twitter:card\" content=\"summary_large_image\" \/>\n<meta name=\"twitter:label1\" content=\"Scritto da\" \/>\n\t<meta name=\"twitter:data1\" content=\"Anna Nogawczyk\" \/>\n\t<meta name=\"twitter:label2\" content=\"Tempo di lettura stimato\" \/>\n\t<meta name=\"twitter:data2\" content=\"2 minuti\" \/>\n<script type=\"application\/ld+json\" class=\"yoast-schema-graph\">{\"@context\":\"https:\/\/schema.org\",\"@graph\":[{\"@type\":\"Article\",\"@id\":\"https:\/\/jp2doc.pl\/it\/2016\/01\/16\/manifesto-la-sua-gloria\/#article\",\"isPartOf\":{\"@id\":\"https:\/\/jp2doc.pl\/it\/2016\/01\/16\/manifesto-la-sua-gloria\/\"},\"author\":{\"name\":\"Anna Nogawczyk\",\"@id\":\"https:\/\/jp2doc.pl\/it\/#\/schema\/person\/ecb3008f6674a8ed2f0cffc842168b87\"},\"headline\":\"&#8220;Manifest\u00f3 la sua gloria&#8221;\",\"datePublished\":\"2016-01-16T09:11:26+00:00\",\"dateModified\":\"2017-04-02T08:12:37+00:00\",\"mainEntityOfPage\":{\"@id\":\"https:\/\/jp2doc.pl\/it\/2016\/01\/16\/manifesto-la-sua-gloria\/\"},\"wordCount\":324,\"commentCount\":0,\"publisher\":{\"@id\":\"https:\/\/jp2doc.pl\/it\/#organization\"},\"image\":{\"@id\":\"https:\/\/jp2doc.pl\/it\/2016\/01\/16\/manifesto-la-sua-gloria\/#primaryimage\"},\"thumbnailUrl\":\"http:\/\/jp2doc.pl\/it\/wp-content\/uploads\/sites\/3\/2017\/04\/569ab251be406Kellerei-St-Pauls-anfore.jpg\",\"articleSection\":[\"Blog\"],\"inLanguage\":\"it-IT\",\"potentialAction\":[{\"@type\":\"CommentAction\",\"name\":\"Comment\",\"target\":[\"https:\/\/jp2doc.pl\/it\/2016\/01\/16\/manifesto-la-sua-gloria\/#respond\"]}]},{\"@type\":\"WebPage\",\"@id\":\"https:\/\/jp2doc.pl\/it\/2016\/01\/16\/manifesto-la-sua-gloria\/\",\"url\":\"https:\/\/jp2doc.pl\/it\/2016\/01\/16\/manifesto-la-sua-gloria\/\",\"name\":\"\\\"Manifest\u00f3 la sua gloria\\\" - Centro di Documentazione e Studio del Pontificato di Giovanni Paolo II a Roma\",\"isPartOf\":{\"@id\":\"https:\/\/jp2doc.pl\/it\/#website\"},\"primaryImageOfPage\":{\"@id\":\"https:\/\/jp2doc.pl\/it\/2016\/01\/16\/manifesto-la-sua-gloria\/#primaryimage\"},\"image\":{\"@id\":\"https:\/\/jp2doc.pl\/it\/2016\/01\/16\/manifesto-la-sua-gloria\/#primaryimage\"},\"thumbnailUrl\":\"http:\/\/jp2doc.pl\/it\/wp-content\/uploads\/sites\/3\/2017\/04\/569ab251be406Kellerei-St-Pauls-anfore.jpg\",\"datePublished\":\"2016-01-16T09:11:26+00:00\",\"dateModified\":\"2017-04-02T08:12:37+00:00\",\"breadcrumb\":{\"@id\":\"https:\/\/jp2doc.pl\/it\/2016\/01\/16\/manifesto-la-sua-gloria\/#breadcrumb\"},\"inLanguage\":\"it-IT\",\"potentialAction\":[{\"@type\":\"ReadAction\",\"target\":[\"https:\/\/jp2doc.pl\/it\/2016\/01\/16\/manifesto-la-sua-gloria\/\"]}]},{\"@type\":\"ImageObject\",\"inLanguage\":\"it-IT\",\"@id\":\"https:\/\/jp2doc.pl\/it\/2016\/01\/16\/manifesto-la-sua-gloria\/#primaryimage\",\"url\":\"http:\/\/jp2doc.pl\/it\/wp-content\/uploads\/sites\/3\/2017\/04\/569ab251be406Kellerei-St-Pauls-anfore.jpg\",\"contentUrl\":\"http:\/\/jp2doc.pl\/it\/wp-content\/uploads\/sites\/3\/2017\/04\/569ab251be406Kellerei-St-Pauls-anfore.jpg\"},{\"@type\":\"BreadcrumbList\",\"@id\":\"https:\/\/jp2doc.pl\/it\/2016\/01\/16\/manifesto-la-sua-gloria\/#breadcrumb\",\"itemListElement\":[{\"@type\":\"ListItem\",\"position\":1,\"name\":\"Home\",\"item\":\"https:\/\/jp2doc.pl\/it\/\"},{\"@type\":\"ListItem\",\"position\":2,\"name\":\"&#8220;Manifest\u00f3 la sua gloria&#8221;\"}]},{\"@type\":\"WebSite\",\"@id\":\"https:\/\/jp2doc.pl\/it\/#website\",\"url\":\"https:\/\/jp2doc.pl\/it\/\",\"name\":\"Centro di Documentazione e Studio del Pontificato di Giovanni Paolo II a Roma\",\"description\":\"\",\"publisher\":{\"@id\":\"https:\/\/jp2doc.pl\/it\/#organization\"},\"potentialAction\":[{\"@type\":\"SearchAction\",\"target\":{\"@type\":\"EntryPoint\",\"urlTemplate\":\"https:\/\/jp2doc.pl\/it\/?s={search_term_string}\"},\"query-input\":{\"@type\":\"PropertyValueSpecification\",\"valueRequired\":true,\"valueName\":\"search_term_string\"}}],\"inLanguage\":\"it-IT\"},{\"@type\":\"Organization\",\"@id\":\"https:\/\/jp2doc.pl\/it\/#organization\",\"name\":\"Centro di Documentazione e Studio del Pontificato di Giovanni Paolo II a Roma\",\"url\":\"https:\/\/jp2doc.pl\/it\/\",\"logo\":{\"@type\":\"ImageObject\",\"inLanguage\":\"it-IT\",\"@id\":\"https:\/\/jp2doc.pl\/it\/#\/schema\/logo\/image\/\",\"url\":\"https:\/\/jp2doc.pl\/it\/wp-content\/uploads\/sites\/3\/2017\/03\/cropped-logo.png\",\"contentUrl\":\"https:\/\/jp2doc.pl\/it\/wp-content\/uploads\/sites\/3\/2017\/03\/cropped-logo.png\",\"width\":115,\"height\":115,\"caption\":\"Centro di Documentazione e Studio del Pontificato di Giovanni Paolo II a Roma\"},\"image\":{\"@id\":\"https:\/\/jp2doc.pl\/it\/#\/schema\/logo\/image\/\"}},{\"@type\":\"Person\",\"@id\":\"https:\/\/jp2doc.pl\/it\/#\/schema\/person\/ecb3008f6674a8ed2f0cffc842168b87\",\"name\":\"Anna Nogawczyk\",\"image\":{\"@type\":\"ImageObject\",\"inLanguage\":\"it-IT\",\"@id\":\"https:\/\/jp2doc.pl\/it\/#\/schema\/person\/image\/\",\"url\":\"https:\/\/secure.gravatar.com\/avatar\/7f49c0a3455a5f39b9815332b5595517d52774cc8803ff595476ca8543d405f2?s=96&d=mm&r=g\",\"contentUrl\":\"https:\/\/secure.gravatar.com\/avatar\/7f49c0a3455a5f39b9815332b5595517d52774cc8803ff595476ca8543d405f2?s=96&d=mm&r=g\",\"caption\":\"Anna Nogawczyk\"},\"url\":\"https:\/\/jp2doc.pl\/it\/author\/ania-nogawczyk\/\"}]}<\/script>\n<!-- \/ Yoast SEO plugin. -->","yoast_head_json":{"title":"\"Manifest\u00f3 la sua gloria\" - Centro di Documentazione e Studio del Pontificato di Giovanni Paolo II a Roma","robots":{"index":"index","follow":"follow","max-snippet":"max-snippet:-1","max-image-preview":"max-image-preview:large","max-video-preview":"max-video-preview:-1"},"canonical":"https:\/\/jp2doc.pl\/it\/2016\/01\/16\/manifesto-la-sua-gloria\/","og_locale":"it_IT","og_type":"article","og_title":"\"Manifest\u00f3 la sua gloria\" - Centro di Documentazione e Studio del Pontificato di Giovanni Paolo II a Roma","og_description":"\u00a0Rif: Is 62, 1-5; Sal 95; 1Cor 12, 4-11; Gv 2, 1-12 E\u2019 ormai iniziato il tempo liturgico detto \u201cOrdinario\u201d perch\u00e9 scandisce ed accompagna il ritmo quotidiano della nostra vita. E\u2019 il tempo del nascere e del morire, della gioia e del dolore, nel quale Dio si rivela, ci chiama e ci salva. E\u2019 il [&hellip;]","og_url":"https:\/\/jp2doc.pl\/it\/2016\/01\/16\/manifesto-la-sua-gloria\/","og_site_name":"Centro di Documentazione e Studio del Pontificato di Giovanni Paolo II a Roma","article_published_time":"2016-01-16T09:11:26+00:00","article_modified_time":"2017-04-02T08:12:37+00:00","og_image":[{"url":"http:\/\/jp2doc.pl\/it\/wp-content\/uploads\/sites\/3\/2017\/04\/569ab251be406Kellerei-St-Pauls-anfore.jpg","type":"","width":"","height":""}],"author":"Anna Nogawczyk","twitter_card":"summary_large_image","twitter_misc":{"Scritto da":"Anna Nogawczyk","Tempo di lettura stimato":"2 minuti"},"schema":{"@context":"https:\/\/schema.org","@graph":[{"@type":"Article","@id":"https:\/\/jp2doc.pl\/it\/2016\/01\/16\/manifesto-la-sua-gloria\/#article","isPartOf":{"@id":"https:\/\/jp2doc.pl\/it\/2016\/01\/16\/manifesto-la-sua-gloria\/"},"author":{"name":"Anna Nogawczyk","@id":"https:\/\/jp2doc.pl\/it\/#\/schema\/person\/ecb3008f6674a8ed2f0cffc842168b87"},"headline":"&#8220;Manifest\u00f3 la sua gloria&#8221;","datePublished":"2016-01-16T09:11:26+00:00","dateModified":"2017-04-02T08:12:37+00:00","mainEntityOfPage":{"@id":"https:\/\/jp2doc.pl\/it\/2016\/01\/16\/manifesto-la-sua-gloria\/"},"wordCount":324,"commentCount":0,"publisher":{"@id":"https:\/\/jp2doc.pl\/it\/#organization"},"image":{"@id":"https:\/\/jp2doc.pl\/it\/2016\/01\/16\/manifesto-la-sua-gloria\/#primaryimage"},"thumbnailUrl":"http:\/\/jp2doc.pl\/it\/wp-content\/uploads\/sites\/3\/2017\/04\/569ab251be406Kellerei-St-Pauls-anfore.jpg","articleSection":["Blog"],"inLanguage":"it-IT","potentialAction":[{"@type":"CommentAction","name":"Comment","target":["https:\/\/jp2doc.pl\/it\/2016\/01\/16\/manifesto-la-sua-gloria\/#respond"]}]},{"@type":"WebPage","@id":"https:\/\/jp2doc.pl\/it\/2016\/01\/16\/manifesto-la-sua-gloria\/","url":"https:\/\/jp2doc.pl\/it\/2016\/01\/16\/manifesto-la-sua-gloria\/","name":"\"Manifest\u00f3 la sua gloria\" - Centro di Documentazione e Studio del Pontificato di Giovanni Paolo II a Roma","isPartOf":{"@id":"https:\/\/jp2doc.pl\/it\/#website"},"primaryImageOfPage":{"@id":"https:\/\/jp2doc.pl\/it\/2016\/01\/16\/manifesto-la-sua-gloria\/#primaryimage"},"image":{"@id":"https:\/\/jp2doc.pl\/it\/2016\/01\/16\/manifesto-la-sua-gloria\/#primaryimage"},"thumbnailUrl":"http:\/\/jp2doc.pl\/it\/wp-content\/uploads\/sites\/3\/2017\/04\/569ab251be406Kellerei-St-Pauls-anfore.jpg","datePublished":"2016-01-16T09:11:26+00:00","dateModified":"2017-04-02T08:12:37+00:00","breadcrumb":{"@id":"https:\/\/jp2doc.pl\/it\/2016\/01\/16\/manifesto-la-sua-gloria\/#breadcrumb"},"inLanguage":"it-IT","potentialAction":[{"@type":"ReadAction","target":["https:\/\/jp2doc.pl\/it\/2016\/01\/16\/manifesto-la-sua-gloria\/"]}]},{"@type":"ImageObject","inLanguage":"it-IT","@id":"https:\/\/jp2doc.pl\/it\/2016\/01\/16\/manifesto-la-sua-gloria\/#primaryimage","url":"http:\/\/jp2doc.pl\/it\/wp-content\/uploads\/sites\/3\/2017\/04\/569ab251be406Kellerei-St-Pauls-anfore.jpg","contentUrl":"http:\/\/jp2doc.pl\/it\/wp-content\/uploads\/sites\/3\/2017\/04\/569ab251be406Kellerei-St-Pauls-anfore.jpg"},{"@type":"BreadcrumbList","@id":"https:\/\/jp2doc.pl\/it\/2016\/01\/16\/manifesto-la-sua-gloria\/#breadcrumb","itemListElement":[{"@type":"ListItem","position":1,"name":"Home","item":"https:\/\/jp2doc.pl\/it\/"},{"@type":"ListItem","position":2,"name":"&#8220;Manifest\u00f3 la sua gloria&#8221;"}]},{"@type":"WebSite","@id":"https:\/\/jp2doc.pl\/it\/#website","url":"https:\/\/jp2doc.pl\/it\/","name":"Centro di Documentazione e Studio del Pontificato di Giovanni Paolo II a Roma","description":"","publisher":{"@id":"https:\/\/jp2doc.pl\/it\/#organization"},"potentialAction":[{"@type":"SearchAction","target":{"@type":"EntryPoint","urlTemplate":"https:\/\/jp2doc.pl\/it\/?s={search_term_string}"},"query-input":{"@type":"PropertyValueSpecification","valueRequired":true,"valueName":"search_term_string"}}],"inLanguage":"it-IT"},{"@type":"Organization","@id":"https:\/\/jp2doc.pl\/it\/#organization","name":"Centro di Documentazione e Studio del Pontificato di Giovanni Paolo II a Roma","url":"https:\/\/jp2doc.pl\/it\/","logo":{"@type":"ImageObject","inLanguage":"it-IT","@id":"https:\/\/jp2doc.pl\/it\/#\/schema\/logo\/image\/","url":"https:\/\/jp2doc.pl\/it\/wp-content\/uploads\/sites\/3\/2017\/03\/cropped-logo.png","contentUrl":"https:\/\/jp2doc.pl\/it\/wp-content\/uploads\/sites\/3\/2017\/03\/cropped-logo.png","width":115,"height":115,"caption":"Centro di Documentazione e Studio del Pontificato di Giovanni Paolo II a Roma"},"image":{"@id":"https:\/\/jp2doc.pl\/it\/#\/schema\/logo\/image\/"}},{"@type":"Person","@id":"https:\/\/jp2doc.pl\/it\/#\/schema\/person\/ecb3008f6674a8ed2f0cffc842168b87","name":"Anna Nogawczyk","image":{"@type":"ImageObject","inLanguage":"it-IT","@id":"https:\/\/jp2doc.pl\/it\/#\/schema\/person\/image\/","url":"https:\/\/secure.gravatar.com\/avatar\/7f49c0a3455a5f39b9815332b5595517d52774cc8803ff595476ca8543d405f2?s=96&d=mm&r=g","contentUrl":"https:\/\/secure.gravatar.com\/avatar\/7f49c0a3455a5f39b9815332b5595517d52774cc8803ff595476ca8543d405f2?s=96&d=mm&r=g","caption":"Anna Nogawczyk"},"url":"https:\/\/jp2doc.pl\/it\/author\/ania-nogawczyk\/"}]}},"_links":{"self":[{"href":"https:\/\/jp2doc.pl\/it\/wp-json\/wp\/v2\/posts\/1047","targetHints":{"allow":["GET"]}}],"collection":[{"href":"https:\/\/jp2doc.pl\/it\/wp-json\/wp\/v2\/posts"}],"about":[{"href":"https:\/\/jp2doc.pl\/it\/wp-json\/wp\/v2\/types\/post"}],"author":[{"embeddable":true,"href":"https:\/\/jp2doc.pl\/it\/wp-json\/wp\/v2\/users\/3"}],"replies":[{"embeddable":true,"href":"https:\/\/jp2doc.pl\/it\/wp-json\/wp\/v2\/comments?post=1047"}],"version-history":[{"count":1,"href":"https:\/\/jp2doc.pl\/it\/wp-json\/wp\/v2\/posts\/1047\/revisions"}],"predecessor-version":[{"id":1049,"href":"https:\/\/jp2doc.pl\/it\/wp-json\/wp\/v2\/posts\/1047\/revisions\/1049"}],"wp:attachment":[{"href":"https:\/\/jp2doc.pl\/it\/wp-json\/wp\/v2\/media?parent=1047"}],"wp:term":[{"taxonomy":"category","embeddable":true,"href":"https:\/\/jp2doc.pl\/it\/wp-json\/wp\/v2\/categories?post=1047"},{"taxonomy":"post_tag","embeddable":true,"href":"https:\/\/jp2doc.pl\/it\/wp-json\/wp\/v2\/tags?post=1047"}],"curies":[{"name":"wp","href":"https:\/\/api.w.org\/{rel}","templated":true}]}}