{"id":1054,"date":"2016-01-06T10:14:56","date_gmt":"2016-01-06T09:14:56","guid":{"rendered":"http:\/\/jp2doc.pl\/it\/?p=1054"},"modified":"2017-04-02T10:15:46","modified_gmt":"2017-04-02T08:15:46","slug":"andiamo-ad-adorarlo","status":"publish","type":"post","link":"https:\/\/jp2doc.pl\/it\/2016\/01\/06\/andiamo-ad-adorarlo\/","title":{"rendered":"Andiamo ad adorarlo!"},"content":{"rendered":"<p>I Magi rappresentano tutii gli uomini di buona volont\u00e0 che si pongono alla ricerca di Dio con spirito libero e sincero. Nessun pregiudizio, nessun timore turba il loro cuore e lo sanno riconoscere al di l\u00e0 di ogni apparenza. Essi cercano un Re, un inviato dal cielo, ma non esitono ad inginocchiarsi dinanzi al Bambino che giace in una mangiatoia.<br \/>\nI Magi sono uomini coraggiosi, essi hanno intrapreso un lungo viaggio basandosi solo sui resultati del loro studio, si sono fidati delle luce di una stella e l\u2019hanno seguita. Per vedere una stella, per\u00f2, \u00e8 necessario aspettare la notte, camminare nel buio, quando il freddo del deserto punge la pelle e il passo \u00e8 rallentato dalla prudenza e dal timore.<\/p>\n<p>Viaggiare seguendo una stella \u00e8 camminare nel buio, lasciandosi guidare dal cuore e dalla speranza, ed \u00e8 anche sostare aspettando che lo nuovole passino e che la temula luce torni a brillare cos\u00ec da poter riprendere il cammino. Ma la meta raggiunta \u00e8 ricompensa di ogni disagio e i Magi ripartono da Betlemme con rinnovato vigore, da questo momento viaggeranno solo di giorno, quando il sole riscalda e ilumina, quando il passo \u00e8 spedito e sicuro e le sfiere si nsacondono per nos essere viste.<\/p>\n<p>L\u2019Epifania \u00e8 la celebrazione di Cristo che si manifesta ai popoli come Luce, \u00e8 la celebrazione dell\u2019universalit\u00e0 della salvezza, \u00e8 la celebrazione di un incontro in cui Dio si manifesta nella fattezze di Bambino, perch\u00e9 ogni uomo possa avvicinarsi a Lui con teneerezza, e adorandolo, commuoversi per tanto amore! Andiamo ad adorarlo!<\/p>\n<p><img loading=\"lazy\" decoding=\"async\" width=\"560\" height=\"374\" class=\"aligncenter size-full wp-image-1055\" src=\"http:\/\/jp2doc.pl\/it\/wp-content\/uploads\/sites\/3\/2017\/04\/568cc883deb7fdokaza03.jpg\" alt=\"\" \/><\/p>\n","protected":false},"excerpt":{"rendered":"<p>I Magi rappresentano tutii gli uomini di buona volont\u00e0 che si pongono alla ricerca di Dio con spirito libero e sincero. Nessun pregiudizio, nessun timore turba il loro cuore e lo sanno riconoscere al di l\u00e0 di ogni apparenza. Essi cercano un Re, un inviato dal cielo, ma non esitono ad inginocchiarsi dinanzi al Bambino [&hellip;]<\/p>\n","protected":false},"author":3,"featured_media":0,"comment_status":"open","ping_status":"open","sticky":false,"template":"","format":"standard","meta":{"_acf_changed":false,"_exactmetrics_skip_tracking":false,"_exactmetrics_sitenote_active":false,"_exactmetrics_sitenote_note":"","_exactmetrics_sitenote_category":0,"footnotes":""},"categories":[4],"tags":[],"class_list":["post-1054","post","type-post","status-publish","format-standard","hentry","category-blog"],"acf":[],"yoast_head":"<!-- This site is optimized with the Yoast SEO plugin v26.2 - https:\/\/yoast.com\/wordpress\/plugins\/seo\/ -->\n<title>Andiamo ad adorarlo! - Centro di Documentazione e Studio del Pontificato di Giovanni Paolo II a Roma<\/title>\n<meta name=\"robots\" content=\"index, follow, max-snippet:-1, max-image-preview:large, max-video-preview:-1\" \/>\n<link rel=\"canonical\" href=\"https:\/\/jp2doc.pl\/it\/2016\/01\/06\/andiamo-ad-adorarlo\/\" \/>\n<meta property=\"og:locale\" content=\"it_IT\" \/>\n<meta property=\"og:type\" content=\"article\" \/>\n<meta property=\"og:title\" content=\"Andiamo ad adorarlo! - Centro di Documentazione e Studio del Pontificato di Giovanni Paolo II a Roma\" \/>\n<meta property=\"og:description\" content=\"I Magi rappresentano tutii gli uomini di buona volont\u00e0 che si pongono alla ricerca di Dio con spirito libero e sincero. Nessun pregiudizio, nessun timore turba il loro cuore e lo sanno riconoscere al di l\u00e0 di ogni apparenza. Essi cercano un Re, un inviato dal cielo, ma non esitono ad inginocchiarsi dinanzi al Bambino [&hellip;]\" \/>\n<meta property=\"og:url\" content=\"https:\/\/jp2doc.pl\/it\/2016\/01\/06\/andiamo-ad-adorarlo\/\" \/>\n<meta property=\"og:site_name\" content=\"Centro di Documentazione e Studio del Pontificato di Giovanni Paolo II a Roma\" \/>\n<meta property=\"article:published_time\" content=\"2016-01-06T09:14:56+00:00\" \/>\n<meta property=\"article:modified_time\" content=\"2017-04-02T08:15:46+00:00\" \/>\n<meta property=\"og:image\" content=\"http:\/\/jp2doc.pl\/it\/wp-content\/uploads\/sites\/3\/2017\/04\/568cc883deb7fdokaza03.jpg\" \/>\n<meta name=\"author\" content=\"Anna Nogawczyk\" \/>\n<meta name=\"twitter:card\" content=\"summary_large_image\" \/>\n<meta name=\"twitter:label1\" content=\"Scritto da\" \/>\n\t<meta name=\"twitter:data1\" content=\"Anna Nogawczyk\" \/>\n\t<meta name=\"twitter:label2\" content=\"Tempo di lettura stimato\" \/>\n\t<meta name=\"twitter:data2\" content=\"1 minuto\" \/>\n<script type=\"application\/ld+json\" class=\"yoast-schema-graph\">{\"@context\":\"https:\/\/schema.org\",\"@graph\":[{\"@type\":\"Article\",\"@id\":\"https:\/\/jp2doc.pl\/it\/2016\/01\/06\/andiamo-ad-adorarlo\/#article\",\"isPartOf\":{\"@id\":\"https:\/\/jp2doc.pl\/it\/2016\/01\/06\/andiamo-ad-adorarlo\/\"},\"author\":{\"name\":\"Anna Nogawczyk\",\"@id\":\"https:\/\/jp2doc.pl\/it\/#\/schema\/person\/ecb3008f6674a8ed2f0cffc842168b87\"},\"headline\":\"Andiamo ad adorarlo!\",\"datePublished\":\"2016-01-06T09:14:56+00:00\",\"dateModified\":\"2017-04-02T08:15:46+00:00\",\"mainEntityOfPage\":{\"@id\":\"https:\/\/jp2doc.pl\/it\/2016\/01\/06\/andiamo-ad-adorarlo\/\"},\"wordCount\":254,\"commentCount\":0,\"publisher\":{\"@id\":\"https:\/\/jp2doc.pl\/it\/#organization\"},\"image\":{\"@id\":\"https:\/\/jp2doc.pl\/it\/2016\/01\/06\/andiamo-ad-adorarlo\/#primaryimage\"},\"thumbnailUrl\":\"http:\/\/jp2doc.pl\/it\/wp-content\/uploads\/sites\/3\/2017\/04\/568cc883deb7fdokaza03.jpg\",\"articleSection\":[\"Blog\"],\"inLanguage\":\"it-IT\",\"potentialAction\":[{\"@type\":\"CommentAction\",\"name\":\"Comment\",\"target\":[\"https:\/\/jp2doc.pl\/it\/2016\/01\/06\/andiamo-ad-adorarlo\/#respond\"]}]},{\"@type\":\"WebPage\",\"@id\":\"https:\/\/jp2doc.pl\/it\/2016\/01\/06\/andiamo-ad-adorarlo\/\",\"url\":\"https:\/\/jp2doc.pl\/it\/2016\/01\/06\/andiamo-ad-adorarlo\/\",\"name\":\"Andiamo ad adorarlo! - Centro di Documentazione e Studio del Pontificato di Giovanni Paolo II a Roma\",\"isPartOf\":{\"@id\":\"https:\/\/jp2doc.pl\/it\/#website\"},\"primaryImageOfPage\":{\"@id\":\"https:\/\/jp2doc.pl\/it\/2016\/01\/06\/andiamo-ad-adorarlo\/#primaryimage\"},\"image\":{\"@id\":\"https:\/\/jp2doc.pl\/it\/2016\/01\/06\/andiamo-ad-adorarlo\/#primaryimage\"},\"thumbnailUrl\":\"http:\/\/jp2doc.pl\/it\/wp-content\/uploads\/sites\/3\/2017\/04\/568cc883deb7fdokaza03.jpg\",\"datePublished\":\"2016-01-06T09:14:56+00:00\",\"dateModified\":\"2017-04-02T08:15:46+00:00\",\"breadcrumb\":{\"@id\":\"https:\/\/jp2doc.pl\/it\/2016\/01\/06\/andiamo-ad-adorarlo\/#breadcrumb\"},\"inLanguage\":\"it-IT\",\"potentialAction\":[{\"@type\":\"ReadAction\",\"target\":[\"https:\/\/jp2doc.pl\/it\/2016\/01\/06\/andiamo-ad-adorarlo\/\"]}]},{\"@type\":\"ImageObject\",\"inLanguage\":\"it-IT\",\"@id\":\"https:\/\/jp2doc.pl\/it\/2016\/01\/06\/andiamo-ad-adorarlo\/#primaryimage\",\"url\":\"http:\/\/jp2doc.pl\/it\/wp-content\/uploads\/sites\/3\/2017\/04\/568cc883deb7fdokaza03.jpg\",\"contentUrl\":\"http:\/\/jp2doc.pl\/it\/wp-content\/uploads\/sites\/3\/2017\/04\/568cc883deb7fdokaza03.jpg\"},{\"@type\":\"BreadcrumbList\",\"@id\":\"https:\/\/jp2doc.pl\/it\/2016\/01\/06\/andiamo-ad-adorarlo\/#breadcrumb\",\"itemListElement\":[{\"@type\":\"ListItem\",\"position\":1,\"name\":\"Home\",\"item\":\"https:\/\/jp2doc.pl\/it\/\"},{\"@type\":\"ListItem\",\"position\":2,\"name\":\"Andiamo ad adorarlo!\"}]},{\"@type\":\"WebSite\",\"@id\":\"https:\/\/jp2doc.pl\/it\/#website\",\"url\":\"https:\/\/jp2doc.pl\/it\/\",\"name\":\"Centro di Documentazione e Studio del Pontificato di Giovanni Paolo II a Roma\",\"description\":\"\",\"publisher\":{\"@id\":\"https:\/\/jp2doc.pl\/it\/#organization\"},\"potentialAction\":[{\"@type\":\"SearchAction\",\"target\":{\"@type\":\"EntryPoint\",\"urlTemplate\":\"https:\/\/jp2doc.pl\/it\/?s={search_term_string}\"},\"query-input\":{\"@type\":\"PropertyValueSpecification\",\"valueRequired\":true,\"valueName\":\"search_term_string\"}}],\"inLanguage\":\"it-IT\"},{\"@type\":\"Organization\",\"@id\":\"https:\/\/jp2doc.pl\/it\/#organization\",\"name\":\"Centro di Documentazione e Studio del Pontificato di Giovanni Paolo II a Roma\",\"url\":\"https:\/\/jp2doc.pl\/it\/\",\"logo\":{\"@type\":\"ImageObject\",\"inLanguage\":\"it-IT\",\"@id\":\"https:\/\/jp2doc.pl\/it\/#\/schema\/logo\/image\/\",\"url\":\"https:\/\/jp2doc.pl\/it\/wp-content\/uploads\/sites\/3\/2017\/03\/cropped-logo.png\",\"contentUrl\":\"https:\/\/jp2doc.pl\/it\/wp-content\/uploads\/sites\/3\/2017\/03\/cropped-logo.png\",\"width\":115,\"height\":115,\"caption\":\"Centro di Documentazione e Studio del Pontificato di Giovanni Paolo II a Roma\"},\"image\":{\"@id\":\"https:\/\/jp2doc.pl\/it\/#\/schema\/logo\/image\/\"}},{\"@type\":\"Person\",\"@id\":\"https:\/\/jp2doc.pl\/it\/#\/schema\/person\/ecb3008f6674a8ed2f0cffc842168b87\",\"name\":\"Anna Nogawczyk\",\"image\":{\"@type\":\"ImageObject\",\"inLanguage\":\"it-IT\",\"@id\":\"https:\/\/jp2doc.pl\/it\/#\/schema\/person\/image\/\",\"url\":\"https:\/\/secure.gravatar.com\/avatar\/7f49c0a3455a5f39b9815332b5595517d52774cc8803ff595476ca8543d405f2?s=96&d=mm&r=g\",\"contentUrl\":\"https:\/\/secure.gravatar.com\/avatar\/7f49c0a3455a5f39b9815332b5595517d52774cc8803ff595476ca8543d405f2?s=96&d=mm&r=g\",\"caption\":\"Anna Nogawczyk\"},\"url\":\"https:\/\/jp2doc.pl\/it\/author\/ania-nogawczyk\/\"}]}<\/script>\n<!-- \/ Yoast SEO plugin. -->","yoast_head_json":{"title":"Andiamo ad adorarlo! - Centro di Documentazione e Studio del Pontificato di Giovanni Paolo II a Roma","robots":{"index":"index","follow":"follow","max-snippet":"max-snippet:-1","max-image-preview":"max-image-preview:large","max-video-preview":"max-video-preview:-1"},"canonical":"https:\/\/jp2doc.pl\/it\/2016\/01\/06\/andiamo-ad-adorarlo\/","og_locale":"it_IT","og_type":"article","og_title":"Andiamo ad adorarlo! - Centro di Documentazione e Studio del Pontificato di Giovanni Paolo II a Roma","og_description":"I Magi rappresentano tutii gli uomini di buona volont\u00e0 che si pongono alla ricerca di Dio con spirito libero e sincero. Nessun pregiudizio, nessun timore turba il loro cuore e lo sanno riconoscere al di l\u00e0 di ogni apparenza. Essi cercano un Re, un inviato dal cielo, ma non esitono ad inginocchiarsi dinanzi al Bambino [&hellip;]","og_url":"https:\/\/jp2doc.pl\/it\/2016\/01\/06\/andiamo-ad-adorarlo\/","og_site_name":"Centro di Documentazione e Studio del Pontificato di Giovanni Paolo II a Roma","article_published_time":"2016-01-06T09:14:56+00:00","article_modified_time":"2017-04-02T08:15:46+00:00","og_image":[{"url":"http:\/\/jp2doc.pl\/it\/wp-content\/uploads\/sites\/3\/2017\/04\/568cc883deb7fdokaza03.jpg","type":"","width":"","height":""}],"author":"Anna Nogawczyk","twitter_card":"summary_large_image","twitter_misc":{"Scritto da":"Anna Nogawczyk","Tempo di lettura stimato":"1 minuto"},"schema":{"@context":"https:\/\/schema.org","@graph":[{"@type":"Article","@id":"https:\/\/jp2doc.pl\/it\/2016\/01\/06\/andiamo-ad-adorarlo\/#article","isPartOf":{"@id":"https:\/\/jp2doc.pl\/it\/2016\/01\/06\/andiamo-ad-adorarlo\/"},"author":{"name":"Anna Nogawczyk","@id":"https:\/\/jp2doc.pl\/it\/#\/schema\/person\/ecb3008f6674a8ed2f0cffc842168b87"},"headline":"Andiamo ad adorarlo!","datePublished":"2016-01-06T09:14:56+00:00","dateModified":"2017-04-02T08:15:46+00:00","mainEntityOfPage":{"@id":"https:\/\/jp2doc.pl\/it\/2016\/01\/06\/andiamo-ad-adorarlo\/"},"wordCount":254,"commentCount":0,"publisher":{"@id":"https:\/\/jp2doc.pl\/it\/#organization"},"image":{"@id":"https:\/\/jp2doc.pl\/it\/2016\/01\/06\/andiamo-ad-adorarlo\/#primaryimage"},"thumbnailUrl":"http:\/\/jp2doc.pl\/it\/wp-content\/uploads\/sites\/3\/2017\/04\/568cc883deb7fdokaza03.jpg","articleSection":["Blog"],"inLanguage":"it-IT","potentialAction":[{"@type":"CommentAction","name":"Comment","target":["https:\/\/jp2doc.pl\/it\/2016\/01\/06\/andiamo-ad-adorarlo\/#respond"]}]},{"@type":"WebPage","@id":"https:\/\/jp2doc.pl\/it\/2016\/01\/06\/andiamo-ad-adorarlo\/","url":"https:\/\/jp2doc.pl\/it\/2016\/01\/06\/andiamo-ad-adorarlo\/","name":"Andiamo ad adorarlo! - Centro di Documentazione e Studio del Pontificato di Giovanni Paolo II a Roma","isPartOf":{"@id":"https:\/\/jp2doc.pl\/it\/#website"},"primaryImageOfPage":{"@id":"https:\/\/jp2doc.pl\/it\/2016\/01\/06\/andiamo-ad-adorarlo\/#primaryimage"},"image":{"@id":"https:\/\/jp2doc.pl\/it\/2016\/01\/06\/andiamo-ad-adorarlo\/#primaryimage"},"thumbnailUrl":"http:\/\/jp2doc.pl\/it\/wp-content\/uploads\/sites\/3\/2017\/04\/568cc883deb7fdokaza03.jpg","datePublished":"2016-01-06T09:14:56+00:00","dateModified":"2017-04-02T08:15:46+00:00","breadcrumb":{"@id":"https:\/\/jp2doc.pl\/it\/2016\/01\/06\/andiamo-ad-adorarlo\/#breadcrumb"},"inLanguage":"it-IT","potentialAction":[{"@type":"ReadAction","target":["https:\/\/jp2doc.pl\/it\/2016\/01\/06\/andiamo-ad-adorarlo\/"]}]},{"@type":"ImageObject","inLanguage":"it-IT","@id":"https:\/\/jp2doc.pl\/it\/2016\/01\/06\/andiamo-ad-adorarlo\/#primaryimage","url":"http:\/\/jp2doc.pl\/it\/wp-content\/uploads\/sites\/3\/2017\/04\/568cc883deb7fdokaza03.jpg","contentUrl":"http:\/\/jp2doc.pl\/it\/wp-content\/uploads\/sites\/3\/2017\/04\/568cc883deb7fdokaza03.jpg"},{"@type":"BreadcrumbList","@id":"https:\/\/jp2doc.pl\/it\/2016\/01\/06\/andiamo-ad-adorarlo\/#breadcrumb","itemListElement":[{"@type":"ListItem","position":1,"name":"Home","item":"https:\/\/jp2doc.pl\/it\/"},{"@type":"ListItem","position":2,"name":"Andiamo ad adorarlo!"}]},{"@type":"WebSite","@id":"https:\/\/jp2doc.pl\/it\/#website","url":"https:\/\/jp2doc.pl\/it\/","name":"Centro di Documentazione e Studio del Pontificato di Giovanni Paolo II a Roma","description":"","publisher":{"@id":"https:\/\/jp2doc.pl\/it\/#organization"},"potentialAction":[{"@type":"SearchAction","target":{"@type":"EntryPoint","urlTemplate":"https:\/\/jp2doc.pl\/it\/?s={search_term_string}"},"query-input":{"@type":"PropertyValueSpecification","valueRequired":true,"valueName":"search_term_string"}}],"inLanguage":"it-IT"},{"@type":"Organization","@id":"https:\/\/jp2doc.pl\/it\/#organization","name":"Centro di Documentazione e Studio del Pontificato di Giovanni Paolo II a Roma","url":"https:\/\/jp2doc.pl\/it\/","logo":{"@type":"ImageObject","inLanguage":"it-IT","@id":"https:\/\/jp2doc.pl\/it\/#\/schema\/logo\/image\/","url":"https:\/\/jp2doc.pl\/it\/wp-content\/uploads\/sites\/3\/2017\/03\/cropped-logo.png","contentUrl":"https:\/\/jp2doc.pl\/it\/wp-content\/uploads\/sites\/3\/2017\/03\/cropped-logo.png","width":115,"height":115,"caption":"Centro di Documentazione e Studio del Pontificato di Giovanni Paolo II a Roma"},"image":{"@id":"https:\/\/jp2doc.pl\/it\/#\/schema\/logo\/image\/"}},{"@type":"Person","@id":"https:\/\/jp2doc.pl\/it\/#\/schema\/person\/ecb3008f6674a8ed2f0cffc842168b87","name":"Anna Nogawczyk","image":{"@type":"ImageObject","inLanguage":"it-IT","@id":"https:\/\/jp2doc.pl\/it\/#\/schema\/person\/image\/","url":"https:\/\/secure.gravatar.com\/avatar\/7f49c0a3455a5f39b9815332b5595517d52774cc8803ff595476ca8543d405f2?s=96&d=mm&r=g","contentUrl":"https:\/\/secure.gravatar.com\/avatar\/7f49c0a3455a5f39b9815332b5595517d52774cc8803ff595476ca8543d405f2?s=96&d=mm&r=g","caption":"Anna Nogawczyk"},"url":"https:\/\/jp2doc.pl\/it\/author\/ania-nogawczyk\/"}]}},"_links":{"self":[{"href":"https:\/\/jp2doc.pl\/it\/wp-json\/wp\/v2\/posts\/1054","targetHints":{"allow":["GET"]}}],"collection":[{"href":"https:\/\/jp2doc.pl\/it\/wp-json\/wp\/v2\/posts"}],"about":[{"href":"https:\/\/jp2doc.pl\/it\/wp-json\/wp\/v2\/types\/post"}],"author":[{"embeddable":true,"href":"https:\/\/jp2doc.pl\/it\/wp-json\/wp\/v2\/users\/3"}],"replies":[{"embeddable":true,"href":"https:\/\/jp2doc.pl\/it\/wp-json\/wp\/v2\/comments?post=1054"}],"version-history":[{"count":1,"href":"https:\/\/jp2doc.pl\/it\/wp-json\/wp\/v2\/posts\/1054\/revisions"}],"predecessor-version":[{"id":1056,"href":"https:\/\/jp2doc.pl\/it\/wp-json\/wp\/v2\/posts\/1054\/revisions\/1056"}],"wp:attachment":[{"href":"https:\/\/jp2doc.pl\/it\/wp-json\/wp\/v2\/media?parent=1054"}],"wp:term":[{"taxonomy":"category","embeddable":true,"href":"https:\/\/jp2doc.pl\/it\/wp-json\/wp\/v2\/categories?post=1054"},{"taxonomy":"post_tag","embeddable":true,"href":"https:\/\/jp2doc.pl\/it\/wp-json\/wp\/v2\/tags?post=1054"}],"curies":[{"name":"wp","href":"https:\/\/api.w.org\/{rel}","templated":true}]}}