{"id":1271,"date":"2016-01-14T11:07:35","date_gmt":"2016-01-14T10:07:35","guid":{"rendered":"http:\/\/jp2doc.pl\/it\/?p=1271"},"modified":"2017-04-14T11:16:56","modified_gmt":"2017-04-14T09:16:56","slug":"agca-non-era-solo","status":"publish","type":"post","link":"https:\/\/jp2doc.pl\/it\/2016\/01\/14\/agca-non-era-solo\/","title":{"rendered":"&#8220;Agca non era solo&#8221;"},"content":{"rendered":"<p>Domenica 24 gennaio, nell&#8217;aula \u201cGiovanni Paolo II\u201d, presso la chiesa di Santo Stanislao a Roma, si \u00e8 tenuta la presentazione della pubblicazione \u201cAgca non era solo\u201d. Il testo riporta la conclusione cui si giunge dopo un&#8217;indagine pluriennale, svolta dall\u2019Istituto della Memoria Nazionale (IPN) di Katowice: l\u2019implicazione dei servizi speciali comunisti nell\u2019attentato a Giovanni Paolo II.<\/p>\n<p>Il libro, pubblicato verso la fine del 2015 dall\u2019IPN di Katowice e dall\u2019Istituto Go\u015b\u0107 Media (rivista \u201cGo\u015b\u0107 Niedzielny\u201d), dopo la promozione in alcune citt\u00e0 della Polonia, viene ora presentato nella Citt\u00e0 Eterna, dove 35 anni fa ebbe luogo l\u2019attentato alla vita del Santo Padre.<a href=\"http:\/\/jp2doc.pl\/it\/wp-content\/uploads\/sites\/3\/2017\/04\/56a8fe323cc302a.jpg\"><img loading=\"lazy\" decoding=\"async\" width=\"560\" height=\"374\" class=\"aligncenter wp-image-1275 size-full\" src=\"http:\/\/jp2doc.pl\/it\/wp-content\/uploads\/sites\/3\/2017\/04\/56a8fe323cc302a.jpg\" alt=\"\" \/><\/a><\/p>\n<p>All\u2019inizio dell\u2019incontro il responsabile della ricerca, Andrzej Sznajder, direttore della Sezione dell\u2019IPN di Katowice, ha sottolineato che nell\u2019indagine sono stati usati nuovi documenti che permettono di indicare incontestabilmente come i servizi segreti comunisti, specialmente bulgari, che eseguivano gli ordini dei Sovietici furono i co-organizzatori dell\u2019attentato del 13 maggio 1981. Nel corso delle indagini sono state raccolte ed eseguite analisi della documentazione dei processi tenuti in Italia e sono stati recuperati i documenti dei servizi segreti bulgari e della Stasi tedesca. In totale sono stati raccolti pi\u00f9 di 220 tomi di atti e, grazie anche all\u2019aiuto legale internazionale, sono state interrogate pi\u00f9 di 100 persone.<\/p>\n<p>L\u2019indagine non ha portato a muovere delle accuse a persone concrete e non sfocer\u00e0 in un processo giudiziario, tuttavia fornisce indubbiamente argomenti forti a sostegno dell\u2019affermazione che i servizi segreti comunisti furono il \u201cmotore\u201d della preparazione dell\u2019attentato, e successivamente ostacolarono la conduzione dei processi giudiziari e la condanna dei colpevoli.<a href=\"http:\/\/jp2doc.pl\/it\/wp-content\/uploads\/sites\/3\/2017\/04\/56a8fe643d2f810a.jpg\"><img loading=\"lazy\" decoding=\"async\" width=\"560\" height=\"423\" class=\"aligncenter wp-image-1274 size-full\" src=\"http:\/\/jp2doc.pl\/it\/wp-content\/uploads\/sites\/3\/2017\/04\/56a8fe643d2f810a.jpg\" alt=\"\" \/><\/a><\/p>\n<p>Il procuratore Ewa Koj, capo della Commissione per la persecuzione dei crimini contro la Nazione Polacca dell\u2019IPN di Katowice, ha ricordato gli inizi dell\u2019indagine e come, tale lavoro di ricerca, sia stato possibile grazie al sostegno ed all\u2019impegno del prof. Janusz Kurtyka che allora dirigeva l\u2019attivit\u00e0 dell\u2019IPN. Si era nella primavera del 2005, quando la stampa polacca, rivelando il contenuto dei documenti della Stasi riguardanti l\u2019attento a Giovanni Paolo II, ha fornito l\u2019occasione e il motivo per addentrarsi nuovamente nell\u2019argomento.<\/p>\n<p>Nel 2006, i procuratori dell\u2019IPN di Katowice, danno inizio all&#8217;indagine che evidenzi\u00f2, tra l\u2019altro, come Giovanni Paolo II fosse rimasto fino alla fine della vita cittadino polacco; gi\u00e0 questo avrebbe fatto sorgere il fondato sospetto che l\u2019attentato sia stato un crimine del sistema comunista.<br \/>\nFu il procuratore Micha\u0142 Skwara a condurre l\u2019indagine per pi\u00f9 di otto anni; alla fine il caso fu archiviato e la decisione che port\u00f2 a tale conclusione costituisce la parte pi\u00f9 consistente del libro, ben oltre 270 pagine.<\/p>\n<p>Nel suo intervento l\u2019Oratore ha sottolineato il sorgere di nuovi elementi che, a suo parere, non soltanto gettano una luce nuova sull\u2019attentato, ma sollecitano ad ulteriori dibattiti e ricerche e consentono, inoltre, di ipotizzare che la rete di spionaggio bulgaro partecip\u00f2 direttamente e attivamente alla preparazione dell\u2019attentato, usando l\u2019ambiente criminale turco.<\/p>\n<p>Fu un\u2019operazione realizzata alla perfezione: venne scelto Agca il quale, prima manovrato dai servizi bulgari dalla fine del 1979, fu poi &#8211; sia durante l\u2019indagine che durante il processo giudiziario &#8211; efficacemente spaventato da loro.<\/p>\n<p>Si configurano, allora, due tipi di reato: complotto armato avente lo scopo di uccidere il papa e complotto disinformativo consistente in vari tipi di falsificazioni per allontanare il sospetto dai servizi segreti dei paesi comunisti. Attualmente, ad esempio, il coinvolgimento di tre Bulgari &#8211; scagionati per mancanza di prove dal tribunale italiano &#8211; nella preparazione dell\u2019attentato \u00e8 indubbia, come pure \u00e8 stata documentata la loro attivit\u00e0 di agenti segreti. A quel tempo essi furono agevolati dal fatto che i servizi segreti bulgari collaboravano con i servizi sovietici e con la Stasi tedesca la quale entr\u00f2 in possesso dei documenti dei processi giudiziari in Italia e ne occult\u00f2 le prove.Pertanto \u00e8 fondata l\u2019affermazione secondo la quale nel corso dei processi italiani, non solo, furono commessi errori, ma furono anche esercitate numerose pressioni politiche, cosa del resto riconosciuta apertamente da uno dei giudici durante una conversazione con il procuratore Skwara.<\/p>\n<p>Occorre, inoltre sottolineare l\u2019atteggiamento ambiguo di altri paesi quali la Gran Bretagna, la Francia e la Germania che rifiutarono di interrogare i testimoni chiave per chiarire la questione.<\/p>\n<p>A sua volta il ricercatore dr Andrzej Grajewski, storico e redattore della rivista \u201cGo\u015b\u0107 Niedzielny\u201d, autore dello studio storico incluso nel libro, ha sottolineato che quanto stabilito dal procuratore Skwara non comprende delle prove inconfutabili, come ad es. l\u2019ordine di uccidere il papa firmato dalle autorit\u00e0 dell\u2019Unione Sovietica, ma un gran numero di prove che confermano quello che i procuratori italiani non riuscirono a provare.<a href=\"http:\/\/jp2doc.pl\/it\/wp-content\/uploads\/sites\/3\/2017\/04\/56a8ff422d43c21a.jpg\"><img loading=\"lazy\" decoding=\"async\" width=\"560\" height=\"349\" class=\"aligncenter wp-image-1273 size-full\" src=\"http:\/\/jp2doc.pl\/it\/wp-content\/uploads\/sites\/3\/2017\/04\/56a8ff422d43c21a.jpg\" alt=\"\" \/><\/a><\/p>\n<p>Nel corso di quest\u2019ultima indagine si \u00e8 riusciti a trovare molti \u201canelli\u201d rilevanti che uniscono persone e fatti, operazioni dei servizi di spionaggio e del mondo della delinquenza. Ognuno sapeva tanto quanto doveva sapere, trovandosi sotto il continuo controllo degli altri. Fu, insomma, un\u2019operazione preparata finemente dai servizi speciali.<br \/>\nLo storico ha dato ragione al procuratore affermando che l\u2019attentato era stato preparato per circa un anno e mezzo. Ha fatto anche notare che il movente diretto, per iniziare i preparativi, poteva esser stato il primo pellegrinaggio di Giovanni Paolo II, soprattutto per le sue conseguenze sociali e per la reazione nei popoli fratelli, non ultima la rinascita della Chiesa greco-cattolica. L\u2019ateismo sovietico infatti era il fondamento del sistema comunista e Giovanni Paolo II come apostolo della libert\u00e0 religiosa ne fece vacillare le fondamenta.<\/p>\n<p>La pista bulgara e l\u2019interrogativo sul ruolo dei Sovietici: I Bulgari non avevano interesse nel preparare l\u2019attentato, ma i Sovietici s\u00ec, essi si proponevano di colpire mortalmente la suprema autorit\u00e0 religiosa dei cattolici, e attraverso ci\u00f2 indebolire o addirittura paralizzare le aspirazioni alla libert\u00e0. Per tale motivo la data del 13 maggio 1981, quando il sangue di Giovanni Paolo II fu versato come prezzo della nostra libert\u00e0, deve essere universalmente ricordata come momento prezioso per la dignit\u00e0 di ogni uomo.<\/p>\n<p>Il dottor Grajewski ha anche sottolineato che il libro presentato, insieme a quello pubblicato alcuni anni fa (\u201cIl Papa doveva morire\u201d) &#8211; entrambi pubblicati dall\u2019IPN di Katowice e dalla rivista \u201cGo\u015b\u0107 Niedzielny\u201d &#8211; costituiscono la voce polacca nella discussione sull\u2019attentato.<br \/>\nVoce costruttiva ed autorevole poich\u00e9 le altre pubblicazioni, a suo parere, s\u2019iscrivono essenzialmente nella corrente di disinformazione.<\/p>\n<p>Durante l\u2019incontro \u00e8 stato annunciato che \u00e8 in preparazione la traduzione del testo in lingua italiana, con l\u2019augurio che la sua maggiore diffusione e conoscenza porti a nuove discussioni, o forse anche polemiche, non importa, purch\u00e9 si giunga a chiarire ulteriormente i retroscena dell\u2019attentato al Santo Padre.<a href=\"http:\/\/jp2doc.pl\/it\/wp-content\/uploads\/sites\/3\/2017\/04\/56a8ff6cf2ca011a.jpg\"><img loading=\"lazy\" decoding=\"async\" width=\"560\" height=\"375\" class=\"aligncenter wp-image-1272 size-full\" src=\"http:\/\/jp2doc.pl\/it\/wp-content\/uploads\/sites\/3\/2017\/04\/56a8ff6cf2ca011a.jpg\" alt=\"\" \/><\/a><\/p>\n<p>La presentazione del libro \u201cAgca non era solo\u201d ha suscitato parecchio interesse nei Polacchi che abitano a Roma i quali sono accorsi numerosi all\u2019incontro. Organizzatori del dibattito: \u201cIstituto della Memoria Nazionale (IPN) di Katowice\u201d e \u201cCentro di Documentazione e Studio del Pontificato di Roma\u201d (Fondazione \u201cGiovanni Paolo II\u201d).<\/p>\n<p style=\"text-align: right;\"><strong> Andrzej Dobrzy\u0144ski<\/strong><\/p>\n","protected":false},"excerpt":{"rendered":"<p>Presentazione di una preziosa pubblicazione<\/p>\n","protected":false},"author":2,"featured_media":1275,"comment_status":"open","ping_status":"open","sticky":false,"template":"","format":"standard","meta":{"_acf_changed":false,"_exactmetrics_skip_tracking":false,"_exactmetrics_sitenote_active":false,"_exactmetrics_sitenote_note":"","_exactmetrics_sitenote_category":0,"footnotes":""},"categories":[2],"tags":[],"class_list":["post-1271","post","type-post","status-publish","format-standard","has-post-thumbnail","hentry","category-articoli"],"acf":[],"yoast_head":"<!-- This site is optimized with the Yoast SEO plugin v26.2 - https:\/\/yoast.com\/wordpress\/plugins\/seo\/ -->\n<title>&quot;Agca non era solo&quot; - Centro di Documentazione e Studio del Pontificato di Giovanni Paolo II a Roma<\/title>\n<meta name=\"robots\" content=\"index, follow, max-snippet:-1, max-image-preview:large, max-video-preview:-1\" \/>\n<link rel=\"canonical\" href=\"https:\/\/jp2doc.pl\/it\/2016\/01\/14\/agca-non-era-solo\/\" \/>\n<meta property=\"og:locale\" content=\"it_IT\" \/>\n<meta property=\"og:type\" content=\"article\" \/>\n<meta property=\"og:title\" content=\"&quot;Agca non era solo&quot; - Centro di Documentazione e Studio del Pontificato di Giovanni Paolo II a Roma\" \/>\n<meta property=\"og:description\" content=\"Presentazione di una preziosa pubblicazione\" \/>\n<meta property=\"og:url\" content=\"https:\/\/jp2doc.pl\/it\/2016\/01\/14\/agca-non-era-solo\/\" \/>\n<meta property=\"og:site_name\" content=\"Centro di Documentazione e Studio del Pontificato di Giovanni Paolo II a Roma\" \/>\n<meta property=\"article:published_time\" content=\"2016-01-14T10:07:35+00:00\" \/>\n<meta property=\"article:modified_time\" content=\"2017-04-14T09:16:56+00:00\" \/>\n<meta property=\"og:image\" content=\"https:\/\/jp2doc.pl\/it\/wp-content\/uploads\/sites\/3\/2017\/04\/56a8fe323cc302a.jpg\" \/>\n\t<meta property=\"og:image:width\" content=\"560\" \/>\n\t<meta property=\"og:image:height\" content=\"374\" \/>\n\t<meta property=\"og:image:type\" content=\"image\/jpeg\" \/>\n<meta name=\"author\" content=\"Anna Rudzicka\" \/>\n<meta name=\"twitter:card\" content=\"summary_large_image\" \/>\n<meta name=\"twitter:label1\" content=\"Scritto da\" \/>\n\t<meta name=\"twitter:data1\" content=\"Anna Rudzicka\" \/>\n\t<meta name=\"twitter:label2\" content=\"Tempo di lettura stimato\" \/>\n\t<meta name=\"twitter:data2\" content=\"6 minuti\" \/>\n<script type=\"application\/ld+json\" class=\"yoast-schema-graph\">{\"@context\":\"https:\/\/schema.org\",\"@graph\":[{\"@type\":\"Article\",\"@id\":\"https:\/\/jp2doc.pl\/it\/2016\/01\/14\/agca-non-era-solo\/#article\",\"isPartOf\":{\"@id\":\"https:\/\/jp2doc.pl\/it\/2016\/01\/14\/agca-non-era-solo\/\"},\"author\":{\"name\":\"Anna Rudzicka\",\"@id\":\"https:\/\/jp2doc.pl\/it\/#\/schema\/person\/bdb6226d49bc071fa63fbcdc7c8018ea\"},\"headline\":\"&#8220;Agca non era solo&#8221;\",\"datePublished\":\"2016-01-14T10:07:35+00:00\",\"dateModified\":\"2017-04-14T09:16:56+00:00\",\"mainEntityOfPage\":{\"@id\":\"https:\/\/jp2doc.pl\/it\/2016\/01\/14\/agca-non-era-solo\/\"},\"wordCount\":1149,\"commentCount\":0,\"publisher\":{\"@id\":\"https:\/\/jp2doc.pl\/it\/#organization\"},\"image\":{\"@id\":\"https:\/\/jp2doc.pl\/it\/2016\/01\/14\/agca-non-era-solo\/#primaryimage\"},\"thumbnailUrl\":\"https:\/\/jp2doc.pl\/it\/wp-content\/uploads\/sites\/3\/2017\/04\/56a8fe323cc302a.jpg\",\"articleSection\":[\"Articoli\"],\"inLanguage\":\"it-IT\",\"potentialAction\":[{\"@type\":\"CommentAction\",\"name\":\"Comment\",\"target\":[\"https:\/\/jp2doc.pl\/it\/2016\/01\/14\/agca-non-era-solo\/#respond\"]}]},{\"@type\":\"WebPage\",\"@id\":\"https:\/\/jp2doc.pl\/it\/2016\/01\/14\/agca-non-era-solo\/\",\"url\":\"https:\/\/jp2doc.pl\/it\/2016\/01\/14\/agca-non-era-solo\/\",\"name\":\"\\\"Agca non era solo\\\" - Centro di Documentazione e Studio del Pontificato di Giovanni Paolo II a Roma\",\"isPartOf\":{\"@id\":\"https:\/\/jp2doc.pl\/it\/#website\"},\"primaryImageOfPage\":{\"@id\":\"https:\/\/jp2doc.pl\/it\/2016\/01\/14\/agca-non-era-solo\/#primaryimage\"},\"image\":{\"@id\":\"https:\/\/jp2doc.pl\/it\/2016\/01\/14\/agca-non-era-solo\/#primaryimage\"},\"thumbnailUrl\":\"https:\/\/jp2doc.pl\/it\/wp-content\/uploads\/sites\/3\/2017\/04\/56a8fe323cc302a.jpg\",\"datePublished\":\"2016-01-14T10:07:35+00:00\",\"dateModified\":\"2017-04-14T09:16:56+00:00\",\"breadcrumb\":{\"@id\":\"https:\/\/jp2doc.pl\/it\/2016\/01\/14\/agca-non-era-solo\/#breadcrumb\"},\"inLanguage\":\"it-IT\",\"potentialAction\":[{\"@type\":\"ReadAction\",\"target\":[\"https:\/\/jp2doc.pl\/it\/2016\/01\/14\/agca-non-era-solo\/\"]}]},{\"@type\":\"ImageObject\",\"inLanguage\":\"it-IT\",\"@id\":\"https:\/\/jp2doc.pl\/it\/2016\/01\/14\/agca-non-era-solo\/#primaryimage\",\"url\":\"https:\/\/jp2doc.pl\/it\/wp-content\/uploads\/sites\/3\/2017\/04\/56a8fe323cc302a.jpg\",\"contentUrl\":\"https:\/\/jp2doc.pl\/it\/wp-content\/uploads\/sites\/3\/2017\/04\/56a8fe323cc302a.jpg\",\"width\":560,\"height\":374},{\"@type\":\"BreadcrumbList\",\"@id\":\"https:\/\/jp2doc.pl\/it\/2016\/01\/14\/agca-non-era-solo\/#breadcrumb\",\"itemListElement\":[{\"@type\":\"ListItem\",\"position\":1,\"name\":\"Home\",\"item\":\"https:\/\/jp2doc.pl\/it\/\"},{\"@type\":\"ListItem\",\"position\":2,\"name\":\"&#8220;Agca non era solo&#8221;\"}]},{\"@type\":\"WebSite\",\"@id\":\"https:\/\/jp2doc.pl\/it\/#website\",\"url\":\"https:\/\/jp2doc.pl\/it\/\",\"name\":\"Centro di Documentazione e Studio del Pontificato di Giovanni Paolo II a Roma\",\"description\":\"\",\"publisher\":{\"@id\":\"https:\/\/jp2doc.pl\/it\/#organization\"},\"potentialAction\":[{\"@type\":\"SearchAction\",\"target\":{\"@type\":\"EntryPoint\",\"urlTemplate\":\"https:\/\/jp2doc.pl\/it\/?s={search_term_string}\"},\"query-input\":{\"@type\":\"PropertyValueSpecification\",\"valueRequired\":true,\"valueName\":\"search_term_string\"}}],\"inLanguage\":\"it-IT\"},{\"@type\":\"Organization\",\"@id\":\"https:\/\/jp2doc.pl\/it\/#organization\",\"name\":\"Centro di Documentazione e Studio del Pontificato di Giovanni Paolo II a Roma\",\"url\":\"https:\/\/jp2doc.pl\/it\/\",\"logo\":{\"@type\":\"ImageObject\",\"inLanguage\":\"it-IT\",\"@id\":\"https:\/\/jp2doc.pl\/it\/#\/schema\/logo\/image\/\",\"url\":\"https:\/\/jp2doc.pl\/it\/wp-content\/uploads\/sites\/3\/2017\/03\/cropped-logo.png\",\"contentUrl\":\"https:\/\/jp2doc.pl\/it\/wp-content\/uploads\/sites\/3\/2017\/03\/cropped-logo.png\",\"width\":115,\"height\":115,\"caption\":\"Centro di Documentazione e Studio del Pontificato di Giovanni Paolo II a Roma\"},\"image\":{\"@id\":\"https:\/\/jp2doc.pl\/it\/#\/schema\/logo\/image\/\"}},{\"@type\":\"Person\",\"@id\":\"https:\/\/jp2doc.pl\/it\/#\/schema\/person\/bdb6226d49bc071fa63fbcdc7c8018ea\",\"name\":\"Anna Rudzicka\",\"image\":{\"@type\":\"ImageObject\",\"inLanguage\":\"it-IT\",\"@id\":\"https:\/\/jp2doc.pl\/it\/#\/schema\/person\/image\/\",\"url\":\"https:\/\/secure.gravatar.com\/avatar\/3ec0a7913913c54ed56083375aea7afda203c4bb047ff7e8a0c2776876a5341e?s=96&d=mm&r=g\",\"contentUrl\":\"https:\/\/secure.gravatar.com\/avatar\/3ec0a7913913c54ed56083375aea7afda203c4bb047ff7e8a0c2776876a5341e?s=96&d=mm&r=g\",\"caption\":\"Anna Rudzicka\"},\"url\":\"https:\/\/jp2doc.pl\/it\/author\/ania\/\"}]}<\/script>\n<!-- \/ Yoast SEO plugin. -->","yoast_head_json":{"title":"\"Agca non era solo\" - Centro di Documentazione e Studio del Pontificato di Giovanni Paolo II a Roma","robots":{"index":"index","follow":"follow","max-snippet":"max-snippet:-1","max-image-preview":"max-image-preview:large","max-video-preview":"max-video-preview:-1"},"canonical":"https:\/\/jp2doc.pl\/it\/2016\/01\/14\/agca-non-era-solo\/","og_locale":"it_IT","og_type":"article","og_title":"\"Agca non era solo\" - Centro di Documentazione e Studio del Pontificato di Giovanni Paolo II a Roma","og_description":"Presentazione di una preziosa pubblicazione","og_url":"https:\/\/jp2doc.pl\/it\/2016\/01\/14\/agca-non-era-solo\/","og_site_name":"Centro di Documentazione e Studio del Pontificato di Giovanni Paolo II a Roma","article_published_time":"2016-01-14T10:07:35+00:00","article_modified_time":"2017-04-14T09:16:56+00:00","og_image":[{"width":560,"height":374,"url":"https:\/\/jp2doc.pl\/it\/wp-content\/uploads\/sites\/3\/2017\/04\/56a8fe323cc302a.jpg","type":"image\/jpeg"}],"author":"Anna Rudzicka","twitter_card":"summary_large_image","twitter_misc":{"Scritto da":"Anna Rudzicka","Tempo di lettura stimato":"6 minuti"},"schema":{"@context":"https:\/\/schema.org","@graph":[{"@type":"Article","@id":"https:\/\/jp2doc.pl\/it\/2016\/01\/14\/agca-non-era-solo\/#article","isPartOf":{"@id":"https:\/\/jp2doc.pl\/it\/2016\/01\/14\/agca-non-era-solo\/"},"author":{"name":"Anna Rudzicka","@id":"https:\/\/jp2doc.pl\/it\/#\/schema\/person\/bdb6226d49bc071fa63fbcdc7c8018ea"},"headline":"&#8220;Agca non era solo&#8221;","datePublished":"2016-01-14T10:07:35+00:00","dateModified":"2017-04-14T09:16:56+00:00","mainEntityOfPage":{"@id":"https:\/\/jp2doc.pl\/it\/2016\/01\/14\/agca-non-era-solo\/"},"wordCount":1149,"commentCount":0,"publisher":{"@id":"https:\/\/jp2doc.pl\/it\/#organization"},"image":{"@id":"https:\/\/jp2doc.pl\/it\/2016\/01\/14\/agca-non-era-solo\/#primaryimage"},"thumbnailUrl":"https:\/\/jp2doc.pl\/it\/wp-content\/uploads\/sites\/3\/2017\/04\/56a8fe323cc302a.jpg","articleSection":["Articoli"],"inLanguage":"it-IT","potentialAction":[{"@type":"CommentAction","name":"Comment","target":["https:\/\/jp2doc.pl\/it\/2016\/01\/14\/agca-non-era-solo\/#respond"]}]},{"@type":"WebPage","@id":"https:\/\/jp2doc.pl\/it\/2016\/01\/14\/agca-non-era-solo\/","url":"https:\/\/jp2doc.pl\/it\/2016\/01\/14\/agca-non-era-solo\/","name":"\"Agca non era solo\" - Centro di Documentazione e Studio del Pontificato di Giovanni Paolo II a Roma","isPartOf":{"@id":"https:\/\/jp2doc.pl\/it\/#website"},"primaryImageOfPage":{"@id":"https:\/\/jp2doc.pl\/it\/2016\/01\/14\/agca-non-era-solo\/#primaryimage"},"image":{"@id":"https:\/\/jp2doc.pl\/it\/2016\/01\/14\/agca-non-era-solo\/#primaryimage"},"thumbnailUrl":"https:\/\/jp2doc.pl\/it\/wp-content\/uploads\/sites\/3\/2017\/04\/56a8fe323cc302a.jpg","datePublished":"2016-01-14T10:07:35+00:00","dateModified":"2017-04-14T09:16:56+00:00","breadcrumb":{"@id":"https:\/\/jp2doc.pl\/it\/2016\/01\/14\/agca-non-era-solo\/#breadcrumb"},"inLanguage":"it-IT","potentialAction":[{"@type":"ReadAction","target":["https:\/\/jp2doc.pl\/it\/2016\/01\/14\/agca-non-era-solo\/"]}]},{"@type":"ImageObject","inLanguage":"it-IT","@id":"https:\/\/jp2doc.pl\/it\/2016\/01\/14\/agca-non-era-solo\/#primaryimage","url":"https:\/\/jp2doc.pl\/it\/wp-content\/uploads\/sites\/3\/2017\/04\/56a8fe323cc302a.jpg","contentUrl":"https:\/\/jp2doc.pl\/it\/wp-content\/uploads\/sites\/3\/2017\/04\/56a8fe323cc302a.jpg","width":560,"height":374},{"@type":"BreadcrumbList","@id":"https:\/\/jp2doc.pl\/it\/2016\/01\/14\/agca-non-era-solo\/#breadcrumb","itemListElement":[{"@type":"ListItem","position":1,"name":"Home","item":"https:\/\/jp2doc.pl\/it\/"},{"@type":"ListItem","position":2,"name":"&#8220;Agca non era solo&#8221;"}]},{"@type":"WebSite","@id":"https:\/\/jp2doc.pl\/it\/#website","url":"https:\/\/jp2doc.pl\/it\/","name":"Centro di Documentazione e Studio del Pontificato di Giovanni Paolo II a Roma","description":"","publisher":{"@id":"https:\/\/jp2doc.pl\/it\/#organization"},"potentialAction":[{"@type":"SearchAction","target":{"@type":"EntryPoint","urlTemplate":"https:\/\/jp2doc.pl\/it\/?s={search_term_string}"},"query-input":{"@type":"PropertyValueSpecification","valueRequired":true,"valueName":"search_term_string"}}],"inLanguage":"it-IT"},{"@type":"Organization","@id":"https:\/\/jp2doc.pl\/it\/#organization","name":"Centro di Documentazione e Studio del Pontificato di Giovanni Paolo II a Roma","url":"https:\/\/jp2doc.pl\/it\/","logo":{"@type":"ImageObject","inLanguage":"it-IT","@id":"https:\/\/jp2doc.pl\/it\/#\/schema\/logo\/image\/","url":"https:\/\/jp2doc.pl\/it\/wp-content\/uploads\/sites\/3\/2017\/03\/cropped-logo.png","contentUrl":"https:\/\/jp2doc.pl\/it\/wp-content\/uploads\/sites\/3\/2017\/03\/cropped-logo.png","width":115,"height":115,"caption":"Centro di Documentazione e Studio del Pontificato di Giovanni Paolo II a Roma"},"image":{"@id":"https:\/\/jp2doc.pl\/it\/#\/schema\/logo\/image\/"}},{"@type":"Person","@id":"https:\/\/jp2doc.pl\/it\/#\/schema\/person\/bdb6226d49bc071fa63fbcdc7c8018ea","name":"Anna Rudzicka","image":{"@type":"ImageObject","inLanguage":"it-IT","@id":"https:\/\/jp2doc.pl\/it\/#\/schema\/person\/image\/","url":"https:\/\/secure.gravatar.com\/avatar\/3ec0a7913913c54ed56083375aea7afda203c4bb047ff7e8a0c2776876a5341e?s=96&d=mm&r=g","contentUrl":"https:\/\/secure.gravatar.com\/avatar\/3ec0a7913913c54ed56083375aea7afda203c4bb047ff7e8a0c2776876a5341e?s=96&d=mm&r=g","caption":"Anna Rudzicka"},"url":"https:\/\/jp2doc.pl\/it\/author\/ania\/"}]}},"_links":{"self":[{"href":"https:\/\/jp2doc.pl\/it\/wp-json\/wp\/v2\/posts\/1271","targetHints":{"allow":["GET"]}}],"collection":[{"href":"https:\/\/jp2doc.pl\/it\/wp-json\/wp\/v2\/posts"}],"about":[{"href":"https:\/\/jp2doc.pl\/it\/wp-json\/wp\/v2\/types\/post"}],"author":[{"embeddable":true,"href":"https:\/\/jp2doc.pl\/it\/wp-json\/wp\/v2\/users\/2"}],"replies":[{"embeddable":true,"href":"https:\/\/jp2doc.pl\/it\/wp-json\/wp\/v2\/comments?post=1271"}],"version-history":[{"count":2,"href":"https:\/\/jp2doc.pl\/it\/wp-json\/wp\/v2\/posts\/1271\/revisions"}],"predecessor-version":[{"id":1277,"href":"https:\/\/jp2doc.pl\/it\/wp-json\/wp\/v2\/posts\/1271\/revisions\/1277"}],"wp:featuredmedia":[{"embeddable":true,"href":"https:\/\/jp2doc.pl\/it\/wp-json\/wp\/v2\/media\/1275"}],"wp:attachment":[{"href":"https:\/\/jp2doc.pl\/it\/wp-json\/wp\/v2\/media?parent=1271"}],"wp:term":[{"taxonomy":"category","embeddable":true,"href":"https:\/\/jp2doc.pl\/it\/wp-json\/wp\/v2\/categories?post=1271"},{"taxonomy":"post_tag","embeddable":true,"href":"https:\/\/jp2doc.pl\/it\/wp-json\/wp\/v2\/tags?post=1271"}],"curies":[{"name":"wp","href":"https:\/\/api.w.org\/{rel}","templated":true}]}}