{"id":1278,"date":"2016-01-25T11:17:09","date_gmt":"2016-01-25T10:17:09","guid":{"rendered":"http:\/\/jp2doc.pl\/it\/?p=1278"},"modified":"2017-04-14T11:22:03","modified_gmt":"2017-04-14T09:22:03","slug":"la-nostra-attivita","status":"publish","type":"post","link":"https:\/\/jp2doc.pl\/it\/2016\/01\/25\/la-nostra-attivita\/","title":{"rendered":"La nostra attivit\u00e0"},"content":{"rendered":"<p>All&#8217;inizio del nuovo anno di calendario vale la pena di guardare indietro e di riepilogare l&#8217;attivit\u00e0 dell&#8217;anno che \u00e8 trascorso, il 2015. Il personale del Centro di Documentazione e di Studio del Pontificato di Giovanni Paolo II \u00e8 costituito dal rev. Andrzej Dobrzy\u0144ski e da due suore del Sacro Cuore di Ges\u00f9: s. Remigia Sawicka e s. Julia Knurek. Cerchiamo di adempiere la missione che tracci\u00f2 Giovanni Paolo II circa 35 anni fa costituendo in Vaticano la Fondazione che porta il suo nome e formando, nel suo ambito, un&#8217;istituzione mirata alla documentazione ed allo studio dell'&#8221;eredit\u00e0 del bene&#8221; \u2013 come egli stesso la defin\u00ec \u2013 che nacque durante il suo servizio come successore di Pietro. Per tutto quel periodo il Centro ha operato ed opera sotto la tutela delle autorit\u00e0 della Fondazione. Tuttavia non sarebbe stato possibile senza il sostegno finanziario degli Amici della Fondazione &#8220;Giovanni Paolo II&#8221; che operano nelle associazioni dei Polacchi residenti in tutto il mondo ed anche tra le altre nazionalit\u00e0.<\/p>\n<figure><div><a href=\"http:\/\/jp2doc.pl\/it\/wp-content\/uploads\/sites\/3\/2017\/04\/56a65a1845b6756a20f6da4e27dom.jpg\"><img loading=\"lazy\" decoding=\"async\" width=\"560\" height=\"372\" class=\"wp-image-1285 size-full\" src=\"http:\/\/jp2doc.pl\/it\/wp-content\/uploads\/sites\/3\/2017\/04\/56a65a1845b6756a20f6da4e27dom.jpg\" alt=\"\" \/><\/a><\/div><figcaption><p>Casa Polacca<\/p><small><\/small><\/figcaption><\/figure>\n<p>La sede del Centro \u00e8 ubicata nella Casa Polacca che si trova alla periferia di Roma. Grazie a quanto affermato da papa Francesco, la parola &#8220;periferia&#8221; ha acquisito un contenuto positivo designando un posto privilegiato di evangelizzazione. E comprendiamo ancora meglio che l&#8217;allontanamento dal centro della Citt\u00e0 Eterna non costituisce il nostro problema principale, perch\u00e9 il Centro ha delle qualit\u00e0 che possono attirare gli studiosi e gli ospiti in visita, tra l&#8217;altro con l&#8217;atmosfera eccezionale che favorisce la concentrazione e gli studi. Tuttavia la cosa pi\u00f9 importante \u00e8 che quel che costituisce il fulcro della nostra istituzione, che si trova in un certo qual modo nel cuore del Centro, sono la persona e l&#8217;insegnamento del Santo Padre nonch\u00e9 la storia del suo pontificato. Apriamo giornalmente le porte della biblioteca, del museo e dell&#8217;archivio non soltanto per controllare se tutto sia al suo posto, ma per mettere a disposizione le raccolte agli studiosi ed agli ospiti che ci fanno visita. Siamo infatti convinti che Giovanni Paolo II ha ancora molto da dire alla Chiesa ed all&#8217;umanit\u00e0. Tale convinzione \u00e8 condivisa con noi da molte persone, cosa che riempie di ottimismo e d\u00e0 la forza per superare le difficolt\u00e0.<\/p>\n<figure><div><a href=\"http:\/\/jp2doc.pl\/it\/wp-content\/uploads\/sites\/3\/2017\/04\/56a65a8bb29c856a2105ab5804John1.jpg\"><img loading=\"lazy\" decoding=\"async\" width=\"560\" height=\"330\" class=\"wp-image-1284 size-full\" src=\"http:\/\/jp2doc.pl\/it\/wp-content\/uploads\/sites\/3\/2017\/04\/56a65a8bb29c856a2105ab5804John1.jpg\" alt=\"\" \/><\/a><\/div><figcaption><p>John Corrigan degli USA<\/p><small><\/small><\/figcaption><\/figure>\n<p>Nel corso dell&#8217;anno passato nella biblioteca abbiamo registrato in totale 225 visite e ne siamo molto contenti. Vorremmo cogliere l&#8217;occasione per ricordare due studiosi: John Corrigan degli USA e don Fernando Sousa del Brasile che l&#8217;anno passato sono stati ospiti frequenti nella biblioteca del Centro. Il primo ha approfondito i fondamenti filosofici del concetto di cultura secondo Karol Wojty\u0142a, invece il secondo ha studiato, da una prospettiva storica, la genesi e lo sviluppo del processo di &#8220;depurazione della memoria&#8221;, di quei gesti di riconciliazione attraverso i quali Giovanni Paolo prepar\u00f2 la Chiesa ad entrare nel terzo millennio con la coscienza pulita dinanzi alle colpe ed alle negligenze del passato.<\/p>\n<figure><div><a href=\"http:\/\/jp2doc.pl\/it\/wp-content\/uploads\/sites\/3\/2017\/04\/56a65af9edda256a2114276aceFernando1.jpg\"><img loading=\"lazy\" decoding=\"async\" width=\"560\" height=\"310\" class=\"wp-image-1283 size-full\" src=\"http:\/\/jp2doc.pl\/it\/wp-content\/uploads\/sites\/3\/2017\/04\/56a65af9edda256a2114276aceFernando1.jpg\" alt=\"\" \/><\/a><\/div><figcaption><p>Don Fernando Sousa del Brasile<\/p><small><\/small><\/figcaption><\/figure>\n<p>(Gli interventi di J. Corrigan e di F. Sousa riguardanti i loro studi si possono trovare nelle risorse del nostro sito web). La biblioteca \u00e8 praticamente sempre accessibile alle persone interessate e noi, da parte nostra, vi invitiamo cordialmente a fruire delle sue raccolte.<br \/>\nNell&#8217;ambito del programma Erasmus, l&#8217;anno scorso abbiamo ospitato nel Centro Patrycja Mikulska dell&#8217;Istituto &#8220;Giovanni Paolo II&#8221; dell&#8217;Universit\u00e0 Cattolica di Lublino (KUL). \u00c8 motivo di soddisfazione il fatto che i legami di amicizia e di collaborazione creativa che da anni uniscono il Centro romano e l&#8217;Istituto di Lublino continuano ad essere mantenuti. Sono arrivati da noi due dottorandi dalla Pontificia Universit\u00e0 &#8220;Giovanni Paolo II&#8221; di Cracovia: Magdalena Kotulska e Oleksandr Uigeli che hanno aiutato a catalogare gli album. Speriamo che lo stage che hanno fatto al Centro, sulla base del programma Erasmus, li abbia aiutati ad acquisire nuove esperienze.<\/p>\n<figure><div><a href=\"http:\/\/jp2doc.pl\/it\/wp-content\/uploads\/sites\/3\/2017\/04\/56a65b4c8429956a2123b5c635Magda1.jpg\"><img loading=\"lazy\" decoding=\"async\" width=\"560\" height=\"374\" class=\"wp-image-1282 size-full\" src=\"http:\/\/jp2doc.pl\/it\/wp-content\/uploads\/sites\/3\/2017\/04\/56a65b4c8429956a2123b5c635Magda1.jpg\" alt=\"\" \/><\/a><\/div><figcaption><p>Magdalena Kotulska<\/p><small><\/small><\/figcaption><\/figure>\n<p>Nella catalogazione delle pubblicazioni ci aiuta da molti anni la dottoressa di ricerca Stanis\u0142awa Postawa. Grazie al suo lavoro quasi 10 mila record sono stati inseriti nella biblioteca internazionale del data base Virtua. Vale la pena di ricordare che il data base &#8220;di casa&#8221; ProCite conta quasi 35 mila posizioni. Entrambi i data base sono disponibili online sul nostro sito web.<br \/>\nCogliamo l&#8217;occasione per ricordare che, grazie alla collaborazione con la Pontificia Universit\u00e0 &#8220;Giovanni Paolo II&#8221; di Cracovia (UPJPII), \u00e8 in preparazione il tomo successivo della serie &#8220;Giovanni Paolo II. Bibliografia polacca&#8221;. Ha intrapreso questo lavoro la dottoressa Magdalena Olszewska, dipendente della Biblioteca dell&#8217;UPJPII. Siamo convinti che la continuazione di questa serie editoriale \u00e8 necessaria in quanto costituisce uno strumento indispensabile per gli studiosi. L&#8217;anno passato \u00e8 passata all&#8217;eternit\u00e0 la compianta Zofia Wili\u0144ska che dall&#8217;inizio del pontificato del Santo Padre, insieme a Danuta Jab\u0142kowska-Gu\u0142ajewska aveva intrapreso l&#8217;ardua fatica di redigere la bibliografia. Speriamo che si riesca a portare a termine un&#8217;opera creata con cos\u00ec tanta cura dalle autrici. La bibliografia finora elaborata \u00e8 disponibile anche online in versione elettronica.<a href=\"http:\/\/jp2doc.pl\/it\/wp-content\/uploads\/sites\/3\/2017\/04\/56a65c856786156a211ab6e10e562650f2aa4a8bibl.7.jpg\"><img loading=\"lazy\" decoding=\"async\" width=\"560\" height=\"342\" class=\"aligncenter wp-image-1281 size-full\" src=\"http:\/\/jp2doc.pl\/it\/wp-content\/uploads\/sites\/3\/2017\/04\/56a65c856786156a211ab6e10e562650f2aa4a8bibl.7.jpg\" alt=\"\" \/><\/a><\/p>\n<p>Il nostro lavoro in gran parte si concentra attualmente nell&#8217;elaborazione elettronica del catalogo delle raccolte museali. Il data base Musnet, nel quale ciascun oggetto ha un testo descrittivo uniforme e una fotografia, conta ormai pi\u00f9 di 12 mila record. L&#8217;uso della tecnica digitale costituisce soprattutto una protezione e un aiuto nella ricerca rapida degli esemplari esposti. Rende anche accessibile la ricca documentazione che pu\u00f2 diventare oggetto di studio e di ulteriore conoscenza della storia del pontificato, del rapporto delle persone nei confronti del Papa o della ricezione del suo insegnamento. Viene continuata anche la digitalizzazione dei materiali audiovisivi. Il numero di registrazioni protette in forma digitale l&#8217;anno passato \u00e8 aumentato di 432 posizioni. Vale la pena di ricordare che l&#8217;anno scorso le raccolte del nostro Centro sono state viste da pi\u00f9 di 1.200 ospiti: Polacchi, Italiani, Spagnoli, Americani. La visita tra le raccolte del Centro \u00e8 una forma per far avvicinare i visitatori alla persona di Giovanni Paolo II e un modo di guardare al suo pontificato.<a href=\"http:\/\/jp2doc.pl\/it\/wp-content\/uploads\/sites\/3\/2017\/04\/56a65cdb52e8a56a2136a716471266064_921049241277610_969513771036273068_o.jpg\"><img loading=\"lazy\" decoding=\"async\" width=\"560\" height=\"373\" class=\"aligncenter wp-image-1280 size-full\" src=\"http:\/\/jp2doc.pl\/it\/wp-content\/uploads\/sites\/3\/2017\/04\/56a65cdb52e8a56a2136a716471266064_921049241277610_969513771036273068_o.jpg\" alt=\"\" \/><\/a><\/p>\n<p>Nel nostro lavoro quotidiano rientrano anche gli studi sull&#8217;insegnamento di Giovanni Paolo II. L&#8217;anno passato abbiamo pubblicato alcuni articoli accademici su riviste italiane, spagnole e polacche. Abbiamo partecipato a conferenze e simposi a Roma, Varsavia, Rapperswil e Kremenec&#8217;. In tale attivit\u00e0 ci sostiene la dottoressa di ricerca Marta Burghardt, sempre disposta alla collaborazione ed a rappresentare il Centro. Vale la pena di ricordare la cooperazione crescente del santuario di san Giovanni Paolo II a Radzymin. Per il secondo anno di seguito abbiamo preparato insieme il simposio di divulgazione popolare-scientifica per i giovani. Don Krzysztof Zi\u00f3\u0142kowski non si limita solamente ad erigere i muri della nuova chiesa, ma si preoccupa anche di formare gli intelletti e la condotta delle persone attraverso la divulgazione del magistero di san Giovanni Paolo II. A maggior ragione siamo grati a lui ed ai suoi collaboratori di averci coinvolto in questa bella opera che serve all&#8217;educazione della generazione dei giovani. Un legame simile di collaborazione ci unisce alla parrocchia di san Giovanni Paolo II a Nowy Targ nel Podhale, guidata dal parroco rev. Jan Karlak. Grazie a tale cooperazione i frutti del nostro lavoro, tra cui anche le pubblicazioni, arrivano a comunit\u00e0 e persone concrete. Nell&#8217;ambito dell&#8217;attivit\u00e0 editoriale sono in preparazione nuove pubblicazioni che usciranno progressivamente.<\/p>\n<figure><div><a href=\"http:\/\/jp2doc.pl\/it\/wp-content\/uploads\/sites\/3\/2017\/04\/56a65d5e8844856a213316aabd10603856_708152562567280_4898588767810498372_o.jpg\"><img loading=\"lazy\" decoding=\"async\" width=\"560\" height=\"377\" class=\"wp-image-1279 size-full\" src=\"http:\/\/jp2doc.pl\/it\/wp-content\/uploads\/sites\/3\/2017\/04\/56a65d5e8844856a213316aabd10603856_708152562567280_4898588767810498372_o.jpg\" alt=\"\" \/><\/a><\/div><figcaption><p>Dottoressa Marta Burghardt<\/p><small><\/small><\/figcaption><\/figure>\n<p>Desiderando ampliare la cerchia di persone con cui siamo in contatto, cerchiamo di essere attivi su Internet. Arricchiamo le risorse del nostro sito web e fruiamo dei social media. Mediante i post e i materiali video e audio, postati sui media sociali (Facebook, Instagram, SoundCloud, YouTube, Twitter), arriviamo a persone di varie nazionalit\u00e0 ed et\u00e0 diverse. L&#8217;anno passato, come negli anni precedenti, con questo mezzo di comunicazione contemporaneo, abbiamo ricordato i fatti biografici della vita di Giovanni Paolo II, abbiamo intrapreso alcuni filoni del magistero pontificio, abbiamo presentato i ricordi conservati presso il Centro o ancora abbiamo informato delle nostre nuove iniziative. Ci rendiamo conto che questa forma di contatto e di trasmissione delle informazioni ha oggi acquisito grande importanza; per questo motivo cercheremo di continuare a sviluppare questo campo di attivit\u00e0. Siamo grati ai nostri Amici del web per l&#8217;interesse espresso per la nostra attivit\u00e0.<br \/>\nConcludendo il riepilogo del 2015 occorre sottolineare che la cerchia di collaboratori, amici e persone interessate come pure di coloro che fruiscono dell&#8217;attivit\u00e0 del Centro continua a crescere. Grazie allo sforzo comune di molte istituzioni e persone, tutta quest'&#8221;eredit\u00e0 del bene&#8221;, nata nel corso della vita di san Giovanni Paolo II, viene documentata, ponderata e trasmessa sempre meglio alle generazioni successive. Tale \u00e8 lo scopo del Centro e lo sar\u00e0 nell&#8217;anno corrente e, se Dio vorr\u00e0, in futuro.<\/p>\n<p style=\"text-align: right;\">\n<strong>Don Andrzej, s. Remigia, s. Julia<\/strong><\/p>\n","protected":false},"excerpt":{"rendered":"<p>Il Centro dall&#8217;interno<\/p>\n","protected":false},"author":2,"featured_media":0,"comment_status":"open","ping_status":"open","sticky":false,"template":"","format":"standard","meta":{"_acf_changed":false,"_exactmetrics_skip_tracking":false,"_exactmetrics_sitenote_active":false,"_exactmetrics_sitenote_note":"","_exactmetrics_sitenote_category":0,"footnotes":""},"categories":[2],"tags":[],"class_list":["post-1278","post","type-post","status-publish","format-standard","hentry","category-articoli"],"acf":[],"yoast_head":"<!-- This site is optimized with the Yoast SEO plugin v26.2 - https:\/\/yoast.com\/wordpress\/plugins\/seo\/ -->\n<title>La nostra attivit\u00e0 - Centro di Documentazione e Studio del Pontificato di Giovanni Paolo II a Roma<\/title>\n<meta name=\"robots\" content=\"index, follow, max-snippet:-1, max-image-preview:large, max-video-preview:-1\" \/>\n<link rel=\"canonical\" href=\"https:\/\/jp2doc.pl\/it\/2016\/01\/25\/la-nostra-attivita\/\" \/>\n<meta property=\"og:locale\" content=\"it_IT\" \/>\n<meta property=\"og:type\" content=\"article\" \/>\n<meta property=\"og:title\" content=\"La nostra attivit\u00e0 - Centro di Documentazione e Studio del Pontificato di Giovanni Paolo II a Roma\" \/>\n<meta property=\"og:description\" content=\"Il Centro dall&#039;interno\" \/>\n<meta property=\"og:url\" content=\"https:\/\/jp2doc.pl\/it\/2016\/01\/25\/la-nostra-attivita\/\" \/>\n<meta property=\"og:site_name\" content=\"Centro di Documentazione e Studio del Pontificato di Giovanni Paolo II a Roma\" \/>\n<meta property=\"article:published_time\" content=\"2016-01-25T10:17:09+00:00\" \/>\n<meta property=\"article:modified_time\" content=\"2017-04-14T09:22:03+00:00\" \/>\n<meta property=\"og:image\" content=\"http:\/\/jp2doc.pl\/it\/wp-content\/uploads\/sites\/3\/2017\/04\/56a65a1845b6756a20f6da4e27dom.jpg\" \/>\n<meta name=\"author\" content=\"Anna Rudzicka\" \/>\n<meta name=\"twitter:card\" content=\"summary_large_image\" \/>\n<meta name=\"twitter:label1\" content=\"Scritto da\" \/>\n\t<meta name=\"twitter:data1\" content=\"Anna Rudzicka\" \/>\n\t<meta name=\"twitter:label2\" content=\"Tempo di lettura stimato\" \/>\n\t<meta name=\"twitter:data2\" content=\"7 minuti\" \/>\n<script type=\"application\/ld+json\" class=\"yoast-schema-graph\">{\"@context\":\"https:\/\/schema.org\",\"@graph\":[{\"@type\":\"Article\",\"@id\":\"https:\/\/jp2doc.pl\/it\/2016\/01\/25\/la-nostra-attivita\/#article\",\"isPartOf\":{\"@id\":\"https:\/\/jp2doc.pl\/it\/2016\/01\/25\/la-nostra-attivita\/\"},\"author\":{\"name\":\"Anna Rudzicka\",\"@id\":\"https:\/\/jp2doc.pl\/it\/#\/schema\/person\/bdb6226d49bc071fa63fbcdc7c8018ea\"},\"headline\":\"La nostra attivit\u00e0\",\"datePublished\":\"2016-01-25T10:17:09+00:00\",\"dateModified\":\"2017-04-14T09:22:03+00:00\",\"mainEntityOfPage\":{\"@id\":\"https:\/\/jp2doc.pl\/it\/2016\/01\/25\/la-nostra-attivita\/\"},\"wordCount\":1475,\"commentCount\":0,\"publisher\":{\"@id\":\"https:\/\/jp2doc.pl\/it\/#organization\"},\"image\":{\"@id\":\"https:\/\/jp2doc.pl\/it\/2016\/01\/25\/la-nostra-attivita\/#primaryimage\"},\"thumbnailUrl\":\"http:\/\/jp2doc.pl\/it\/wp-content\/uploads\/sites\/3\/2017\/04\/56a65a1845b6756a20f6da4e27dom.jpg\",\"articleSection\":[\"Articoli\"],\"inLanguage\":\"it-IT\",\"potentialAction\":[{\"@type\":\"CommentAction\",\"name\":\"Comment\",\"target\":[\"https:\/\/jp2doc.pl\/it\/2016\/01\/25\/la-nostra-attivita\/#respond\"]}]},{\"@type\":\"WebPage\",\"@id\":\"https:\/\/jp2doc.pl\/it\/2016\/01\/25\/la-nostra-attivita\/\",\"url\":\"https:\/\/jp2doc.pl\/it\/2016\/01\/25\/la-nostra-attivita\/\",\"name\":\"La nostra attivit\u00e0 - Centro di Documentazione e Studio del Pontificato di Giovanni Paolo II a Roma\",\"isPartOf\":{\"@id\":\"https:\/\/jp2doc.pl\/it\/#website\"},\"primaryImageOfPage\":{\"@id\":\"https:\/\/jp2doc.pl\/it\/2016\/01\/25\/la-nostra-attivita\/#primaryimage\"},\"image\":{\"@id\":\"https:\/\/jp2doc.pl\/it\/2016\/01\/25\/la-nostra-attivita\/#primaryimage\"},\"thumbnailUrl\":\"http:\/\/jp2doc.pl\/it\/wp-content\/uploads\/sites\/3\/2017\/04\/56a65a1845b6756a20f6da4e27dom.jpg\",\"datePublished\":\"2016-01-25T10:17:09+00:00\",\"dateModified\":\"2017-04-14T09:22:03+00:00\",\"breadcrumb\":{\"@id\":\"https:\/\/jp2doc.pl\/it\/2016\/01\/25\/la-nostra-attivita\/#breadcrumb\"},\"inLanguage\":\"it-IT\",\"potentialAction\":[{\"@type\":\"ReadAction\",\"target\":[\"https:\/\/jp2doc.pl\/it\/2016\/01\/25\/la-nostra-attivita\/\"]}]},{\"@type\":\"ImageObject\",\"inLanguage\":\"it-IT\",\"@id\":\"https:\/\/jp2doc.pl\/it\/2016\/01\/25\/la-nostra-attivita\/#primaryimage\",\"url\":\"http:\/\/jp2doc.pl\/it\/wp-content\/uploads\/sites\/3\/2017\/04\/56a65a1845b6756a20f6da4e27dom.jpg\",\"contentUrl\":\"http:\/\/jp2doc.pl\/it\/wp-content\/uploads\/sites\/3\/2017\/04\/56a65a1845b6756a20f6da4e27dom.jpg\"},{\"@type\":\"BreadcrumbList\",\"@id\":\"https:\/\/jp2doc.pl\/it\/2016\/01\/25\/la-nostra-attivita\/#breadcrumb\",\"itemListElement\":[{\"@type\":\"ListItem\",\"position\":1,\"name\":\"Home\",\"item\":\"https:\/\/jp2doc.pl\/it\/\"},{\"@type\":\"ListItem\",\"position\":2,\"name\":\"La nostra attivit\u00e0\"}]},{\"@type\":\"WebSite\",\"@id\":\"https:\/\/jp2doc.pl\/it\/#website\",\"url\":\"https:\/\/jp2doc.pl\/it\/\",\"name\":\"Centro di Documentazione e Studio del Pontificato di Giovanni Paolo II a Roma\",\"description\":\"\",\"publisher\":{\"@id\":\"https:\/\/jp2doc.pl\/it\/#organization\"},\"potentialAction\":[{\"@type\":\"SearchAction\",\"target\":{\"@type\":\"EntryPoint\",\"urlTemplate\":\"https:\/\/jp2doc.pl\/it\/?s={search_term_string}\"},\"query-input\":{\"@type\":\"PropertyValueSpecification\",\"valueRequired\":true,\"valueName\":\"search_term_string\"}}],\"inLanguage\":\"it-IT\"},{\"@type\":\"Organization\",\"@id\":\"https:\/\/jp2doc.pl\/it\/#organization\",\"name\":\"Centro di Documentazione e Studio del Pontificato di Giovanni Paolo II a Roma\",\"url\":\"https:\/\/jp2doc.pl\/it\/\",\"logo\":{\"@type\":\"ImageObject\",\"inLanguage\":\"it-IT\",\"@id\":\"https:\/\/jp2doc.pl\/it\/#\/schema\/logo\/image\/\",\"url\":\"https:\/\/jp2doc.pl\/it\/wp-content\/uploads\/sites\/3\/2017\/03\/cropped-logo.png\",\"contentUrl\":\"https:\/\/jp2doc.pl\/it\/wp-content\/uploads\/sites\/3\/2017\/03\/cropped-logo.png\",\"width\":115,\"height\":115,\"caption\":\"Centro di Documentazione e Studio del Pontificato di Giovanni Paolo II a Roma\"},\"image\":{\"@id\":\"https:\/\/jp2doc.pl\/it\/#\/schema\/logo\/image\/\"}},{\"@type\":\"Person\",\"@id\":\"https:\/\/jp2doc.pl\/it\/#\/schema\/person\/bdb6226d49bc071fa63fbcdc7c8018ea\",\"name\":\"Anna Rudzicka\",\"image\":{\"@type\":\"ImageObject\",\"inLanguage\":\"it-IT\",\"@id\":\"https:\/\/jp2doc.pl\/it\/#\/schema\/person\/image\/\",\"url\":\"https:\/\/secure.gravatar.com\/avatar\/3ec0a7913913c54ed56083375aea7afda203c4bb047ff7e8a0c2776876a5341e?s=96&d=mm&r=g\",\"contentUrl\":\"https:\/\/secure.gravatar.com\/avatar\/3ec0a7913913c54ed56083375aea7afda203c4bb047ff7e8a0c2776876a5341e?s=96&d=mm&r=g\",\"caption\":\"Anna Rudzicka\"},\"url\":\"https:\/\/jp2doc.pl\/it\/author\/ania\/\"}]}<\/script>\n<!-- \/ Yoast SEO plugin. -->","yoast_head_json":{"title":"La nostra attivit\u00e0 - Centro di Documentazione e Studio del Pontificato di Giovanni Paolo II a Roma","robots":{"index":"index","follow":"follow","max-snippet":"max-snippet:-1","max-image-preview":"max-image-preview:large","max-video-preview":"max-video-preview:-1"},"canonical":"https:\/\/jp2doc.pl\/it\/2016\/01\/25\/la-nostra-attivita\/","og_locale":"it_IT","og_type":"article","og_title":"La nostra attivit\u00e0 - Centro di Documentazione e Studio del Pontificato di Giovanni Paolo II a Roma","og_description":"Il Centro dall'interno","og_url":"https:\/\/jp2doc.pl\/it\/2016\/01\/25\/la-nostra-attivita\/","og_site_name":"Centro di Documentazione e Studio del Pontificato di Giovanni Paolo II a Roma","article_published_time":"2016-01-25T10:17:09+00:00","article_modified_time":"2017-04-14T09:22:03+00:00","og_image":[{"url":"http:\/\/jp2doc.pl\/it\/wp-content\/uploads\/sites\/3\/2017\/04\/56a65a1845b6756a20f6da4e27dom.jpg","type":"","width":"","height":""}],"author":"Anna Rudzicka","twitter_card":"summary_large_image","twitter_misc":{"Scritto da":"Anna Rudzicka","Tempo di lettura stimato":"7 minuti"},"schema":{"@context":"https:\/\/schema.org","@graph":[{"@type":"Article","@id":"https:\/\/jp2doc.pl\/it\/2016\/01\/25\/la-nostra-attivita\/#article","isPartOf":{"@id":"https:\/\/jp2doc.pl\/it\/2016\/01\/25\/la-nostra-attivita\/"},"author":{"name":"Anna Rudzicka","@id":"https:\/\/jp2doc.pl\/it\/#\/schema\/person\/bdb6226d49bc071fa63fbcdc7c8018ea"},"headline":"La nostra attivit\u00e0","datePublished":"2016-01-25T10:17:09+00:00","dateModified":"2017-04-14T09:22:03+00:00","mainEntityOfPage":{"@id":"https:\/\/jp2doc.pl\/it\/2016\/01\/25\/la-nostra-attivita\/"},"wordCount":1475,"commentCount":0,"publisher":{"@id":"https:\/\/jp2doc.pl\/it\/#organization"},"image":{"@id":"https:\/\/jp2doc.pl\/it\/2016\/01\/25\/la-nostra-attivita\/#primaryimage"},"thumbnailUrl":"http:\/\/jp2doc.pl\/it\/wp-content\/uploads\/sites\/3\/2017\/04\/56a65a1845b6756a20f6da4e27dom.jpg","articleSection":["Articoli"],"inLanguage":"it-IT","potentialAction":[{"@type":"CommentAction","name":"Comment","target":["https:\/\/jp2doc.pl\/it\/2016\/01\/25\/la-nostra-attivita\/#respond"]}]},{"@type":"WebPage","@id":"https:\/\/jp2doc.pl\/it\/2016\/01\/25\/la-nostra-attivita\/","url":"https:\/\/jp2doc.pl\/it\/2016\/01\/25\/la-nostra-attivita\/","name":"La nostra attivit\u00e0 - Centro di Documentazione e Studio del Pontificato di Giovanni Paolo II a Roma","isPartOf":{"@id":"https:\/\/jp2doc.pl\/it\/#website"},"primaryImageOfPage":{"@id":"https:\/\/jp2doc.pl\/it\/2016\/01\/25\/la-nostra-attivita\/#primaryimage"},"image":{"@id":"https:\/\/jp2doc.pl\/it\/2016\/01\/25\/la-nostra-attivita\/#primaryimage"},"thumbnailUrl":"http:\/\/jp2doc.pl\/it\/wp-content\/uploads\/sites\/3\/2017\/04\/56a65a1845b6756a20f6da4e27dom.jpg","datePublished":"2016-01-25T10:17:09+00:00","dateModified":"2017-04-14T09:22:03+00:00","breadcrumb":{"@id":"https:\/\/jp2doc.pl\/it\/2016\/01\/25\/la-nostra-attivita\/#breadcrumb"},"inLanguage":"it-IT","potentialAction":[{"@type":"ReadAction","target":["https:\/\/jp2doc.pl\/it\/2016\/01\/25\/la-nostra-attivita\/"]}]},{"@type":"ImageObject","inLanguage":"it-IT","@id":"https:\/\/jp2doc.pl\/it\/2016\/01\/25\/la-nostra-attivita\/#primaryimage","url":"http:\/\/jp2doc.pl\/it\/wp-content\/uploads\/sites\/3\/2017\/04\/56a65a1845b6756a20f6da4e27dom.jpg","contentUrl":"http:\/\/jp2doc.pl\/it\/wp-content\/uploads\/sites\/3\/2017\/04\/56a65a1845b6756a20f6da4e27dom.jpg"},{"@type":"BreadcrumbList","@id":"https:\/\/jp2doc.pl\/it\/2016\/01\/25\/la-nostra-attivita\/#breadcrumb","itemListElement":[{"@type":"ListItem","position":1,"name":"Home","item":"https:\/\/jp2doc.pl\/it\/"},{"@type":"ListItem","position":2,"name":"La nostra attivit\u00e0"}]},{"@type":"WebSite","@id":"https:\/\/jp2doc.pl\/it\/#website","url":"https:\/\/jp2doc.pl\/it\/","name":"Centro di Documentazione e Studio del Pontificato di Giovanni Paolo II a Roma","description":"","publisher":{"@id":"https:\/\/jp2doc.pl\/it\/#organization"},"potentialAction":[{"@type":"SearchAction","target":{"@type":"EntryPoint","urlTemplate":"https:\/\/jp2doc.pl\/it\/?s={search_term_string}"},"query-input":{"@type":"PropertyValueSpecification","valueRequired":true,"valueName":"search_term_string"}}],"inLanguage":"it-IT"},{"@type":"Organization","@id":"https:\/\/jp2doc.pl\/it\/#organization","name":"Centro di Documentazione e Studio del Pontificato di Giovanni Paolo II a Roma","url":"https:\/\/jp2doc.pl\/it\/","logo":{"@type":"ImageObject","inLanguage":"it-IT","@id":"https:\/\/jp2doc.pl\/it\/#\/schema\/logo\/image\/","url":"https:\/\/jp2doc.pl\/it\/wp-content\/uploads\/sites\/3\/2017\/03\/cropped-logo.png","contentUrl":"https:\/\/jp2doc.pl\/it\/wp-content\/uploads\/sites\/3\/2017\/03\/cropped-logo.png","width":115,"height":115,"caption":"Centro di Documentazione e Studio del Pontificato di Giovanni Paolo II a Roma"},"image":{"@id":"https:\/\/jp2doc.pl\/it\/#\/schema\/logo\/image\/"}},{"@type":"Person","@id":"https:\/\/jp2doc.pl\/it\/#\/schema\/person\/bdb6226d49bc071fa63fbcdc7c8018ea","name":"Anna Rudzicka","image":{"@type":"ImageObject","inLanguage":"it-IT","@id":"https:\/\/jp2doc.pl\/it\/#\/schema\/person\/image\/","url":"https:\/\/secure.gravatar.com\/avatar\/3ec0a7913913c54ed56083375aea7afda203c4bb047ff7e8a0c2776876a5341e?s=96&d=mm&r=g","contentUrl":"https:\/\/secure.gravatar.com\/avatar\/3ec0a7913913c54ed56083375aea7afda203c4bb047ff7e8a0c2776876a5341e?s=96&d=mm&r=g","caption":"Anna Rudzicka"},"url":"https:\/\/jp2doc.pl\/it\/author\/ania\/"}]}},"_links":{"self":[{"href":"https:\/\/jp2doc.pl\/it\/wp-json\/wp\/v2\/posts\/1278","targetHints":{"allow":["GET"]}}],"collection":[{"href":"https:\/\/jp2doc.pl\/it\/wp-json\/wp\/v2\/posts"}],"about":[{"href":"https:\/\/jp2doc.pl\/it\/wp-json\/wp\/v2\/types\/post"}],"author":[{"embeddable":true,"href":"https:\/\/jp2doc.pl\/it\/wp-json\/wp\/v2\/users\/2"}],"replies":[{"embeddable":true,"href":"https:\/\/jp2doc.pl\/it\/wp-json\/wp\/v2\/comments?post=1278"}],"version-history":[{"count":1,"href":"https:\/\/jp2doc.pl\/it\/wp-json\/wp\/v2\/posts\/1278\/revisions"}],"predecessor-version":[{"id":1286,"href":"https:\/\/jp2doc.pl\/it\/wp-json\/wp\/v2\/posts\/1278\/revisions\/1286"}],"wp:attachment":[{"href":"https:\/\/jp2doc.pl\/it\/wp-json\/wp\/v2\/media?parent=1278"}],"wp:term":[{"taxonomy":"category","embeddable":true,"href":"https:\/\/jp2doc.pl\/it\/wp-json\/wp\/v2\/categories?post=1278"},{"taxonomy":"post_tag","embeddable":true,"href":"https:\/\/jp2doc.pl\/it\/wp-json\/wp\/v2\/tags?post=1278"}],"curies":[{"name":"wp","href":"https:\/\/api.w.org\/{rel}","templated":true}]}}