{"id":1287,"date":"2016-12-20T11:22:14","date_gmt":"2016-12-20T10:22:14","guid":{"rendered":"http:\/\/jp2doc.pl\/it\/?p=1287"},"modified":"2017-04-24T08:59:44","modified_gmt":"2017-04-24T06:59:44","slug":"il-natale-di-giovanni-paolo-ii","status":"publish","type":"post","link":"https:\/\/jp2doc.pl\/it\/2016\/12\/20\/il-natale-di-giovanni-paolo-ii\/","title":{"rendered":"Il Natale di Giovanni Paolo II"},"content":{"rendered":"<p>Nel libro pubblicato nel 2013 Miejsce dla ka\u017cdego. Opowie\u015b\u0107 o \u015bwi\u0119to\u015bci Jana Paw\u0142a II [Un posto per tutti. Racconto sulla santit\u00e0 di Giovanni Paolo II] che costituisce una trascrizione della conversazione di Brygida Grysiak con l&#8217;arcivescovo Mieczys\u0142aw Mokrzycki, II segretario del Santo Padre Giovanni Paolo II, leggiamo:<br \/>\n&#8220;L&#8217;arcivescovo Mokrzycki vedeva in Giovanni Paolo II un autentico guizzo negli occhi quando il Papa guardava il Bambinello nella mangiatoia, nel presepe. Lui guardava sempre quel piccolo Ges\u00f9 con amore. E quando Lo spostava dalla Basilica al presepio \u2013 lo faceva anche con grande amore \u2013 lo si vedeva da vicino. E poi, quando poneva il piccolo Ges\u00f9 sulle ginocchia di Maria, anche ci\u00f2 avveniva proprio nello stesso modo. E quando guardava dentro al presepe, non solo per una certa curiosit\u00e0 infantile, ma per mostrarci come si pu\u00f2 guardare Ges\u00f9.<a href=\"http:\/\/jp2doc.pl\/it\/wp-content\/uploads\/sites\/3\/2017\/04\/58590eb318af45t.jpg\"><img loading=\"lazy\" decoding=\"async\" width=\"560\" height=\"337\" class=\"aligncenter wp-image-1290 size-full\" src=\"http:\/\/jp2doc.pl\/it\/wp-content\/uploads\/sites\/3\/2017\/04\/58590eb318af45t.jpg\" alt=\"\" \/><\/a><\/p>\n<p>\u00c8 un brano molto importante non solo di questo Racconto sulla santit\u00e0 di Giovanni Paolo II, ma in generale per il nostro modo di vedere e di vivere il mistero dell&#8217;Incarnazione, di quella \u2013 come ripeteva don Jan Twardowski \u2013 &#8220;verit\u00e0 fondamentale, pi\u00f9 importante del cristianesimo&#8221;.<br \/>\n&#8220;Dio si \u00e8 fatto uomo \u2013 diceva il sacerdote-poeta. \u2013 \u00c8 una verit\u00e0 sbalorditiva, la pi\u00f9 profonda, la pi\u00f9 sorprendente dal punto di vista intellettuale. Non la si pu\u00f2 comprendere n\u00e9 inventare, doveva essere rivelata. Una delle diverse grandi verit\u00e0 teologiche \u2013 l&#8217;Incarnazione accanto alla Santissima Trinit\u00e0, l&#8217;Eucarestia e l&#8217;annuncio che guarderemo Dio faccia a faccia&#8221;.<br \/>\nGiovanni Paolo II era un mistico, cosa che viene gi\u00e0 rivelata dai suoi primi componimenti poetici. Nel Canto del Dio nascosto il chierico Karol Wojty\u0142a scrisse:<\/p>\n<blockquote><p>Sempre ritorni con la mente a quel mattino invernale.<br \/>\nDa tanti anni ormai credevi, sapevi certamente<br \/>\nma lo stupore non ti pu\u00f2 lasciare.<\/p>\n<p>Chino sopra la lampada, nel fascio di luce unita in alto,<br \/>\nsenza alzare il viso perch\u00e9 sarebbe inutile \u2013<br \/>\normai non sai se \u00e8 l\u00e0, l\u00e0 visto di lontano,<br \/>\noppure qui, nel profondo degli occhi chiusi \u2013<\/p>\n<p>\u00c8 l\u00e0. Mentre qui non c&#8217;\u00e8 soltanto tremore,<br \/>\nsoltanto le parole nel nulla ritrovate \u2013<br \/>\nah, ti rimane ancora un briciolo di questo stupore<br \/>\nche sar\u00e0 tutto il contenuto dell&#8217;eternit\u00e0.<br \/>\n(Rive piene di silenzio, 2)<\/p><\/blockquote>\n<blockquote><p>Ogni parola \u00e8 importante qui perch\u00e9 forse richiama il momento pi\u00f9 importante della vita del futuro santo. &#8220;Sempre ritorni&#8230;&#8221; Il protagonista continua a vivere quell&#8217;evento, quando gli si manifest\u00f2 Cristo, vivo e autentico, in un luogo concreto e in un tempo concreto \u2013 un certo &#8220;mattino invernale&#8221;. Lo trov\u00f2 preparato \u2013 &#8220;Da tanti anni ormai credevi, sapevi certamente&#8230;ma lo stupore non ti pu\u00f2 lasciare&#8221;. Sarebbe difficile il contrario poich\u00e9 l&#8217;autore di tale confessione raggiunse la trascendenza, la realt\u00e0 sovrannaturale, &#8220;quelle cose che occhio non vide, n\u00e9 orecchio ud\u00ec, n\u00e9 mai entrarono in cuore di uomo&#8221; (1 Cor 2, 9).<\/p><\/blockquote>\n<p><a href=\"http:\/\/jp2doc.pl\/it\/wp-content\/uploads\/sites\/3\/2017\/04\/58590ecc4c827062.jpg\"><img loading=\"lazy\" decoding=\"async\" width=\"560\" height=\"377\" class=\"aligncenter wp-image-1289 size-full\" src=\"http:\/\/jp2doc.pl\/it\/wp-content\/uploads\/sites\/3\/2017\/04\/58590ecc4c827062.jpg\" alt=\"\" \/><\/a><\/p>\n<p>Grazie alla fede il poeta non si \u00e8 lasciato sfuggire nulla di tale incontro, ha salvato in s\u00e9 \u2013 ripetiamo \u2013 &#8220;un briciolo di questo stupore\/che sar\u00e0 tutto il contenuto dell\u2019eternit\u00e0. Da quel momento continu\u00f2 a parlare dello stupore, persino di &#8220;stupore grande&#8221; come nel bellissimo brano del poema citato:<\/p>\n<blockquote><p>O maestri dell&#8217;Ellade, vi narro un grande miracolo:<br \/>\nnon importa vegliare sull\u2019Essere che scorre via tra le dita,<br \/>\nc&#8217;\u00e8 la Bellezza reale,<br \/>\ncelata sotto il Sangue vivo.<br \/>\n(Rive piene di silenzio, 13)<\/p><\/blockquote>\n<p>Ed ancora un brano con quella parola-chiave, stupore:<\/p>\n<blockquote><p>Penso spesso a quel giorno di visione<br \/>\nche sar\u00e0 pieno di stupore<br \/>\nper la Tua semplicit\u00e0<br \/>\nche tiene in pugno il mondo<br \/>\ne in cui esso dura, intatto<br \/>\nfin qui<br \/>\n&#8211; e oltre.<\/p>\n<p>E allora il semplice imperativo diviene crescente nostalgia<br \/>\ndi quel giorno<br \/>\nche ogni cosa avvolger\u00e0 nella sua semplicit\u00e0 sconfinata<br \/>\ne in un soffio amoroso.<br \/>\n(Rive piene di silenzio,16)<\/p><\/blockquote>\n<p>Un altro brano del poema non lascia dubbi che il momento pi\u00f9 importante che si pu\u00f2 ritenere la fonte della nostalgia umana per Cristo \u00e8 rappresentato dalle vicissitudini infantili legate al Natale che rimangono in noi per sempre. Da ci\u00f2 viene quel &#8220;guizzo negli occhi quando il Papa guardava il Bambinello nella mangiatoia, nel presepe&#8221;, ricordato dall&#8217;arcivescovo Mokrzycki. E l&#8217;assicurazione che Giovanni Paolo II &#8220;guardava sempre quel piccolo Ges\u00f9 con amore&#8221;.<br \/>\nNel poema descritto ritroviamo strofe che confermano tale testimonianza commovente:<\/p>\n<blockquote><p>Se l&#8217;amore tanto pi\u00f9 \u00e8 grande quanto pi\u00f9 semplice,<br \/>\nse il desiderio pi\u00f9 semplice sta nella nostalgia<br \/>\nallora non \u00e8 strano che Dio voglia<br \/>\nessere accolto dai semplici<br \/>\nda quelli che hanno candido il cuore<br \/>\ne per il loro amore non trovano parole.<\/p>\n<p>Ed Egli stesso nell&#8217;offerta<br \/>\nc&#8217;incant\u00f2 con la sua semplicit\u00e0,<br \/>\nla povert\u00e0, la mangiatoia, il fieno.<br \/>\nLa Madre, allora, sollev\u00f2 il Bambino<br \/>\ne lo cullava tra le braccia<br \/>\ne nelle fasce Gli avvolgeva i piedi.<br \/>\n(Canto del sole inesauribile, 7)<\/p><\/blockquote>\n<p><a href=\"http:\/\/jp2doc.pl\/it\/wp-content\/uploads\/sites\/3\/2017\/04\/58590ec043c744r.jpg\"><img loading=\"lazy\" decoding=\"async\" width=\"560\" height=\"365\" class=\"aligncenter wp-image-1288 size-full\" src=\"http:\/\/jp2doc.pl\/it\/wp-content\/uploads\/sites\/3\/2017\/04\/58590ec043c744r.jpg\" alt=\"\" \/><\/a><\/p>\n<p>Gi\u00e0 da una certa prospettiva \u00e8 impossibile separare il rapimento infantile per il piccolo Ges\u00f9, il presepe, la mangiatoia e il fieno, dal vivere cosciente del mistero inconcepibile, dal miracolo della nascita di Dio che c&#8217;era sempre, ma per noi, per la nostra salvezza \u2013 come diciamo nella preghiera \u2013 si \u00e8 fatto uomo. Sono convinto che nel caso di san Giovanni Paolo II possiamo parlare di incontro mistico con Cristo, vivo e autentico come quelli annotati nel Diario di santa Faustyna.<br \/>\n&#8220;Per i cristiani \u2013 scriveva mons. Zbigniew Kiernikowski \u2013 il momento di svolta nella comprensione della mistica \u00e8 l&#8217;incarnazione di Ges\u00f9 Cristo. [&#8230;] Nel Verbo Incarnato il Dio trascendente \u00e8 divenuto tangibile e molto vicino all&#8217;uomo in un qualche modo addirittura a lui sottomesso. [&#8230;] La conoscenza da parte dell&#8217;uomo di tale intimit\u00e0 colma d&#8217;amore che ama cos\u00ec tanto [&#8230;] ha il potere di condurre l&#8217;uomo alla contemplazione ed all&#8217;estasi, ossia di uscire da se stesso per essere unito con Dio che viene in questo modo dall&#8217;uomo&#8221;.<br \/>\nE proprio questo stato viene espresso dalle strofe poetiche di Karol Wojty\u0142a:<\/p>\n<blockquote><p>L&#8217;amore mi ha spiegato ogni cosa,<br \/>\nl&#8217;amore ha risolto tutto per me \u2013<br \/>\nperci\u00f2 ammiro questo Amore<br \/>\ndovunque Esso si trovi.<br \/>\n(Rive piene di silenzio, 5)<\/p><\/blockquote>\n<p>L&#8217;intero amore viene da L\u00e0, Dio \u00e8 Amore \u2013 questa verit\u00e0 che scaturisce dalla grotta di Betlemme ci abbraccia come l&#8217;amore dei genitori, non pu\u00f2 non esserci, pare &#8220;da sempre&#8221;. Il rapimento e l&#8217;adorazione con cui ci avviciniamo a Ges\u00f9, l&#8217;Amore che \u00e8 venuto al mondo, rimangono invariati persino quando abbiamo smesso di essere bambini da molto tempo. Il presepe di Natale infatti \u00e8 l&#8217;inizio dei nostri incontri con il Dio Incarnato. Similmente viviamo in seguito la preparazione ad accogliere Ges\u00f9 nel cuore puro:<\/p>\n<blockquote><p>In uno sguardo infantile<br \/>\nconcentrato sull\u2019Ostia soave<br \/>\nincontrai il Padre Divino<br \/>\nche con immenso amore mi guardava.<br \/>\n(Canto del sole inesauribile, 8)<\/p><\/blockquote>\n<p>Ammettiamolo, non tutti conservano quel rapimento negli anni pi\u00f9 maturi. Ma vi sono anche coloro che, abbracciando con l&#8217;intelletto esperienze sempre pi\u00f9 ampie, non perdono nulla del rapimento infantile, per questo in Giovanni Paolo II \u2013 ripetiamolo ancora una volta, tornando alla testimonianza dell&#8217;arcivescovo Mokrzycki \u2013 quel guizzo negli occhi al solo pensiero dell&#8217;amore sterminato con cui il Creatore ci circonda.<\/p>\n<p style=\"text-align: right;\"><strong>Waldemar Smaszcz<\/strong><\/p>\n","protected":false},"excerpt":{"rendered":"<p>Articolo di Waldemar Smaszcz<\/p>\n","protected":false},"author":2,"featured_media":1290,"comment_status":"open","ping_status":"open","sticky":false,"template":"","format":"standard","meta":{"_acf_changed":false,"_exactmetrics_skip_tracking":false,"_exactmetrics_sitenote_active":false,"_exactmetrics_sitenote_note":"","_exactmetrics_sitenote_category":0,"footnotes":""},"categories":[2],"tags":[],"class_list":["post-1287","post","type-post","status-publish","format-standard","has-post-thumbnail","hentry","category-articoli"],"acf":[],"yoast_head":"<!-- This site is optimized with the Yoast SEO plugin v26.2 - https:\/\/yoast.com\/wordpress\/plugins\/seo\/ -->\n<title>Il Natale di Giovanni Paolo II - Centro di Documentazione e Studio del Pontificato di Giovanni Paolo II a Roma<\/title>\n<meta name=\"robots\" content=\"index, follow, max-snippet:-1, max-image-preview:large, max-video-preview:-1\" \/>\n<link rel=\"canonical\" href=\"https:\/\/jp2doc.pl\/it\/2016\/12\/20\/il-natale-di-giovanni-paolo-ii\/\" \/>\n<meta property=\"og:locale\" content=\"it_IT\" \/>\n<meta property=\"og:type\" content=\"article\" \/>\n<meta property=\"og:title\" content=\"Il Natale di Giovanni Paolo II - Centro di Documentazione e Studio del Pontificato di Giovanni Paolo II a Roma\" \/>\n<meta property=\"og:description\" content=\"Articolo di Waldemar Smaszcz\" \/>\n<meta property=\"og:url\" content=\"https:\/\/jp2doc.pl\/it\/2016\/12\/20\/il-natale-di-giovanni-paolo-ii\/\" \/>\n<meta property=\"og:site_name\" content=\"Centro di Documentazione e Studio del Pontificato di Giovanni Paolo II a Roma\" \/>\n<meta property=\"article:published_time\" content=\"2016-12-20T10:22:14+00:00\" \/>\n<meta property=\"article:modified_time\" content=\"2017-04-24T06:59:44+00:00\" \/>\n<meta property=\"og:image\" content=\"https:\/\/jp2doc.pl\/it\/wp-content\/uploads\/sites\/3\/2017\/04\/58590eb318af45t.jpg\" \/>\n\t<meta property=\"og:image:width\" content=\"560\" \/>\n\t<meta property=\"og:image:height\" content=\"337\" \/>\n\t<meta property=\"og:image:type\" content=\"image\/jpeg\" \/>\n<meta name=\"author\" content=\"Anna Rudzicka\" \/>\n<meta name=\"twitter:card\" content=\"summary_large_image\" \/>\n<meta name=\"twitter:label1\" content=\"Scritto da\" \/>\n\t<meta name=\"twitter:data1\" content=\"Anna Rudzicka\" \/>\n\t<meta name=\"twitter:label2\" content=\"Tempo di lettura stimato\" \/>\n\t<meta name=\"twitter:data2\" content=\"6 minuti\" \/>\n<script type=\"application\/ld+json\" class=\"yoast-schema-graph\">{\"@context\":\"https:\/\/schema.org\",\"@graph\":[{\"@type\":\"Article\",\"@id\":\"https:\/\/jp2doc.pl\/it\/2016\/12\/20\/il-natale-di-giovanni-paolo-ii\/#article\",\"isPartOf\":{\"@id\":\"https:\/\/jp2doc.pl\/it\/2016\/12\/20\/il-natale-di-giovanni-paolo-ii\/\"},\"author\":{\"name\":\"Anna Rudzicka\",\"@id\":\"https:\/\/jp2doc.pl\/it\/#\/schema\/person\/bdb6226d49bc071fa63fbcdc7c8018ea\"},\"headline\":\"Il Natale di Giovanni Paolo II\",\"datePublished\":\"2016-12-20T10:22:14+00:00\",\"dateModified\":\"2017-04-24T06:59:44+00:00\",\"mainEntityOfPage\":{\"@id\":\"https:\/\/jp2doc.pl\/it\/2016\/12\/20\/il-natale-di-giovanni-paolo-ii\/\"},\"wordCount\":1149,\"commentCount\":0,\"publisher\":{\"@id\":\"https:\/\/jp2doc.pl\/it\/#organization\"},\"image\":{\"@id\":\"https:\/\/jp2doc.pl\/it\/2016\/12\/20\/il-natale-di-giovanni-paolo-ii\/#primaryimage\"},\"thumbnailUrl\":\"https:\/\/jp2doc.pl\/it\/wp-content\/uploads\/sites\/3\/2017\/04\/58590eb318af45t.jpg\",\"articleSection\":[\"Articoli\"],\"inLanguage\":\"it-IT\",\"potentialAction\":[{\"@type\":\"CommentAction\",\"name\":\"Comment\",\"target\":[\"https:\/\/jp2doc.pl\/it\/2016\/12\/20\/il-natale-di-giovanni-paolo-ii\/#respond\"]}]},{\"@type\":\"WebPage\",\"@id\":\"https:\/\/jp2doc.pl\/it\/2016\/12\/20\/il-natale-di-giovanni-paolo-ii\/\",\"url\":\"https:\/\/jp2doc.pl\/it\/2016\/12\/20\/il-natale-di-giovanni-paolo-ii\/\",\"name\":\"Il Natale di Giovanni Paolo II - Centro di Documentazione e Studio del Pontificato di Giovanni Paolo II a Roma\",\"isPartOf\":{\"@id\":\"https:\/\/jp2doc.pl\/it\/#website\"},\"primaryImageOfPage\":{\"@id\":\"https:\/\/jp2doc.pl\/it\/2016\/12\/20\/il-natale-di-giovanni-paolo-ii\/#primaryimage\"},\"image\":{\"@id\":\"https:\/\/jp2doc.pl\/it\/2016\/12\/20\/il-natale-di-giovanni-paolo-ii\/#primaryimage\"},\"thumbnailUrl\":\"https:\/\/jp2doc.pl\/it\/wp-content\/uploads\/sites\/3\/2017\/04\/58590eb318af45t.jpg\",\"datePublished\":\"2016-12-20T10:22:14+00:00\",\"dateModified\":\"2017-04-24T06:59:44+00:00\",\"breadcrumb\":{\"@id\":\"https:\/\/jp2doc.pl\/it\/2016\/12\/20\/il-natale-di-giovanni-paolo-ii\/#breadcrumb\"},\"inLanguage\":\"it-IT\",\"potentialAction\":[{\"@type\":\"ReadAction\",\"target\":[\"https:\/\/jp2doc.pl\/it\/2016\/12\/20\/il-natale-di-giovanni-paolo-ii\/\"]}]},{\"@type\":\"ImageObject\",\"inLanguage\":\"it-IT\",\"@id\":\"https:\/\/jp2doc.pl\/it\/2016\/12\/20\/il-natale-di-giovanni-paolo-ii\/#primaryimage\",\"url\":\"https:\/\/jp2doc.pl\/it\/wp-content\/uploads\/sites\/3\/2017\/04\/58590eb318af45t.jpg\",\"contentUrl\":\"https:\/\/jp2doc.pl\/it\/wp-content\/uploads\/sites\/3\/2017\/04\/58590eb318af45t.jpg\",\"width\":560,\"height\":337},{\"@type\":\"BreadcrumbList\",\"@id\":\"https:\/\/jp2doc.pl\/it\/2016\/12\/20\/il-natale-di-giovanni-paolo-ii\/#breadcrumb\",\"itemListElement\":[{\"@type\":\"ListItem\",\"position\":1,\"name\":\"Home\",\"item\":\"https:\/\/jp2doc.pl\/it\/\"},{\"@type\":\"ListItem\",\"position\":2,\"name\":\"Il Natale di Giovanni Paolo II\"}]},{\"@type\":\"WebSite\",\"@id\":\"https:\/\/jp2doc.pl\/it\/#website\",\"url\":\"https:\/\/jp2doc.pl\/it\/\",\"name\":\"Centro di Documentazione e Studio del Pontificato di Giovanni Paolo II a Roma\",\"description\":\"\",\"publisher\":{\"@id\":\"https:\/\/jp2doc.pl\/it\/#organization\"},\"potentialAction\":[{\"@type\":\"SearchAction\",\"target\":{\"@type\":\"EntryPoint\",\"urlTemplate\":\"https:\/\/jp2doc.pl\/it\/?s={search_term_string}\"},\"query-input\":{\"@type\":\"PropertyValueSpecification\",\"valueRequired\":true,\"valueName\":\"search_term_string\"}}],\"inLanguage\":\"it-IT\"},{\"@type\":\"Organization\",\"@id\":\"https:\/\/jp2doc.pl\/it\/#organization\",\"name\":\"Centro di Documentazione e Studio del Pontificato di Giovanni Paolo II a Roma\",\"url\":\"https:\/\/jp2doc.pl\/it\/\",\"logo\":{\"@type\":\"ImageObject\",\"inLanguage\":\"it-IT\",\"@id\":\"https:\/\/jp2doc.pl\/it\/#\/schema\/logo\/image\/\",\"url\":\"https:\/\/jp2doc.pl\/it\/wp-content\/uploads\/sites\/3\/2017\/03\/cropped-logo.png\",\"contentUrl\":\"https:\/\/jp2doc.pl\/it\/wp-content\/uploads\/sites\/3\/2017\/03\/cropped-logo.png\",\"width\":115,\"height\":115,\"caption\":\"Centro di Documentazione e Studio del Pontificato di Giovanni Paolo II a Roma\"},\"image\":{\"@id\":\"https:\/\/jp2doc.pl\/it\/#\/schema\/logo\/image\/\"}},{\"@type\":\"Person\",\"@id\":\"https:\/\/jp2doc.pl\/it\/#\/schema\/person\/bdb6226d49bc071fa63fbcdc7c8018ea\",\"name\":\"Anna Rudzicka\",\"image\":{\"@type\":\"ImageObject\",\"inLanguage\":\"it-IT\",\"@id\":\"https:\/\/jp2doc.pl\/it\/#\/schema\/person\/image\/\",\"url\":\"https:\/\/secure.gravatar.com\/avatar\/3ec0a7913913c54ed56083375aea7afda203c4bb047ff7e8a0c2776876a5341e?s=96&d=mm&r=g\",\"contentUrl\":\"https:\/\/secure.gravatar.com\/avatar\/3ec0a7913913c54ed56083375aea7afda203c4bb047ff7e8a0c2776876a5341e?s=96&d=mm&r=g\",\"caption\":\"Anna Rudzicka\"},\"url\":\"https:\/\/jp2doc.pl\/it\/author\/ania\/\"}]}<\/script>\n<!-- \/ Yoast SEO plugin. -->","yoast_head_json":{"title":"Il Natale di Giovanni Paolo II - Centro di Documentazione e Studio del Pontificato di Giovanni Paolo II a Roma","robots":{"index":"index","follow":"follow","max-snippet":"max-snippet:-1","max-image-preview":"max-image-preview:large","max-video-preview":"max-video-preview:-1"},"canonical":"https:\/\/jp2doc.pl\/it\/2016\/12\/20\/il-natale-di-giovanni-paolo-ii\/","og_locale":"it_IT","og_type":"article","og_title":"Il Natale di Giovanni Paolo II - Centro di Documentazione e Studio del Pontificato di Giovanni Paolo II a Roma","og_description":"Articolo di Waldemar Smaszcz","og_url":"https:\/\/jp2doc.pl\/it\/2016\/12\/20\/il-natale-di-giovanni-paolo-ii\/","og_site_name":"Centro di Documentazione e Studio del Pontificato di Giovanni Paolo II a Roma","article_published_time":"2016-12-20T10:22:14+00:00","article_modified_time":"2017-04-24T06:59:44+00:00","og_image":[{"width":560,"height":337,"url":"https:\/\/jp2doc.pl\/it\/wp-content\/uploads\/sites\/3\/2017\/04\/58590eb318af45t.jpg","type":"image\/jpeg"}],"author":"Anna Rudzicka","twitter_card":"summary_large_image","twitter_misc":{"Scritto da":"Anna Rudzicka","Tempo di lettura stimato":"6 minuti"},"schema":{"@context":"https:\/\/schema.org","@graph":[{"@type":"Article","@id":"https:\/\/jp2doc.pl\/it\/2016\/12\/20\/il-natale-di-giovanni-paolo-ii\/#article","isPartOf":{"@id":"https:\/\/jp2doc.pl\/it\/2016\/12\/20\/il-natale-di-giovanni-paolo-ii\/"},"author":{"name":"Anna Rudzicka","@id":"https:\/\/jp2doc.pl\/it\/#\/schema\/person\/bdb6226d49bc071fa63fbcdc7c8018ea"},"headline":"Il Natale di Giovanni Paolo II","datePublished":"2016-12-20T10:22:14+00:00","dateModified":"2017-04-24T06:59:44+00:00","mainEntityOfPage":{"@id":"https:\/\/jp2doc.pl\/it\/2016\/12\/20\/il-natale-di-giovanni-paolo-ii\/"},"wordCount":1149,"commentCount":0,"publisher":{"@id":"https:\/\/jp2doc.pl\/it\/#organization"},"image":{"@id":"https:\/\/jp2doc.pl\/it\/2016\/12\/20\/il-natale-di-giovanni-paolo-ii\/#primaryimage"},"thumbnailUrl":"https:\/\/jp2doc.pl\/it\/wp-content\/uploads\/sites\/3\/2017\/04\/58590eb318af45t.jpg","articleSection":["Articoli"],"inLanguage":"it-IT","potentialAction":[{"@type":"CommentAction","name":"Comment","target":["https:\/\/jp2doc.pl\/it\/2016\/12\/20\/il-natale-di-giovanni-paolo-ii\/#respond"]}]},{"@type":"WebPage","@id":"https:\/\/jp2doc.pl\/it\/2016\/12\/20\/il-natale-di-giovanni-paolo-ii\/","url":"https:\/\/jp2doc.pl\/it\/2016\/12\/20\/il-natale-di-giovanni-paolo-ii\/","name":"Il Natale di Giovanni Paolo II - Centro di Documentazione e Studio del Pontificato di Giovanni Paolo II a Roma","isPartOf":{"@id":"https:\/\/jp2doc.pl\/it\/#website"},"primaryImageOfPage":{"@id":"https:\/\/jp2doc.pl\/it\/2016\/12\/20\/il-natale-di-giovanni-paolo-ii\/#primaryimage"},"image":{"@id":"https:\/\/jp2doc.pl\/it\/2016\/12\/20\/il-natale-di-giovanni-paolo-ii\/#primaryimage"},"thumbnailUrl":"https:\/\/jp2doc.pl\/it\/wp-content\/uploads\/sites\/3\/2017\/04\/58590eb318af45t.jpg","datePublished":"2016-12-20T10:22:14+00:00","dateModified":"2017-04-24T06:59:44+00:00","breadcrumb":{"@id":"https:\/\/jp2doc.pl\/it\/2016\/12\/20\/il-natale-di-giovanni-paolo-ii\/#breadcrumb"},"inLanguage":"it-IT","potentialAction":[{"@type":"ReadAction","target":["https:\/\/jp2doc.pl\/it\/2016\/12\/20\/il-natale-di-giovanni-paolo-ii\/"]}]},{"@type":"ImageObject","inLanguage":"it-IT","@id":"https:\/\/jp2doc.pl\/it\/2016\/12\/20\/il-natale-di-giovanni-paolo-ii\/#primaryimage","url":"https:\/\/jp2doc.pl\/it\/wp-content\/uploads\/sites\/3\/2017\/04\/58590eb318af45t.jpg","contentUrl":"https:\/\/jp2doc.pl\/it\/wp-content\/uploads\/sites\/3\/2017\/04\/58590eb318af45t.jpg","width":560,"height":337},{"@type":"BreadcrumbList","@id":"https:\/\/jp2doc.pl\/it\/2016\/12\/20\/il-natale-di-giovanni-paolo-ii\/#breadcrumb","itemListElement":[{"@type":"ListItem","position":1,"name":"Home","item":"https:\/\/jp2doc.pl\/it\/"},{"@type":"ListItem","position":2,"name":"Il Natale di Giovanni Paolo II"}]},{"@type":"WebSite","@id":"https:\/\/jp2doc.pl\/it\/#website","url":"https:\/\/jp2doc.pl\/it\/","name":"Centro di Documentazione e Studio del Pontificato di Giovanni Paolo II a Roma","description":"","publisher":{"@id":"https:\/\/jp2doc.pl\/it\/#organization"},"potentialAction":[{"@type":"SearchAction","target":{"@type":"EntryPoint","urlTemplate":"https:\/\/jp2doc.pl\/it\/?s={search_term_string}"},"query-input":{"@type":"PropertyValueSpecification","valueRequired":true,"valueName":"search_term_string"}}],"inLanguage":"it-IT"},{"@type":"Organization","@id":"https:\/\/jp2doc.pl\/it\/#organization","name":"Centro di Documentazione e Studio del Pontificato di Giovanni Paolo II a Roma","url":"https:\/\/jp2doc.pl\/it\/","logo":{"@type":"ImageObject","inLanguage":"it-IT","@id":"https:\/\/jp2doc.pl\/it\/#\/schema\/logo\/image\/","url":"https:\/\/jp2doc.pl\/it\/wp-content\/uploads\/sites\/3\/2017\/03\/cropped-logo.png","contentUrl":"https:\/\/jp2doc.pl\/it\/wp-content\/uploads\/sites\/3\/2017\/03\/cropped-logo.png","width":115,"height":115,"caption":"Centro di Documentazione e Studio del Pontificato di Giovanni Paolo II a Roma"},"image":{"@id":"https:\/\/jp2doc.pl\/it\/#\/schema\/logo\/image\/"}},{"@type":"Person","@id":"https:\/\/jp2doc.pl\/it\/#\/schema\/person\/bdb6226d49bc071fa63fbcdc7c8018ea","name":"Anna Rudzicka","image":{"@type":"ImageObject","inLanguage":"it-IT","@id":"https:\/\/jp2doc.pl\/it\/#\/schema\/person\/image\/","url":"https:\/\/secure.gravatar.com\/avatar\/3ec0a7913913c54ed56083375aea7afda203c4bb047ff7e8a0c2776876a5341e?s=96&d=mm&r=g","contentUrl":"https:\/\/secure.gravatar.com\/avatar\/3ec0a7913913c54ed56083375aea7afda203c4bb047ff7e8a0c2776876a5341e?s=96&d=mm&r=g","caption":"Anna Rudzicka"},"url":"https:\/\/jp2doc.pl\/it\/author\/ania\/"}]}},"_links":{"self":[{"href":"https:\/\/jp2doc.pl\/it\/wp-json\/wp\/v2\/posts\/1287","targetHints":{"allow":["GET"]}}],"collection":[{"href":"https:\/\/jp2doc.pl\/it\/wp-json\/wp\/v2\/posts"}],"about":[{"href":"https:\/\/jp2doc.pl\/it\/wp-json\/wp\/v2\/types\/post"}],"author":[{"embeddable":true,"href":"https:\/\/jp2doc.pl\/it\/wp-json\/wp\/v2\/users\/2"}],"replies":[{"embeddable":true,"href":"https:\/\/jp2doc.pl\/it\/wp-json\/wp\/v2\/comments?post=1287"}],"version-history":[{"count":3,"href":"https:\/\/jp2doc.pl\/it\/wp-json\/wp\/v2\/posts\/1287\/revisions"}],"predecessor-version":[{"id":1293,"href":"https:\/\/jp2doc.pl\/it\/wp-json\/wp\/v2\/posts\/1287\/revisions\/1293"}],"wp:featuredmedia":[{"embeddable":true,"href":"https:\/\/jp2doc.pl\/it\/wp-json\/wp\/v2\/media\/1290"}],"wp:attachment":[{"href":"https:\/\/jp2doc.pl\/it\/wp-json\/wp\/v2\/media?parent=1287"}],"wp:term":[{"taxonomy":"category","embeddable":true,"href":"https:\/\/jp2doc.pl\/it\/wp-json\/wp\/v2\/categories?post=1287"},{"taxonomy":"post_tag","embeddable":true,"href":"https:\/\/jp2doc.pl\/it\/wp-json\/wp\/v2\/tags?post=1287"}],"curies":[{"name":"wp","href":"https:\/\/api.w.org\/{rel}","templated":true}]}}