{"id":1297,"date":"2016-12-06T11:37:19","date_gmt":"2016-12-06T10:37:19","guid":{"rendered":"http:\/\/jp2doc.pl\/it\/?p=1297"},"modified":"2017-04-24T08:59:24","modified_gmt":"2017-04-24T06:59:24","slug":"lavvocato-della-nostra-causa","status":"publish","type":"post","link":"https:\/\/jp2doc.pl\/it\/2016\/12\/06\/lavvocato-della-nostra-causa\/","title":{"rendered":"L&#8217;avvocato della nostra causa"},"content":{"rendered":"<p>\u00c8 passato a vita eterna l&#8217;avvocato Maciej Bednarkiewicz. La sua morte (11 novembre a.c.) ha posto fine al tempo del suo pellegrinaggio terreno, 76 anni di vita e settimane di malattia grave. Il 17 novembre si \u00e8 tenuto il funerale dell&#8217;Avvocato. La Santa Messa funebre si \u00e8 svolta nella cattedrale di san Giovanni Battista a Varsavia. La liturgia \u00e8 stata presieduta dal card. Kazimierz Nycz mentre l&#8217;omelia \u00e8 stata pronunciata dal card. Stanis\u0142aw Dziwisz. Il defunto \u00e8 stato sepolto al Cimitero di Pow\u0105zki.<a href=\"http:\/\/jp2doc.pl\/it\/wp-content\/uploads\/sites\/3\/2017\/04\/5846e93319741584557c7aedaekk.jpg\"><img loading=\"lazy\" decoding=\"async\" width=\"560\" height=\"373\" class=\"aligncenter wp-image-1298 size-full\" src=\"http:\/\/jp2doc.pl\/it\/wp-content\/uploads\/sites\/3\/2017\/04\/5846e93319741584557c7aedaekk.jpg\" alt=\"\" \/><\/a><\/p>\n<p>Per gli appartenenti all&#8217;ambiente della Fondazione &#8220;Giovanni Paolo II&#8221; la morte dell&#8217;avv. Bednarkiewicz \u00e8 una perdita irreparabile. Dai primi anni &#8217;90 fu membro del Consiglio di Amministrazione. Diresse la rappresentanza giuridica della Fondazione in Polonia curando, insieme alla moglie Ewa Bednarkiewicz, il programma stipendiale della Fondazione per i giovani provenienti dall&#8217;Europa Centro-Orientale che studiavano all&#8217;Universit\u00e0 Cattolica di Lublino &#8220;Giovanni Paolo II&#8221;. Si interess\u00f2 vivamente all&#8217;attivit\u00e0 del Centro di Documentazione e di Studio del Pontificato di Roma. Mi permetto di sottolinearlo e di ricordarlo in quanto gli stava molto a cuore la questione della custodia e della diffusione dell&#8217;eredit\u00e0 del Santo Padre.<\/p>\n<p>In occasione di ciascun soggiorno dell&#8217;avv. Bednarkiewicz alla Casa Polacca di via Cassia parlavo con lui di tale argomento. Faceva sempre riferimento a Giovanni Paolo II che desiderava che la documentazione raccolta, specie quella della biblioteca, fosse d&#8217;aiuto agli studi approfonditi teologici, filosofici e storici. Era convinto che il Centro del Pontificato doveva rimanere nella Citt\u00e0 Eterna continuando la collaborazione con l&#8217;ambiente accademico di Roma, ma mantenendo i legami con le istituzioni in Patria. Riteneva che in futuro sarebbe stata cosa utile che il Centro del Pontificato, rimanendo parte integrante della Fondazione, avesse la propria personalit\u00e0 giuridica che dava maggiori possibilit\u00e0 di sviluppo scientifico e di attivit\u00e0 nell&#8217;ambiente accademico.<\/p>\n<p>Prima di conoscere personalmente l&#8217;avv. Bednarkiewicz nel gennaio 2008 ne avevo sentito parlare prima in quanto era un noto difensore delle persone perseguitate dal regime comunista e un attivista dell&#8217;opposizione di Solidarno\u015b\u0107. La conversazione con lui su argomenti sociali, politici e giuridici mi arricchiva e pi\u00f9 volte apriva nuovi orizzonti di pensiero. Della sua persona mi affascinava qualcos&#8217;altro che vorrei anche esprimere in questo ricordo.<a href=\"http:\/\/jp2doc.pl\/it\/wp-content\/uploads\/sites\/3\/2017\/04\/5846e940dac03584557f384a45tErktk.jpg\"><img loading=\"lazy\" decoding=\"async\" width=\"560\" height=\"316\" class=\"aligncenter wp-image-1299 size-full\" src=\"http:\/\/jp2doc.pl\/it\/wp-content\/uploads\/sites\/3\/2017\/04\/5846e940dac03584557f384a45tErktk.jpg\" alt=\"\" \/><\/a><\/p>\n<p>Il signor Maciej Bednarkiewicz era un uomo di profonda preghiera. Dopo la Santa Messa rimaneva per lunghi attimi immerso nella preghiera. Suppongo che da tale intimit\u00e0 con Dio attingesse la forza, la saggezza e la pazienza necessarie per tutta la giornata. Un&#8217;altra caratteristica che mi \u00e8 rimasta particolarmente impressa nella memoria era l&#8217;elevato livello di educazione personale. Si manifestava in diversi modi, tra l&#8217;altro nella delicatezza e nella gentilezza o nell&#8217;atteggiamento di premura per la moglie o anche di rispetto nei confronti delle donne. Si vedeva che aveva nel sangue il modo di essere cavalleresco. Mi edificavo con il suo esempio. Per questo gli sono grato come pure per l&#8217;interessamento per l&#8217;attivit\u00e0 corrente del Centro del Pontificato e il suo futuro.<\/p>\n<p>Avvocato, non doveva andare cos\u00ec, non doveva proprio andare cos\u00ec! Avevamo almeno due questioni da sbrigare per quanto concerne il Centro del Pontificato&#8230; Abbiamo pregato per il miracolo ma non \u00e8 avvenuto. Non ci rimane che credere che il luogo in cui Lei ora soggiorna \u00e8 meraviglioso e che ci si sta bene! Non vi sono malattie n\u00e9 sofferenze, non vi sono torti umani n\u00e9 lotte, perch\u00e9 la giustizia di Dio meravigliosamente unita alla misericordia porta la pace, cosa che la giustizia umana non riesce a dare. Raccomandi la Fondazione al Signore Dio ed all&#8217;intercessione di san Giovanni Paolo II e ci sostenga affinch\u00e9 perseveriamo nel cammino.<\/p>\n<p style=\"text-align: right;\"><strong>Don Andrzej Dobrzy\u0144ski<\/strong><\/p>\n","protected":false},"excerpt":{"rendered":"<p>Il compianto Maciej Bednarkiewicz<\/p>\n","protected":false},"author":2,"featured_media":1298,"comment_status":"open","ping_status":"open","sticky":false,"template":"","format":"standard","meta":{"_acf_changed":false,"_exactmetrics_skip_tracking":false,"_exactmetrics_sitenote_active":false,"_exactmetrics_sitenote_note":"","_exactmetrics_sitenote_category":0,"footnotes":""},"categories":[2],"tags":[],"class_list":["post-1297","post","type-post","status-publish","format-standard","has-post-thumbnail","hentry","category-articoli"],"acf":[],"yoast_head":"<!-- This site is optimized with the Yoast SEO plugin v26.2 - https:\/\/yoast.com\/wordpress\/plugins\/seo\/ -->\n<title>L&#039;avvocato della nostra causa - Centro di Documentazione e Studio del Pontificato di Giovanni Paolo II a Roma<\/title>\n<meta name=\"robots\" content=\"index, follow, max-snippet:-1, max-image-preview:large, max-video-preview:-1\" \/>\n<link rel=\"canonical\" href=\"https:\/\/jp2doc.pl\/it\/2016\/12\/06\/lavvocato-della-nostra-causa\/\" \/>\n<meta property=\"og:locale\" content=\"it_IT\" \/>\n<meta property=\"og:type\" content=\"article\" \/>\n<meta property=\"og:title\" content=\"L&#039;avvocato della nostra causa - Centro di Documentazione e Studio del Pontificato di Giovanni Paolo II a Roma\" \/>\n<meta property=\"og:description\" content=\"Il compianto Maciej Bednarkiewicz\" \/>\n<meta property=\"og:url\" content=\"https:\/\/jp2doc.pl\/it\/2016\/12\/06\/lavvocato-della-nostra-causa\/\" \/>\n<meta property=\"og:site_name\" content=\"Centro di Documentazione e Studio del Pontificato di Giovanni Paolo II a Roma\" \/>\n<meta property=\"article:published_time\" content=\"2016-12-06T10:37:19+00:00\" \/>\n<meta property=\"article:modified_time\" content=\"2017-04-24T06:59:24+00:00\" \/>\n<meta property=\"og:image\" content=\"https:\/\/jp2doc.pl\/it\/wp-content\/uploads\/sites\/3\/2017\/04\/5846e93319741584557c7aedaekk.jpg\" \/>\n\t<meta property=\"og:image:width\" content=\"560\" \/>\n\t<meta property=\"og:image:height\" content=\"373\" \/>\n\t<meta property=\"og:image:type\" content=\"image\/jpeg\" \/>\n<meta name=\"author\" content=\"Anna Rudzicka\" \/>\n<meta name=\"twitter:card\" content=\"summary_large_image\" \/>\n<meta name=\"twitter:label1\" content=\"Scritto da\" \/>\n\t<meta name=\"twitter:data1\" content=\"Anna Rudzicka\" \/>\n\t<meta name=\"twitter:label2\" content=\"Tempo di lettura stimato\" \/>\n\t<meta name=\"twitter:data2\" content=\"3 minuti\" \/>\n<script type=\"application\/ld+json\" class=\"yoast-schema-graph\">{\"@context\":\"https:\/\/schema.org\",\"@graph\":[{\"@type\":\"Article\",\"@id\":\"https:\/\/jp2doc.pl\/it\/2016\/12\/06\/lavvocato-della-nostra-causa\/#article\",\"isPartOf\":{\"@id\":\"https:\/\/jp2doc.pl\/it\/2016\/12\/06\/lavvocato-della-nostra-causa\/\"},\"author\":{\"name\":\"Anna Rudzicka\",\"@id\":\"https:\/\/jp2doc.pl\/it\/#\/schema\/person\/bdb6226d49bc071fa63fbcdc7c8018ea\"},\"headline\":\"L&#8217;avvocato della nostra causa\",\"datePublished\":\"2016-12-06T10:37:19+00:00\",\"dateModified\":\"2017-04-24T06:59:24+00:00\",\"mainEntityOfPage\":{\"@id\":\"https:\/\/jp2doc.pl\/it\/2016\/12\/06\/lavvocato-della-nostra-causa\/\"},\"wordCount\":606,\"commentCount\":0,\"publisher\":{\"@id\":\"https:\/\/jp2doc.pl\/it\/#organization\"},\"image\":{\"@id\":\"https:\/\/jp2doc.pl\/it\/2016\/12\/06\/lavvocato-della-nostra-causa\/#primaryimage\"},\"thumbnailUrl\":\"https:\/\/jp2doc.pl\/it\/wp-content\/uploads\/sites\/3\/2017\/04\/5846e93319741584557c7aedaekk.jpg\",\"articleSection\":[\"Articoli\"],\"inLanguage\":\"it-IT\",\"potentialAction\":[{\"@type\":\"CommentAction\",\"name\":\"Comment\",\"target\":[\"https:\/\/jp2doc.pl\/it\/2016\/12\/06\/lavvocato-della-nostra-causa\/#respond\"]}]},{\"@type\":\"WebPage\",\"@id\":\"https:\/\/jp2doc.pl\/it\/2016\/12\/06\/lavvocato-della-nostra-causa\/\",\"url\":\"https:\/\/jp2doc.pl\/it\/2016\/12\/06\/lavvocato-della-nostra-causa\/\",\"name\":\"L'avvocato della nostra causa - Centro di Documentazione e Studio del Pontificato di Giovanni Paolo II a Roma\",\"isPartOf\":{\"@id\":\"https:\/\/jp2doc.pl\/it\/#website\"},\"primaryImageOfPage\":{\"@id\":\"https:\/\/jp2doc.pl\/it\/2016\/12\/06\/lavvocato-della-nostra-causa\/#primaryimage\"},\"image\":{\"@id\":\"https:\/\/jp2doc.pl\/it\/2016\/12\/06\/lavvocato-della-nostra-causa\/#primaryimage\"},\"thumbnailUrl\":\"https:\/\/jp2doc.pl\/it\/wp-content\/uploads\/sites\/3\/2017\/04\/5846e93319741584557c7aedaekk.jpg\",\"datePublished\":\"2016-12-06T10:37:19+00:00\",\"dateModified\":\"2017-04-24T06:59:24+00:00\",\"breadcrumb\":{\"@id\":\"https:\/\/jp2doc.pl\/it\/2016\/12\/06\/lavvocato-della-nostra-causa\/#breadcrumb\"},\"inLanguage\":\"it-IT\",\"potentialAction\":[{\"@type\":\"ReadAction\",\"target\":[\"https:\/\/jp2doc.pl\/it\/2016\/12\/06\/lavvocato-della-nostra-causa\/\"]}]},{\"@type\":\"ImageObject\",\"inLanguage\":\"it-IT\",\"@id\":\"https:\/\/jp2doc.pl\/it\/2016\/12\/06\/lavvocato-della-nostra-causa\/#primaryimage\",\"url\":\"https:\/\/jp2doc.pl\/it\/wp-content\/uploads\/sites\/3\/2017\/04\/5846e93319741584557c7aedaekk.jpg\",\"contentUrl\":\"https:\/\/jp2doc.pl\/it\/wp-content\/uploads\/sites\/3\/2017\/04\/5846e93319741584557c7aedaekk.jpg\",\"width\":560,\"height\":373},{\"@type\":\"BreadcrumbList\",\"@id\":\"https:\/\/jp2doc.pl\/it\/2016\/12\/06\/lavvocato-della-nostra-causa\/#breadcrumb\",\"itemListElement\":[{\"@type\":\"ListItem\",\"position\":1,\"name\":\"Home\",\"item\":\"https:\/\/jp2doc.pl\/it\/\"},{\"@type\":\"ListItem\",\"position\":2,\"name\":\"L&#8217;avvocato della nostra causa\"}]},{\"@type\":\"WebSite\",\"@id\":\"https:\/\/jp2doc.pl\/it\/#website\",\"url\":\"https:\/\/jp2doc.pl\/it\/\",\"name\":\"Centro di Documentazione e Studio del Pontificato di Giovanni Paolo II a Roma\",\"description\":\"\",\"publisher\":{\"@id\":\"https:\/\/jp2doc.pl\/it\/#organization\"},\"potentialAction\":[{\"@type\":\"SearchAction\",\"target\":{\"@type\":\"EntryPoint\",\"urlTemplate\":\"https:\/\/jp2doc.pl\/it\/?s={search_term_string}\"},\"query-input\":{\"@type\":\"PropertyValueSpecification\",\"valueRequired\":true,\"valueName\":\"search_term_string\"}}],\"inLanguage\":\"it-IT\"},{\"@type\":\"Organization\",\"@id\":\"https:\/\/jp2doc.pl\/it\/#organization\",\"name\":\"Centro di Documentazione e Studio del Pontificato di Giovanni Paolo II a Roma\",\"url\":\"https:\/\/jp2doc.pl\/it\/\",\"logo\":{\"@type\":\"ImageObject\",\"inLanguage\":\"it-IT\",\"@id\":\"https:\/\/jp2doc.pl\/it\/#\/schema\/logo\/image\/\",\"url\":\"https:\/\/jp2doc.pl\/it\/wp-content\/uploads\/sites\/3\/2017\/03\/cropped-logo.png\",\"contentUrl\":\"https:\/\/jp2doc.pl\/it\/wp-content\/uploads\/sites\/3\/2017\/03\/cropped-logo.png\",\"width\":115,\"height\":115,\"caption\":\"Centro di Documentazione e Studio del Pontificato di Giovanni Paolo II a Roma\"},\"image\":{\"@id\":\"https:\/\/jp2doc.pl\/it\/#\/schema\/logo\/image\/\"}},{\"@type\":\"Person\",\"@id\":\"https:\/\/jp2doc.pl\/it\/#\/schema\/person\/bdb6226d49bc071fa63fbcdc7c8018ea\",\"name\":\"Anna Rudzicka\",\"image\":{\"@type\":\"ImageObject\",\"inLanguage\":\"it-IT\",\"@id\":\"https:\/\/jp2doc.pl\/it\/#\/schema\/person\/image\/\",\"url\":\"https:\/\/secure.gravatar.com\/avatar\/3ec0a7913913c54ed56083375aea7afda203c4bb047ff7e8a0c2776876a5341e?s=96&d=mm&r=g\",\"contentUrl\":\"https:\/\/secure.gravatar.com\/avatar\/3ec0a7913913c54ed56083375aea7afda203c4bb047ff7e8a0c2776876a5341e?s=96&d=mm&r=g\",\"caption\":\"Anna Rudzicka\"},\"url\":\"https:\/\/jp2doc.pl\/it\/author\/ania\/\"}]}<\/script>\n<!-- \/ Yoast SEO plugin. -->","yoast_head_json":{"title":"L'avvocato della nostra causa - Centro di Documentazione e Studio del Pontificato di Giovanni Paolo II a Roma","robots":{"index":"index","follow":"follow","max-snippet":"max-snippet:-1","max-image-preview":"max-image-preview:large","max-video-preview":"max-video-preview:-1"},"canonical":"https:\/\/jp2doc.pl\/it\/2016\/12\/06\/lavvocato-della-nostra-causa\/","og_locale":"it_IT","og_type":"article","og_title":"L'avvocato della nostra causa - Centro di Documentazione e Studio del Pontificato di Giovanni Paolo II a Roma","og_description":"Il compianto Maciej Bednarkiewicz","og_url":"https:\/\/jp2doc.pl\/it\/2016\/12\/06\/lavvocato-della-nostra-causa\/","og_site_name":"Centro di Documentazione e Studio del Pontificato di Giovanni Paolo II a Roma","article_published_time":"2016-12-06T10:37:19+00:00","article_modified_time":"2017-04-24T06:59:24+00:00","og_image":[{"width":560,"height":373,"url":"https:\/\/jp2doc.pl\/it\/wp-content\/uploads\/sites\/3\/2017\/04\/5846e93319741584557c7aedaekk.jpg","type":"image\/jpeg"}],"author":"Anna Rudzicka","twitter_card":"summary_large_image","twitter_misc":{"Scritto da":"Anna Rudzicka","Tempo di lettura stimato":"3 minuti"},"schema":{"@context":"https:\/\/schema.org","@graph":[{"@type":"Article","@id":"https:\/\/jp2doc.pl\/it\/2016\/12\/06\/lavvocato-della-nostra-causa\/#article","isPartOf":{"@id":"https:\/\/jp2doc.pl\/it\/2016\/12\/06\/lavvocato-della-nostra-causa\/"},"author":{"name":"Anna Rudzicka","@id":"https:\/\/jp2doc.pl\/it\/#\/schema\/person\/bdb6226d49bc071fa63fbcdc7c8018ea"},"headline":"L&#8217;avvocato della nostra causa","datePublished":"2016-12-06T10:37:19+00:00","dateModified":"2017-04-24T06:59:24+00:00","mainEntityOfPage":{"@id":"https:\/\/jp2doc.pl\/it\/2016\/12\/06\/lavvocato-della-nostra-causa\/"},"wordCount":606,"commentCount":0,"publisher":{"@id":"https:\/\/jp2doc.pl\/it\/#organization"},"image":{"@id":"https:\/\/jp2doc.pl\/it\/2016\/12\/06\/lavvocato-della-nostra-causa\/#primaryimage"},"thumbnailUrl":"https:\/\/jp2doc.pl\/it\/wp-content\/uploads\/sites\/3\/2017\/04\/5846e93319741584557c7aedaekk.jpg","articleSection":["Articoli"],"inLanguage":"it-IT","potentialAction":[{"@type":"CommentAction","name":"Comment","target":["https:\/\/jp2doc.pl\/it\/2016\/12\/06\/lavvocato-della-nostra-causa\/#respond"]}]},{"@type":"WebPage","@id":"https:\/\/jp2doc.pl\/it\/2016\/12\/06\/lavvocato-della-nostra-causa\/","url":"https:\/\/jp2doc.pl\/it\/2016\/12\/06\/lavvocato-della-nostra-causa\/","name":"L'avvocato della nostra causa - Centro di Documentazione e Studio del Pontificato di Giovanni Paolo II a Roma","isPartOf":{"@id":"https:\/\/jp2doc.pl\/it\/#website"},"primaryImageOfPage":{"@id":"https:\/\/jp2doc.pl\/it\/2016\/12\/06\/lavvocato-della-nostra-causa\/#primaryimage"},"image":{"@id":"https:\/\/jp2doc.pl\/it\/2016\/12\/06\/lavvocato-della-nostra-causa\/#primaryimage"},"thumbnailUrl":"https:\/\/jp2doc.pl\/it\/wp-content\/uploads\/sites\/3\/2017\/04\/5846e93319741584557c7aedaekk.jpg","datePublished":"2016-12-06T10:37:19+00:00","dateModified":"2017-04-24T06:59:24+00:00","breadcrumb":{"@id":"https:\/\/jp2doc.pl\/it\/2016\/12\/06\/lavvocato-della-nostra-causa\/#breadcrumb"},"inLanguage":"it-IT","potentialAction":[{"@type":"ReadAction","target":["https:\/\/jp2doc.pl\/it\/2016\/12\/06\/lavvocato-della-nostra-causa\/"]}]},{"@type":"ImageObject","inLanguage":"it-IT","@id":"https:\/\/jp2doc.pl\/it\/2016\/12\/06\/lavvocato-della-nostra-causa\/#primaryimage","url":"https:\/\/jp2doc.pl\/it\/wp-content\/uploads\/sites\/3\/2017\/04\/5846e93319741584557c7aedaekk.jpg","contentUrl":"https:\/\/jp2doc.pl\/it\/wp-content\/uploads\/sites\/3\/2017\/04\/5846e93319741584557c7aedaekk.jpg","width":560,"height":373},{"@type":"BreadcrumbList","@id":"https:\/\/jp2doc.pl\/it\/2016\/12\/06\/lavvocato-della-nostra-causa\/#breadcrumb","itemListElement":[{"@type":"ListItem","position":1,"name":"Home","item":"https:\/\/jp2doc.pl\/it\/"},{"@type":"ListItem","position":2,"name":"L&#8217;avvocato della nostra causa"}]},{"@type":"WebSite","@id":"https:\/\/jp2doc.pl\/it\/#website","url":"https:\/\/jp2doc.pl\/it\/","name":"Centro di Documentazione e Studio del Pontificato di Giovanni Paolo II a Roma","description":"","publisher":{"@id":"https:\/\/jp2doc.pl\/it\/#organization"},"potentialAction":[{"@type":"SearchAction","target":{"@type":"EntryPoint","urlTemplate":"https:\/\/jp2doc.pl\/it\/?s={search_term_string}"},"query-input":{"@type":"PropertyValueSpecification","valueRequired":true,"valueName":"search_term_string"}}],"inLanguage":"it-IT"},{"@type":"Organization","@id":"https:\/\/jp2doc.pl\/it\/#organization","name":"Centro di Documentazione e Studio del Pontificato di Giovanni Paolo II a Roma","url":"https:\/\/jp2doc.pl\/it\/","logo":{"@type":"ImageObject","inLanguage":"it-IT","@id":"https:\/\/jp2doc.pl\/it\/#\/schema\/logo\/image\/","url":"https:\/\/jp2doc.pl\/it\/wp-content\/uploads\/sites\/3\/2017\/03\/cropped-logo.png","contentUrl":"https:\/\/jp2doc.pl\/it\/wp-content\/uploads\/sites\/3\/2017\/03\/cropped-logo.png","width":115,"height":115,"caption":"Centro di Documentazione e Studio del Pontificato di Giovanni Paolo II a Roma"},"image":{"@id":"https:\/\/jp2doc.pl\/it\/#\/schema\/logo\/image\/"}},{"@type":"Person","@id":"https:\/\/jp2doc.pl\/it\/#\/schema\/person\/bdb6226d49bc071fa63fbcdc7c8018ea","name":"Anna Rudzicka","image":{"@type":"ImageObject","inLanguage":"it-IT","@id":"https:\/\/jp2doc.pl\/it\/#\/schema\/person\/image\/","url":"https:\/\/secure.gravatar.com\/avatar\/3ec0a7913913c54ed56083375aea7afda203c4bb047ff7e8a0c2776876a5341e?s=96&d=mm&r=g","contentUrl":"https:\/\/secure.gravatar.com\/avatar\/3ec0a7913913c54ed56083375aea7afda203c4bb047ff7e8a0c2776876a5341e?s=96&d=mm&r=g","caption":"Anna Rudzicka"},"url":"https:\/\/jp2doc.pl\/it\/author\/ania\/"}]}},"_links":{"self":[{"href":"https:\/\/jp2doc.pl\/it\/wp-json\/wp\/v2\/posts\/1297","targetHints":{"allow":["GET"]}}],"collection":[{"href":"https:\/\/jp2doc.pl\/it\/wp-json\/wp\/v2\/posts"}],"about":[{"href":"https:\/\/jp2doc.pl\/it\/wp-json\/wp\/v2\/types\/post"}],"author":[{"embeddable":true,"href":"https:\/\/jp2doc.pl\/it\/wp-json\/wp\/v2\/users\/2"}],"replies":[{"embeddable":true,"href":"https:\/\/jp2doc.pl\/it\/wp-json\/wp\/v2\/comments?post=1297"}],"version-history":[{"count":1,"href":"https:\/\/jp2doc.pl\/it\/wp-json\/wp\/v2\/posts\/1297\/revisions"}],"predecessor-version":[{"id":1300,"href":"https:\/\/jp2doc.pl\/it\/wp-json\/wp\/v2\/posts\/1297\/revisions\/1300"}],"wp:featuredmedia":[{"embeddable":true,"href":"https:\/\/jp2doc.pl\/it\/wp-json\/wp\/v2\/media\/1298"}],"wp:attachment":[{"href":"https:\/\/jp2doc.pl\/it\/wp-json\/wp\/v2\/media?parent=1297"}],"wp:term":[{"taxonomy":"category","embeddable":true,"href":"https:\/\/jp2doc.pl\/it\/wp-json\/wp\/v2\/categories?post=1297"},{"taxonomy":"post_tag","embeddable":true,"href":"https:\/\/jp2doc.pl\/it\/wp-json\/wp\/v2\/tags?post=1297"}],"curies":[{"name":"wp","href":"https:\/\/api.w.org\/{rel}","templated":true}]}}