{"id":1305,"date":"2016-09-28T11:57:42","date_gmt":"2016-09-28T09:57:42","guid":{"rendered":"http:\/\/jp2doc.pl\/it\/?p=1305"},"modified":"2017-04-14T12:16:51","modified_gmt":"2017-04-14T10:16:51","slug":"il-padre-della-fondazione-giovanni-paolo-ii","status":"publish","type":"post","link":"https:\/\/jp2doc.pl\/it\/2016\/09\/28\/il-padre-della-fondazione-giovanni-paolo-ii\/","title":{"rendered":"Il Padre della Fondazione Giovanni Paolo II"},"content":{"rendered":"<p>La Fondazione Giovanni Paolo II deve la sua creazione a molte persone in testa alle quali si trova il Santo Padre. Tuttavia \u00e8 impossibile tralasciare la figura di W\u0142adys\u0142aw Zachariasiewicz che dall&#8217;inizio si impegn\u00f2 nella raccolta di fondi per l&#8217;acquisto della Casa Polacca di Roma, e successivamente, per molti anni ebbe un ruolo fondamentale nell&#8217;attivit\u00e0 della Fondazione Giovanni Paolo II istituita nel 1981.<\/p>\n<p>La notizia della morte a Washington (il 21 settembre a.c.) del decano dei Polacchi residenti in America ha colmato di tristezza e di lutto molti Polacchi che vivono in tutto il mondo e in patria. Ci unisce tuttavia il senso di gratitudine a Dio per la lunga vita del signor W\u0142adys\u0142aw (1911-2016), per il suo esempio e l&#8217;abnegazione per le questioni della Polonia, per la Chiesa cattolica e per san Giovanni Paolo II. Vale la pena di ricordare brevemente il suo contributo alla creazione ed allo sviluppo della Fondazione Giovanni Paolo II.<a href=\"http:\/\/jp2doc.pl\/it\/wp-content\/uploads\/sites\/3\/2017\/04\/57eb90322b04a57e8f7d527c1cPIC_F_ODPiS-F-14-19-1-1.png\"><img loading=\"lazy\" decoding=\"async\" width=\"541\" height=\"412\" class=\"aligncenter wp-image-1307 size-full\" src=\"http:\/\/jp2doc.pl\/it\/wp-content\/uploads\/sites\/3\/2017\/04\/57eb90322b04a57e8f7d527c1cPIC_F_ODPiS-F-14-19-1-1.png\" alt=\"\" \/><\/a><\/p>\n<p>Occorre cominciare dal fatto che W\u0142adys\u0142aw Zachariasiewicz fu una persona provvidenziale per la creazione negli USA del Comitato di Raccolta Fondi per l&#8217;acquisto della Casa Polacca di Roma. Per tale scopo si guadagn\u00f2 molte personalit\u00e0 tra i Polacchi residenti in America; con il membro del Congressista Clement Zab\u0142ocki \u2013 come presidente \u2013 e con i leader delle organizzazioni dei Polacchi residenti in America. Sulla scia della nascita del comitato negli USA furono istituite organizzazioni simili in altri paesi a cui prese parte anche il signor W\u0142adys\u0142aw. In un periodo di tempo relativamente breve furono raccolti i fondi necessari (l&#8217;85% veniva dai Polacchi residenti negli USA, il 15% da quelli degli altri paesi). Zachariasiewicz fu il coordinatore della raccolta dei fondi tra i Polacchi residenti all&#8217;estero. &#8220;Tutti eravamo animati da una sola ambizione \u2013 correre per arrivare rapidamente alla meta e consegnare al Santo Padre il dono che sarebbe dovuto servire ai pellegrini polacchi, come espressione della nostra fedelt\u00e0 e dell&#8217;amore per lui&#8221;. Si trattava anche di aiutare nel pi\u00f9 breve tempo possibile i pellegrini provenienti dalla Polonia che giungevano numerosi all&#8217;incontro con il Papa.<\/p>\n<p><a href=\"http:\/\/jp2doc.pl\/it\/wp-content\/uploads\/sites\/3\/2017\/04\/57eb90552915a57e8f7b8b463bPIC_F_ODPiS-F-12-5-2-1-1-2.jpg\"><img loading=\"lazy\" decoding=\"async\" width=\"445\" height=\"550\" class=\"aligncenter wp-image-1309 size-full\" src=\"http:\/\/jp2doc.pl\/it\/wp-content\/uploads\/sites\/3\/2017\/04\/57eb90552915a57e8f7b8b463bPIC_F_ODPiS-F-12-5-2-1-1-2.jpg\" alt=\"\" \/><\/a><\/p>\n<p>Occorre affermare che il signor W\u0142adys\u0142aw era entusiasta dell&#8217;opera della Fondazione Giovanni Paolo II. Negli articoli scritti sulla &#8220;Kronika Rzymska&#8221; [Cronaca di Roma] spesso si ricollegava alle idee incluse nello statuto della Fondazione e nei discorsi programmatici pronunciati dal Santo Padre durante la cerimonia di consegna della Casa Polacca e la sua benedizione nel novembre del 1981. Vedeva la necessit\u00e0 di supportare la Fondazione ed anche di creare attorno alla stessa una cerchia di persone che intraprendessero le attivit\u00e0 nello spirito del pontificato, diffondendo i valori cristiani e nazionali. Ad uno dei primi incontri del Consiglio Amministrativo avanz\u00f2 l&#8217;idea di creare un Circolo di Amici della Fondazione ed intraprese la realizzazione di tale opera. Si rivolse alla cerchia di persone con cui aveva collaborato bene durante la raccolta dei fondi, per creare il Circolo della Fondazione. Pertanto fece molti viaggi in diverse parti degli Stati Uniti e dedic\u00f2 molte ore a redigere la corrispondenza, chiarendo gli obiettivi ideologici ed i fondamenti legali dell&#8217;attivit\u00e0. Riteneva che il Circolo degli Amici costituisse quasi una seconda ala della Fondazione, accanto alle istituzioni che operano a Roma. Servono innanzitutto per realizzare a loro modo gli obiettivi ideologici della Fondazione ed anche, per quanto sia possibile, a sostenerne l&#8217;attivit\u00e0 dal punto di vista materiale.<\/p>\n<p>Le imminenti celebrazioni del 10o anniversario del pontificato di Giovanni Paolo II nel 1988 costituirono l&#8217;occasione per conferire al Santo Padre il dono sotto forma di &#8220;fondo perpetuo&#8221; che assicurava un funzionamento a lunga durata della Fondazione. W\u0142adys\u0142aw Zachariasiewicz divulgava tale idea tra i Polacchi residenti in America. Lo faceva anche sulla &#8220;Kronika Rzymska&#8221;, incoraggiando alla dedizione, ad es. attraverso i legati testamentari. Faceva appello affinch\u00e9 si destinasse &#8220;almeno una piccola parte del patrimonio accumulato durante la vita&#8221; ad un fine conforme alle convinzioni ed alla coscienza. &#8220;La Fondazione Giovanni Paolo II \u2013 chiariva \u2013 non dovrebbe preoccuparsi del proprio domani&#8221;. Occorre sottolineare che univa l&#8217;attivit\u00e0 ideologica con quella pratica. In uno degli articoli scrisse che la dedizione cristiana deve essere una &#8220;dedizione profondamente motivata in funzione del momento storico&#8221; costituito dal pontificato del Papa polacco. \u00c8 bene anche ricordare che la dedizione dei Polacchi residenti all&#8217;estero \u2013 concetto sottolineato pi\u00f9 volte da Zachariasiewicz \u2013 era l&#8217;espressione della gratitudine per Giovanni Paolo II per il suo servizio di Pietro, la testimonianza del suo patriottismo e per il suo amore per le persone. &#8220;Esprimeremo nel modo migliore la nostra gratitudine al Santo Padre con la nostra cura per il futuro della Fondazione, per assicurarle dei fondamenti solidi, perch\u00e9 grazie a lui il nome polacco ha conseguito il rispetto in tutto il mondo in quanto ha elevato l&#8217;importanza di ciascuno di noi che portiamo questo nome&#8221;.<a href=\"http:\/\/jp2doc.pl\/it\/wp-content\/uploads\/sites\/3\/2017\/04\/57eb9080de82157e8f80813e46zachariasiewicz002.jpg\"><img loading=\"lazy\" decoding=\"async\" width=\"500\" height=\"332\" class=\"aligncenter wp-image-1310 size-full\" src=\"http:\/\/jp2doc.pl\/it\/wp-content\/uploads\/sites\/3\/2017\/04\/57eb9080de82157e8f80813e46zachariasiewicz002.jpg\" alt=\"\" \/><\/a><\/p>\n<p>Vale la pena di citare un brano dedicato alla Fondazione proveniente dal libro di Zachariasiewicz &#8220;Etos niepodleg\u0142o\u015bciowy Polonii ameryka\u0144skiej&#8221; [L&#8217;ethos indipendentista dei Polacchi residenti in America]. Termin\u00f2 le sue riflessioni nel modo seguente: &#8220;Sono cosciente di aver dedicato alla Fondazione Giovanni Paolo II moltissimo spazio ma l&#8217;ho fatto non solo perch\u00e9 ero ad essa legato &#8220;pro bono&#8221; sia sentimentalmente, sia dal punto di vista organizzativo da uno dei periodi pi\u00f9 interessanti della mia vita, ma soprattutto perch\u00e9 l&#8217;opera della Fondazione a Roma \u00e8 indiscutibilmente uno dei traguardi pi\u00f9 grandi della nostra generazione di emigrati. Il Monumento vivo che serve al pellegrinaggio degli emigrati polacchi e dei connazionali, ricorder\u00e0 nel contempo nella Capitale del cristianesimo, attraverso numerose generazioni successive, il Pontificato storico del nostro Grande Papa&#8221;. Queste parole parlano da s\u00e9, indicando la fede e il patriottismo da cui era mosso W\u0142adys\u0142aw Zachariasiewicz nella sua vita.<\/p>\n<p>Leggendo gli articoli del signor W\u0142adys\u0142aw riguardanti la Fondazione \u00e8 possibile avere l&#8217;impressione che comprendesse perfettamente l&#8217;idea iniziale di quell&#8217;opera, il suo significato storico ed il ruolo che avrebbe potuto avere in futuro, specialmente tra i Polacchi residenti in tutto il mondo. Indubbiamente in ci\u00f2 era molto vicino al pensiero ed al cuore di Giovanni Paolo II. Non risparmiava tempo n\u00e9 forze per dar forma a tali idee forgiandole in opere concrete. Nel 1991 W\u0142adys\u0142aw Zachariasiewicz fu insignito da Giovanni Paolo II della Croce dell&#8217;Ordine equestre pontificio di san Gregorio Magno, la pi\u00f9 grande onorificenza conferita nella Chiesa cattolica alle persone laiche.<\/p>\n<p>In una certa occasione, parlando alla Casa Polacca, W\u0142adys\u0142aw Zachariasiewicz ricord\u00f2 gli inizi della Fondazione. Disse allora che &#8220;alle origini di ciascuna grande opera sono sempre necessarie delle persone che hanno una visione e la determinazione per realizzarla. Qualcuno deve gettare quella prima scintilla che successivamente divampa come fuoco ed accende gli altri&#8221;. Ricord\u00f2 alcuni cognomi, ma non menzion\u00f2 se stesso&#8230; Oggi occorre aggiungere che il signor W\u0142adys\u0142aw fu proprio una persona di quel genere che aveva una visione, la determinazione e l&#8217;entusiasmo per incoraggiare gli altri ad aderire all&#8217;opera della Fondazione. Cos\u00ec fu agli inizi della sua esistenza e nel corso degli anni della sua attivit\u00e0. Per tale motivo W\u0142adys\u0142aw Zachariasiewicz pu\u00f2 essere considerato una delle persone fondamentali nella storia della Fondazione fino ai giorni nostri. Merit\u00f2 il nome di &#8220;Padre della Fondazione&#8221;. Scrisse una bella pagina nella sua storia e rimarr\u00e0 sempre nel ricordo delle generazioni di oggi e di quelle successive che creano la Fondazione Giovanni Paolo II.<\/p>\n<p style=\"text-align: right;\"><strong>Don Andrzej Dobrzy\u0144ski<\/strong><\/p>\n","protected":false},"excerpt":{"rendered":"<p>Il compianto W\u0142adys\u0142aw Zachariasiewicz<\/p>\n","protected":false},"author":2,"featured_media":0,"comment_status":"open","ping_status":"open","sticky":false,"template":"","format":"standard","meta":{"_acf_changed":false,"_exactmetrics_skip_tracking":false,"_exactmetrics_sitenote_active":false,"_exactmetrics_sitenote_note":"","_exactmetrics_sitenote_category":0,"footnotes":""},"categories":[2],"tags":[],"class_list":["post-1305","post","type-post","status-publish","format-standard","hentry","category-articoli"],"acf":[],"yoast_head":"<!-- This site is optimized with the Yoast SEO plugin v26.2 - https:\/\/yoast.com\/wordpress\/plugins\/seo\/ -->\n<title>Il Padre della Fondazione Giovanni Paolo II - Centro di Documentazione e Studio del Pontificato di Giovanni Paolo II a Roma<\/title>\n<meta name=\"robots\" content=\"index, follow, max-snippet:-1, max-image-preview:large, max-video-preview:-1\" \/>\n<link rel=\"canonical\" href=\"https:\/\/jp2doc.pl\/it\/2016\/09\/28\/il-padre-della-fondazione-giovanni-paolo-ii\/\" \/>\n<meta property=\"og:locale\" content=\"it_IT\" \/>\n<meta property=\"og:type\" content=\"article\" \/>\n<meta property=\"og:title\" content=\"Il Padre della Fondazione Giovanni Paolo II - Centro di Documentazione e Studio del Pontificato di Giovanni Paolo II a Roma\" \/>\n<meta property=\"og:description\" content=\"Il compianto W\u0142adys\u0142aw Zachariasiewicz\" \/>\n<meta property=\"og:url\" content=\"https:\/\/jp2doc.pl\/it\/2016\/09\/28\/il-padre-della-fondazione-giovanni-paolo-ii\/\" \/>\n<meta property=\"og:site_name\" content=\"Centro di Documentazione e Studio del Pontificato di Giovanni Paolo II a Roma\" \/>\n<meta property=\"article:published_time\" content=\"2016-09-28T09:57:42+00:00\" \/>\n<meta property=\"article:modified_time\" content=\"2017-04-14T10:16:51+00:00\" \/>\n<meta property=\"og:image\" content=\"http:\/\/jp2doc.pl\/it\/wp-content\/uploads\/sites\/3\/2017\/04\/57eb90322b04a57e8f7d527c1cPIC_F_ODPiS-F-14-19-1-1.png\" \/>\n<meta name=\"author\" content=\"Anna Rudzicka\" \/>\n<meta name=\"twitter:card\" content=\"summary_large_image\" \/>\n<meta name=\"twitter:label1\" content=\"Scritto da\" \/>\n\t<meta name=\"twitter:data1\" content=\"Anna Rudzicka\" \/>\n\t<meta name=\"twitter:label2\" content=\"Tempo di lettura stimato\" \/>\n\t<meta name=\"twitter:data2\" content=\"6 minuti\" \/>\n<script type=\"application\/ld+json\" class=\"yoast-schema-graph\">{\"@context\":\"https:\/\/schema.org\",\"@graph\":[{\"@type\":\"Article\",\"@id\":\"https:\/\/jp2doc.pl\/it\/2016\/09\/28\/il-padre-della-fondazione-giovanni-paolo-ii\/#article\",\"isPartOf\":{\"@id\":\"https:\/\/jp2doc.pl\/it\/2016\/09\/28\/il-padre-della-fondazione-giovanni-paolo-ii\/\"},\"author\":{\"name\":\"Anna Rudzicka\",\"@id\":\"https:\/\/jp2doc.pl\/it\/#\/schema\/person\/bdb6226d49bc071fa63fbcdc7c8018ea\"},\"headline\":\"Il Padre della Fondazione Giovanni Paolo II\",\"datePublished\":\"2016-09-28T09:57:42+00:00\",\"dateModified\":\"2017-04-14T10:16:51+00:00\",\"mainEntityOfPage\":{\"@id\":\"https:\/\/jp2doc.pl\/it\/2016\/09\/28\/il-padre-della-fondazione-giovanni-paolo-ii\/\"},\"wordCount\":1239,\"commentCount\":0,\"publisher\":{\"@id\":\"https:\/\/jp2doc.pl\/it\/#organization\"},\"image\":{\"@id\":\"https:\/\/jp2doc.pl\/it\/2016\/09\/28\/il-padre-della-fondazione-giovanni-paolo-ii\/#primaryimage\"},\"thumbnailUrl\":\"http:\/\/jp2doc.pl\/it\/wp-content\/uploads\/sites\/3\/2017\/04\/57eb90322b04a57e8f7d527c1cPIC_F_ODPiS-F-14-19-1-1.png\",\"articleSection\":[\"Articoli\"],\"inLanguage\":\"it-IT\",\"potentialAction\":[{\"@type\":\"CommentAction\",\"name\":\"Comment\",\"target\":[\"https:\/\/jp2doc.pl\/it\/2016\/09\/28\/il-padre-della-fondazione-giovanni-paolo-ii\/#respond\"]}]},{\"@type\":\"WebPage\",\"@id\":\"https:\/\/jp2doc.pl\/it\/2016\/09\/28\/il-padre-della-fondazione-giovanni-paolo-ii\/\",\"url\":\"https:\/\/jp2doc.pl\/it\/2016\/09\/28\/il-padre-della-fondazione-giovanni-paolo-ii\/\",\"name\":\"Il Padre della Fondazione Giovanni Paolo II - Centro di Documentazione e Studio del Pontificato di Giovanni Paolo II a Roma\",\"isPartOf\":{\"@id\":\"https:\/\/jp2doc.pl\/it\/#website\"},\"primaryImageOfPage\":{\"@id\":\"https:\/\/jp2doc.pl\/it\/2016\/09\/28\/il-padre-della-fondazione-giovanni-paolo-ii\/#primaryimage\"},\"image\":{\"@id\":\"https:\/\/jp2doc.pl\/it\/2016\/09\/28\/il-padre-della-fondazione-giovanni-paolo-ii\/#primaryimage\"},\"thumbnailUrl\":\"http:\/\/jp2doc.pl\/it\/wp-content\/uploads\/sites\/3\/2017\/04\/57eb90322b04a57e8f7d527c1cPIC_F_ODPiS-F-14-19-1-1.png\",\"datePublished\":\"2016-09-28T09:57:42+00:00\",\"dateModified\":\"2017-04-14T10:16:51+00:00\",\"breadcrumb\":{\"@id\":\"https:\/\/jp2doc.pl\/it\/2016\/09\/28\/il-padre-della-fondazione-giovanni-paolo-ii\/#breadcrumb\"},\"inLanguage\":\"it-IT\",\"potentialAction\":[{\"@type\":\"ReadAction\",\"target\":[\"https:\/\/jp2doc.pl\/it\/2016\/09\/28\/il-padre-della-fondazione-giovanni-paolo-ii\/\"]}]},{\"@type\":\"ImageObject\",\"inLanguage\":\"it-IT\",\"@id\":\"https:\/\/jp2doc.pl\/it\/2016\/09\/28\/il-padre-della-fondazione-giovanni-paolo-ii\/#primaryimage\",\"url\":\"http:\/\/jp2doc.pl\/it\/wp-content\/uploads\/sites\/3\/2017\/04\/57eb90322b04a57e8f7d527c1cPIC_F_ODPiS-F-14-19-1-1.png\",\"contentUrl\":\"http:\/\/jp2doc.pl\/it\/wp-content\/uploads\/sites\/3\/2017\/04\/57eb90322b04a57e8f7d527c1cPIC_F_ODPiS-F-14-19-1-1.png\"},{\"@type\":\"BreadcrumbList\",\"@id\":\"https:\/\/jp2doc.pl\/it\/2016\/09\/28\/il-padre-della-fondazione-giovanni-paolo-ii\/#breadcrumb\",\"itemListElement\":[{\"@type\":\"ListItem\",\"position\":1,\"name\":\"Home\",\"item\":\"https:\/\/jp2doc.pl\/it\/\"},{\"@type\":\"ListItem\",\"position\":2,\"name\":\"Il Padre della Fondazione Giovanni Paolo II\"}]},{\"@type\":\"WebSite\",\"@id\":\"https:\/\/jp2doc.pl\/it\/#website\",\"url\":\"https:\/\/jp2doc.pl\/it\/\",\"name\":\"Centro di Documentazione e Studio del Pontificato di Giovanni Paolo II a Roma\",\"description\":\"\",\"publisher\":{\"@id\":\"https:\/\/jp2doc.pl\/it\/#organization\"},\"potentialAction\":[{\"@type\":\"SearchAction\",\"target\":{\"@type\":\"EntryPoint\",\"urlTemplate\":\"https:\/\/jp2doc.pl\/it\/?s={search_term_string}\"},\"query-input\":{\"@type\":\"PropertyValueSpecification\",\"valueRequired\":true,\"valueName\":\"search_term_string\"}}],\"inLanguage\":\"it-IT\"},{\"@type\":\"Organization\",\"@id\":\"https:\/\/jp2doc.pl\/it\/#organization\",\"name\":\"Centro di Documentazione e Studio del Pontificato di Giovanni Paolo II a Roma\",\"url\":\"https:\/\/jp2doc.pl\/it\/\",\"logo\":{\"@type\":\"ImageObject\",\"inLanguage\":\"it-IT\",\"@id\":\"https:\/\/jp2doc.pl\/it\/#\/schema\/logo\/image\/\",\"url\":\"https:\/\/jp2doc.pl\/it\/wp-content\/uploads\/sites\/3\/2017\/03\/cropped-logo.png\",\"contentUrl\":\"https:\/\/jp2doc.pl\/it\/wp-content\/uploads\/sites\/3\/2017\/03\/cropped-logo.png\",\"width\":115,\"height\":115,\"caption\":\"Centro di Documentazione e Studio del Pontificato di Giovanni Paolo II a Roma\"},\"image\":{\"@id\":\"https:\/\/jp2doc.pl\/it\/#\/schema\/logo\/image\/\"}},{\"@type\":\"Person\",\"@id\":\"https:\/\/jp2doc.pl\/it\/#\/schema\/person\/bdb6226d49bc071fa63fbcdc7c8018ea\",\"name\":\"Anna Rudzicka\",\"image\":{\"@type\":\"ImageObject\",\"inLanguage\":\"it-IT\",\"@id\":\"https:\/\/jp2doc.pl\/it\/#\/schema\/person\/image\/\",\"url\":\"https:\/\/secure.gravatar.com\/avatar\/3ec0a7913913c54ed56083375aea7afda203c4bb047ff7e8a0c2776876a5341e?s=96&d=mm&r=g\",\"contentUrl\":\"https:\/\/secure.gravatar.com\/avatar\/3ec0a7913913c54ed56083375aea7afda203c4bb047ff7e8a0c2776876a5341e?s=96&d=mm&r=g\",\"caption\":\"Anna Rudzicka\"},\"url\":\"https:\/\/jp2doc.pl\/it\/author\/ania\/\"}]}<\/script>\n<!-- \/ Yoast SEO plugin. -->","yoast_head_json":{"title":"Il Padre della Fondazione Giovanni Paolo II - Centro di Documentazione e Studio del Pontificato di Giovanni Paolo II a Roma","robots":{"index":"index","follow":"follow","max-snippet":"max-snippet:-1","max-image-preview":"max-image-preview:large","max-video-preview":"max-video-preview:-1"},"canonical":"https:\/\/jp2doc.pl\/it\/2016\/09\/28\/il-padre-della-fondazione-giovanni-paolo-ii\/","og_locale":"it_IT","og_type":"article","og_title":"Il Padre della Fondazione Giovanni Paolo II - Centro di Documentazione e Studio del Pontificato di Giovanni Paolo II a Roma","og_description":"Il compianto W\u0142adys\u0142aw Zachariasiewicz","og_url":"https:\/\/jp2doc.pl\/it\/2016\/09\/28\/il-padre-della-fondazione-giovanni-paolo-ii\/","og_site_name":"Centro di Documentazione e Studio del Pontificato di Giovanni Paolo II a Roma","article_published_time":"2016-09-28T09:57:42+00:00","article_modified_time":"2017-04-14T10:16:51+00:00","og_image":[{"url":"http:\/\/jp2doc.pl\/it\/wp-content\/uploads\/sites\/3\/2017\/04\/57eb90322b04a57e8f7d527c1cPIC_F_ODPiS-F-14-19-1-1.png","type":"","width":"","height":""}],"author":"Anna Rudzicka","twitter_card":"summary_large_image","twitter_misc":{"Scritto da":"Anna Rudzicka","Tempo di lettura stimato":"6 minuti"},"schema":{"@context":"https:\/\/schema.org","@graph":[{"@type":"Article","@id":"https:\/\/jp2doc.pl\/it\/2016\/09\/28\/il-padre-della-fondazione-giovanni-paolo-ii\/#article","isPartOf":{"@id":"https:\/\/jp2doc.pl\/it\/2016\/09\/28\/il-padre-della-fondazione-giovanni-paolo-ii\/"},"author":{"name":"Anna Rudzicka","@id":"https:\/\/jp2doc.pl\/it\/#\/schema\/person\/bdb6226d49bc071fa63fbcdc7c8018ea"},"headline":"Il Padre della Fondazione Giovanni Paolo II","datePublished":"2016-09-28T09:57:42+00:00","dateModified":"2017-04-14T10:16:51+00:00","mainEntityOfPage":{"@id":"https:\/\/jp2doc.pl\/it\/2016\/09\/28\/il-padre-della-fondazione-giovanni-paolo-ii\/"},"wordCount":1239,"commentCount":0,"publisher":{"@id":"https:\/\/jp2doc.pl\/it\/#organization"},"image":{"@id":"https:\/\/jp2doc.pl\/it\/2016\/09\/28\/il-padre-della-fondazione-giovanni-paolo-ii\/#primaryimage"},"thumbnailUrl":"http:\/\/jp2doc.pl\/it\/wp-content\/uploads\/sites\/3\/2017\/04\/57eb90322b04a57e8f7d527c1cPIC_F_ODPiS-F-14-19-1-1.png","articleSection":["Articoli"],"inLanguage":"it-IT","potentialAction":[{"@type":"CommentAction","name":"Comment","target":["https:\/\/jp2doc.pl\/it\/2016\/09\/28\/il-padre-della-fondazione-giovanni-paolo-ii\/#respond"]}]},{"@type":"WebPage","@id":"https:\/\/jp2doc.pl\/it\/2016\/09\/28\/il-padre-della-fondazione-giovanni-paolo-ii\/","url":"https:\/\/jp2doc.pl\/it\/2016\/09\/28\/il-padre-della-fondazione-giovanni-paolo-ii\/","name":"Il Padre della Fondazione Giovanni Paolo II - Centro di Documentazione e Studio del Pontificato di Giovanni Paolo II a Roma","isPartOf":{"@id":"https:\/\/jp2doc.pl\/it\/#website"},"primaryImageOfPage":{"@id":"https:\/\/jp2doc.pl\/it\/2016\/09\/28\/il-padre-della-fondazione-giovanni-paolo-ii\/#primaryimage"},"image":{"@id":"https:\/\/jp2doc.pl\/it\/2016\/09\/28\/il-padre-della-fondazione-giovanni-paolo-ii\/#primaryimage"},"thumbnailUrl":"http:\/\/jp2doc.pl\/it\/wp-content\/uploads\/sites\/3\/2017\/04\/57eb90322b04a57e8f7d527c1cPIC_F_ODPiS-F-14-19-1-1.png","datePublished":"2016-09-28T09:57:42+00:00","dateModified":"2017-04-14T10:16:51+00:00","breadcrumb":{"@id":"https:\/\/jp2doc.pl\/it\/2016\/09\/28\/il-padre-della-fondazione-giovanni-paolo-ii\/#breadcrumb"},"inLanguage":"it-IT","potentialAction":[{"@type":"ReadAction","target":["https:\/\/jp2doc.pl\/it\/2016\/09\/28\/il-padre-della-fondazione-giovanni-paolo-ii\/"]}]},{"@type":"ImageObject","inLanguage":"it-IT","@id":"https:\/\/jp2doc.pl\/it\/2016\/09\/28\/il-padre-della-fondazione-giovanni-paolo-ii\/#primaryimage","url":"http:\/\/jp2doc.pl\/it\/wp-content\/uploads\/sites\/3\/2017\/04\/57eb90322b04a57e8f7d527c1cPIC_F_ODPiS-F-14-19-1-1.png","contentUrl":"http:\/\/jp2doc.pl\/it\/wp-content\/uploads\/sites\/3\/2017\/04\/57eb90322b04a57e8f7d527c1cPIC_F_ODPiS-F-14-19-1-1.png"},{"@type":"BreadcrumbList","@id":"https:\/\/jp2doc.pl\/it\/2016\/09\/28\/il-padre-della-fondazione-giovanni-paolo-ii\/#breadcrumb","itemListElement":[{"@type":"ListItem","position":1,"name":"Home","item":"https:\/\/jp2doc.pl\/it\/"},{"@type":"ListItem","position":2,"name":"Il Padre della Fondazione Giovanni Paolo II"}]},{"@type":"WebSite","@id":"https:\/\/jp2doc.pl\/it\/#website","url":"https:\/\/jp2doc.pl\/it\/","name":"Centro di Documentazione e Studio del Pontificato di Giovanni Paolo II a Roma","description":"","publisher":{"@id":"https:\/\/jp2doc.pl\/it\/#organization"},"potentialAction":[{"@type":"SearchAction","target":{"@type":"EntryPoint","urlTemplate":"https:\/\/jp2doc.pl\/it\/?s={search_term_string}"},"query-input":{"@type":"PropertyValueSpecification","valueRequired":true,"valueName":"search_term_string"}}],"inLanguage":"it-IT"},{"@type":"Organization","@id":"https:\/\/jp2doc.pl\/it\/#organization","name":"Centro di Documentazione e Studio del Pontificato di Giovanni Paolo II a Roma","url":"https:\/\/jp2doc.pl\/it\/","logo":{"@type":"ImageObject","inLanguage":"it-IT","@id":"https:\/\/jp2doc.pl\/it\/#\/schema\/logo\/image\/","url":"https:\/\/jp2doc.pl\/it\/wp-content\/uploads\/sites\/3\/2017\/03\/cropped-logo.png","contentUrl":"https:\/\/jp2doc.pl\/it\/wp-content\/uploads\/sites\/3\/2017\/03\/cropped-logo.png","width":115,"height":115,"caption":"Centro di Documentazione e Studio del Pontificato di Giovanni Paolo II a Roma"},"image":{"@id":"https:\/\/jp2doc.pl\/it\/#\/schema\/logo\/image\/"}},{"@type":"Person","@id":"https:\/\/jp2doc.pl\/it\/#\/schema\/person\/bdb6226d49bc071fa63fbcdc7c8018ea","name":"Anna Rudzicka","image":{"@type":"ImageObject","inLanguage":"it-IT","@id":"https:\/\/jp2doc.pl\/it\/#\/schema\/person\/image\/","url":"https:\/\/secure.gravatar.com\/avatar\/3ec0a7913913c54ed56083375aea7afda203c4bb047ff7e8a0c2776876a5341e?s=96&d=mm&r=g","contentUrl":"https:\/\/secure.gravatar.com\/avatar\/3ec0a7913913c54ed56083375aea7afda203c4bb047ff7e8a0c2776876a5341e?s=96&d=mm&r=g","caption":"Anna Rudzicka"},"url":"https:\/\/jp2doc.pl\/it\/author\/ania\/"}]}},"_links":{"self":[{"href":"https:\/\/jp2doc.pl\/it\/wp-json\/wp\/v2\/posts\/1305","targetHints":{"allow":["GET"]}}],"collection":[{"href":"https:\/\/jp2doc.pl\/it\/wp-json\/wp\/v2\/posts"}],"about":[{"href":"https:\/\/jp2doc.pl\/it\/wp-json\/wp\/v2\/types\/post"}],"author":[{"embeddable":true,"href":"https:\/\/jp2doc.pl\/it\/wp-json\/wp\/v2\/users\/2"}],"replies":[{"embeddable":true,"href":"https:\/\/jp2doc.pl\/it\/wp-json\/wp\/v2\/comments?post=1305"}],"version-history":[{"count":1,"href":"https:\/\/jp2doc.pl\/it\/wp-json\/wp\/v2\/posts\/1305\/revisions"}],"predecessor-version":[{"id":1311,"href":"https:\/\/jp2doc.pl\/it\/wp-json\/wp\/v2\/posts\/1305\/revisions\/1311"}],"wp:attachment":[{"href":"https:\/\/jp2doc.pl\/it\/wp-json\/wp\/v2\/media?parent=1305"}],"wp:term":[{"taxonomy":"category","embeddable":true,"href":"https:\/\/jp2doc.pl\/it\/wp-json\/wp\/v2\/categories?post=1305"},{"taxonomy":"post_tag","embeddable":true,"href":"https:\/\/jp2doc.pl\/it\/wp-json\/wp\/v2\/tags?post=1305"}],"curies":[{"name":"wp","href":"https:\/\/api.w.org\/{rel}","templated":true}]}}