{"id":1330,"date":"2017-04-14T12:30:49","date_gmt":"2017-04-14T10:30:49","guid":{"rendered":"http:\/\/jp2doc.pl\/it\/?p=1330"},"modified":"2017-04-14T12:31:37","modified_gmt":"2017-04-14T10:31:37","slug":"il-volto-della-misericordia","status":"publish","type":"post","link":"https:\/\/jp2doc.pl\/it\/2017\/04\/14\/il-volto-della-misericordia\/","title":{"rendered":"Il volto della misericordia"},"content":{"rendered":"<p>Domenica scorsa, 13 marzo, a Roma si \u00e8 tenuto l&#8217;incontro organizzato presso la chiesa di santo Stanislao Vescovo e Martire, intitolato &#8220;Il volto della misericordia&#8221;. Aveva lo scopo di ricordare l&#8217;enciclica Dives in misericordia di san Giovanni Paolo II e di chiarire il significato dell&#8217;Anno della Misericordia alla luce della bolla di papa Francesco Misericordia vultus.<a href=\"http:\/\/jp2doc.pl\/it\/wp-content\/uploads\/sites\/3\/2017\/04\/56ec25061c25b12828320_964920073557193_7856340170317444729_o.jpg\"><img loading=\"lazy\" decoding=\"async\" width=\"560\" height=\"366\" class=\"aligncenter wp-image-1331 size-full\" src=\"http:\/\/jp2doc.pl\/it\/wp-content\/uploads\/sites\/3\/2017\/04\/56ec25061c25b12828320_964920073557193_7856340170317444729_o.jpg\" alt=\"\" \/><\/a><\/p>\n<p>Don Andrzej Dobrzy\u0144ski ha presentato il contenuto dell&#8217;enciclica sulla misericordia di Dio. Ha ricordato che il documento \u00e8 stato in quel momento una sorpresa perch\u00e9 il tema della misericordia era spinto nell&#8217;ombra della riflessione teologica e sottovalutato nella cultura e nella vita sociale. Giovanni Paolo II aveva mostrato la misericordia come verit\u00e0 rivelata sulle pagine della Bibbia e fortemente radicata nella fede cristiana. La misericordia \u00e8 l&#8217;amore di Dio per le persone nonostante i loro peccati e le loro infedelt\u00e0, per le persone provate dalla sofferenza. Cristo rivel\u00f2 pienamente la misericordia, specialmente attraverso la croce e la risurrezione, vincendo il peccato e la morte, risanando le ferite dell&#8217;umanit\u00e0 con la medicina della misericordia. Nel contempo rivel\u00f2 Dio come Padre misericordioso.<\/p>\n<p>La misericordia restituisce il senso salvifico alla nostra vita, \u00e8 il cammino della conversione ossia dell&#8217;estrazione del bene ricoperto dagli strati del male, del recupero della dignit\u00e0 umana e della comunione con Dio e tra le persone. Ha un ruolo fondamentale nella vita sociale perch\u00e9 si rif\u00e0 all&#8217;uguaglianza di tutte le persone dinanzi a Dio, al bisogno di vincere il male con il bene e il perdono. In tal modo svolge la funzione di correzione dei programmi di giustizia sociale che spesso sono soggetti a travisamento. L&#8217;oratore ha sottolineato che l&#8217;enciclica ha un valore apologetico svelando l&#8217;azione di Dio nel confronto con il male fisico e morale. Il messaggio profetico dell&#8217;enciclica Dives in misericordia porta la speranza e la forza per la conversione personale e l&#8217;apostolato nel mondo di oggi \u2013 ha affermato don Dobrzy\u0144ski.<a href=\"http:\/\/jp2doc.pl\/it\/wp-content\/uploads\/sites\/3\/2017\/04\/56ec2512c601712841293_964920876890446_2984519842367129683_o.jpg\"><img loading=\"lazy\" decoding=\"async\" width=\"560\" height=\"374\" class=\"aligncenter wp-image-1332 size-full\" src=\"http:\/\/jp2doc.pl\/it\/wp-content\/uploads\/sites\/3\/2017\/04\/56ec2512c601712841293_964920876890446_2984519842367129683_o.jpg\" alt=\"\" \/><\/a><\/p>\n<p>Padre Zdzis\u0142aw Kijas OFM Conv. nel suo intervento si \u00e8 concentrato sull&#8217;importanza dell&#8217;Anno della Misericordia attualmente in corso. Ha sottolineato che nella misericordia di Dio l&#8217;essenziale \u00e8 la persona di Dio, ma anche elevare l&#8217;uomo incline alle cadute e il mondo ferito dalle divisioni e dai conflitti. Pertanto \u00e8 importante restituire alla generazione odierna una gerarchia di valori in quanto la misericordia serve alla realizzazione del bene. Nel mondo in cui viviamo una delle opere essenziali della misericordia \u00e8 quella di professare la verit\u00e0, in quanto si sta diffondendo sempre pi\u00f9 un clima di relativismo e sfiducia. Deve essere molto di pi\u00f9 una persuasione paziente che una trasmissione autoritaria dei dogmi. Non possiamo identificare la misericordia soltanto con la beneficenza e la compassione dinanzi a vari tipi di disgrazie. Deve soprattutto essere una propagazione dei valori e del rispetto per la verit\u00e0 in quanto Dio eleva l&#8217;uomo risvegliando in lui le energie spirituali che in lui sonnecchiano addormentate. L&#8217;oratore ha anche fatto notare che in un&#8217;epoca di valori &#8220;fluidi&#8221;, della &#8220;cultura delle esigenze&#8221; e dell'&#8221;adorazione&#8221; della natura, la misericordia costituisce la &#8220;chiave&#8221; per aprire una nuova opportunit\u00e0 per l&#8217;umanit\u00e0. Il mondo senza misericordia sar\u00e0 sempre pi\u00f9 minaccioso. Per tale ragione l&#8217;Anno Santo \u00e8 la chiamata all&#8217;esame di coscienza e alla conversione.<a href=\"http:\/\/jp2doc.pl\/it\/wp-content\/uploads\/sites\/3\/2017\/04\/56ec25b4a659512829143_964921066890427_1068304087103524452_o.jpg\"><img loading=\"lazy\" decoding=\"async\" width=\"560\" height=\"363\" class=\"aligncenter wp-image-1333 size-full\" src=\"http:\/\/jp2doc.pl\/it\/wp-content\/uploads\/sites\/3\/2017\/04\/56ec25b4a659512829143_964921066890427_1068304087103524452_o.jpg\" alt=\"\" \/><\/a><\/p>\n<p>L&#8217;incontro \u00e8 stato organizzato in comune dalla Fondazione &#8220;Giovanni Paolo II&#8221; \u2013 Centro di Documentazione e Studio del Pontificato e dalla Pastorale della chiesa di santo Stanislao Vescovo e Martire di Roma.<\/p>\n","protected":false},"excerpt":{"rendered":"<p>Relazione dell\u2019incontro<\/p>\n","protected":false},"author":2,"featured_media":0,"comment_status":"open","ping_status":"open","sticky":false,"template":"","format":"standard","meta":{"_acf_changed":false,"_exactmetrics_skip_tracking":false,"_exactmetrics_sitenote_active":false,"_exactmetrics_sitenote_note":"","_exactmetrics_sitenote_category":0,"footnotes":""},"categories":[2],"tags":[],"class_list":["post-1330","post","type-post","status-publish","format-standard","hentry","category-articoli"],"acf":[],"yoast_head":"<!-- This site is optimized with the Yoast SEO plugin v26.2 - https:\/\/yoast.com\/wordpress\/plugins\/seo\/ -->\n<title>Il volto della misericordia - Centro di Documentazione e Studio del Pontificato di Giovanni Paolo II a Roma<\/title>\n<meta name=\"robots\" content=\"index, follow, max-snippet:-1, max-image-preview:large, max-video-preview:-1\" \/>\n<link rel=\"canonical\" href=\"https:\/\/jp2doc.pl\/it\/2017\/04\/14\/il-volto-della-misericordia\/\" \/>\n<meta property=\"og:locale\" content=\"it_IT\" \/>\n<meta property=\"og:type\" content=\"article\" \/>\n<meta property=\"og:title\" content=\"Il volto della misericordia - Centro di Documentazione e Studio del Pontificato di Giovanni Paolo II a Roma\" \/>\n<meta property=\"og:description\" content=\"Relazione dell\u2019incontro\" \/>\n<meta property=\"og:url\" content=\"https:\/\/jp2doc.pl\/it\/2017\/04\/14\/il-volto-della-misericordia\/\" \/>\n<meta property=\"og:site_name\" content=\"Centro di Documentazione e Studio del Pontificato di Giovanni Paolo II a Roma\" \/>\n<meta property=\"article:published_time\" content=\"2017-04-14T10:30:49+00:00\" \/>\n<meta property=\"article:modified_time\" content=\"2017-04-14T10:31:37+00:00\" \/>\n<meta property=\"og:image\" content=\"http:\/\/jp2doc.pl\/it\/wp-content\/uploads\/sites\/3\/2017\/04\/56ec25061c25b12828320_964920073557193_7856340170317444729_o.jpg\" \/>\n<meta name=\"author\" content=\"Anna Rudzicka\" \/>\n<meta name=\"twitter:card\" content=\"summary_large_image\" \/>\n<meta name=\"twitter:label1\" content=\"Scritto da\" \/>\n\t<meta name=\"twitter:data1\" content=\"Anna Rudzicka\" \/>\n\t<meta name=\"twitter:label2\" content=\"Tempo di lettura stimato\" \/>\n\t<meta name=\"twitter:data2\" content=\"3 minuti\" \/>\n<script type=\"application\/ld+json\" class=\"yoast-schema-graph\">{\"@context\":\"https:\/\/schema.org\",\"@graph\":[{\"@type\":\"Article\",\"@id\":\"https:\/\/jp2doc.pl\/it\/2017\/04\/14\/il-volto-della-misericordia\/#article\",\"isPartOf\":{\"@id\":\"https:\/\/jp2doc.pl\/it\/2017\/04\/14\/il-volto-della-misericordia\/\"},\"author\":{\"name\":\"Anna Rudzicka\",\"@id\":\"https:\/\/jp2doc.pl\/it\/#\/schema\/person\/bdb6226d49bc071fa63fbcdc7c8018ea\"},\"headline\":\"Il volto della misericordia\",\"datePublished\":\"2017-04-14T10:30:49+00:00\",\"dateModified\":\"2017-04-14T10:31:37+00:00\",\"mainEntityOfPage\":{\"@id\":\"https:\/\/jp2doc.pl\/it\/2017\/04\/14\/il-volto-della-misericordia\/\"},\"wordCount\":574,\"commentCount\":0,\"publisher\":{\"@id\":\"https:\/\/jp2doc.pl\/it\/#organization\"},\"image\":{\"@id\":\"https:\/\/jp2doc.pl\/it\/2017\/04\/14\/il-volto-della-misericordia\/#primaryimage\"},\"thumbnailUrl\":\"http:\/\/jp2doc.pl\/it\/wp-content\/uploads\/sites\/3\/2017\/04\/56ec25061c25b12828320_964920073557193_7856340170317444729_o.jpg\",\"articleSection\":[\"Articoli\"],\"inLanguage\":\"it-IT\",\"potentialAction\":[{\"@type\":\"CommentAction\",\"name\":\"Comment\",\"target\":[\"https:\/\/jp2doc.pl\/it\/2017\/04\/14\/il-volto-della-misericordia\/#respond\"]}]},{\"@type\":\"WebPage\",\"@id\":\"https:\/\/jp2doc.pl\/it\/2017\/04\/14\/il-volto-della-misericordia\/\",\"url\":\"https:\/\/jp2doc.pl\/it\/2017\/04\/14\/il-volto-della-misericordia\/\",\"name\":\"Il volto della misericordia - Centro di Documentazione e Studio del Pontificato di Giovanni Paolo II a Roma\",\"isPartOf\":{\"@id\":\"https:\/\/jp2doc.pl\/it\/#website\"},\"primaryImageOfPage\":{\"@id\":\"https:\/\/jp2doc.pl\/it\/2017\/04\/14\/il-volto-della-misericordia\/#primaryimage\"},\"image\":{\"@id\":\"https:\/\/jp2doc.pl\/it\/2017\/04\/14\/il-volto-della-misericordia\/#primaryimage\"},\"thumbnailUrl\":\"http:\/\/jp2doc.pl\/it\/wp-content\/uploads\/sites\/3\/2017\/04\/56ec25061c25b12828320_964920073557193_7856340170317444729_o.jpg\",\"datePublished\":\"2017-04-14T10:30:49+00:00\",\"dateModified\":\"2017-04-14T10:31:37+00:00\",\"breadcrumb\":{\"@id\":\"https:\/\/jp2doc.pl\/it\/2017\/04\/14\/il-volto-della-misericordia\/#breadcrumb\"},\"inLanguage\":\"it-IT\",\"potentialAction\":[{\"@type\":\"ReadAction\",\"target\":[\"https:\/\/jp2doc.pl\/it\/2017\/04\/14\/il-volto-della-misericordia\/\"]}]},{\"@type\":\"ImageObject\",\"inLanguage\":\"it-IT\",\"@id\":\"https:\/\/jp2doc.pl\/it\/2017\/04\/14\/il-volto-della-misericordia\/#primaryimage\",\"url\":\"http:\/\/jp2doc.pl\/it\/wp-content\/uploads\/sites\/3\/2017\/04\/56ec25061c25b12828320_964920073557193_7856340170317444729_o.jpg\",\"contentUrl\":\"http:\/\/jp2doc.pl\/it\/wp-content\/uploads\/sites\/3\/2017\/04\/56ec25061c25b12828320_964920073557193_7856340170317444729_o.jpg\"},{\"@type\":\"BreadcrumbList\",\"@id\":\"https:\/\/jp2doc.pl\/it\/2017\/04\/14\/il-volto-della-misericordia\/#breadcrumb\",\"itemListElement\":[{\"@type\":\"ListItem\",\"position\":1,\"name\":\"Home\",\"item\":\"https:\/\/jp2doc.pl\/it\/\"},{\"@type\":\"ListItem\",\"position\":2,\"name\":\"Il volto della misericordia\"}]},{\"@type\":\"WebSite\",\"@id\":\"https:\/\/jp2doc.pl\/it\/#website\",\"url\":\"https:\/\/jp2doc.pl\/it\/\",\"name\":\"Centro di Documentazione e Studio del Pontificato di Giovanni Paolo II a Roma\",\"description\":\"\",\"publisher\":{\"@id\":\"https:\/\/jp2doc.pl\/it\/#organization\"},\"potentialAction\":[{\"@type\":\"SearchAction\",\"target\":{\"@type\":\"EntryPoint\",\"urlTemplate\":\"https:\/\/jp2doc.pl\/it\/?s={search_term_string}\"},\"query-input\":{\"@type\":\"PropertyValueSpecification\",\"valueRequired\":true,\"valueName\":\"search_term_string\"}}],\"inLanguage\":\"it-IT\"},{\"@type\":\"Organization\",\"@id\":\"https:\/\/jp2doc.pl\/it\/#organization\",\"name\":\"Centro di Documentazione e Studio del Pontificato di Giovanni Paolo II a Roma\",\"url\":\"https:\/\/jp2doc.pl\/it\/\",\"logo\":{\"@type\":\"ImageObject\",\"inLanguage\":\"it-IT\",\"@id\":\"https:\/\/jp2doc.pl\/it\/#\/schema\/logo\/image\/\",\"url\":\"https:\/\/jp2doc.pl\/it\/wp-content\/uploads\/sites\/3\/2017\/03\/cropped-logo.png\",\"contentUrl\":\"https:\/\/jp2doc.pl\/it\/wp-content\/uploads\/sites\/3\/2017\/03\/cropped-logo.png\",\"width\":115,\"height\":115,\"caption\":\"Centro di Documentazione e Studio del Pontificato di Giovanni Paolo II a Roma\"},\"image\":{\"@id\":\"https:\/\/jp2doc.pl\/it\/#\/schema\/logo\/image\/\"}},{\"@type\":\"Person\",\"@id\":\"https:\/\/jp2doc.pl\/it\/#\/schema\/person\/bdb6226d49bc071fa63fbcdc7c8018ea\",\"name\":\"Anna Rudzicka\",\"image\":{\"@type\":\"ImageObject\",\"inLanguage\":\"it-IT\",\"@id\":\"https:\/\/jp2doc.pl\/it\/#\/schema\/person\/image\/\",\"url\":\"https:\/\/secure.gravatar.com\/avatar\/3ec0a7913913c54ed56083375aea7afda203c4bb047ff7e8a0c2776876a5341e?s=96&d=mm&r=g\",\"contentUrl\":\"https:\/\/secure.gravatar.com\/avatar\/3ec0a7913913c54ed56083375aea7afda203c4bb047ff7e8a0c2776876a5341e?s=96&d=mm&r=g\",\"caption\":\"Anna Rudzicka\"},\"url\":\"https:\/\/jp2doc.pl\/it\/author\/ania\/\"}]}<\/script>\n<!-- \/ Yoast SEO plugin. -->","yoast_head_json":{"title":"Il volto della misericordia - Centro di Documentazione e Studio del Pontificato di Giovanni Paolo II a Roma","robots":{"index":"index","follow":"follow","max-snippet":"max-snippet:-1","max-image-preview":"max-image-preview:large","max-video-preview":"max-video-preview:-1"},"canonical":"https:\/\/jp2doc.pl\/it\/2017\/04\/14\/il-volto-della-misericordia\/","og_locale":"it_IT","og_type":"article","og_title":"Il volto della misericordia - Centro di Documentazione e Studio del Pontificato di Giovanni Paolo II a Roma","og_description":"Relazione dell\u2019incontro","og_url":"https:\/\/jp2doc.pl\/it\/2017\/04\/14\/il-volto-della-misericordia\/","og_site_name":"Centro di Documentazione e Studio del Pontificato di Giovanni Paolo II a Roma","article_published_time":"2017-04-14T10:30:49+00:00","article_modified_time":"2017-04-14T10:31:37+00:00","og_image":[{"url":"http:\/\/jp2doc.pl\/it\/wp-content\/uploads\/sites\/3\/2017\/04\/56ec25061c25b12828320_964920073557193_7856340170317444729_o.jpg","type":"","width":"","height":""}],"author":"Anna Rudzicka","twitter_card":"summary_large_image","twitter_misc":{"Scritto da":"Anna Rudzicka","Tempo di lettura stimato":"3 minuti"},"schema":{"@context":"https:\/\/schema.org","@graph":[{"@type":"Article","@id":"https:\/\/jp2doc.pl\/it\/2017\/04\/14\/il-volto-della-misericordia\/#article","isPartOf":{"@id":"https:\/\/jp2doc.pl\/it\/2017\/04\/14\/il-volto-della-misericordia\/"},"author":{"name":"Anna Rudzicka","@id":"https:\/\/jp2doc.pl\/it\/#\/schema\/person\/bdb6226d49bc071fa63fbcdc7c8018ea"},"headline":"Il volto della misericordia","datePublished":"2017-04-14T10:30:49+00:00","dateModified":"2017-04-14T10:31:37+00:00","mainEntityOfPage":{"@id":"https:\/\/jp2doc.pl\/it\/2017\/04\/14\/il-volto-della-misericordia\/"},"wordCount":574,"commentCount":0,"publisher":{"@id":"https:\/\/jp2doc.pl\/it\/#organization"},"image":{"@id":"https:\/\/jp2doc.pl\/it\/2017\/04\/14\/il-volto-della-misericordia\/#primaryimage"},"thumbnailUrl":"http:\/\/jp2doc.pl\/it\/wp-content\/uploads\/sites\/3\/2017\/04\/56ec25061c25b12828320_964920073557193_7856340170317444729_o.jpg","articleSection":["Articoli"],"inLanguage":"it-IT","potentialAction":[{"@type":"CommentAction","name":"Comment","target":["https:\/\/jp2doc.pl\/it\/2017\/04\/14\/il-volto-della-misericordia\/#respond"]}]},{"@type":"WebPage","@id":"https:\/\/jp2doc.pl\/it\/2017\/04\/14\/il-volto-della-misericordia\/","url":"https:\/\/jp2doc.pl\/it\/2017\/04\/14\/il-volto-della-misericordia\/","name":"Il volto della misericordia - Centro di Documentazione e Studio del Pontificato di Giovanni Paolo II a Roma","isPartOf":{"@id":"https:\/\/jp2doc.pl\/it\/#website"},"primaryImageOfPage":{"@id":"https:\/\/jp2doc.pl\/it\/2017\/04\/14\/il-volto-della-misericordia\/#primaryimage"},"image":{"@id":"https:\/\/jp2doc.pl\/it\/2017\/04\/14\/il-volto-della-misericordia\/#primaryimage"},"thumbnailUrl":"http:\/\/jp2doc.pl\/it\/wp-content\/uploads\/sites\/3\/2017\/04\/56ec25061c25b12828320_964920073557193_7856340170317444729_o.jpg","datePublished":"2017-04-14T10:30:49+00:00","dateModified":"2017-04-14T10:31:37+00:00","breadcrumb":{"@id":"https:\/\/jp2doc.pl\/it\/2017\/04\/14\/il-volto-della-misericordia\/#breadcrumb"},"inLanguage":"it-IT","potentialAction":[{"@type":"ReadAction","target":["https:\/\/jp2doc.pl\/it\/2017\/04\/14\/il-volto-della-misericordia\/"]}]},{"@type":"ImageObject","inLanguage":"it-IT","@id":"https:\/\/jp2doc.pl\/it\/2017\/04\/14\/il-volto-della-misericordia\/#primaryimage","url":"http:\/\/jp2doc.pl\/it\/wp-content\/uploads\/sites\/3\/2017\/04\/56ec25061c25b12828320_964920073557193_7856340170317444729_o.jpg","contentUrl":"http:\/\/jp2doc.pl\/it\/wp-content\/uploads\/sites\/3\/2017\/04\/56ec25061c25b12828320_964920073557193_7856340170317444729_o.jpg"},{"@type":"BreadcrumbList","@id":"https:\/\/jp2doc.pl\/it\/2017\/04\/14\/il-volto-della-misericordia\/#breadcrumb","itemListElement":[{"@type":"ListItem","position":1,"name":"Home","item":"https:\/\/jp2doc.pl\/it\/"},{"@type":"ListItem","position":2,"name":"Il volto della misericordia"}]},{"@type":"WebSite","@id":"https:\/\/jp2doc.pl\/it\/#website","url":"https:\/\/jp2doc.pl\/it\/","name":"Centro di Documentazione e Studio del Pontificato di Giovanni Paolo II a Roma","description":"","publisher":{"@id":"https:\/\/jp2doc.pl\/it\/#organization"},"potentialAction":[{"@type":"SearchAction","target":{"@type":"EntryPoint","urlTemplate":"https:\/\/jp2doc.pl\/it\/?s={search_term_string}"},"query-input":{"@type":"PropertyValueSpecification","valueRequired":true,"valueName":"search_term_string"}}],"inLanguage":"it-IT"},{"@type":"Organization","@id":"https:\/\/jp2doc.pl\/it\/#organization","name":"Centro di Documentazione e Studio del Pontificato di Giovanni Paolo II a Roma","url":"https:\/\/jp2doc.pl\/it\/","logo":{"@type":"ImageObject","inLanguage":"it-IT","@id":"https:\/\/jp2doc.pl\/it\/#\/schema\/logo\/image\/","url":"https:\/\/jp2doc.pl\/it\/wp-content\/uploads\/sites\/3\/2017\/03\/cropped-logo.png","contentUrl":"https:\/\/jp2doc.pl\/it\/wp-content\/uploads\/sites\/3\/2017\/03\/cropped-logo.png","width":115,"height":115,"caption":"Centro di Documentazione e Studio del Pontificato di Giovanni Paolo II a Roma"},"image":{"@id":"https:\/\/jp2doc.pl\/it\/#\/schema\/logo\/image\/"}},{"@type":"Person","@id":"https:\/\/jp2doc.pl\/it\/#\/schema\/person\/bdb6226d49bc071fa63fbcdc7c8018ea","name":"Anna Rudzicka","image":{"@type":"ImageObject","inLanguage":"it-IT","@id":"https:\/\/jp2doc.pl\/it\/#\/schema\/person\/image\/","url":"https:\/\/secure.gravatar.com\/avatar\/3ec0a7913913c54ed56083375aea7afda203c4bb047ff7e8a0c2776876a5341e?s=96&d=mm&r=g","contentUrl":"https:\/\/secure.gravatar.com\/avatar\/3ec0a7913913c54ed56083375aea7afda203c4bb047ff7e8a0c2776876a5341e?s=96&d=mm&r=g","caption":"Anna Rudzicka"},"url":"https:\/\/jp2doc.pl\/it\/author\/ania\/"}]}},"_links":{"self":[{"href":"https:\/\/jp2doc.pl\/it\/wp-json\/wp\/v2\/posts\/1330","targetHints":{"allow":["GET"]}}],"collection":[{"href":"https:\/\/jp2doc.pl\/it\/wp-json\/wp\/v2\/posts"}],"about":[{"href":"https:\/\/jp2doc.pl\/it\/wp-json\/wp\/v2\/types\/post"}],"author":[{"embeddable":true,"href":"https:\/\/jp2doc.pl\/it\/wp-json\/wp\/v2\/users\/2"}],"replies":[{"embeddable":true,"href":"https:\/\/jp2doc.pl\/it\/wp-json\/wp\/v2\/comments?post=1330"}],"version-history":[{"count":1,"href":"https:\/\/jp2doc.pl\/it\/wp-json\/wp\/v2\/posts\/1330\/revisions"}],"predecessor-version":[{"id":1334,"href":"https:\/\/jp2doc.pl\/it\/wp-json\/wp\/v2\/posts\/1330\/revisions\/1334"}],"wp:attachment":[{"href":"https:\/\/jp2doc.pl\/it\/wp-json\/wp\/v2\/media?parent=1330"}],"wp:term":[{"taxonomy":"category","embeddable":true,"href":"https:\/\/jp2doc.pl\/it\/wp-json\/wp\/v2\/categories?post=1330"},{"taxonomy":"post_tag","embeddable":true,"href":"https:\/\/jp2doc.pl\/it\/wp-json\/wp\/v2\/tags?post=1330"}],"curies":[{"name":"wp","href":"https:\/\/api.w.org\/{rel}","templated":true}]}}