{"id":1335,"date":"2016-02-27T12:31:41","date_gmt":"2016-02-27T11:31:41","guid":{"rendered":"http:\/\/jp2doc.pl\/it\/?p=1335"},"modified":"2017-04-14T12:33:58","modified_gmt":"2017-04-14T10:33:58","slug":"norwid-nellinsegnamento-di-giovanni-paolo-ii","status":"publish","type":"post","link":"https:\/\/jp2doc.pl\/it\/2016\/02\/27\/norwid-nellinsegnamento-di-giovanni-paolo-ii\/","title":{"rendered":"Norwid nell&#8217;insegnamento di Giovanni Paolo II"},"content":{"rendered":"<p>Giovanni Paolo II era cos\u00ec consapevole di appartenere intimamente alla sua patria di origine da ritenere che non solo la sua persona, ma anche il suo modo di essere pontefice dipendesse dalla storia, dalla chiesa e dalla terra polacca. Pensava inoltre che, pur ricoprendo l&#8217;ufficio pi\u00f9 elevato nella Chiesa, tale legame non dovesse essere interrotto, ma che egli dovesse attingere all&#8217;esperienza acquisita in Polonia e richiamarsi costantemente alla storia e alla cultura della sua terra. Era inoltre convinto che il suo servizio di successore di Pietro potesse contribuire allo sviluppo della cultura polacca e ai suoi legami con la cultura europea e mondiale. Indubbiamente fu cos\u00ec e ci\u00f2 \u00e8 dimostrato, ad esempio, dalla crescita di interesse dell&#8217;opinione pubblica per la figura di Cyprian Kamil Norwid (1821-1883), poeta che occup\u00f2 un posto particolare nella formazione spirituale ed intellettuale di Karol Wojty\u0142a. Ricordiamo infatti che, fin da quando era solo uno studente ginnasiale, partecipando al concorso di recitazione, scelse dei brani del poema &#8220;Promethidion&#8221; di Norwid. L&#8217;ammirazione e la stima per il poeta continuarono e crebbero negli anni, tanto da ritrovare numerosi riferimenti presenti nelle prediche e nelle lettere pastorali del card. Wojtyla nel periodo cracoviense, cos\u00ec via fino ad arrivare al suo pontificato dove ritroviamo nei suoi discorsi pontifici e nelle sue omelie numerose citazioni di Norwid e delle sue opere.<\/p>\n<p>Ci\u00f2 non sorprende perch\u00e9 \u2013 come lo stesso Karol Wojtyla afferm\u00f2 \u2013 lo riteneva &#8220;uno dei pi\u00f9 grandi poeti e pensatori che l&#8217;Europa cristiana avesse dato alla luce&#8221;. In un&#8217;occasione confess\u00f2 che a Norwid &#8220;era legato da una familiarit\u00e0 intima, spirituale, che risaliva agli anni del ginnasio&#8221; e che era &#8220;uno dei suoi poeti preferiti&#8221;. Vale perci\u00f2 la pena di tracciare una specie di &#8220;mappa&#8221; dei riferimenti a Norwid emergenti durante il magistero pontificio.<a href=\"http:\/\/jp2doc.pl\/it\/wp-content\/uploads\/sites\/3\/2017\/04\/56d1dbb04796356c39fb20182anorwidcyprianportret1_62479351.jpg\"><img loading=\"lazy\" decoding=\"async\" width=\"560\" height=\"535\" class=\"aligncenter wp-image-1336 size-full\" src=\"http:\/\/jp2doc.pl\/it\/wp-content\/uploads\/sites\/3\/2017\/04\/56d1dbb04796356c39fb20182anorwidcyprianportret1_62479351.jpg\" alt=\"\" \/><\/a><\/p>\n<p>Il maggior numero di citazioni di Norwid si trova nei discorsi pronunciati da Giovanni Paolo II durante i suoi pellegrinaggi in Polonia, quando su otto visite pastorali, in cinque di esse, il Santo Padre fece riferimento a Norwid complessivamente in 12 discorsi.<\/p>\n<p>Inoltre, il Papa cit\u00f2 Norwid in tre occasioni di incontro con i Polacchi in Vaticano tra cui va sottolineato, in modo particolare, il discorso interamente dedicato al poeta rivolto ai rappresentanti dell&#8217;Istituto del Patrimonio Nazionale, agli studiosi ed agli appassionati della sua opera, il 1o luglio 2001. Meritano attenzione anche i riferimenti a Norwid negli interventi pontifici, pronunciati in lingua italiana in occasione della preghiera domenicale dell'&#8221;Angelus&#8221;, nel discorso rivolto ai dipendenti dell&#8217;istituto poligrafico e della zecca italiana in occasione della festa mariana in Piazza di Spagna a Roma o anche durante le meditazioni della Via Crucis nell&#8217;Anno del Grande Giubileo. Occorre anche ricordare tre scritti di Giovanni Paolo II che hanno natura universale nei quali sono presenti riferimenti al poeta: &#8220;Lettera agli anziani&#8221;, la &#8220;Lettera agli artisti&#8221; e il libro &#8220;Memoria e identit\u00e0&#8221; che fu pubblicato l&#8217;anno della morte del Papa.<\/p>\n<p>E&#8217; di per s\u00e9 eloquente il fatto che nell&#8217;insegnamento pontificio siano presenti pi\u00f9 di 20 riferimenti al poeta. Nella maggior parte dei casi si tratta di brevi citazioni, tratte da poesie o da aforismi di Norwid che si intrecciano alle riflessioni del Papa, oppure di riferimenti alla persona, alla vita o ancora di pensieri di Norwid come motivo dominante dell&#8217;intervento, come ad esempio accadde nel discorso rivolto alle persone appartenenti al mondo della cultura e dell&#8217;arte a Varsavia nella chiesa della Santa Croce nel 1987.<\/p>\n<p>Varie sono le opere dalle quali il Papa attinse: &#8220;La mia canzone&#8221;, &#8220;Le prove&#8221;, &#8220;Non solo il futuro&#8221;, &#8220;Memoriale sulla giovane emigrazione&#8221;, &#8220;Lettera&#8221; o &#8220;Cosa sulla libert\u00e0 di parola&#8221;. Pi\u00f9 di frequente attingeva ai versetti del &#8220;Promethidion&#8221;: &#8220;Cosa sai della bellezza?&#8230; \u00c8 la forma dell\u2019amore [\u2026] Poich\u00e9 la bellezza \u00e8 per incantare il lavoro &#8211; il lavoro, per risorgere&#8221;. Vale la pena di notare che Giovanni Paolo II si serv\u00ec del pensiero di Norwid sia parlando alla gente del mondo della cultura, sia all&#8217;ambiente degli operai. In tal modo sottoline\u00f2 che l&#8217;indissolubile legame interiore tra la religione, la cultura e la dignit\u00e0 dell&#8217;uomo era necessario allo sviluppo dell&#8217;umanit\u00e0.<\/p>\n<p>A Tarn\u00f3w, durante l&#8217;incontro con l&#8217;ambiente dei villaggi della campagna polacca (1987), parlando della necessit\u00e0 di apprezzare maggiormente il lavoro nei campi e la creativit\u00e0 popolare, cit\u00f2 un brano dell'&#8221;Epilogo&#8221; del &#8220;Promethidion&#8221;. &#8220;Elevare le ispirazioni popolari ad una potenza che penetri e comprenda l\u2019umanit\u00e0 intera, elevare ci\u00f2 che \u00e8 popolare all\u2019umanit\u00e0 \u2013 scrive Norwid \u2013 mediante lo sviluppo interiore della maturit\u00e0&#8221;. Aggiunse anche altre parole del poeta (tratte da &#8220;Lettera&#8221;) secondo le quali l&#8217;agricoltore &#8220;con una mano cerca per noi il pane, con l\u2019altra trae dal cielo una sorgente di freschi pensieri&#8221;. Alla folla, quasi un milione di persone, che inizi\u00f2 ad applaudire, il Papa si rivolse dicendo: &#8220;Vi ringrazio molto di questi applausi per Norwid. Soffr\u00ec molto quando era in vita, a causa dell&#8217;esilio. Mi rallegro del fatto che oggi venga applaudito dal mondo contadino polacco [&#8230;] per la sua saggezza, la sua grande saggezza, cristiana, patriottica e nazionale&#8221;.<\/p>\n<p>Gli editori, gli studiosi e gli ammiratori dell&#8217;opera di Norwid donarono al Santo Padre diversi tipi di pubblicazioni e studi riguardanti il suo &#8220;poeta preferito&#8221;. Molti di quei doni, con dedica dei donatori, si trovano nelle raccolte del Centro di Documentazione e di Studio del Pontificato di Giovanni Paolo II di Roma. Il pi\u00f9 significativo \u00e8 il manoscritto della poesia di Norwid &#8220;Alle tristi notizie del Vaticano&#8221;, scritta dopo la morte di Pio IX. donato dal prof. Wiktor Gomulicki.<\/p>\n<p>Vale la pena di indicare ancora un oggetto donato al Santo Padre durante la sua visita a Cracovia nel 1983. Si tratta della &#8220;Litania alla Santissima Vergine Maria&#8221; di Norwid manoscritta, ricopiata accuratamente e arricchita da meravigliosi ornamenti e da un ritratto del poeta, ed infine rilegata con copertine di cartone. Ricordiamo che la &#8220;Litania&#8221; fu scritta nel periodo di soggiorno di Norwid a Roma (1844, 1847-1848) ed \u00e8 la testimonianza della sua trasformazione spirituale che sfocia in preghiera dinanzi all&#8217;immagine di Maria, Mater Admirabilis, presente in una delle chiese romane. Sull&#8217;ultimo foglio la donatrice scrisse tra l&#8217;altro: &#8220;Santo Padre! Quando venisti in Polonia nel 1979 dopo la Tua benedizione avvenne un miracolo! Dio mi fece la grazia. Dopo 36 anni del mio abbandono, Dio volle scendere nella mia anima. [\u2026] Accetta da me questo dono modesto [\u2026] La Tua benedizione perpetui in me la fede in Dio!&#8221;. Sicuramente anche la donatrice, come Giovanni Paolo II, era un&#8217;ammiratrice di Norwid e, come lui, scopriva nell&#8217;opera del poeta gli spazi dove emergeva ci\u00f2 che di pi\u00f9 profondo c&#8217;\u00e8 nell&#8217;uomo: quei desideri dell&#8217;anima e dell&#8217;intelletto che solo Dio pu\u00f2 soddisfare.<a href=\"http:\/\/jp2doc.pl\/it\/wp-content\/uploads\/sites\/3\/2017\/04\/56d1dbc92a4d256c3a0b3abbc012222.png\"><img loading=\"lazy\" decoding=\"async\" width=\"560\" height=\"401\" class=\"aligncenter wp-image-1337 size-full\" src=\"http:\/\/jp2doc.pl\/it\/wp-content\/uploads\/sites\/3\/2017\/04\/56d1dbc92a4d256c3a0b3abbc012222.png\" alt=\"\" \/><\/a><\/p>\n<p>\u00c8 bene ricordare che il Santo Padre nel 2001 ricevette dalla Fondazione di Norwid una medaglia, come riconoscimento del merito di aver diffuso nel mondo l&#8217;opera del nostro grande poeta. Ed \u00e8 indubbia l&#8217;attenzione che molte persone, di diversa nazionalit\u00e0, ebbero, per la figura e l&#8217;opera di Norwid ad opera del Papa.<\/p>\n<p>Norwid non poteva supporre che uno dei suoi connazionali, non soltanto non avrebbe tralasciato i suoi scritti, ma si sarebbe tanto innamorato di essi da includerli nell&#8217;insegnamento pontificio e nel magistero della Chiesa, rendendo cos\u00ec spiritualmente fertile la sua eredit\u00e0.<br \/>\nMai, Norwid si sarebbe potuto immaginare un simile &#8220;ritorno&#8221; a Roma, ma si sa che le vie della Provvidenza Divina sono infinite!<\/p>\n","protected":false},"excerpt":{"rendered":"<p>Articolo &#8211; Andrea Dobrzy\u0144ski<\/p>\n","protected":false},"author":2,"featured_media":0,"comment_status":"open","ping_status":"open","sticky":false,"template":"","format":"standard","meta":{"_acf_changed":false,"_exactmetrics_skip_tracking":false,"_exactmetrics_sitenote_active":false,"_exactmetrics_sitenote_note":"","_exactmetrics_sitenote_category":0,"footnotes":""},"categories":[2],"tags":[],"class_list":["post-1335","post","type-post","status-publish","format-standard","hentry","category-articoli"],"acf":[],"yoast_head":"<!-- This site is optimized with the Yoast SEO plugin v26.2 - https:\/\/yoast.com\/wordpress\/plugins\/seo\/ -->\n<title>Norwid nell&#039;insegnamento di Giovanni Paolo II - Centro di Documentazione e Studio del Pontificato di Giovanni Paolo II a Roma<\/title>\n<meta name=\"robots\" content=\"index, follow, max-snippet:-1, max-image-preview:large, max-video-preview:-1\" \/>\n<link rel=\"canonical\" href=\"https:\/\/jp2doc.pl\/it\/2016\/02\/27\/norwid-nellinsegnamento-di-giovanni-paolo-ii\/\" \/>\n<meta property=\"og:locale\" content=\"it_IT\" \/>\n<meta property=\"og:type\" content=\"article\" \/>\n<meta property=\"og:title\" content=\"Norwid nell&#039;insegnamento di Giovanni Paolo II - Centro di Documentazione e Studio del Pontificato di Giovanni Paolo II a Roma\" \/>\n<meta property=\"og:description\" content=\"Articolo - Andrea Dobrzy\u0144ski\" \/>\n<meta property=\"og:url\" content=\"https:\/\/jp2doc.pl\/it\/2016\/02\/27\/norwid-nellinsegnamento-di-giovanni-paolo-ii\/\" \/>\n<meta property=\"og:site_name\" content=\"Centro di Documentazione e Studio del Pontificato di Giovanni Paolo II a Roma\" \/>\n<meta property=\"article:published_time\" content=\"2016-02-27T11:31:41+00:00\" \/>\n<meta property=\"article:modified_time\" content=\"2017-04-14T10:33:58+00:00\" \/>\n<meta property=\"og:image\" content=\"http:\/\/jp2doc.pl\/it\/wp-content\/uploads\/sites\/3\/2017\/04\/56d1dbb04796356c39fb20182anorwidcyprianportret1_62479351.jpg\" \/>\n<meta name=\"author\" content=\"Anna Rudzicka\" \/>\n<meta name=\"twitter:card\" content=\"summary_large_image\" \/>\n<meta name=\"twitter:label1\" content=\"Scritto da\" \/>\n\t<meta name=\"twitter:data1\" content=\"Anna Rudzicka\" \/>\n\t<meta name=\"twitter:label2\" content=\"Tempo di lettura stimato\" \/>\n\t<meta name=\"twitter:data2\" content=\"6 minuti\" \/>\n<script type=\"application\/ld+json\" class=\"yoast-schema-graph\">{\"@context\":\"https:\/\/schema.org\",\"@graph\":[{\"@type\":\"Article\",\"@id\":\"https:\/\/jp2doc.pl\/it\/2016\/02\/27\/norwid-nellinsegnamento-di-giovanni-paolo-ii\/#article\",\"isPartOf\":{\"@id\":\"https:\/\/jp2doc.pl\/it\/2016\/02\/27\/norwid-nellinsegnamento-di-giovanni-paolo-ii\/\"},\"author\":{\"name\":\"Anna Rudzicka\",\"@id\":\"https:\/\/jp2doc.pl\/it\/#\/schema\/person\/bdb6226d49bc071fa63fbcdc7c8018ea\"},\"headline\":\"Norwid nell&#8217;insegnamento di Giovanni Paolo II\",\"datePublished\":\"2016-02-27T11:31:41+00:00\",\"dateModified\":\"2017-04-14T10:33:58+00:00\",\"mainEntityOfPage\":{\"@id\":\"https:\/\/jp2doc.pl\/it\/2016\/02\/27\/norwid-nellinsegnamento-di-giovanni-paolo-ii\/\"},\"wordCount\":1225,\"commentCount\":0,\"publisher\":{\"@id\":\"https:\/\/jp2doc.pl\/it\/#organization\"},\"image\":{\"@id\":\"https:\/\/jp2doc.pl\/it\/2016\/02\/27\/norwid-nellinsegnamento-di-giovanni-paolo-ii\/#primaryimage\"},\"thumbnailUrl\":\"http:\/\/jp2doc.pl\/it\/wp-content\/uploads\/sites\/3\/2017\/04\/56d1dbb04796356c39fb20182anorwidcyprianportret1_62479351.jpg\",\"articleSection\":[\"Articoli\"],\"inLanguage\":\"it-IT\",\"potentialAction\":[{\"@type\":\"CommentAction\",\"name\":\"Comment\",\"target\":[\"https:\/\/jp2doc.pl\/it\/2016\/02\/27\/norwid-nellinsegnamento-di-giovanni-paolo-ii\/#respond\"]}]},{\"@type\":\"WebPage\",\"@id\":\"https:\/\/jp2doc.pl\/it\/2016\/02\/27\/norwid-nellinsegnamento-di-giovanni-paolo-ii\/\",\"url\":\"https:\/\/jp2doc.pl\/it\/2016\/02\/27\/norwid-nellinsegnamento-di-giovanni-paolo-ii\/\",\"name\":\"Norwid nell'insegnamento di Giovanni Paolo II - Centro di Documentazione e Studio del Pontificato di Giovanni Paolo II a Roma\",\"isPartOf\":{\"@id\":\"https:\/\/jp2doc.pl\/it\/#website\"},\"primaryImageOfPage\":{\"@id\":\"https:\/\/jp2doc.pl\/it\/2016\/02\/27\/norwid-nellinsegnamento-di-giovanni-paolo-ii\/#primaryimage\"},\"image\":{\"@id\":\"https:\/\/jp2doc.pl\/it\/2016\/02\/27\/norwid-nellinsegnamento-di-giovanni-paolo-ii\/#primaryimage\"},\"thumbnailUrl\":\"http:\/\/jp2doc.pl\/it\/wp-content\/uploads\/sites\/3\/2017\/04\/56d1dbb04796356c39fb20182anorwidcyprianportret1_62479351.jpg\",\"datePublished\":\"2016-02-27T11:31:41+00:00\",\"dateModified\":\"2017-04-14T10:33:58+00:00\",\"breadcrumb\":{\"@id\":\"https:\/\/jp2doc.pl\/it\/2016\/02\/27\/norwid-nellinsegnamento-di-giovanni-paolo-ii\/#breadcrumb\"},\"inLanguage\":\"it-IT\",\"potentialAction\":[{\"@type\":\"ReadAction\",\"target\":[\"https:\/\/jp2doc.pl\/it\/2016\/02\/27\/norwid-nellinsegnamento-di-giovanni-paolo-ii\/\"]}]},{\"@type\":\"ImageObject\",\"inLanguage\":\"it-IT\",\"@id\":\"https:\/\/jp2doc.pl\/it\/2016\/02\/27\/norwid-nellinsegnamento-di-giovanni-paolo-ii\/#primaryimage\",\"url\":\"http:\/\/jp2doc.pl\/it\/wp-content\/uploads\/sites\/3\/2017\/04\/56d1dbb04796356c39fb20182anorwidcyprianportret1_62479351.jpg\",\"contentUrl\":\"http:\/\/jp2doc.pl\/it\/wp-content\/uploads\/sites\/3\/2017\/04\/56d1dbb04796356c39fb20182anorwidcyprianportret1_62479351.jpg\"},{\"@type\":\"BreadcrumbList\",\"@id\":\"https:\/\/jp2doc.pl\/it\/2016\/02\/27\/norwid-nellinsegnamento-di-giovanni-paolo-ii\/#breadcrumb\",\"itemListElement\":[{\"@type\":\"ListItem\",\"position\":1,\"name\":\"Home\",\"item\":\"https:\/\/jp2doc.pl\/it\/\"},{\"@type\":\"ListItem\",\"position\":2,\"name\":\"Norwid nell&#8217;insegnamento di Giovanni Paolo II\"}]},{\"@type\":\"WebSite\",\"@id\":\"https:\/\/jp2doc.pl\/it\/#website\",\"url\":\"https:\/\/jp2doc.pl\/it\/\",\"name\":\"Centro di Documentazione e Studio del Pontificato di Giovanni Paolo II a Roma\",\"description\":\"\",\"publisher\":{\"@id\":\"https:\/\/jp2doc.pl\/it\/#organization\"},\"potentialAction\":[{\"@type\":\"SearchAction\",\"target\":{\"@type\":\"EntryPoint\",\"urlTemplate\":\"https:\/\/jp2doc.pl\/it\/?s={search_term_string}\"},\"query-input\":{\"@type\":\"PropertyValueSpecification\",\"valueRequired\":true,\"valueName\":\"search_term_string\"}}],\"inLanguage\":\"it-IT\"},{\"@type\":\"Organization\",\"@id\":\"https:\/\/jp2doc.pl\/it\/#organization\",\"name\":\"Centro di Documentazione e Studio del Pontificato di Giovanni Paolo II a Roma\",\"url\":\"https:\/\/jp2doc.pl\/it\/\",\"logo\":{\"@type\":\"ImageObject\",\"inLanguage\":\"it-IT\",\"@id\":\"https:\/\/jp2doc.pl\/it\/#\/schema\/logo\/image\/\",\"url\":\"https:\/\/jp2doc.pl\/it\/wp-content\/uploads\/sites\/3\/2017\/03\/cropped-logo.png\",\"contentUrl\":\"https:\/\/jp2doc.pl\/it\/wp-content\/uploads\/sites\/3\/2017\/03\/cropped-logo.png\",\"width\":115,\"height\":115,\"caption\":\"Centro di Documentazione e Studio del Pontificato di Giovanni Paolo II a Roma\"},\"image\":{\"@id\":\"https:\/\/jp2doc.pl\/it\/#\/schema\/logo\/image\/\"}},{\"@type\":\"Person\",\"@id\":\"https:\/\/jp2doc.pl\/it\/#\/schema\/person\/bdb6226d49bc071fa63fbcdc7c8018ea\",\"name\":\"Anna Rudzicka\",\"image\":{\"@type\":\"ImageObject\",\"inLanguage\":\"it-IT\",\"@id\":\"https:\/\/jp2doc.pl\/it\/#\/schema\/person\/image\/\",\"url\":\"https:\/\/secure.gravatar.com\/avatar\/3ec0a7913913c54ed56083375aea7afda203c4bb047ff7e8a0c2776876a5341e?s=96&d=mm&r=g\",\"contentUrl\":\"https:\/\/secure.gravatar.com\/avatar\/3ec0a7913913c54ed56083375aea7afda203c4bb047ff7e8a0c2776876a5341e?s=96&d=mm&r=g\",\"caption\":\"Anna Rudzicka\"},\"url\":\"https:\/\/jp2doc.pl\/it\/author\/ania\/\"}]}<\/script>\n<!-- \/ Yoast SEO plugin. -->","yoast_head_json":{"title":"Norwid nell'insegnamento di Giovanni Paolo II - Centro di Documentazione e Studio del Pontificato di Giovanni Paolo II a Roma","robots":{"index":"index","follow":"follow","max-snippet":"max-snippet:-1","max-image-preview":"max-image-preview:large","max-video-preview":"max-video-preview:-1"},"canonical":"https:\/\/jp2doc.pl\/it\/2016\/02\/27\/norwid-nellinsegnamento-di-giovanni-paolo-ii\/","og_locale":"it_IT","og_type":"article","og_title":"Norwid nell'insegnamento di Giovanni Paolo II - Centro di Documentazione e Studio del Pontificato di Giovanni Paolo II a Roma","og_description":"Articolo - Andrea Dobrzy\u0144ski","og_url":"https:\/\/jp2doc.pl\/it\/2016\/02\/27\/norwid-nellinsegnamento-di-giovanni-paolo-ii\/","og_site_name":"Centro di Documentazione e Studio del Pontificato di Giovanni Paolo II a Roma","article_published_time":"2016-02-27T11:31:41+00:00","article_modified_time":"2017-04-14T10:33:58+00:00","og_image":[{"url":"http:\/\/jp2doc.pl\/it\/wp-content\/uploads\/sites\/3\/2017\/04\/56d1dbb04796356c39fb20182anorwidcyprianportret1_62479351.jpg","type":"","width":"","height":""}],"author":"Anna Rudzicka","twitter_card":"summary_large_image","twitter_misc":{"Scritto da":"Anna Rudzicka","Tempo di lettura stimato":"6 minuti"},"schema":{"@context":"https:\/\/schema.org","@graph":[{"@type":"Article","@id":"https:\/\/jp2doc.pl\/it\/2016\/02\/27\/norwid-nellinsegnamento-di-giovanni-paolo-ii\/#article","isPartOf":{"@id":"https:\/\/jp2doc.pl\/it\/2016\/02\/27\/norwid-nellinsegnamento-di-giovanni-paolo-ii\/"},"author":{"name":"Anna Rudzicka","@id":"https:\/\/jp2doc.pl\/it\/#\/schema\/person\/bdb6226d49bc071fa63fbcdc7c8018ea"},"headline":"Norwid nell&#8217;insegnamento di Giovanni Paolo II","datePublished":"2016-02-27T11:31:41+00:00","dateModified":"2017-04-14T10:33:58+00:00","mainEntityOfPage":{"@id":"https:\/\/jp2doc.pl\/it\/2016\/02\/27\/norwid-nellinsegnamento-di-giovanni-paolo-ii\/"},"wordCount":1225,"commentCount":0,"publisher":{"@id":"https:\/\/jp2doc.pl\/it\/#organization"},"image":{"@id":"https:\/\/jp2doc.pl\/it\/2016\/02\/27\/norwid-nellinsegnamento-di-giovanni-paolo-ii\/#primaryimage"},"thumbnailUrl":"http:\/\/jp2doc.pl\/it\/wp-content\/uploads\/sites\/3\/2017\/04\/56d1dbb04796356c39fb20182anorwidcyprianportret1_62479351.jpg","articleSection":["Articoli"],"inLanguage":"it-IT","potentialAction":[{"@type":"CommentAction","name":"Comment","target":["https:\/\/jp2doc.pl\/it\/2016\/02\/27\/norwid-nellinsegnamento-di-giovanni-paolo-ii\/#respond"]}]},{"@type":"WebPage","@id":"https:\/\/jp2doc.pl\/it\/2016\/02\/27\/norwid-nellinsegnamento-di-giovanni-paolo-ii\/","url":"https:\/\/jp2doc.pl\/it\/2016\/02\/27\/norwid-nellinsegnamento-di-giovanni-paolo-ii\/","name":"Norwid nell'insegnamento di Giovanni Paolo II - Centro di Documentazione e Studio del Pontificato di Giovanni Paolo II a Roma","isPartOf":{"@id":"https:\/\/jp2doc.pl\/it\/#website"},"primaryImageOfPage":{"@id":"https:\/\/jp2doc.pl\/it\/2016\/02\/27\/norwid-nellinsegnamento-di-giovanni-paolo-ii\/#primaryimage"},"image":{"@id":"https:\/\/jp2doc.pl\/it\/2016\/02\/27\/norwid-nellinsegnamento-di-giovanni-paolo-ii\/#primaryimage"},"thumbnailUrl":"http:\/\/jp2doc.pl\/it\/wp-content\/uploads\/sites\/3\/2017\/04\/56d1dbb04796356c39fb20182anorwidcyprianportret1_62479351.jpg","datePublished":"2016-02-27T11:31:41+00:00","dateModified":"2017-04-14T10:33:58+00:00","breadcrumb":{"@id":"https:\/\/jp2doc.pl\/it\/2016\/02\/27\/norwid-nellinsegnamento-di-giovanni-paolo-ii\/#breadcrumb"},"inLanguage":"it-IT","potentialAction":[{"@type":"ReadAction","target":["https:\/\/jp2doc.pl\/it\/2016\/02\/27\/norwid-nellinsegnamento-di-giovanni-paolo-ii\/"]}]},{"@type":"ImageObject","inLanguage":"it-IT","@id":"https:\/\/jp2doc.pl\/it\/2016\/02\/27\/norwid-nellinsegnamento-di-giovanni-paolo-ii\/#primaryimage","url":"http:\/\/jp2doc.pl\/it\/wp-content\/uploads\/sites\/3\/2017\/04\/56d1dbb04796356c39fb20182anorwidcyprianportret1_62479351.jpg","contentUrl":"http:\/\/jp2doc.pl\/it\/wp-content\/uploads\/sites\/3\/2017\/04\/56d1dbb04796356c39fb20182anorwidcyprianportret1_62479351.jpg"},{"@type":"BreadcrumbList","@id":"https:\/\/jp2doc.pl\/it\/2016\/02\/27\/norwid-nellinsegnamento-di-giovanni-paolo-ii\/#breadcrumb","itemListElement":[{"@type":"ListItem","position":1,"name":"Home","item":"https:\/\/jp2doc.pl\/it\/"},{"@type":"ListItem","position":2,"name":"Norwid nell&#8217;insegnamento di Giovanni Paolo II"}]},{"@type":"WebSite","@id":"https:\/\/jp2doc.pl\/it\/#website","url":"https:\/\/jp2doc.pl\/it\/","name":"Centro di Documentazione e Studio del Pontificato di Giovanni Paolo II a Roma","description":"","publisher":{"@id":"https:\/\/jp2doc.pl\/it\/#organization"},"potentialAction":[{"@type":"SearchAction","target":{"@type":"EntryPoint","urlTemplate":"https:\/\/jp2doc.pl\/it\/?s={search_term_string}"},"query-input":{"@type":"PropertyValueSpecification","valueRequired":true,"valueName":"search_term_string"}}],"inLanguage":"it-IT"},{"@type":"Organization","@id":"https:\/\/jp2doc.pl\/it\/#organization","name":"Centro di Documentazione e Studio del Pontificato di Giovanni Paolo II a Roma","url":"https:\/\/jp2doc.pl\/it\/","logo":{"@type":"ImageObject","inLanguage":"it-IT","@id":"https:\/\/jp2doc.pl\/it\/#\/schema\/logo\/image\/","url":"https:\/\/jp2doc.pl\/it\/wp-content\/uploads\/sites\/3\/2017\/03\/cropped-logo.png","contentUrl":"https:\/\/jp2doc.pl\/it\/wp-content\/uploads\/sites\/3\/2017\/03\/cropped-logo.png","width":115,"height":115,"caption":"Centro di Documentazione e Studio del Pontificato di Giovanni Paolo II a Roma"},"image":{"@id":"https:\/\/jp2doc.pl\/it\/#\/schema\/logo\/image\/"}},{"@type":"Person","@id":"https:\/\/jp2doc.pl\/it\/#\/schema\/person\/bdb6226d49bc071fa63fbcdc7c8018ea","name":"Anna Rudzicka","image":{"@type":"ImageObject","inLanguage":"it-IT","@id":"https:\/\/jp2doc.pl\/it\/#\/schema\/person\/image\/","url":"https:\/\/secure.gravatar.com\/avatar\/3ec0a7913913c54ed56083375aea7afda203c4bb047ff7e8a0c2776876a5341e?s=96&d=mm&r=g","contentUrl":"https:\/\/secure.gravatar.com\/avatar\/3ec0a7913913c54ed56083375aea7afda203c4bb047ff7e8a0c2776876a5341e?s=96&d=mm&r=g","caption":"Anna Rudzicka"},"url":"https:\/\/jp2doc.pl\/it\/author\/ania\/"}]}},"_links":{"self":[{"href":"https:\/\/jp2doc.pl\/it\/wp-json\/wp\/v2\/posts\/1335","targetHints":{"allow":["GET"]}}],"collection":[{"href":"https:\/\/jp2doc.pl\/it\/wp-json\/wp\/v2\/posts"}],"about":[{"href":"https:\/\/jp2doc.pl\/it\/wp-json\/wp\/v2\/types\/post"}],"author":[{"embeddable":true,"href":"https:\/\/jp2doc.pl\/it\/wp-json\/wp\/v2\/users\/2"}],"replies":[{"embeddable":true,"href":"https:\/\/jp2doc.pl\/it\/wp-json\/wp\/v2\/comments?post=1335"}],"version-history":[{"count":1,"href":"https:\/\/jp2doc.pl\/it\/wp-json\/wp\/v2\/posts\/1335\/revisions"}],"predecessor-version":[{"id":1338,"href":"https:\/\/jp2doc.pl\/it\/wp-json\/wp\/v2\/posts\/1335\/revisions\/1338"}],"wp:attachment":[{"href":"https:\/\/jp2doc.pl\/it\/wp-json\/wp\/v2\/media?parent=1335"}],"wp:term":[{"taxonomy":"category","embeddable":true,"href":"https:\/\/jp2doc.pl\/it\/wp-json\/wp\/v2\/categories?post=1335"},{"taxonomy":"post_tag","embeddable":true,"href":"https:\/\/jp2doc.pl\/it\/wp-json\/wp\/v2\/tags?post=1335"}],"curies":[{"name":"wp","href":"https:\/\/api.w.org\/{rel}","templated":true}]}}