{"id":1342,"date":"2015-12-19T12:34:57","date_gmt":"2015-12-19T11:34:57","guid":{"rendered":"http:\/\/jp2doc.pl\/it\/?p=1342"},"modified":"2017-04-14T12:37:07","modified_gmt":"2017-04-14T10:37:07","slug":"giovanni-paolo-ii-il-papa-del-concilio","status":"publish","type":"post","link":"https:\/\/jp2doc.pl\/it\/2015\/12\/19\/giovanni-paolo-ii-il-papa-del-concilio\/","title":{"rendered":"Giovanni Paolo II &#8211; il Papa del Concilio"},"content":{"rendered":"<p>La sera di domenica 13 dicembre di quest\u2019anno, nell&#8217;auditorium presso la chiesa di Stanislao Vescovo e Martire a Roma si \u00e8 tenuto un incontro dedicato al 50\u00b0 anniversario della fine del Concilio Vaticano II. Questa riunione \u00e8 stata anche l\u2019occasione per ricordare l\u2019importanza del pontificato di Giovanni Paolo II per l\u2019attuazione del magistero di questo Concilio nella vita della Chiesa. All\u2019incontro hanno partecipato P. Prof. Dariusz Kowalczyk SJ, il decano della Facolt\u00e0 di Teologia della Pontificia Universit\u00e0 Gregoriana di Roma, e P. Prof. Zdzis\u0142aw Kijas OFMConv della Congregazione delle cause dei santi in Vaticano. Il moderatore dell\u2019incontro \u00e8 stato rev. dott. Andrzej Dobrzy\u0144ski, l\u2019editor dei tre volumi di scritti conciliari di Karol Wojty\u0142a.<a href=\"http:\/\/jp2doc.pl\/it\/wp-content\/uploads\/sites\/3\/2017\/04\/56757eb63cc1b5672e6efe06cddo_Kaiu._po_zmianie.jpg\"><img loading=\"lazy\" decoding=\"async\" width=\"560\" height=\"373\" class=\"aligncenter wp-image-1343 size-full\" src=\"http:\/\/jp2doc.pl\/it\/wp-content\/uploads\/sites\/3\/2017\/04\/56757eb63cc1b5672e6efe06cddo_Kaiu._po_zmianie.jpg\" alt=\"\" \/><\/a><\/p>\n<p>P. Kowalczyk, nella sua presentazione \u201cLo Spirito vero e lo spirito falso del Consiglio\u201d, ha sottolineato che la recezione del Concilio non \u00e8 completato e che nella Chiesa c\u2019\u00e8 ansia verso il mondo moderno e verso l\u2019apertura alle novit\u00e0 ideologiche: dall\u2019ingenuit\u00e0 verso il mondo al completo isolamento dalle influenze mondane. Lo spirito del Concilio falsamente inteso \u00e8 stato concepito come una apertura indiscriminata al mondo o alla libert\u00e0 di scelta tra le verit\u00e0 della fede e della morale. A sua volta, lo spirito autentico del Consiglio \u00e8 formato sulla base della conoscenza della lettera, cio\u00e8 dei 16 documenti del Vaticanum II.<a href=\"http:\/\/jp2doc.pl\/it\/wp-content\/uploads\/sites\/3\/2017\/04\/56757ed9f10bd5672e748f1d11.po_zmianie.jpg\"><img loading=\"lazy\" decoding=\"async\" width=\"560\" height=\"384\" class=\"aligncenter wp-image-1344 size-full\" src=\"http:\/\/jp2doc.pl\/it\/wp-content\/uploads\/sites\/3\/2017\/04\/56757ed9f10bd5672e748f1d11.po_zmianie.jpg\" alt=\"\" \/><\/a><\/p>\n<p>P. Kijas, nel suo discorso dal titolo \u201cIl Concilio Vaticano II \u00e8 dopo 50 anni ancora attuale?\u201d, rispondendo alla domanda nel titolo, ha detto che in un certo senso, il Concilio si \u00e8 tenuto troppo tardi, perch\u00e9 le crisi del potere e l\u2019autorit\u00e0 erano gi\u00e0 aggravate, e avevano iniziato a minare abitudini esistenti. Il Vaticanum II \u00e8 stato un concilio completamente diverso dai precedenti, perch\u00e9 non ha dovuto definire un nuovo dogma, ma mirava a incoraggiare la Chiesa al rinnovamento pastorale. L\u2019oratore ha sottolineato che il tempo di un dibattito sterile sul Concilio dovrebbe finire. Attualmente si dovrebbe soprattutto tener conto di ci\u00f2 che \u00e8 stato il pi\u00f9 importante del Vaticanum II e ha un significato profetico: annunciare il Cristo alle persone contemporanee.<\/p>\n<p style=\"text-align: right;\"><strong>AD<\/strong><\/p>\n","protected":false},"excerpt":{"rendered":"<p>Un raporto sulla riunione<\/p>\n","protected":false},"author":2,"featured_media":0,"comment_status":"open","ping_status":"open","sticky":false,"template":"","format":"standard","meta":{"_acf_changed":false,"_exactmetrics_skip_tracking":false,"_exactmetrics_sitenote_active":false,"_exactmetrics_sitenote_note":"","_exactmetrics_sitenote_category":0,"footnotes":""},"categories":[2],"tags":[],"class_list":["post-1342","post","type-post","status-publish","format-standard","hentry","category-articoli"],"acf":[],"yoast_head":"<!-- This site is optimized with the Yoast SEO plugin v26.2 - https:\/\/yoast.com\/wordpress\/plugins\/seo\/ -->\n<title>Giovanni Paolo II - il Papa del Concilio - Centro di Documentazione e Studio del Pontificato di Giovanni Paolo II a Roma<\/title>\n<meta name=\"robots\" content=\"index, follow, max-snippet:-1, max-image-preview:large, max-video-preview:-1\" \/>\n<link rel=\"canonical\" href=\"https:\/\/jp2doc.pl\/it\/2015\/12\/19\/giovanni-paolo-ii-il-papa-del-concilio\/\" \/>\n<meta property=\"og:locale\" content=\"it_IT\" \/>\n<meta property=\"og:type\" content=\"article\" \/>\n<meta property=\"og:title\" content=\"Giovanni Paolo II - il Papa del Concilio - Centro di Documentazione e Studio del Pontificato di Giovanni Paolo II a Roma\" \/>\n<meta property=\"og:description\" content=\"Un raporto sulla riunione\" \/>\n<meta property=\"og:url\" content=\"https:\/\/jp2doc.pl\/it\/2015\/12\/19\/giovanni-paolo-ii-il-papa-del-concilio\/\" \/>\n<meta property=\"og:site_name\" content=\"Centro di Documentazione e Studio del Pontificato di Giovanni Paolo II a Roma\" \/>\n<meta property=\"article:published_time\" content=\"2015-12-19T11:34:57+00:00\" \/>\n<meta property=\"article:modified_time\" content=\"2017-04-14T10:37:07+00:00\" \/>\n<meta property=\"og:image\" content=\"http:\/\/jp2doc.pl\/it\/wp-content\/uploads\/sites\/3\/2017\/04\/56757eb63cc1b5672e6efe06cddo_Kaiu._po_zmianie.jpg\" \/>\n<meta name=\"author\" content=\"Anna Rudzicka\" \/>\n<meta name=\"twitter:card\" content=\"summary_large_image\" \/>\n<meta name=\"twitter:label1\" content=\"Scritto da\" \/>\n\t<meta name=\"twitter:data1\" content=\"Anna Rudzicka\" \/>\n\t<meta name=\"twitter:label2\" content=\"Tempo di lettura stimato\" \/>\n\t<meta name=\"twitter:data2\" content=\"2 minuti\" \/>\n<script type=\"application\/ld+json\" class=\"yoast-schema-graph\">{\"@context\":\"https:\/\/schema.org\",\"@graph\":[{\"@type\":\"Article\",\"@id\":\"https:\/\/jp2doc.pl\/it\/2015\/12\/19\/giovanni-paolo-ii-il-papa-del-concilio\/#article\",\"isPartOf\":{\"@id\":\"https:\/\/jp2doc.pl\/it\/2015\/12\/19\/giovanni-paolo-ii-il-papa-del-concilio\/\"},\"author\":{\"name\":\"Anna Rudzicka\",\"@id\":\"https:\/\/jp2doc.pl\/it\/#\/schema\/person\/bdb6226d49bc071fa63fbcdc7c8018ea\"},\"headline\":\"Giovanni Paolo II &#8211; il Papa del Concilio\",\"datePublished\":\"2015-12-19T11:34:57+00:00\",\"dateModified\":\"2017-04-14T10:37:07+00:00\",\"mainEntityOfPage\":{\"@id\":\"https:\/\/jp2doc.pl\/it\/2015\/12\/19\/giovanni-paolo-ii-il-papa-del-concilio\/\"},\"wordCount\":347,\"commentCount\":0,\"publisher\":{\"@id\":\"https:\/\/jp2doc.pl\/it\/#organization\"},\"image\":{\"@id\":\"https:\/\/jp2doc.pl\/it\/2015\/12\/19\/giovanni-paolo-ii-il-papa-del-concilio\/#primaryimage\"},\"thumbnailUrl\":\"http:\/\/jp2doc.pl\/it\/wp-content\/uploads\/sites\/3\/2017\/04\/56757eb63cc1b5672e6efe06cddo_Kaiu._po_zmianie.jpg\",\"articleSection\":[\"Articoli\"],\"inLanguage\":\"it-IT\",\"potentialAction\":[{\"@type\":\"CommentAction\",\"name\":\"Comment\",\"target\":[\"https:\/\/jp2doc.pl\/it\/2015\/12\/19\/giovanni-paolo-ii-il-papa-del-concilio\/#respond\"]}]},{\"@type\":\"WebPage\",\"@id\":\"https:\/\/jp2doc.pl\/it\/2015\/12\/19\/giovanni-paolo-ii-il-papa-del-concilio\/\",\"url\":\"https:\/\/jp2doc.pl\/it\/2015\/12\/19\/giovanni-paolo-ii-il-papa-del-concilio\/\",\"name\":\"Giovanni Paolo II - il Papa del Concilio - Centro di Documentazione e Studio del Pontificato di Giovanni Paolo II a Roma\",\"isPartOf\":{\"@id\":\"https:\/\/jp2doc.pl\/it\/#website\"},\"primaryImageOfPage\":{\"@id\":\"https:\/\/jp2doc.pl\/it\/2015\/12\/19\/giovanni-paolo-ii-il-papa-del-concilio\/#primaryimage\"},\"image\":{\"@id\":\"https:\/\/jp2doc.pl\/it\/2015\/12\/19\/giovanni-paolo-ii-il-papa-del-concilio\/#primaryimage\"},\"thumbnailUrl\":\"http:\/\/jp2doc.pl\/it\/wp-content\/uploads\/sites\/3\/2017\/04\/56757eb63cc1b5672e6efe06cddo_Kaiu._po_zmianie.jpg\",\"datePublished\":\"2015-12-19T11:34:57+00:00\",\"dateModified\":\"2017-04-14T10:37:07+00:00\",\"breadcrumb\":{\"@id\":\"https:\/\/jp2doc.pl\/it\/2015\/12\/19\/giovanni-paolo-ii-il-papa-del-concilio\/#breadcrumb\"},\"inLanguage\":\"it-IT\",\"potentialAction\":[{\"@type\":\"ReadAction\",\"target\":[\"https:\/\/jp2doc.pl\/it\/2015\/12\/19\/giovanni-paolo-ii-il-papa-del-concilio\/\"]}]},{\"@type\":\"ImageObject\",\"inLanguage\":\"it-IT\",\"@id\":\"https:\/\/jp2doc.pl\/it\/2015\/12\/19\/giovanni-paolo-ii-il-papa-del-concilio\/#primaryimage\",\"url\":\"http:\/\/jp2doc.pl\/it\/wp-content\/uploads\/sites\/3\/2017\/04\/56757eb63cc1b5672e6efe06cddo_Kaiu._po_zmianie.jpg\",\"contentUrl\":\"http:\/\/jp2doc.pl\/it\/wp-content\/uploads\/sites\/3\/2017\/04\/56757eb63cc1b5672e6efe06cddo_Kaiu._po_zmianie.jpg\"},{\"@type\":\"BreadcrumbList\",\"@id\":\"https:\/\/jp2doc.pl\/it\/2015\/12\/19\/giovanni-paolo-ii-il-papa-del-concilio\/#breadcrumb\",\"itemListElement\":[{\"@type\":\"ListItem\",\"position\":1,\"name\":\"Home\",\"item\":\"https:\/\/jp2doc.pl\/it\/\"},{\"@type\":\"ListItem\",\"position\":2,\"name\":\"Giovanni Paolo II &#8211; il Papa del Concilio\"}]},{\"@type\":\"WebSite\",\"@id\":\"https:\/\/jp2doc.pl\/it\/#website\",\"url\":\"https:\/\/jp2doc.pl\/it\/\",\"name\":\"Centro di Documentazione e Studio del Pontificato di Giovanni Paolo II a Roma\",\"description\":\"\",\"publisher\":{\"@id\":\"https:\/\/jp2doc.pl\/it\/#organization\"},\"potentialAction\":[{\"@type\":\"SearchAction\",\"target\":{\"@type\":\"EntryPoint\",\"urlTemplate\":\"https:\/\/jp2doc.pl\/it\/?s={search_term_string}\"},\"query-input\":{\"@type\":\"PropertyValueSpecification\",\"valueRequired\":true,\"valueName\":\"search_term_string\"}}],\"inLanguage\":\"it-IT\"},{\"@type\":\"Organization\",\"@id\":\"https:\/\/jp2doc.pl\/it\/#organization\",\"name\":\"Centro di Documentazione e Studio del Pontificato di Giovanni Paolo II a Roma\",\"url\":\"https:\/\/jp2doc.pl\/it\/\",\"logo\":{\"@type\":\"ImageObject\",\"inLanguage\":\"it-IT\",\"@id\":\"https:\/\/jp2doc.pl\/it\/#\/schema\/logo\/image\/\",\"url\":\"https:\/\/jp2doc.pl\/it\/wp-content\/uploads\/sites\/3\/2017\/03\/cropped-logo.png\",\"contentUrl\":\"https:\/\/jp2doc.pl\/it\/wp-content\/uploads\/sites\/3\/2017\/03\/cropped-logo.png\",\"width\":115,\"height\":115,\"caption\":\"Centro di Documentazione e Studio del Pontificato di Giovanni Paolo II a Roma\"},\"image\":{\"@id\":\"https:\/\/jp2doc.pl\/it\/#\/schema\/logo\/image\/\"}},{\"@type\":\"Person\",\"@id\":\"https:\/\/jp2doc.pl\/it\/#\/schema\/person\/bdb6226d49bc071fa63fbcdc7c8018ea\",\"name\":\"Anna Rudzicka\",\"image\":{\"@type\":\"ImageObject\",\"inLanguage\":\"it-IT\",\"@id\":\"https:\/\/jp2doc.pl\/it\/#\/schema\/person\/image\/\",\"url\":\"https:\/\/secure.gravatar.com\/avatar\/3ec0a7913913c54ed56083375aea7afda203c4bb047ff7e8a0c2776876a5341e?s=96&d=mm&r=g\",\"contentUrl\":\"https:\/\/secure.gravatar.com\/avatar\/3ec0a7913913c54ed56083375aea7afda203c4bb047ff7e8a0c2776876a5341e?s=96&d=mm&r=g\",\"caption\":\"Anna Rudzicka\"},\"url\":\"https:\/\/jp2doc.pl\/it\/author\/ania\/\"}]}<\/script>\n<!-- \/ Yoast SEO plugin. -->","yoast_head_json":{"title":"Giovanni Paolo II - il Papa del Concilio - Centro di Documentazione e Studio del Pontificato di Giovanni Paolo II a Roma","robots":{"index":"index","follow":"follow","max-snippet":"max-snippet:-1","max-image-preview":"max-image-preview:large","max-video-preview":"max-video-preview:-1"},"canonical":"https:\/\/jp2doc.pl\/it\/2015\/12\/19\/giovanni-paolo-ii-il-papa-del-concilio\/","og_locale":"it_IT","og_type":"article","og_title":"Giovanni Paolo II - il Papa del Concilio - Centro di Documentazione e Studio del Pontificato di Giovanni Paolo II a Roma","og_description":"Un raporto sulla riunione","og_url":"https:\/\/jp2doc.pl\/it\/2015\/12\/19\/giovanni-paolo-ii-il-papa-del-concilio\/","og_site_name":"Centro di Documentazione e Studio del Pontificato di Giovanni Paolo II a Roma","article_published_time":"2015-12-19T11:34:57+00:00","article_modified_time":"2017-04-14T10:37:07+00:00","og_image":[{"url":"http:\/\/jp2doc.pl\/it\/wp-content\/uploads\/sites\/3\/2017\/04\/56757eb63cc1b5672e6efe06cddo_Kaiu._po_zmianie.jpg","type":"","width":"","height":""}],"author":"Anna Rudzicka","twitter_card":"summary_large_image","twitter_misc":{"Scritto da":"Anna Rudzicka","Tempo di lettura stimato":"2 minuti"},"schema":{"@context":"https:\/\/schema.org","@graph":[{"@type":"Article","@id":"https:\/\/jp2doc.pl\/it\/2015\/12\/19\/giovanni-paolo-ii-il-papa-del-concilio\/#article","isPartOf":{"@id":"https:\/\/jp2doc.pl\/it\/2015\/12\/19\/giovanni-paolo-ii-il-papa-del-concilio\/"},"author":{"name":"Anna Rudzicka","@id":"https:\/\/jp2doc.pl\/it\/#\/schema\/person\/bdb6226d49bc071fa63fbcdc7c8018ea"},"headline":"Giovanni Paolo II &#8211; il Papa del Concilio","datePublished":"2015-12-19T11:34:57+00:00","dateModified":"2017-04-14T10:37:07+00:00","mainEntityOfPage":{"@id":"https:\/\/jp2doc.pl\/it\/2015\/12\/19\/giovanni-paolo-ii-il-papa-del-concilio\/"},"wordCount":347,"commentCount":0,"publisher":{"@id":"https:\/\/jp2doc.pl\/it\/#organization"},"image":{"@id":"https:\/\/jp2doc.pl\/it\/2015\/12\/19\/giovanni-paolo-ii-il-papa-del-concilio\/#primaryimage"},"thumbnailUrl":"http:\/\/jp2doc.pl\/it\/wp-content\/uploads\/sites\/3\/2017\/04\/56757eb63cc1b5672e6efe06cddo_Kaiu._po_zmianie.jpg","articleSection":["Articoli"],"inLanguage":"it-IT","potentialAction":[{"@type":"CommentAction","name":"Comment","target":["https:\/\/jp2doc.pl\/it\/2015\/12\/19\/giovanni-paolo-ii-il-papa-del-concilio\/#respond"]}]},{"@type":"WebPage","@id":"https:\/\/jp2doc.pl\/it\/2015\/12\/19\/giovanni-paolo-ii-il-papa-del-concilio\/","url":"https:\/\/jp2doc.pl\/it\/2015\/12\/19\/giovanni-paolo-ii-il-papa-del-concilio\/","name":"Giovanni Paolo II - il Papa del Concilio - Centro di Documentazione e Studio del Pontificato di Giovanni Paolo II a Roma","isPartOf":{"@id":"https:\/\/jp2doc.pl\/it\/#website"},"primaryImageOfPage":{"@id":"https:\/\/jp2doc.pl\/it\/2015\/12\/19\/giovanni-paolo-ii-il-papa-del-concilio\/#primaryimage"},"image":{"@id":"https:\/\/jp2doc.pl\/it\/2015\/12\/19\/giovanni-paolo-ii-il-papa-del-concilio\/#primaryimage"},"thumbnailUrl":"http:\/\/jp2doc.pl\/it\/wp-content\/uploads\/sites\/3\/2017\/04\/56757eb63cc1b5672e6efe06cddo_Kaiu._po_zmianie.jpg","datePublished":"2015-12-19T11:34:57+00:00","dateModified":"2017-04-14T10:37:07+00:00","breadcrumb":{"@id":"https:\/\/jp2doc.pl\/it\/2015\/12\/19\/giovanni-paolo-ii-il-papa-del-concilio\/#breadcrumb"},"inLanguage":"it-IT","potentialAction":[{"@type":"ReadAction","target":["https:\/\/jp2doc.pl\/it\/2015\/12\/19\/giovanni-paolo-ii-il-papa-del-concilio\/"]}]},{"@type":"ImageObject","inLanguage":"it-IT","@id":"https:\/\/jp2doc.pl\/it\/2015\/12\/19\/giovanni-paolo-ii-il-papa-del-concilio\/#primaryimage","url":"http:\/\/jp2doc.pl\/it\/wp-content\/uploads\/sites\/3\/2017\/04\/56757eb63cc1b5672e6efe06cddo_Kaiu._po_zmianie.jpg","contentUrl":"http:\/\/jp2doc.pl\/it\/wp-content\/uploads\/sites\/3\/2017\/04\/56757eb63cc1b5672e6efe06cddo_Kaiu._po_zmianie.jpg"},{"@type":"BreadcrumbList","@id":"https:\/\/jp2doc.pl\/it\/2015\/12\/19\/giovanni-paolo-ii-il-papa-del-concilio\/#breadcrumb","itemListElement":[{"@type":"ListItem","position":1,"name":"Home","item":"https:\/\/jp2doc.pl\/it\/"},{"@type":"ListItem","position":2,"name":"Giovanni Paolo II &#8211; il Papa del Concilio"}]},{"@type":"WebSite","@id":"https:\/\/jp2doc.pl\/it\/#website","url":"https:\/\/jp2doc.pl\/it\/","name":"Centro di Documentazione e Studio del Pontificato di Giovanni Paolo II a Roma","description":"","publisher":{"@id":"https:\/\/jp2doc.pl\/it\/#organization"},"potentialAction":[{"@type":"SearchAction","target":{"@type":"EntryPoint","urlTemplate":"https:\/\/jp2doc.pl\/it\/?s={search_term_string}"},"query-input":{"@type":"PropertyValueSpecification","valueRequired":true,"valueName":"search_term_string"}}],"inLanguage":"it-IT"},{"@type":"Organization","@id":"https:\/\/jp2doc.pl\/it\/#organization","name":"Centro di Documentazione e Studio del Pontificato di Giovanni Paolo II a Roma","url":"https:\/\/jp2doc.pl\/it\/","logo":{"@type":"ImageObject","inLanguage":"it-IT","@id":"https:\/\/jp2doc.pl\/it\/#\/schema\/logo\/image\/","url":"https:\/\/jp2doc.pl\/it\/wp-content\/uploads\/sites\/3\/2017\/03\/cropped-logo.png","contentUrl":"https:\/\/jp2doc.pl\/it\/wp-content\/uploads\/sites\/3\/2017\/03\/cropped-logo.png","width":115,"height":115,"caption":"Centro di Documentazione e Studio del Pontificato di Giovanni Paolo II a Roma"},"image":{"@id":"https:\/\/jp2doc.pl\/it\/#\/schema\/logo\/image\/"}},{"@type":"Person","@id":"https:\/\/jp2doc.pl\/it\/#\/schema\/person\/bdb6226d49bc071fa63fbcdc7c8018ea","name":"Anna Rudzicka","image":{"@type":"ImageObject","inLanguage":"it-IT","@id":"https:\/\/jp2doc.pl\/it\/#\/schema\/person\/image\/","url":"https:\/\/secure.gravatar.com\/avatar\/3ec0a7913913c54ed56083375aea7afda203c4bb047ff7e8a0c2776876a5341e?s=96&d=mm&r=g","contentUrl":"https:\/\/secure.gravatar.com\/avatar\/3ec0a7913913c54ed56083375aea7afda203c4bb047ff7e8a0c2776876a5341e?s=96&d=mm&r=g","caption":"Anna Rudzicka"},"url":"https:\/\/jp2doc.pl\/it\/author\/ania\/"}]}},"_links":{"self":[{"href":"https:\/\/jp2doc.pl\/it\/wp-json\/wp\/v2\/posts\/1342","targetHints":{"allow":["GET"]}}],"collection":[{"href":"https:\/\/jp2doc.pl\/it\/wp-json\/wp\/v2\/posts"}],"about":[{"href":"https:\/\/jp2doc.pl\/it\/wp-json\/wp\/v2\/types\/post"}],"author":[{"embeddable":true,"href":"https:\/\/jp2doc.pl\/it\/wp-json\/wp\/v2\/users\/2"}],"replies":[{"embeddable":true,"href":"https:\/\/jp2doc.pl\/it\/wp-json\/wp\/v2\/comments?post=1342"}],"version-history":[{"count":1,"href":"https:\/\/jp2doc.pl\/it\/wp-json\/wp\/v2\/posts\/1342\/revisions"}],"predecessor-version":[{"id":1345,"href":"https:\/\/jp2doc.pl\/it\/wp-json\/wp\/v2\/posts\/1342\/revisions\/1345"}],"wp:attachment":[{"href":"https:\/\/jp2doc.pl\/it\/wp-json\/wp\/v2\/media?parent=1342"}],"wp:term":[{"taxonomy":"category","embeddable":true,"href":"https:\/\/jp2doc.pl\/it\/wp-json\/wp\/v2\/categories?post=1342"},{"taxonomy":"post_tag","embeddable":true,"href":"https:\/\/jp2doc.pl\/it\/wp-json\/wp\/v2\/tags?post=1342"}],"curies":[{"name":"wp","href":"https:\/\/api.w.org\/{rel}","templated":true}]}}