{"id":1346,"date":"2015-05-25T12:37:16","date_gmt":"2015-05-25T10:37:16","guid":{"rendered":"http:\/\/jp2doc.pl\/it\/?p=1346"},"modified":"2017-04-14T12:41:13","modified_gmt":"2017-04-14T10:41:13","slug":"voleva-portarci-giovanni-paolo-ii","status":"publish","type":"post","link":"https:\/\/jp2doc.pl\/it\/2015\/05\/25\/voleva-portarci-giovanni-paolo-ii\/","title":{"rendered":"Voleva portarci Giovanni Paolo II"},"content":{"rendered":"<p>Penso che lei non vorrebbe che questo articolo sarebbe pubblicato. Lei era estremamente modesta, nonostante il talento, duro lavoro ed enormi successi che lei ebbe. Era sempre da qualche parte nell\u2019ombro, ma allo stesso tempo \u2013 concentrata e preoccupata che tutto fosse venuto fuori nel miglior modo possibile. Probabilmente ella suggerirebbe di dedicare questo luogo e il tempo a Giovanni Paolo II e ai film che aveva a lui dedicato. Ma sento \u201cil dovere\u201d verso di lei e dedicher\u00f2 solo a lei almeno qualche parola, ricordando qualche briciola di ricordi che mostrano che tipo di persona era \u2013 saggia, buona e molto sensibile. Soltanto forse un po\u2019sottovalutata&#8230;<\/p>\n<p>Ebbi la fortuna di conoscerla attraverso Sr. Serafia Pajerska, una sorella del Sacro Cuore, che mi parl\u00f2 di soggiorno di Tamara Jak\u017cyna a Cracovia, suggerendo che questo potrebbe essere una possibilit\u00e0 per me di parlare con lei. L\u2019intervist\u00f2 sul suo film Nie b\u00f3j si\u0119! Modl\u0119 si\u0119 za ciebie (Non abbi paura! Io prego per te). Ricordo il nostro primo incontro \u2013 ebbi paura, non sapendo quanto potremmo capire reciprocamente, e se la barriera linguistica ci permetter\u00e0 parlare liberamente sul film e sulla persona di Giovanni Paolo II, sul suo messaggio e la filosofia&#8230; Organizzammo un incontro davanti della Chiesa di Santa Maria nella Piazza Grande (Rynek G\u0142\u00f3wny). Ci sedemmo a un caff\u00e8 e&#8230; lo stress and\u00f2 via. Il fascino di Giovanni Paolo II ci un\u00ec. Scrissi una tesi dal titolo Una poetica di dramma di Karol Wojty\u0142a (Poetyka dramatu Karola Wojty\u0142y), cos\u00ec \u2013 penso che si possa dire cos\u00ec \u2013 sviluppammo un ottimo contatto. L\u2019intervista fu cos\u00ec lunga e interessante, che era difficile rinunciare a qualcosa. Essa non si adattava a un numero, e pertanto, fu pubblicata tutta, ma in due parti. Apparve sulle pagine di \u201cCzas Serca\u201d (si pu\u00f2 leggere all\u2019indirizzo: http:\/\/prasa.wiara.pl\/doc\/458762.Nie-boj-sie-Modle-sie-za-ciebie). In una certa misura diventammo amiche. Ogni volta che Tamara era a Cracovia, lei me lo fece sapere. Parlai con lei al telefono nel gennaio e febbraio scorso. Purtroppo, quando Tamara fu l\u2019ultima volta a Cracovia, nel mese di febbraio, non riuscimmo a incontrarci. Soggiorn\u00f2 brevemente a Nowa Huta, ed ebbe un fitto calendario, quindi dovemmo spostare il nostro appuntamento&#8230;<a href=\"http:\/\/jp2doc.pl\/it\/wp-content\/uploads\/sites\/3\/2017\/04\/55636633dcf06lpo.jpg\"><img loading=\"lazy\" decoding=\"async\" width=\"560\" height=\"373\" class=\"aligncenter wp-image-1347 size-full\" src=\"http:\/\/jp2doc.pl\/it\/wp-content\/uploads\/sites\/3\/2017\/04\/55636633dcf06lpo.jpg\" alt=\"\" \/><\/a><\/p>\n<p><strong>Concentrandosi sempre su Giovanni Paolo II<\/strong><br \/>\nL\u2019ultima volta che la vidi l\u2019anno scorso, lei mi invit\u00f2 a guardare il suo film su Sokrat Starynkiewicz, presentato nel \u017baczek Club&#8230; Apprezzava ci\u00f2 che le offriva il suo lavoro \u2013 lei potesse conoscere biografie straordinarie, indagarle a fondo, analizzarle e rappresentarle. Tuttavia, il pi\u00f9 importante del suo lavoro sono due film dedicati a Giovanni Paolo II. Si rallegr\u00f2 di loro, per\u00f2 le costarono molto. Mi ricordo come parl\u00f2 della grande mole di lavoro che aveva dovuto fare per prepararli (eseguendo nello stesso tempo numerose funzioni, comprese quelle che ebbero poco in comune con l\u2019opera di una regista). Come risultato, affrontava seri problemi finanziari. A volte, quando non aveva pi\u00f9 la forza di lottare, lasciava tutto a Giovanni Paolo II \u2013 gli permettendo di prendersi cura dei fondi. E aiuto arrivava rapidamente \u2013 lei credeva che fosse a causa del contributo del Papa. Lei era estremamente determinata a combattere per la realizzazione dei film. Mi ricordo quando parlava come una volta non riusciva ad ottenere materiali da un decisore, e quando diceva addio, annunci\u00f2 a lui: \u201cSe dovr\u00f2 disegnarlo, far\u00f2 questo film\u201d. La frase attrasse l\u2019interlocutore, e cos\u00ec lui decise di aiutarla<\/p>\n<p>Mentre lei lavorava sul film e raccoglieva materiali a Roma e al Vaticano, si godeva l\u2019ospitalit\u00e0 della Casa Polacca di Via Cassia, quello che sempre ricord\u00f2 con grande gratitudine. Inoltre, era sempre profondamente grata per qualqunco aiuto \u2013 nei titoli di coda ha ringraziato a tutti coloro che avevano appoggiato il suo lavoro sul film Nie b\u00f3j si\u0119! Modl\u0119 si\u0119 za ciebie (Non abbi paura! Io prego per te).<br \/>\nAnche la sua perseveranza ha fatto una grande impressione su di me. Ricordo che lei mi disse che quando il fuoco stava consumando Mosca, lei non poteva lasciare la citt\u00e0 perch\u00e9 aveva un sacco di lavoro, inseguita da scadenze per il film. L\u2019aria era pesante, e cos\u00ec lei stava lavorando avvolta in coperte bagnate, sdraiata sul pavimento. Era accompagnata da i suoi gatti, e lei dispiacieva molto che loro hanno dovuto sopportare queste condizioni difficili.<\/p>\n<p><strong>Wojty\u0142a come uomo<\/strong><br \/>\nSi parla di amore non corrisposto di Giovanni Paolo II verso la Russia. Tamara cercava di compensare lui per questo, facendo film su di lui, basando su una solida ricerca, e su materiali accuratamente raccolti, e su interlocutori attentamente selezionati, mostrando Wojty\u0142a come uomo, ed esponendo valori umanistici che egli predicava. Tradusse anche Kwiatki Jana Paw\u0142a II (I fioretti di Giovanni Paolo II) in lingua russa, il libro che le piaceva moltissimo perch\u00e9 lei apprezzava il suo pensiero, il linguaggio, il messaggio, ma anche il senso dell\u2019umore.<a href=\"http:\/\/jp2doc.pl\/it\/wp-content\/uploads\/sites\/3\/2017\/04\/55636640052e0uid_0521066c2dee51b1f0b561437d3ee5331431114367233_width_736_play_0_pos_0_gs_0_height_414.jpg\"><img loading=\"lazy\" decoding=\"async\" width=\"560\" height=\"315\" class=\"aligncenter wp-image-1348 size-full\" src=\"http:\/\/jp2doc.pl\/it\/wp-content\/uploads\/sites\/3\/2017\/04\/55636640052e0uid_0521066c2dee51b1f0b561437d3ee5331431114367233_width_736_play_0_pos_0_gs_0_height_414.jpg\" alt=\"\" \/><\/a><\/p>\n<p>Dopo aver fatto il suo primo film su Giovanni Paolo II, Tamara disse che aveva bisogno di riposare. Ma questo non dur\u00f2 a lungo \u2013 ben presto cominci\u00f2 ad aprire i contatti con persone vicine a Giovanni Paolo per preparare il secondo film Papie\u017c, kt\u00f3ry nie umar\u0142 (Il Papa chi non \u00e8 morto). Ancora una volta, questo le cost\u00f2 molto. Anche pag\u00f2 per questo con la sua salute, avendo sempre pi\u00f9 problemi con esso. Ma credo, che lei non poteva o non voleva riposare: lei era costantemente affrettata e inseguita da qualcosa, come se si sentiva che aveva cos\u00ec poco tempo e cos\u00ec tanto da dire e da fare. Prendeva molti lavori e svolgeva diversi incarichi per raccogliere denaro e completare il film su Giovanni Paolo II, che stava facendo sulla base delle proprie risorse. A dire il vero, ho l\u2019impressione, che incontro con il pensiero e il messaggio di Giovanni Paolo II sia stato il pi\u00f9 importante incontro della sua vita. Dedic\u00f2 il suo tempo e le sue energie per lavorare sui film, e poi per la loro distribuzione. Tali erano gli ultimi anni della sua vita&#8230; Il sui film le cost\u00f2 tanto, perch\u00e9 metteva tutto il suo cuore in esso, ma d\u2019altra parte, questo le dava incredibile soddisfazione. Quando la televisione russa volle mostrare il suo film su Giovanni Paolo II, ma in una versione ridotta, lei non ne accett\u00f2, perch\u00e9 per lei, la selezione era stata gi\u00e0 fatta, aveva dovuto ridurre i materiali, quindi se una parola o un fotogramma erano trovati in un film, significava che erano veramente importanti.<\/p>\n<p><strong>Buona, modesta e sensibile<\/strong><br \/>\nLa notizia della sua morte era completamente inaspettata. L\u2019ho letto in tram sul monitor, un po sconsideramente e per noia guardavo le informazioni visualizzate quando lessi che&#8230; il corpo della ricercata Tamara Jak\u017cyna era stato trovato. Io non sapevo neanche che era ricercata. Non ci potevo credere. Non potevo anche leggere bene i dati: se si trattava di \u201cuna regista da Mosca\u201d o che \u201cera trovata a Mosca\u201d.<\/p>\n<p>Tamara fu uccisa molto probabilmente il 12 marzo. La notizia della sua morte, quando fu trovato il suo corpo, era segnalata al momento significativo \u2013 nel corso di una serata dedicata alla poesia di Karol Wojty\u0142a, che ebbe luogo nell\u2019ambito di incontri sulla poesia e la letteratura organizzate nella Biblioteca. Andrei Bazylevskiy e Igor Baranov, traduttori russi, noti della traduzione di opere letterarie di Karol Wojty\u0142a, prendevano parte a questo incontro, ed era anche presente Yevgeniy Rashkovskiy, direttore del centro di ricerca della letteratura religiosa presso la Biblioteca. Rashkovskiy e Bazylevskiy recitavano le loro traduzioni di poesie del Wojty\u0142a che furono cos\u00ec apprezzate da Tamara. Era Igor Baranov che con grande dolore disse ai partecipanti alla riunione della morte di Tamara Yakzhina. Baranov, insieme a lei, aveva fatto la prima parte del film su Giovanni Paolo II Nie b\u00f3j si\u0119! modl\u0119 si\u0119 za ciebie (Non abbi paura! Io prego per te). Ogni morte arriva troppo presto, perch\u00e9 tante parole non sono state pronunciate, tante cose non sono state completate, ci sono tanti progetti improvvisamente interrotti, tante cose rotte nel corso della loro realizzazione&#8230; La morte di Tamara fa male nel modo speciale, perch\u00e9 \u00e8 difficile venire a patti con il fatto che in tale modo fu uccisa una persona cos\u00ec buona e sensibile. La persona che parlava con tanta passione dell\u2019uomo, credendo nella sua bont\u00e0, e quella che metteva tanto cuore nel rendere il mondo un luogo pi\u00f9 amichevole per vivere&#8230; Lei credeva nel uomo, nella cultura e nell\u2019arte. Sebbene lei gi\u00e0 varc\u00f2 la soglia della speranza, aveva lasciato il retaggio del suo lavoro, che comprende l\u2019eredit\u00e0 che ci aveva lasciato Giovanni Paolo II. Dopo la morte del Papa, lei disse che lui ci aveva lasciato il suo pensiero, e cos\u00ec avevamo qualcosa su cui lavorare, qualcosa per la ricerca. Grazie al impegno di Tamara abbiamo documentari, realizzate con precisione vere opere artistiche, che aiutano a commemorare il pontificato di Giovanni Paolo II e, presentando il suo messaggio e i valori umani, avvicinano la persona del Papa alle persone in tutto il mondo, non solo ai cattolici.<\/p>\n<p><strong>Tamara Elisabetta Jak\u017cyna<\/strong> \u2013 una russa di origine polacca (da qui il suo secondo nome come spieg\u00f2 una volta), una regista di documentari e sceneggiatore televisivo&#8230; Amava quello che stava facendo. Una laureata dell\u2019Istituto di Televisione \u2013 studi\u00f2 presso la Facolt\u00e0 di Giornalismo all\u2019Universit\u00e0 Statale Lomonosov di Mosca, dove scelse la specializzazione \u201cuna assistente letterario alla televisione e alla radio, una giornalista\u201d (il suo argomento di tesi: Il teatro televisivo polacco). Inoltre complet\u00f2 gli studi post-laurea (regia e scenografia).<\/p>\n<p>Tutta la sua vita professionale era legato a delle arti \u2013 teatro, cinema e musica. Per oltre venti anni lavor\u00f2 nella televisione pubblica a Mosca, nel dipartimento di musica (aveva ricevuto istruzione secondaria musicale) e nell\u2019Unione Creativa \u201cEkran\u201d. Oltre al numero impressionante di programmi artistici, che fece, era anche un autore di cicli: La musica nel teatro, Cinema e televisione e Musica e poesia. Nel 1990 accett\u00f2 una proposta di lavoro nello Studio dei Film Documentari e della Scienza Popolare \u201cVozrozhdeniye\u201d. Per lo studio fece una serie di film acquistati da stazioni televisive russe e straniere. Nel 1993 iniz\u00f2 a lavorare nello studio \u201cMusica e Film\u201d (come direttrice artistica). In occasione del 100\u00b0 anniversario del cinema \u2013 su richiesta della televisione russa \u2013 prepar\u00f2 programmi per una serie TV Directori del cinema mondiale (tra cui Visconti, Fassbinder e Chabrol). Collabor\u00f2 anche con L\u2019Orchestra Sinfonica Russa del Film, dirigendo un ciclo Musica dello schermo dal vivo.<\/p>\n<p>Tamara Jak\u017cyna scrisse numerosi articoli sulla musica, sul lavoro dei compositori di musica da film e sulla condizione del cinema documentario contemporaneo. Conduceva incontri presentando film documentari in uno dei centri giovanili di Mosca. Sacrific\u00f2 gran parte del suo tempo per la promozione della cultura polacca in Russia (inclusi film), per interviste con registi, musicisti, scrittori e traduttori polacchi in lingua russa. Era un\u2019editrice-curatrice della sezione \u201cLa Polonia\u201d della Rivista Internazionale Letteraria, Artistico e Culturale \u201cMecenat i Mir\u201d (\u201cIl patronato e il mondo\u201d). Sistematicamente, una volta al mese nella Casa del Cinema a Mosca guidava il Film Club Polacco, dove giovani registi e studenti di accademie artistiche potevano vedere i migliori film polacchi.<\/p>\n<p style=\"text-align: right;\"><strong>Sylwia Palka<\/strong><\/p>\n","protected":false},"excerpt":{"rendered":"<p>Il ricordo della defunta Tamara\u00a0Elisabetta Jak\u017cyna<\/p>\n","protected":false},"author":2,"featured_media":0,"comment_status":"open","ping_status":"open","sticky":false,"template":"","format":"standard","meta":{"_acf_changed":false,"_exactmetrics_skip_tracking":false,"_exactmetrics_sitenote_active":false,"_exactmetrics_sitenote_note":"","_exactmetrics_sitenote_category":0,"footnotes":""},"categories":[2],"tags":[],"class_list":["post-1346","post","type-post","status-publish","format-standard","hentry","category-articoli"],"acf":[],"yoast_head":"<!-- This site is optimized with the Yoast SEO plugin v26.2 - https:\/\/yoast.com\/wordpress\/plugins\/seo\/ -->\n<title>Voleva portarci Giovanni Paolo II - Centro di Documentazione e Studio del Pontificato di Giovanni Paolo II a Roma<\/title>\n<meta name=\"robots\" content=\"index, follow, max-snippet:-1, max-image-preview:large, max-video-preview:-1\" \/>\n<link rel=\"canonical\" href=\"https:\/\/jp2doc.pl\/it\/2015\/05\/25\/voleva-portarci-giovanni-paolo-ii\/\" \/>\n<meta property=\"og:locale\" content=\"it_IT\" \/>\n<meta property=\"og:type\" content=\"article\" \/>\n<meta property=\"og:title\" content=\"Voleva portarci Giovanni Paolo II - Centro di Documentazione e Studio del Pontificato di Giovanni Paolo II a Roma\" \/>\n<meta property=\"og:description\" content=\"Il ricordo della defunta Tamara\u00a0Elisabetta Jak\u017cyna\" \/>\n<meta property=\"og:url\" content=\"https:\/\/jp2doc.pl\/it\/2015\/05\/25\/voleva-portarci-giovanni-paolo-ii\/\" \/>\n<meta property=\"og:site_name\" content=\"Centro di Documentazione e Studio del Pontificato di Giovanni Paolo II a Roma\" \/>\n<meta property=\"article:published_time\" content=\"2015-05-25T10:37:16+00:00\" \/>\n<meta property=\"article:modified_time\" content=\"2017-04-14T10:41:13+00:00\" \/>\n<meta property=\"og:image\" content=\"http:\/\/jp2doc.pl\/it\/wp-content\/uploads\/sites\/3\/2017\/04\/55636633dcf06lpo.jpg\" \/>\n<meta name=\"author\" content=\"Anna Rudzicka\" \/>\n<meta name=\"twitter:card\" content=\"summary_large_image\" \/>\n<meta name=\"twitter:label1\" content=\"Scritto da\" \/>\n\t<meta name=\"twitter:data1\" content=\"Anna Rudzicka\" \/>\n\t<meta name=\"twitter:label2\" content=\"Tempo di lettura stimato\" \/>\n\t<meta name=\"twitter:data2\" content=\"9 minuti\" \/>\n<script type=\"application\/ld+json\" class=\"yoast-schema-graph\">{\"@context\":\"https:\/\/schema.org\",\"@graph\":[{\"@type\":\"Article\",\"@id\":\"https:\/\/jp2doc.pl\/it\/2015\/05\/25\/voleva-portarci-giovanni-paolo-ii\/#article\",\"isPartOf\":{\"@id\":\"https:\/\/jp2doc.pl\/it\/2015\/05\/25\/voleva-portarci-giovanni-paolo-ii\/\"},\"author\":{\"name\":\"Anna Rudzicka\",\"@id\":\"https:\/\/jp2doc.pl\/it\/#\/schema\/person\/bdb6226d49bc071fa63fbcdc7c8018ea\"},\"headline\":\"Voleva portarci Giovanni Paolo II\",\"datePublished\":\"2015-05-25T10:37:16+00:00\",\"dateModified\":\"2017-04-14T10:41:13+00:00\",\"mainEntityOfPage\":{\"@id\":\"https:\/\/jp2doc.pl\/it\/2015\/05\/25\/voleva-portarci-giovanni-paolo-ii\/\"},\"wordCount\":1853,\"commentCount\":0,\"publisher\":{\"@id\":\"https:\/\/jp2doc.pl\/it\/#organization\"},\"image\":{\"@id\":\"https:\/\/jp2doc.pl\/it\/2015\/05\/25\/voleva-portarci-giovanni-paolo-ii\/#primaryimage\"},\"thumbnailUrl\":\"http:\/\/jp2doc.pl\/it\/wp-content\/uploads\/sites\/3\/2017\/04\/55636633dcf06lpo.jpg\",\"articleSection\":[\"Articoli\"],\"inLanguage\":\"it-IT\",\"potentialAction\":[{\"@type\":\"CommentAction\",\"name\":\"Comment\",\"target\":[\"https:\/\/jp2doc.pl\/it\/2015\/05\/25\/voleva-portarci-giovanni-paolo-ii\/#respond\"]}]},{\"@type\":\"WebPage\",\"@id\":\"https:\/\/jp2doc.pl\/it\/2015\/05\/25\/voleva-portarci-giovanni-paolo-ii\/\",\"url\":\"https:\/\/jp2doc.pl\/it\/2015\/05\/25\/voleva-portarci-giovanni-paolo-ii\/\",\"name\":\"Voleva portarci Giovanni Paolo II - Centro di Documentazione e Studio del Pontificato di Giovanni Paolo II a Roma\",\"isPartOf\":{\"@id\":\"https:\/\/jp2doc.pl\/it\/#website\"},\"primaryImageOfPage\":{\"@id\":\"https:\/\/jp2doc.pl\/it\/2015\/05\/25\/voleva-portarci-giovanni-paolo-ii\/#primaryimage\"},\"image\":{\"@id\":\"https:\/\/jp2doc.pl\/it\/2015\/05\/25\/voleva-portarci-giovanni-paolo-ii\/#primaryimage\"},\"thumbnailUrl\":\"http:\/\/jp2doc.pl\/it\/wp-content\/uploads\/sites\/3\/2017\/04\/55636633dcf06lpo.jpg\",\"datePublished\":\"2015-05-25T10:37:16+00:00\",\"dateModified\":\"2017-04-14T10:41:13+00:00\",\"breadcrumb\":{\"@id\":\"https:\/\/jp2doc.pl\/it\/2015\/05\/25\/voleva-portarci-giovanni-paolo-ii\/#breadcrumb\"},\"inLanguage\":\"it-IT\",\"potentialAction\":[{\"@type\":\"ReadAction\",\"target\":[\"https:\/\/jp2doc.pl\/it\/2015\/05\/25\/voleva-portarci-giovanni-paolo-ii\/\"]}]},{\"@type\":\"ImageObject\",\"inLanguage\":\"it-IT\",\"@id\":\"https:\/\/jp2doc.pl\/it\/2015\/05\/25\/voleva-portarci-giovanni-paolo-ii\/#primaryimage\",\"url\":\"http:\/\/jp2doc.pl\/it\/wp-content\/uploads\/sites\/3\/2017\/04\/55636633dcf06lpo.jpg\",\"contentUrl\":\"http:\/\/jp2doc.pl\/it\/wp-content\/uploads\/sites\/3\/2017\/04\/55636633dcf06lpo.jpg\"},{\"@type\":\"BreadcrumbList\",\"@id\":\"https:\/\/jp2doc.pl\/it\/2015\/05\/25\/voleva-portarci-giovanni-paolo-ii\/#breadcrumb\",\"itemListElement\":[{\"@type\":\"ListItem\",\"position\":1,\"name\":\"Home\",\"item\":\"https:\/\/jp2doc.pl\/it\/\"},{\"@type\":\"ListItem\",\"position\":2,\"name\":\"Voleva portarci Giovanni Paolo II\"}]},{\"@type\":\"WebSite\",\"@id\":\"https:\/\/jp2doc.pl\/it\/#website\",\"url\":\"https:\/\/jp2doc.pl\/it\/\",\"name\":\"Centro di Documentazione e Studio del Pontificato di Giovanni Paolo II a Roma\",\"description\":\"\",\"publisher\":{\"@id\":\"https:\/\/jp2doc.pl\/it\/#organization\"},\"potentialAction\":[{\"@type\":\"SearchAction\",\"target\":{\"@type\":\"EntryPoint\",\"urlTemplate\":\"https:\/\/jp2doc.pl\/it\/?s={search_term_string}\"},\"query-input\":{\"@type\":\"PropertyValueSpecification\",\"valueRequired\":true,\"valueName\":\"search_term_string\"}}],\"inLanguage\":\"it-IT\"},{\"@type\":\"Organization\",\"@id\":\"https:\/\/jp2doc.pl\/it\/#organization\",\"name\":\"Centro di Documentazione e Studio del Pontificato di Giovanni Paolo II a Roma\",\"url\":\"https:\/\/jp2doc.pl\/it\/\",\"logo\":{\"@type\":\"ImageObject\",\"inLanguage\":\"it-IT\",\"@id\":\"https:\/\/jp2doc.pl\/it\/#\/schema\/logo\/image\/\",\"url\":\"https:\/\/jp2doc.pl\/it\/wp-content\/uploads\/sites\/3\/2017\/03\/cropped-logo.png\",\"contentUrl\":\"https:\/\/jp2doc.pl\/it\/wp-content\/uploads\/sites\/3\/2017\/03\/cropped-logo.png\",\"width\":115,\"height\":115,\"caption\":\"Centro di Documentazione e Studio del Pontificato di Giovanni Paolo II a Roma\"},\"image\":{\"@id\":\"https:\/\/jp2doc.pl\/it\/#\/schema\/logo\/image\/\"}},{\"@type\":\"Person\",\"@id\":\"https:\/\/jp2doc.pl\/it\/#\/schema\/person\/bdb6226d49bc071fa63fbcdc7c8018ea\",\"name\":\"Anna Rudzicka\",\"image\":{\"@type\":\"ImageObject\",\"inLanguage\":\"it-IT\",\"@id\":\"https:\/\/jp2doc.pl\/it\/#\/schema\/person\/image\/\",\"url\":\"https:\/\/secure.gravatar.com\/avatar\/3ec0a7913913c54ed56083375aea7afda203c4bb047ff7e8a0c2776876a5341e?s=96&d=mm&r=g\",\"contentUrl\":\"https:\/\/secure.gravatar.com\/avatar\/3ec0a7913913c54ed56083375aea7afda203c4bb047ff7e8a0c2776876a5341e?s=96&d=mm&r=g\",\"caption\":\"Anna Rudzicka\"},\"url\":\"https:\/\/jp2doc.pl\/it\/author\/ania\/\"}]}<\/script>\n<!-- \/ Yoast SEO plugin. -->","yoast_head_json":{"title":"Voleva portarci Giovanni Paolo II - Centro di Documentazione e Studio del Pontificato di Giovanni Paolo II a Roma","robots":{"index":"index","follow":"follow","max-snippet":"max-snippet:-1","max-image-preview":"max-image-preview:large","max-video-preview":"max-video-preview:-1"},"canonical":"https:\/\/jp2doc.pl\/it\/2015\/05\/25\/voleva-portarci-giovanni-paolo-ii\/","og_locale":"it_IT","og_type":"article","og_title":"Voleva portarci Giovanni Paolo II - Centro di Documentazione e Studio del Pontificato di Giovanni Paolo II a Roma","og_description":"Il ricordo della defunta Tamara\u00a0Elisabetta Jak\u017cyna","og_url":"https:\/\/jp2doc.pl\/it\/2015\/05\/25\/voleva-portarci-giovanni-paolo-ii\/","og_site_name":"Centro di Documentazione e Studio del Pontificato di Giovanni Paolo II a Roma","article_published_time":"2015-05-25T10:37:16+00:00","article_modified_time":"2017-04-14T10:41:13+00:00","og_image":[{"url":"http:\/\/jp2doc.pl\/it\/wp-content\/uploads\/sites\/3\/2017\/04\/55636633dcf06lpo.jpg","type":"","width":"","height":""}],"author":"Anna Rudzicka","twitter_card":"summary_large_image","twitter_misc":{"Scritto da":"Anna Rudzicka","Tempo di lettura stimato":"9 minuti"},"schema":{"@context":"https:\/\/schema.org","@graph":[{"@type":"Article","@id":"https:\/\/jp2doc.pl\/it\/2015\/05\/25\/voleva-portarci-giovanni-paolo-ii\/#article","isPartOf":{"@id":"https:\/\/jp2doc.pl\/it\/2015\/05\/25\/voleva-portarci-giovanni-paolo-ii\/"},"author":{"name":"Anna Rudzicka","@id":"https:\/\/jp2doc.pl\/it\/#\/schema\/person\/bdb6226d49bc071fa63fbcdc7c8018ea"},"headline":"Voleva portarci Giovanni Paolo II","datePublished":"2015-05-25T10:37:16+00:00","dateModified":"2017-04-14T10:41:13+00:00","mainEntityOfPage":{"@id":"https:\/\/jp2doc.pl\/it\/2015\/05\/25\/voleva-portarci-giovanni-paolo-ii\/"},"wordCount":1853,"commentCount":0,"publisher":{"@id":"https:\/\/jp2doc.pl\/it\/#organization"},"image":{"@id":"https:\/\/jp2doc.pl\/it\/2015\/05\/25\/voleva-portarci-giovanni-paolo-ii\/#primaryimage"},"thumbnailUrl":"http:\/\/jp2doc.pl\/it\/wp-content\/uploads\/sites\/3\/2017\/04\/55636633dcf06lpo.jpg","articleSection":["Articoli"],"inLanguage":"it-IT","potentialAction":[{"@type":"CommentAction","name":"Comment","target":["https:\/\/jp2doc.pl\/it\/2015\/05\/25\/voleva-portarci-giovanni-paolo-ii\/#respond"]}]},{"@type":"WebPage","@id":"https:\/\/jp2doc.pl\/it\/2015\/05\/25\/voleva-portarci-giovanni-paolo-ii\/","url":"https:\/\/jp2doc.pl\/it\/2015\/05\/25\/voleva-portarci-giovanni-paolo-ii\/","name":"Voleva portarci Giovanni Paolo II - Centro di Documentazione e Studio del Pontificato di Giovanni Paolo II a Roma","isPartOf":{"@id":"https:\/\/jp2doc.pl\/it\/#website"},"primaryImageOfPage":{"@id":"https:\/\/jp2doc.pl\/it\/2015\/05\/25\/voleva-portarci-giovanni-paolo-ii\/#primaryimage"},"image":{"@id":"https:\/\/jp2doc.pl\/it\/2015\/05\/25\/voleva-portarci-giovanni-paolo-ii\/#primaryimage"},"thumbnailUrl":"http:\/\/jp2doc.pl\/it\/wp-content\/uploads\/sites\/3\/2017\/04\/55636633dcf06lpo.jpg","datePublished":"2015-05-25T10:37:16+00:00","dateModified":"2017-04-14T10:41:13+00:00","breadcrumb":{"@id":"https:\/\/jp2doc.pl\/it\/2015\/05\/25\/voleva-portarci-giovanni-paolo-ii\/#breadcrumb"},"inLanguage":"it-IT","potentialAction":[{"@type":"ReadAction","target":["https:\/\/jp2doc.pl\/it\/2015\/05\/25\/voleva-portarci-giovanni-paolo-ii\/"]}]},{"@type":"ImageObject","inLanguage":"it-IT","@id":"https:\/\/jp2doc.pl\/it\/2015\/05\/25\/voleva-portarci-giovanni-paolo-ii\/#primaryimage","url":"http:\/\/jp2doc.pl\/it\/wp-content\/uploads\/sites\/3\/2017\/04\/55636633dcf06lpo.jpg","contentUrl":"http:\/\/jp2doc.pl\/it\/wp-content\/uploads\/sites\/3\/2017\/04\/55636633dcf06lpo.jpg"},{"@type":"BreadcrumbList","@id":"https:\/\/jp2doc.pl\/it\/2015\/05\/25\/voleva-portarci-giovanni-paolo-ii\/#breadcrumb","itemListElement":[{"@type":"ListItem","position":1,"name":"Home","item":"https:\/\/jp2doc.pl\/it\/"},{"@type":"ListItem","position":2,"name":"Voleva portarci Giovanni Paolo II"}]},{"@type":"WebSite","@id":"https:\/\/jp2doc.pl\/it\/#website","url":"https:\/\/jp2doc.pl\/it\/","name":"Centro di Documentazione e Studio del Pontificato di Giovanni Paolo II a Roma","description":"","publisher":{"@id":"https:\/\/jp2doc.pl\/it\/#organization"},"potentialAction":[{"@type":"SearchAction","target":{"@type":"EntryPoint","urlTemplate":"https:\/\/jp2doc.pl\/it\/?s={search_term_string}"},"query-input":{"@type":"PropertyValueSpecification","valueRequired":true,"valueName":"search_term_string"}}],"inLanguage":"it-IT"},{"@type":"Organization","@id":"https:\/\/jp2doc.pl\/it\/#organization","name":"Centro di Documentazione e Studio del Pontificato di Giovanni Paolo II a Roma","url":"https:\/\/jp2doc.pl\/it\/","logo":{"@type":"ImageObject","inLanguage":"it-IT","@id":"https:\/\/jp2doc.pl\/it\/#\/schema\/logo\/image\/","url":"https:\/\/jp2doc.pl\/it\/wp-content\/uploads\/sites\/3\/2017\/03\/cropped-logo.png","contentUrl":"https:\/\/jp2doc.pl\/it\/wp-content\/uploads\/sites\/3\/2017\/03\/cropped-logo.png","width":115,"height":115,"caption":"Centro di Documentazione e Studio del Pontificato di Giovanni Paolo II a Roma"},"image":{"@id":"https:\/\/jp2doc.pl\/it\/#\/schema\/logo\/image\/"}},{"@type":"Person","@id":"https:\/\/jp2doc.pl\/it\/#\/schema\/person\/bdb6226d49bc071fa63fbcdc7c8018ea","name":"Anna Rudzicka","image":{"@type":"ImageObject","inLanguage":"it-IT","@id":"https:\/\/jp2doc.pl\/it\/#\/schema\/person\/image\/","url":"https:\/\/secure.gravatar.com\/avatar\/3ec0a7913913c54ed56083375aea7afda203c4bb047ff7e8a0c2776876a5341e?s=96&d=mm&r=g","contentUrl":"https:\/\/secure.gravatar.com\/avatar\/3ec0a7913913c54ed56083375aea7afda203c4bb047ff7e8a0c2776876a5341e?s=96&d=mm&r=g","caption":"Anna Rudzicka"},"url":"https:\/\/jp2doc.pl\/it\/author\/ania\/"}]}},"_links":{"self":[{"href":"https:\/\/jp2doc.pl\/it\/wp-json\/wp\/v2\/posts\/1346","targetHints":{"allow":["GET"]}}],"collection":[{"href":"https:\/\/jp2doc.pl\/it\/wp-json\/wp\/v2\/posts"}],"about":[{"href":"https:\/\/jp2doc.pl\/it\/wp-json\/wp\/v2\/types\/post"}],"author":[{"embeddable":true,"href":"https:\/\/jp2doc.pl\/it\/wp-json\/wp\/v2\/users\/2"}],"replies":[{"embeddable":true,"href":"https:\/\/jp2doc.pl\/it\/wp-json\/wp\/v2\/comments?post=1346"}],"version-history":[{"count":1,"href":"https:\/\/jp2doc.pl\/it\/wp-json\/wp\/v2\/posts\/1346\/revisions"}],"predecessor-version":[{"id":1349,"href":"https:\/\/jp2doc.pl\/it\/wp-json\/wp\/v2\/posts\/1346\/revisions\/1349"}],"wp:attachment":[{"href":"https:\/\/jp2doc.pl\/it\/wp-json\/wp\/v2\/media?parent=1346"}],"wp:term":[{"taxonomy":"category","embeddable":true,"href":"https:\/\/jp2doc.pl\/it\/wp-json\/wp\/v2\/categories?post=1346"},{"taxonomy":"post_tag","embeddable":true,"href":"https:\/\/jp2doc.pl\/it\/wp-json\/wp\/v2\/tags?post=1346"}],"curies":[{"name":"wp","href":"https:\/\/api.w.org\/{rel}","templated":true}]}}