{"id":1356,"date":"2015-04-15T12:45:05","date_gmt":"2015-04-15T10:45:05","guid":{"rendered":"http:\/\/jp2doc.pl\/it\/?p=1356"},"modified":"2017-04-14T13:01:19","modified_gmt":"2017-04-14T11:01:19","slug":"storia-di-unamicizia","status":"publish","type":"post","link":"https:\/\/jp2doc.pl\/it\/2015\/04\/15\/storia-di-unamicizia\/","title":{"rendered":"Storia di un&#8217;amicizia"},"content":{"rendered":"<p>L\u201911 gennaio di quest\u2019anno \u00e8 morta la prof. Danuta Micha\u0142owska, amica cracoviana del Santo Padre Giovanni Paolo II, amicizia nata durante la seconda guerra mondiale, quando si incontravano per le prove e le rappresentazioni clandestine del Teatro della Parola, rischiando da parte delle autorit\u00e0 naziste gravi punizioni fino alla pena di morte. Karol Wojty\u0142a ha poi scelto la vita sacerdotale, invece Micha\u0142owska \u00e8 rimasta fedele alla sua vocazione teatrale fino alla fine della vita.<\/p>\n<p>Spinta dall\u2019interesse per la vita e la produzione letteraria di Karola Wojty\u0142y, nell\u2019inverno del 2005 ho chiesto a Danuta Micha\u0142owska di rilasciarmi un\u2019intervista vertente la sua amicizia con Santo Padre. Il nostro primo incontro ebbe luogo nella sua modesta casa piena di libri e dur\u00f2 circa cinque ore. Lei sapeva raccontare in modo straordinario; mi descrisse la Serata d\u2019Autore intitolata Per strada, il ponte del pioppo (Drog\u0105 topolowy most) durante la quale vide per la prima volta Karol Wojty\u0142a, imit\u00f2 la sua lettura della quinta rapsodia del Re-Spirito e mi raccont\u00f2 della loro giovinezza e come erano in quell\u2019epoca, raccontandomi le sensazioni provate pi\u00f9 tardi durante gli incontri con il Santo Padre in Vaticano. Durante quest\u2019intervista vi furono momenti di autentica commozione, quando o l\u2019una o l\u2019altra si asciugava le lacrime.<a href=\"http:\/\/jp2doc.pl\/it\/wp-content\/uploads\/sites\/3\/2017\/04\/552e79a63af44796094_gn03s56a_34.jpg\"><img loading=\"lazy\" decoding=\"async\" width=\"560\" height=\"374\" class=\"aligncenter wp-image-1357 size-full\" src=\"http:\/\/jp2doc.pl\/it\/wp-content\/uploads\/sites\/3\/2017\/04\/552e79a63af44796094_gn03s56a_34.jpg\" alt=\"\" \/><\/a><\/p>\n<p>L\u2019anno seguente il 2006 \u00e8 stato segnato da incontri quasi regolari, avendo noi intrapreso il lavoro di traduzione del monodramma da lei scritto intitolato La colomba nelle fenditure della roccia; io ho eseguito la traduzione in italiano, mentre Danuta (nel frattempo mi ha proposto di darci del tu, senza badare della differenza d\u2019et\u00e0 di quasi di 50 anni) studiava l\u2019italiano, per poter recitare personalmente il testo della traduzione. Aveva un\u2019eccellente pronuncia, una perfetta intonazione, un\u2019intuizione necessaria per non sbagliare le cadenze; diceva che lo Spirito Santo la aiutava. Sempre quando andavo a trovarla avevo l\u2019impressione che lei mi stesse aspettando: era sempre vestita in modo elegante, aveva i capelli ben pettinati e un trucco discreto. Quando ci vedevamo, parlavamo sempre di Papa e mi ricordo che una volta mi confid\u00f2 che quando pregava le capitava di essere indecisa se rivolgersi a Giovanni Paolo o a Lolek; un\u2019altra volta mi rivel\u00f2 che Karol possedeva solo un\u2019uniforme che usava per il lavoro e un vestito elegante che metteva ad esempio per le recite teatrali; non metteva mai la cravatta, e il primo bottone della camicia lo teneva sempre aperto; un\u2019altra volta descrivendo l\u2019appartamento dei Wojty\u0142a in via Tyniecka, mi disse che era proprio una casa \u201cda poveri\u201d, mentre un\u2019altra volta mi disse che quando loro erano giovani non si festeggiavano i compleanni. Aveva un gran senso d\u2019umorismo e in modo scherzoso descrisse anche tutti gli altri loro amici comuni: Julek Kydry\u0144ski che spesso e facilmente si innamorava, Wojtek \u017bukrowski che era un ragazzo allegro, intelligente e brillante, e poi ancora Tadeusz Kwiatkowski, gruppo di amici che ai tempi della guerra si vedeva quasi ogni giorno.<\/p>\n<figure><div><a href=\"http:\/\/jp2doc.pl\/it\/wp-content\/uploads\/sites\/3\/2017\/04\/552f62ee38f9flolkj.jpg\"><img loading=\"lazy\" decoding=\"async\" width=\"560\" height=\"425\" class=\"wp-image-1358 size-full\" src=\"http:\/\/jp2doc.pl\/it\/wp-content\/uploads\/sites\/3\/2017\/04\/552f62ee38f9flolkj.jpg\" alt=\"\" \/><\/a><\/div><figcaption><p>Danuta Micha\u0142owska e Marta Burghardt durante l&#8217;incontro dedicato alla promozione del libro di Wincenty Ba\u0142ys, l&#8217;amico sconosciuto di Karol Wojty\u0142a, 14.01.2008, fot. A. Burghardt<\/p><small><\/small><\/figcaption><\/figure>\n<p>Mi mancano molto le nostre lunghe passeggiate lungo la Vistola, a volte andavamo alla messa in italiano dai padri Francescani, o andavamo al cinema a vedere film che secondo il suo parere ogni polacco avrebbe dovuto vedere, come ad esempio Katy\u0144 di Wajda, Il generale Nil interpretato da Olgierd \u0141ukaszewicz, suo allievo prediletto e il film su don Popie\u0142uszko. Nel corso della nostra amicizia le ho visto conferire molti prestigiosi titoli e premi e qui vorrei ricordare almeno quello di Maestro per Eccellenza della Lingua Polacca ed anche la Cittadinanza Onoraria della Citt\u00e0 di Cracovia.<\/p>\n<p>L\u2019ultimo viaggio all\u2019estero a Roma l\u2019abbiamo compiuto insieme al rettore dell\u2019Universit\u00e0 Jagellonica il prof. Jacek Popiel, quando ebbe luogo il 7 marzo 2010 una conferenza dedicata al Teatro di Karol Wojty\u0142a, organizzata nell\u2019ambito degli incontri, a cura di Anna Karo\u0144 Ostrowska, intitolati Le serate del Papa nella chiesa di san Stanislao Vescovo e Martire dalla Fondazione di Giovanni Paolo II e dal Centro di Documentazione e Studio del Pontificato a Roma. Non so se \u00e8 stata registrata la sua eccezionale lettura del poema Stanislao di Wojty\u0142a, ma i testi delle relazioni si possono leggere nella pubblicazione intitolata E bello potersi spendere. Il patrimonio spirituale di Giovanni Paolo II (Pi\u0119knie jest s\u0142u\u017cy\u0107. Dziedzictwo duchowe Jana Paw\u0142a II) pubblicato a cura di don Andrzej Dobrzy\u0144ski nel 2013. Dei molti ricordi romani per sempre conserver\u00f2 quello per me pi\u00f9 commovente, cio\u00e8 il pellegrinaggio alla tomba di Giovanni Paolo II.<\/p>\n<p>L\u2019ultima esibizione artistica di Micha\u0142owska \u00e8 stata quella al fianco di Piotr Adamczyk quando hanno presentato il Trittico romano di Giovanni Paolo II nella sua versione polacca e in parte nella sua versione italiana il 22 ottobre 2010 nel Museo Arcidiocesano di Cracovia. Pi\u00f9 tardi ha partecipato solo alla Notte della Poesia il 7\/8 settembre 2012, sul palcoscenico della sua amatissima Accademia dell\u2019Arte Drammatica di Cracovia, durante la quale ha recitato dei frammenti di Beniowski di S\u0142owacki, ma di quell\u2019interpretazione non era soddisfatta, pittosto voleva prendere il congedo dal suo pubblico.<\/p>\n<p>Il 7 gennaio 2013 \u00e8 stato festeggiato dalla citt\u00e0 di Cracovia il 90-tesimo compleanno di Micha\u0142owska. Sono stati invitati tantissimi rappresentanti del mondo della cultura, e in particolare del teatro. Moltissime persone hanno espresso la loro gratitudine con parole di riconoscenza. Jacek Popiel, autore di alcuni libri su Micha\u0142owska mentre ricordava i fatti pi\u00f9 importanti della di lei biografia, ha affermato che ci troviamo in presenza di una persona che bisogna considerare come un vero e proprio patrimonio nazionale. Per festeggiare il successivo compleanno era gi\u00e0 troppo debole, mentre l\u2019ultimo ha preceduto di appena pochi giorni la sua morte. Si \u00e8 spenta l\u201911 gennaio. Cinque giorni dopo \u00e8 stato celebrato il suo funerale presieduto dal cardinale Stanis\u0142aw Dziwisz, metropolita di Cracovia. Anche questa volta intorno alla sua persona si \u00e8 radunato tutto il mondo artistico, non solo quello di Cracovia. Spero che la memoria di Danuta Micha\u0142owska verr\u00e0 coltivata dai suoi eredi spirituali e sar\u00e0 degnamente trasmessa alle future generazioni. Confido che le parole di Giovanni Paolo II \u201cqualcuno dovrebbe scrivere sulla teologia del teatro di Danuta Micha\u0142owska\u201d saranno esaudite.<\/p>\n","protected":false},"excerpt":{"rendered":"<p>Marta Burghardt su Danuta Micha\u0142owska<\/p>\n","protected":false},"author":2,"featured_media":0,"comment_status":"open","ping_status":"open","sticky":false,"template":"","format":"standard","meta":{"_acf_changed":false,"_exactmetrics_skip_tracking":false,"_exactmetrics_sitenote_active":false,"_exactmetrics_sitenote_note":"","_exactmetrics_sitenote_category":0,"footnotes":""},"categories":[2],"tags":[],"class_list":["post-1356","post","type-post","status-publish","format-standard","hentry","category-articoli"],"acf":[],"yoast_head":"<!-- This site is optimized with the Yoast SEO plugin v26.2 - https:\/\/yoast.com\/wordpress\/plugins\/seo\/ -->\n<title>Storia di un&#039;amicizia - Centro di Documentazione e Studio del Pontificato di Giovanni Paolo II a Roma<\/title>\n<meta name=\"robots\" content=\"index, follow, max-snippet:-1, max-image-preview:large, max-video-preview:-1\" \/>\n<link rel=\"canonical\" href=\"https:\/\/jp2doc.pl\/it\/2015\/04\/15\/storia-di-unamicizia\/\" \/>\n<meta property=\"og:locale\" content=\"it_IT\" \/>\n<meta property=\"og:type\" content=\"article\" \/>\n<meta property=\"og:title\" content=\"Storia di un&#039;amicizia - Centro di Documentazione e Studio del Pontificato di Giovanni Paolo II a Roma\" \/>\n<meta property=\"og:description\" content=\"Marta Burghardt su Danuta Micha\u0142owska\" \/>\n<meta property=\"og:url\" content=\"https:\/\/jp2doc.pl\/it\/2015\/04\/15\/storia-di-unamicizia\/\" \/>\n<meta property=\"og:site_name\" content=\"Centro di Documentazione e Studio del Pontificato di Giovanni Paolo II a Roma\" \/>\n<meta property=\"article:published_time\" content=\"2015-04-15T10:45:05+00:00\" \/>\n<meta property=\"article:modified_time\" content=\"2017-04-14T11:01:19+00:00\" \/>\n<meta property=\"og:image\" content=\"http:\/\/jp2doc.pl\/it\/wp-content\/uploads\/sites\/3\/2017\/04\/552e79a63af44796094_gn03s56a_34.jpg\" \/>\n<meta name=\"author\" content=\"Anna Rudzicka\" \/>\n<meta name=\"twitter:card\" content=\"summary_large_image\" \/>\n<meta name=\"twitter:label1\" content=\"Scritto da\" \/>\n\t<meta name=\"twitter:data1\" content=\"Anna Rudzicka\" \/>\n\t<meta name=\"twitter:label2\" content=\"Tempo di lettura stimato\" \/>\n\t<meta name=\"twitter:data2\" content=\"5 minuti\" \/>\n<script type=\"application\/ld+json\" class=\"yoast-schema-graph\">{\"@context\":\"https:\/\/schema.org\",\"@graph\":[{\"@type\":\"Article\",\"@id\":\"https:\/\/jp2doc.pl\/it\/2015\/04\/15\/storia-di-unamicizia\/#article\",\"isPartOf\":{\"@id\":\"https:\/\/jp2doc.pl\/it\/2015\/04\/15\/storia-di-unamicizia\/\"},\"author\":{\"name\":\"Anna Rudzicka\",\"@id\":\"https:\/\/jp2doc.pl\/it\/#\/schema\/person\/bdb6226d49bc071fa63fbcdc7c8018ea\"},\"headline\":\"Storia di un&#8217;amicizia\",\"datePublished\":\"2015-04-15T10:45:05+00:00\",\"dateModified\":\"2017-04-14T11:01:19+00:00\",\"mainEntityOfPage\":{\"@id\":\"https:\/\/jp2doc.pl\/it\/2015\/04\/15\/storia-di-unamicizia\/\"},\"wordCount\":1061,\"commentCount\":0,\"publisher\":{\"@id\":\"https:\/\/jp2doc.pl\/it\/#organization\"},\"image\":{\"@id\":\"https:\/\/jp2doc.pl\/it\/2015\/04\/15\/storia-di-unamicizia\/#primaryimage\"},\"thumbnailUrl\":\"http:\/\/jp2doc.pl\/it\/wp-content\/uploads\/sites\/3\/2017\/04\/552e79a63af44796094_gn03s56a_34.jpg\",\"articleSection\":[\"Articoli\"],\"inLanguage\":\"it-IT\",\"potentialAction\":[{\"@type\":\"CommentAction\",\"name\":\"Comment\",\"target\":[\"https:\/\/jp2doc.pl\/it\/2015\/04\/15\/storia-di-unamicizia\/#respond\"]}]},{\"@type\":\"WebPage\",\"@id\":\"https:\/\/jp2doc.pl\/it\/2015\/04\/15\/storia-di-unamicizia\/\",\"url\":\"https:\/\/jp2doc.pl\/it\/2015\/04\/15\/storia-di-unamicizia\/\",\"name\":\"Storia di un'amicizia - Centro di Documentazione e Studio del Pontificato di Giovanni Paolo II a Roma\",\"isPartOf\":{\"@id\":\"https:\/\/jp2doc.pl\/it\/#website\"},\"primaryImageOfPage\":{\"@id\":\"https:\/\/jp2doc.pl\/it\/2015\/04\/15\/storia-di-unamicizia\/#primaryimage\"},\"image\":{\"@id\":\"https:\/\/jp2doc.pl\/it\/2015\/04\/15\/storia-di-unamicizia\/#primaryimage\"},\"thumbnailUrl\":\"http:\/\/jp2doc.pl\/it\/wp-content\/uploads\/sites\/3\/2017\/04\/552e79a63af44796094_gn03s56a_34.jpg\",\"datePublished\":\"2015-04-15T10:45:05+00:00\",\"dateModified\":\"2017-04-14T11:01:19+00:00\",\"breadcrumb\":{\"@id\":\"https:\/\/jp2doc.pl\/it\/2015\/04\/15\/storia-di-unamicizia\/#breadcrumb\"},\"inLanguage\":\"it-IT\",\"potentialAction\":[{\"@type\":\"ReadAction\",\"target\":[\"https:\/\/jp2doc.pl\/it\/2015\/04\/15\/storia-di-unamicizia\/\"]}]},{\"@type\":\"ImageObject\",\"inLanguage\":\"it-IT\",\"@id\":\"https:\/\/jp2doc.pl\/it\/2015\/04\/15\/storia-di-unamicizia\/#primaryimage\",\"url\":\"http:\/\/jp2doc.pl\/it\/wp-content\/uploads\/sites\/3\/2017\/04\/552e79a63af44796094_gn03s56a_34.jpg\",\"contentUrl\":\"http:\/\/jp2doc.pl\/it\/wp-content\/uploads\/sites\/3\/2017\/04\/552e79a63af44796094_gn03s56a_34.jpg\"},{\"@type\":\"BreadcrumbList\",\"@id\":\"https:\/\/jp2doc.pl\/it\/2015\/04\/15\/storia-di-unamicizia\/#breadcrumb\",\"itemListElement\":[{\"@type\":\"ListItem\",\"position\":1,\"name\":\"Home\",\"item\":\"https:\/\/jp2doc.pl\/it\/\"},{\"@type\":\"ListItem\",\"position\":2,\"name\":\"Storia di un&#8217;amicizia\"}]},{\"@type\":\"WebSite\",\"@id\":\"https:\/\/jp2doc.pl\/it\/#website\",\"url\":\"https:\/\/jp2doc.pl\/it\/\",\"name\":\"Centro di Documentazione e Studio del Pontificato di Giovanni Paolo II a Roma\",\"description\":\"\",\"publisher\":{\"@id\":\"https:\/\/jp2doc.pl\/it\/#organization\"},\"potentialAction\":[{\"@type\":\"SearchAction\",\"target\":{\"@type\":\"EntryPoint\",\"urlTemplate\":\"https:\/\/jp2doc.pl\/it\/?s={search_term_string}\"},\"query-input\":{\"@type\":\"PropertyValueSpecification\",\"valueRequired\":true,\"valueName\":\"search_term_string\"}}],\"inLanguage\":\"it-IT\"},{\"@type\":\"Organization\",\"@id\":\"https:\/\/jp2doc.pl\/it\/#organization\",\"name\":\"Centro di Documentazione e Studio del Pontificato di Giovanni Paolo II a Roma\",\"url\":\"https:\/\/jp2doc.pl\/it\/\",\"logo\":{\"@type\":\"ImageObject\",\"inLanguage\":\"it-IT\",\"@id\":\"https:\/\/jp2doc.pl\/it\/#\/schema\/logo\/image\/\",\"url\":\"https:\/\/jp2doc.pl\/it\/wp-content\/uploads\/sites\/3\/2017\/03\/cropped-logo.png\",\"contentUrl\":\"https:\/\/jp2doc.pl\/it\/wp-content\/uploads\/sites\/3\/2017\/03\/cropped-logo.png\",\"width\":115,\"height\":115,\"caption\":\"Centro di Documentazione e Studio del Pontificato di Giovanni Paolo II a Roma\"},\"image\":{\"@id\":\"https:\/\/jp2doc.pl\/it\/#\/schema\/logo\/image\/\"}},{\"@type\":\"Person\",\"@id\":\"https:\/\/jp2doc.pl\/it\/#\/schema\/person\/bdb6226d49bc071fa63fbcdc7c8018ea\",\"name\":\"Anna Rudzicka\",\"image\":{\"@type\":\"ImageObject\",\"inLanguage\":\"it-IT\",\"@id\":\"https:\/\/jp2doc.pl\/it\/#\/schema\/person\/image\/\",\"url\":\"https:\/\/secure.gravatar.com\/avatar\/3ec0a7913913c54ed56083375aea7afda203c4bb047ff7e8a0c2776876a5341e?s=96&d=mm&r=g\",\"contentUrl\":\"https:\/\/secure.gravatar.com\/avatar\/3ec0a7913913c54ed56083375aea7afda203c4bb047ff7e8a0c2776876a5341e?s=96&d=mm&r=g\",\"caption\":\"Anna Rudzicka\"},\"url\":\"https:\/\/jp2doc.pl\/it\/author\/ania\/\"}]}<\/script>\n<!-- \/ Yoast SEO plugin. -->","yoast_head_json":{"title":"Storia di un'amicizia - Centro di Documentazione e Studio del Pontificato di Giovanni Paolo II a Roma","robots":{"index":"index","follow":"follow","max-snippet":"max-snippet:-1","max-image-preview":"max-image-preview:large","max-video-preview":"max-video-preview:-1"},"canonical":"https:\/\/jp2doc.pl\/it\/2015\/04\/15\/storia-di-unamicizia\/","og_locale":"it_IT","og_type":"article","og_title":"Storia di un'amicizia - Centro di Documentazione e Studio del Pontificato di Giovanni Paolo II a Roma","og_description":"Marta Burghardt su Danuta Micha\u0142owska","og_url":"https:\/\/jp2doc.pl\/it\/2015\/04\/15\/storia-di-unamicizia\/","og_site_name":"Centro di Documentazione e Studio del Pontificato di Giovanni Paolo II a Roma","article_published_time":"2015-04-15T10:45:05+00:00","article_modified_time":"2017-04-14T11:01:19+00:00","og_image":[{"url":"http:\/\/jp2doc.pl\/it\/wp-content\/uploads\/sites\/3\/2017\/04\/552e79a63af44796094_gn03s56a_34.jpg","type":"","width":"","height":""}],"author":"Anna Rudzicka","twitter_card":"summary_large_image","twitter_misc":{"Scritto da":"Anna Rudzicka","Tempo di lettura stimato":"5 minuti"},"schema":{"@context":"https:\/\/schema.org","@graph":[{"@type":"Article","@id":"https:\/\/jp2doc.pl\/it\/2015\/04\/15\/storia-di-unamicizia\/#article","isPartOf":{"@id":"https:\/\/jp2doc.pl\/it\/2015\/04\/15\/storia-di-unamicizia\/"},"author":{"name":"Anna Rudzicka","@id":"https:\/\/jp2doc.pl\/it\/#\/schema\/person\/bdb6226d49bc071fa63fbcdc7c8018ea"},"headline":"Storia di un&#8217;amicizia","datePublished":"2015-04-15T10:45:05+00:00","dateModified":"2017-04-14T11:01:19+00:00","mainEntityOfPage":{"@id":"https:\/\/jp2doc.pl\/it\/2015\/04\/15\/storia-di-unamicizia\/"},"wordCount":1061,"commentCount":0,"publisher":{"@id":"https:\/\/jp2doc.pl\/it\/#organization"},"image":{"@id":"https:\/\/jp2doc.pl\/it\/2015\/04\/15\/storia-di-unamicizia\/#primaryimage"},"thumbnailUrl":"http:\/\/jp2doc.pl\/it\/wp-content\/uploads\/sites\/3\/2017\/04\/552e79a63af44796094_gn03s56a_34.jpg","articleSection":["Articoli"],"inLanguage":"it-IT","potentialAction":[{"@type":"CommentAction","name":"Comment","target":["https:\/\/jp2doc.pl\/it\/2015\/04\/15\/storia-di-unamicizia\/#respond"]}]},{"@type":"WebPage","@id":"https:\/\/jp2doc.pl\/it\/2015\/04\/15\/storia-di-unamicizia\/","url":"https:\/\/jp2doc.pl\/it\/2015\/04\/15\/storia-di-unamicizia\/","name":"Storia di un'amicizia - Centro di Documentazione e Studio del Pontificato di Giovanni Paolo II a Roma","isPartOf":{"@id":"https:\/\/jp2doc.pl\/it\/#website"},"primaryImageOfPage":{"@id":"https:\/\/jp2doc.pl\/it\/2015\/04\/15\/storia-di-unamicizia\/#primaryimage"},"image":{"@id":"https:\/\/jp2doc.pl\/it\/2015\/04\/15\/storia-di-unamicizia\/#primaryimage"},"thumbnailUrl":"http:\/\/jp2doc.pl\/it\/wp-content\/uploads\/sites\/3\/2017\/04\/552e79a63af44796094_gn03s56a_34.jpg","datePublished":"2015-04-15T10:45:05+00:00","dateModified":"2017-04-14T11:01:19+00:00","breadcrumb":{"@id":"https:\/\/jp2doc.pl\/it\/2015\/04\/15\/storia-di-unamicizia\/#breadcrumb"},"inLanguage":"it-IT","potentialAction":[{"@type":"ReadAction","target":["https:\/\/jp2doc.pl\/it\/2015\/04\/15\/storia-di-unamicizia\/"]}]},{"@type":"ImageObject","inLanguage":"it-IT","@id":"https:\/\/jp2doc.pl\/it\/2015\/04\/15\/storia-di-unamicizia\/#primaryimage","url":"http:\/\/jp2doc.pl\/it\/wp-content\/uploads\/sites\/3\/2017\/04\/552e79a63af44796094_gn03s56a_34.jpg","contentUrl":"http:\/\/jp2doc.pl\/it\/wp-content\/uploads\/sites\/3\/2017\/04\/552e79a63af44796094_gn03s56a_34.jpg"},{"@type":"BreadcrumbList","@id":"https:\/\/jp2doc.pl\/it\/2015\/04\/15\/storia-di-unamicizia\/#breadcrumb","itemListElement":[{"@type":"ListItem","position":1,"name":"Home","item":"https:\/\/jp2doc.pl\/it\/"},{"@type":"ListItem","position":2,"name":"Storia di un&#8217;amicizia"}]},{"@type":"WebSite","@id":"https:\/\/jp2doc.pl\/it\/#website","url":"https:\/\/jp2doc.pl\/it\/","name":"Centro di Documentazione e Studio del Pontificato di Giovanni Paolo II a Roma","description":"","publisher":{"@id":"https:\/\/jp2doc.pl\/it\/#organization"},"potentialAction":[{"@type":"SearchAction","target":{"@type":"EntryPoint","urlTemplate":"https:\/\/jp2doc.pl\/it\/?s={search_term_string}"},"query-input":{"@type":"PropertyValueSpecification","valueRequired":true,"valueName":"search_term_string"}}],"inLanguage":"it-IT"},{"@type":"Organization","@id":"https:\/\/jp2doc.pl\/it\/#organization","name":"Centro di Documentazione e Studio del Pontificato di Giovanni Paolo II a Roma","url":"https:\/\/jp2doc.pl\/it\/","logo":{"@type":"ImageObject","inLanguage":"it-IT","@id":"https:\/\/jp2doc.pl\/it\/#\/schema\/logo\/image\/","url":"https:\/\/jp2doc.pl\/it\/wp-content\/uploads\/sites\/3\/2017\/03\/cropped-logo.png","contentUrl":"https:\/\/jp2doc.pl\/it\/wp-content\/uploads\/sites\/3\/2017\/03\/cropped-logo.png","width":115,"height":115,"caption":"Centro di Documentazione e Studio del Pontificato di Giovanni Paolo II a Roma"},"image":{"@id":"https:\/\/jp2doc.pl\/it\/#\/schema\/logo\/image\/"}},{"@type":"Person","@id":"https:\/\/jp2doc.pl\/it\/#\/schema\/person\/bdb6226d49bc071fa63fbcdc7c8018ea","name":"Anna Rudzicka","image":{"@type":"ImageObject","inLanguage":"it-IT","@id":"https:\/\/jp2doc.pl\/it\/#\/schema\/person\/image\/","url":"https:\/\/secure.gravatar.com\/avatar\/3ec0a7913913c54ed56083375aea7afda203c4bb047ff7e8a0c2776876a5341e?s=96&d=mm&r=g","contentUrl":"https:\/\/secure.gravatar.com\/avatar\/3ec0a7913913c54ed56083375aea7afda203c4bb047ff7e8a0c2776876a5341e?s=96&d=mm&r=g","caption":"Anna Rudzicka"},"url":"https:\/\/jp2doc.pl\/it\/author\/ania\/"}]}},"_links":{"self":[{"href":"https:\/\/jp2doc.pl\/it\/wp-json\/wp\/v2\/posts\/1356","targetHints":{"allow":["GET"]}}],"collection":[{"href":"https:\/\/jp2doc.pl\/it\/wp-json\/wp\/v2\/posts"}],"about":[{"href":"https:\/\/jp2doc.pl\/it\/wp-json\/wp\/v2\/types\/post"}],"author":[{"embeddable":true,"href":"https:\/\/jp2doc.pl\/it\/wp-json\/wp\/v2\/users\/2"}],"replies":[{"embeddable":true,"href":"https:\/\/jp2doc.pl\/it\/wp-json\/wp\/v2\/comments?post=1356"}],"version-history":[{"count":1,"href":"https:\/\/jp2doc.pl\/it\/wp-json\/wp\/v2\/posts\/1356\/revisions"}],"predecessor-version":[{"id":1359,"href":"https:\/\/jp2doc.pl\/it\/wp-json\/wp\/v2\/posts\/1356\/revisions\/1359"}],"wp:attachment":[{"href":"https:\/\/jp2doc.pl\/it\/wp-json\/wp\/v2\/media?parent=1356"}],"wp:term":[{"taxonomy":"category","embeddable":true,"href":"https:\/\/jp2doc.pl\/it\/wp-json\/wp\/v2\/categories?post=1356"},{"taxonomy":"post_tag","embeddable":true,"href":"https:\/\/jp2doc.pl\/it\/wp-json\/wp\/v2\/tags?post=1356"}],"curies":[{"name":"wp","href":"https:\/\/api.w.org\/{rel}","templated":true}]}}