{"id":1438,"date":"2012-09-27T13:29:55","date_gmt":"2012-09-27T11:29:55","guid":{"rendered":"http:\/\/jp2doc.pl\/it\/?p=1438"},"modified":"2017-04-14T13:31:42","modified_gmt":"2017-04-14T11:31:42","slug":"non-cessate-nella-buona-opera","status":"publish","type":"post","link":"https:\/\/jp2doc.pl\/it\/2012\/09\/27\/non-cessate-nella-buona-opera\/","title":{"rendered":"Non cessate nella buona opera"},"content":{"rendered":"<p class=\"p1\"><span class=\"s1\">\u201cLa creazione della Fondazione Giovanni Paolo II \u00e8 legata all\u2019elezione del cardinale Karol Wojty\u0142a come successore di san Pietro e al profondo desiderio di molti polacchi di rispondere a questo momento storico attraverso un gesto concreto di solidariet\u00e0 e di amore per il Santo Padre\u201d, cos\u00ec scrive nella sua prefazione il Primate di Polonia, l\u2019arcivescovo J\u00f3zef Kowalczyk, testimone della nascita e dello sviluppo di questa grande opera esistente da trent\u2019anni.<\/span><\/p>\n<p class=\"p1\"><span class=\"s1\">La fede, il patriottismo, l\u2019impegno di tutti membri della Fondazione, soprattutto immigranti polacchi, hanno rappresentato una grande forza, che, nel corso degli anni, doveva essere convogliata in una precisa direzione e doveva giungere a delineare il proprio compito e le proprie finalit\u00e0. Ci\u00f2 \u00e8 avvenuto durante gli incontri di Giovanni Paolo II e, successivamente, di Benedetto XVI con i membri della Fondazione: il Consiglio di amministrazione, i circoli di amici e i dipendenti delle sue istituzioni. <\/span><\/p>\n<p class=\"p1\"><span class=\"s1\">\u00a0I discorsi pronunciati durante questi incontri sono oggi una testimonianza di quanto le indicazioni dei pontefici siano state assunte come programma specifico della Fondazione e rappresentano una registrazione della sua storia, oltre a contenere una prova di gratitudine ai donatori, spesso anonimi. I discorsi sono anche espressione di un caldo ricordo di coloro che hanno sostenuto il lavoro della Fondazione, molti dei quali sono gi\u00e0 nell\u2019eternit\u00e0.<\/span><\/p>\n<p class=\"p1\"><span class=\"s1\">Il trentesimo anniversario della Fondazione \u00e8 diventato l\u2019occasione per offrire ai soci, agli amici e a coloro che hanno beneficiato dei frutti della sua attivit\u00e0 una raccolta dei discorsi papali, pubblicata dal Centro di Documentazione e di Studio del Pontificato con il titolo \u201cNon cessate nella buona opera\u201d.\u00a0 Anche se il titolo della pubblicazione \u00e8 costituito da un\u2019esortazione rivolta a un destinatario particolare, i testi raccolti sono universali, come la Fondazione, che, nonostante le sue origini polacche, ha assunto un profilo culturale aperto e capace di dialogare con molte nazionalit\u00e0 e molti paesi.<\/span><\/p>\n<p class=\"p1\"><img loading=\"lazy\" decoding=\"async\" width=\"300\" height=\"427\" class=\"aligncenter size-full wp-image-1442\" src=\"http:\/\/jp2doc.pl\/it\/wp-content\/uploads\/sites\/3\/2017\/04\/50646a33827beundefined.jpg\" alt=\"\" \/><\/p>\n<p class=\"p1\"><span class=\"s1\">La pubblicazione \u00e8 una sorta di compendio, che permette una migliore comprensione del rapporto tra il messaggio cristiano e la cultura polacca, tra l\u2019atteggiamento di patriottismo e quello di integrazione all\u2019interno di comunit\u00e0 e culture diverse. La comprensione di queste relazioni \u00e8 importante per lo sviluppo di un\u2019autocoscienza nazionale e di un\u2019identit\u00e0 in un\u2019era di pluralismo culturale e religioso.<\/span><\/p>\n<p class=\"p1\"><span class=\"s1\">Negli interventi presentati si pu\u00f2 anche trovare materiale interessante relativo ai polacchi che vivono all\u2019estero. Al tema dell\u2019emigrazione in terre straniere Giovanni Paolo II ha dedicato molto spazio nei suoi discorsi, indicando la necessit\u00e0 di creare adeguate condizioni per l\u2019integrazione delle comunit\u00e0 polacche e di sviluppare atteggiamenti di apertura alla cultura dei paesi in cui i nostri connazionali sono stati destinati a vivere. La fratellanza e la solidariet\u00e0 tra i membri della Fondazione, tra persone di nazionalit\u00e0 diverse, unite intorno al pontificato del beato Giovanni Paolo II, sono una testimonianza del ruolo d\u2019integrazione del Vangelo e della Chiesa.<\/span><\/p>\n<p class=\"p1\"><span class=\"s1\">Il Centro di Documentazione e di Studio del Pontificato ha preparato la pubblicazione dei discorsi in due lingue: italiano e inglese. Informazioni dettagliate sulla pubblicazione sono disponibili presso la Casa polacca in via Cassia 1200 in Roma o presso: info@jp2doc.org<\/span><\/p>\n<p class=\"p1\"><span class=\"s1\">s. Julia Knurek S\u0142NSJ i ks. Andrzej Dobrzy\u0144ski<\/span><\/p>\n","protected":false},"excerpt":{"rendered":"<p>\u201cLa creazione della Fondazione Giovanni Paolo II \u00e8 legata all\u2019elezione del cardinale Karol Wojty\u0142a come successore di san Pietro e al profondo desiderio di molti polacchi di rispondere a questo momento storico attraverso un gesto concreto di solidariet\u00e0 e di amore per il Santo Padre\u201d, cos\u00ec scrive nella sua prefazione il Primate di Polonia, l\u2019arcivescovo [&hellip;]<\/p>\n","protected":false},"author":3,"featured_media":0,"comment_status":"open","ping_status":"open","sticky":false,"template":"","format":"standard","meta":{"_acf_changed":false,"_exactmetrics_skip_tracking":false,"_exactmetrics_sitenote_active":false,"_exactmetrics_sitenote_note":"","_exactmetrics_sitenote_category":0,"footnotes":""},"categories":[2],"tags":[],"class_list":["post-1438","post","type-post","status-publish","format-standard","hentry","category-articoli"],"acf":[],"yoast_head":"<!-- This site is optimized with the Yoast SEO plugin v26.2 - https:\/\/yoast.com\/wordpress\/plugins\/seo\/ -->\n<title>Non cessate nella buona opera - Centro di Documentazione e Studio del Pontificato di Giovanni Paolo II a Roma<\/title>\n<meta name=\"robots\" content=\"index, follow, max-snippet:-1, max-image-preview:large, max-video-preview:-1\" \/>\n<link rel=\"canonical\" href=\"https:\/\/jp2doc.pl\/it\/2012\/09\/27\/non-cessate-nella-buona-opera\/\" \/>\n<meta property=\"og:locale\" content=\"it_IT\" \/>\n<meta property=\"og:type\" content=\"article\" \/>\n<meta property=\"og:title\" content=\"Non cessate nella buona opera - Centro di Documentazione e Studio del Pontificato di Giovanni Paolo II a Roma\" \/>\n<meta property=\"og:description\" content=\"\u201cLa creazione della Fondazione Giovanni Paolo II \u00e8 legata all\u2019elezione del cardinale Karol Wojty\u0142a come successore di san Pietro e al profondo desiderio di molti polacchi di rispondere a questo momento storico attraverso un gesto concreto di solidariet\u00e0 e di amore per il Santo Padre\u201d, cos\u00ec scrive nella sua prefazione il Primate di Polonia, l\u2019arcivescovo [&hellip;]\" \/>\n<meta property=\"og:url\" content=\"https:\/\/jp2doc.pl\/it\/2012\/09\/27\/non-cessate-nella-buona-opera\/\" \/>\n<meta property=\"og:site_name\" content=\"Centro di Documentazione e Studio del Pontificato di Giovanni Paolo II a Roma\" \/>\n<meta property=\"article:published_time\" content=\"2012-09-27T11:29:55+00:00\" \/>\n<meta property=\"article:modified_time\" content=\"2017-04-14T11:31:42+00:00\" \/>\n<meta property=\"og:image\" content=\"http:\/\/jp2doc.pl\/it\/wp-content\/uploads\/sites\/3\/2017\/04\/50646a33827beundefined.jpg\" \/>\n<meta name=\"author\" content=\"Anna Nogawczyk\" \/>\n<meta name=\"twitter:card\" content=\"summary_large_image\" \/>\n<meta name=\"twitter:label1\" content=\"Scritto da\" \/>\n\t<meta name=\"twitter:data1\" content=\"Anna Nogawczyk\" \/>\n\t<meta name=\"twitter:label2\" content=\"Tempo di lettura stimato\" \/>\n\t<meta name=\"twitter:data2\" content=\"3 minuti\" \/>\n<script type=\"application\/ld+json\" class=\"yoast-schema-graph\">{\"@context\":\"https:\/\/schema.org\",\"@graph\":[{\"@type\":\"Article\",\"@id\":\"https:\/\/jp2doc.pl\/it\/2012\/09\/27\/non-cessate-nella-buona-opera\/#article\",\"isPartOf\":{\"@id\":\"https:\/\/jp2doc.pl\/it\/2012\/09\/27\/non-cessate-nella-buona-opera\/\"},\"author\":{\"name\":\"Anna Nogawczyk\",\"@id\":\"https:\/\/jp2doc.pl\/it\/#\/schema\/person\/ecb3008f6674a8ed2f0cffc842168b87\"},\"headline\":\"Non cessate nella buona opera\",\"datePublished\":\"2012-09-27T11:29:55+00:00\",\"dateModified\":\"2017-04-14T11:31:42+00:00\",\"mainEntityOfPage\":{\"@id\":\"https:\/\/jp2doc.pl\/it\/2012\/09\/27\/non-cessate-nella-buona-opera\/\"},\"wordCount\":531,\"commentCount\":0,\"publisher\":{\"@id\":\"https:\/\/jp2doc.pl\/it\/#organization\"},\"image\":{\"@id\":\"https:\/\/jp2doc.pl\/it\/2012\/09\/27\/non-cessate-nella-buona-opera\/#primaryimage\"},\"thumbnailUrl\":\"http:\/\/jp2doc.pl\/it\/wp-content\/uploads\/sites\/3\/2017\/04\/50646a33827beundefined.jpg\",\"articleSection\":[\"Articoli\"],\"inLanguage\":\"it-IT\",\"potentialAction\":[{\"@type\":\"CommentAction\",\"name\":\"Comment\",\"target\":[\"https:\/\/jp2doc.pl\/it\/2012\/09\/27\/non-cessate-nella-buona-opera\/#respond\"]}]},{\"@type\":\"WebPage\",\"@id\":\"https:\/\/jp2doc.pl\/it\/2012\/09\/27\/non-cessate-nella-buona-opera\/\",\"url\":\"https:\/\/jp2doc.pl\/it\/2012\/09\/27\/non-cessate-nella-buona-opera\/\",\"name\":\"Non cessate nella buona opera - Centro di Documentazione e Studio del Pontificato di Giovanni Paolo II a Roma\",\"isPartOf\":{\"@id\":\"https:\/\/jp2doc.pl\/it\/#website\"},\"primaryImageOfPage\":{\"@id\":\"https:\/\/jp2doc.pl\/it\/2012\/09\/27\/non-cessate-nella-buona-opera\/#primaryimage\"},\"image\":{\"@id\":\"https:\/\/jp2doc.pl\/it\/2012\/09\/27\/non-cessate-nella-buona-opera\/#primaryimage\"},\"thumbnailUrl\":\"http:\/\/jp2doc.pl\/it\/wp-content\/uploads\/sites\/3\/2017\/04\/50646a33827beundefined.jpg\",\"datePublished\":\"2012-09-27T11:29:55+00:00\",\"dateModified\":\"2017-04-14T11:31:42+00:00\",\"breadcrumb\":{\"@id\":\"https:\/\/jp2doc.pl\/it\/2012\/09\/27\/non-cessate-nella-buona-opera\/#breadcrumb\"},\"inLanguage\":\"it-IT\",\"potentialAction\":[{\"@type\":\"ReadAction\",\"target\":[\"https:\/\/jp2doc.pl\/it\/2012\/09\/27\/non-cessate-nella-buona-opera\/\"]}]},{\"@type\":\"ImageObject\",\"inLanguage\":\"it-IT\",\"@id\":\"https:\/\/jp2doc.pl\/it\/2012\/09\/27\/non-cessate-nella-buona-opera\/#primaryimage\",\"url\":\"http:\/\/jp2doc.pl\/it\/wp-content\/uploads\/sites\/3\/2017\/04\/50646a33827beundefined.jpg\",\"contentUrl\":\"http:\/\/jp2doc.pl\/it\/wp-content\/uploads\/sites\/3\/2017\/04\/50646a33827beundefined.jpg\"},{\"@type\":\"BreadcrumbList\",\"@id\":\"https:\/\/jp2doc.pl\/it\/2012\/09\/27\/non-cessate-nella-buona-opera\/#breadcrumb\",\"itemListElement\":[{\"@type\":\"ListItem\",\"position\":1,\"name\":\"Home\",\"item\":\"https:\/\/jp2doc.pl\/it\/\"},{\"@type\":\"ListItem\",\"position\":2,\"name\":\"Non cessate nella buona opera\"}]},{\"@type\":\"WebSite\",\"@id\":\"https:\/\/jp2doc.pl\/it\/#website\",\"url\":\"https:\/\/jp2doc.pl\/it\/\",\"name\":\"Centro di Documentazione e Studio del Pontificato di Giovanni Paolo II a Roma\",\"description\":\"\",\"publisher\":{\"@id\":\"https:\/\/jp2doc.pl\/it\/#organization\"},\"potentialAction\":[{\"@type\":\"SearchAction\",\"target\":{\"@type\":\"EntryPoint\",\"urlTemplate\":\"https:\/\/jp2doc.pl\/it\/?s={search_term_string}\"},\"query-input\":{\"@type\":\"PropertyValueSpecification\",\"valueRequired\":true,\"valueName\":\"search_term_string\"}}],\"inLanguage\":\"it-IT\"},{\"@type\":\"Organization\",\"@id\":\"https:\/\/jp2doc.pl\/it\/#organization\",\"name\":\"Centro di Documentazione e Studio del Pontificato di Giovanni Paolo II a Roma\",\"url\":\"https:\/\/jp2doc.pl\/it\/\",\"logo\":{\"@type\":\"ImageObject\",\"inLanguage\":\"it-IT\",\"@id\":\"https:\/\/jp2doc.pl\/it\/#\/schema\/logo\/image\/\",\"url\":\"https:\/\/jp2doc.pl\/it\/wp-content\/uploads\/sites\/3\/2017\/03\/cropped-logo.png\",\"contentUrl\":\"https:\/\/jp2doc.pl\/it\/wp-content\/uploads\/sites\/3\/2017\/03\/cropped-logo.png\",\"width\":115,\"height\":115,\"caption\":\"Centro di Documentazione e Studio del Pontificato di Giovanni Paolo II a Roma\"},\"image\":{\"@id\":\"https:\/\/jp2doc.pl\/it\/#\/schema\/logo\/image\/\"}},{\"@type\":\"Person\",\"@id\":\"https:\/\/jp2doc.pl\/it\/#\/schema\/person\/ecb3008f6674a8ed2f0cffc842168b87\",\"name\":\"Anna Nogawczyk\",\"image\":{\"@type\":\"ImageObject\",\"inLanguage\":\"it-IT\",\"@id\":\"https:\/\/jp2doc.pl\/it\/#\/schema\/person\/image\/\",\"url\":\"https:\/\/secure.gravatar.com\/avatar\/7f49c0a3455a5f39b9815332b5595517d52774cc8803ff595476ca8543d405f2?s=96&d=mm&r=g\",\"contentUrl\":\"https:\/\/secure.gravatar.com\/avatar\/7f49c0a3455a5f39b9815332b5595517d52774cc8803ff595476ca8543d405f2?s=96&d=mm&r=g\",\"caption\":\"Anna Nogawczyk\"},\"url\":\"https:\/\/jp2doc.pl\/it\/author\/ania-nogawczyk\/\"}]}<\/script>\n<!-- \/ Yoast SEO plugin. -->","yoast_head_json":{"title":"Non cessate nella buona opera - Centro di Documentazione e Studio del Pontificato di Giovanni Paolo II a Roma","robots":{"index":"index","follow":"follow","max-snippet":"max-snippet:-1","max-image-preview":"max-image-preview:large","max-video-preview":"max-video-preview:-1"},"canonical":"https:\/\/jp2doc.pl\/it\/2012\/09\/27\/non-cessate-nella-buona-opera\/","og_locale":"it_IT","og_type":"article","og_title":"Non cessate nella buona opera - Centro di Documentazione e Studio del Pontificato di Giovanni Paolo II a Roma","og_description":"\u201cLa creazione della Fondazione Giovanni Paolo II \u00e8 legata all\u2019elezione del cardinale Karol Wojty\u0142a come successore di san Pietro e al profondo desiderio di molti polacchi di rispondere a questo momento storico attraverso un gesto concreto di solidariet\u00e0 e di amore per il Santo Padre\u201d, cos\u00ec scrive nella sua prefazione il Primate di Polonia, l\u2019arcivescovo [&hellip;]","og_url":"https:\/\/jp2doc.pl\/it\/2012\/09\/27\/non-cessate-nella-buona-opera\/","og_site_name":"Centro di Documentazione e Studio del Pontificato di Giovanni Paolo II a Roma","article_published_time":"2012-09-27T11:29:55+00:00","article_modified_time":"2017-04-14T11:31:42+00:00","og_image":[{"url":"http:\/\/jp2doc.pl\/it\/wp-content\/uploads\/sites\/3\/2017\/04\/50646a33827beundefined.jpg","type":"","width":"","height":""}],"author":"Anna Nogawczyk","twitter_card":"summary_large_image","twitter_misc":{"Scritto da":"Anna Nogawczyk","Tempo di lettura stimato":"3 minuti"},"schema":{"@context":"https:\/\/schema.org","@graph":[{"@type":"Article","@id":"https:\/\/jp2doc.pl\/it\/2012\/09\/27\/non-cessate-nella-buona-opera\/#article","isPartOf":{"@id":"https:\/\/jp2doc.pl\/it\/2012\/09\/27\/non-cessate-nella-buona-opera\/"},"author":{"name":"Anna Nogawczyk","@id":"https:\/\/jp2doc.pl\/it\/#\/schema\/person\/ecb3008f6674a8ed2f0cffc842168b87"},"headline":"Non cessate nella buona opera","datePublished":"2012-09-27T11:29:55+00:00","dateModified":"2017-04-14T11:31:42+00:00","mainEntityOfPage":{"@id":"https:\/\/jp2doc.pl\/it\/2012\/09\/27\/non-cessate-nella-buona-opera\/"},"wordCount":531,"commentCount":0,"publisher":{"@id":"https:\/\/jp2doc.pl\/it\/#organization"},"image":{"@id":"https:\/\/jp2doc.pl\/it\/2012\/09\/27\/non-cessate-nella-buona-opera\/#primaryimage"},"thumbnailUrl":"http:\/\/jp2doc.pl\/it\/wp-content\/uploads\/sites\/3\/2017\/04\/50646a33827beundefined.jpg","articleSection":["Articoli"],"inLanguage":"it-IT","potentialAction":[{"@type":"CommentAction","name":"Comment","target":["https:\/\/jp2doc.pl\/it\/2012\/09\/27\/non-cessate-nella-buona-opera\/#respond"]}]},{"@type":"WebPage","@id":"https:\/\/jp2doc.pl\/it\/2012\/09\/27\/non-cessate-nella-buona-opera\/","url":"https:\/\/jp2doc.pl\/it\/2012\/09\/27\/non-cessate-nella-buona-opera\/","name":"Non cessate nella buona opera - Centro di Documentazione e Studio del Pontificato di Giovanni Paolo II a Roma","isPartOf":{"@id":"https:\/\/jp2doc.pl\/it\/#website"},"primaryImageOfPage":{"@id":"https:\/\/jp2doc.pl\/it\/2012\/09\/27\/non-cessate-nella-buona-opera\/#primaryimage"},"image":{"@id":"https:\/\/jp2doc.pl\/it\/2012\/09\/27\/non-cessate-nella-buona-opera\/#primaryimage"},"thumbnailUrl":"http:\/\/jp2doc.pl\/it\/wp-content\/uploads\/sites\/3\/2017\/04\/50646a33827beundefined.jpg","datePublished":"2012-09-27T11:29:55+00:00","dateModified":"2017-04-14T11:31:42+00:00","breadcrumb":{"@id":"https:\/\/jp2doc.pl\/it\/2012\/09\/27\/non-cessate-nella-buona-opera\/#breadcrumb"},"inLanguage":"it-IT","potentialAction":[{"@type":"ReadAction","target":["https:\/\/jp2doc.pl\/it\/2012\/09\/27\/non-cessate-nella-buona-opera\/"]}]},{"@type":"ImageObject","inLanguage":"it-IT","@id":"https:\/\/jp2doc.pl\/it\/2012\/09\/27\/non-cessate-nella-buona-opera\/#primaryimage","url":"http:\/\/jp2doc.pl\/it\/wp-content\/uploads\/sites\/3\/2017\/04\/50646a33827beundefined.jpg","contentUrl":"http:\/\/jp2doc.pl\/it\/wp-content\/uploads\/sites\/3\/2017\/04\/50646a33827beundefined.jpg"},{"@type":"BreadcrumbList","@id":"https:\/\/jp2doc.pl\/it\/2012\/09\/27\/non-cessate-nella-buona-opera\/#breadcrumb","itemListElement":[{"@type":"ListItem","position":1,"name":"Home","item":"https:\/\/jp2doc.pl\/it\/"},{"@type":"ListItem","position":2,"name":"Non cessate nella buona opera"}]},{"@type":"WebSite","@id":"https:\/\/jp2doc.pl\/it\/#website","url":"https:\/\/jp2doc.pl\/it\/","name":"Centro di Documentazione e Studio del Pontificato di Giovanni Paolo II a Roma","description":"","publisher":{"@id":"https:\/\/jp2doc.pl\/it\/#organization"},"potentialAction":[{"@type":"SearchAction","target":{"@type":"EntryPoint","urlTemplate":"https:\/\/jp2doc.pl\/it\/?s={search_term_string}"},"query-input":{"@type":"PropertyValueSpecification","valueRequired":true,"valueName":"search_term_string"}}],"inLanguage":"it-IT"},{"@type":"Organization","@id":"https:\/\/jp2doc.pl\/it\/#organization","name":"Centro di Documentazione e Studio del Pontificato di Giovanni Paolo II a Roma","url":"https:\/\/jp2doc.pl\/it\/","logo":{"@type":"ImageObject","inLanguage":"it-IT","@id":"https:\/\/jp2doc.pl\/it\/#\/schema\/logo\/image\/","url":"https:\/\/jp2doc.pl\/it\/wp-content\/uploads\/sites\/3\/2017\/03\/cropped-logo.png","contentUrl":"https:\/\/jp2doc.pl\/it\/wp-content\/uploads\/sites\/3\/2017\/03\/cropped-logo.png","width":115,"height":115,"caption":"Centro di Documentazione e Studio del Pontificato di Giovanni Paolo II a Roma"},"image":{"@id":"https:\/\/jp2doc.pl\/it\/#\/schema\/logo\/image\/"}},{"@type":"Person","@id":"https:\/\/jp2doc.pl\/it\/#\/schema\/person\/ecb3008f6674a8ed2f0cffc842168b87","name":"Anna Nogawczyk","image":{"@type":"ImageObject","inLanguage":"it-IT","@id":"https:\/\/jp2doc.pl\/it\/#\/schema\/person\/image\/","url":"https:\/\/secure.gravatar.com\/avatar\/7f49c0a3455a5f39b9815332b5595517d52774cc8803ff595476ca8543d405f2?s=96&d=mm&r=g","contentUrl":"https:\/\/secure.gravatar.com\/avatar\/7f49c0a3455a5f39b9815332b5595517d52774cc8803ff595476ca8543d405f2?s=96&d=mm&r=g","caption":"Anna Nogawczyk"},"url":"https:\/\/jp2doc.pl\/it\/author\/ania-nogawczyk\/"}]}},"_links":{"self":[{"href":"https:\/\/jp2doc.pl\/it\/wp-json\/wp\/v2\/posts\/1438","targetHints":{"allow":["GET"]}}],"collection":[{"href":"https:\/\/jp2doc.pl\/it\/wp-json\/wp\/v2\/posts"}],"about":[{"href":"https:\/\/jp2doc.pl\/it\/wp-json\/wp\/v2\/types\/post"}],"author":[{"embeddable":true,"href":"https:\/\/jp2doc.pl\/it\/wp-json\/wp\/v2\/users\/3"}],"replies":[{"embeddable":true,"href":"https:\/\/jp2doc.pl\/it\/wp-json\/wp\/v2\/comments?post=1438"}],"version-history":[{"count":1,"href":"https:\/\/jp2doc.pl\/it\/wp-json\/wp\/v2\/posts\/1438\/revisions"}],"predecessor-version":[{"id":1446,"href":"https:\/\/jp2doc.pl\/it\/wp-json\/wp\/v2\/posts\/1438\/revisions\/1446"}],"wp:attachment":[{"href":"https:\/\/jp2doc.pl\/it\/wp-json\/wp\/v2\/media?parent=1438"}],"wp:term":[{"taxonomy":"category","embeddable":true,"href":"https:\/\/jp2doc.pl\/it\/wp-json\/wp\/v2\/categories?post=1438"},{"taxonomy":"post_tag","embeddable":true,"href":"https:\/\/jp2doc.pl\/it\/wp-json\/wp\/v2\/tags?post=1438"}],"curies":[{"name":"wp","href":"https:\/\/api.w.org\/{rel}","templated":true}]}}