{"id":1506,"date":"2013-02-18T13:47:08","date_gmt":"2013-02-18T12:47:08","guid":{"rendered":"http:\/\/jp2doc.pl\/it\/?p=1506"},"modified":"2017-04-14T13:50:44","modified_gmt":"2017-04-14T11:50:44","slug":"uomo-e-la-cultura","status":"publish","type":"post","link":"https:\/\/jp2doc.pl\/it\/2013\/02\/18\/uomo-e-la-cultura\/","title":{"rendered":"Uomo e la cultura"},"content":{"rendered":"<p class=\"p1\"><span class=\"s1\">\u00a0\u201cIl beato Giovanni Paolo II e il suo insegnamento sulla cultura\u201d sono stati il tema della sessione accademica che si \u00e8 svolta il 13 febbraio presso la sede dell&#8217;UNESCO a Parigi. Vi hanno preso parte circa 500 persone, tra di loro oltre 40 ambasciatori accreditati dall&#8217;organizzazione ed alcuni vescovi francesi con il Card. Andr\u00e9 Vingt-Trois, arcivescovo di Parigi. La sessione \u00e8 stata organizzata dalla Fondazione Giovanni Paolo II di Roma \u2013 Centro di Documentazione e di Studio del Pontificato e dalla Missione Permanente di Osservazione della Santa Sede presso l\u2019UNESCO.<\/span><img loading=\"lazy\" decoding=\"async\" width=\"560\" height=\"440\" class=\"aligncenter size-full wp-image-1507\" src=\"http:\/\/jp2doc.pl\/it\/wp-content\/uploads\/sites\/3\/2017\/04\/51224c82f01aaundefined.jpg\" alt=\"\" \/><\/p>\n<p class=\"p1\"><span class=\"s1\">I partecipanti della sessione sono stati accolti dal prelato don Francesco Follo, osservatore della Santa Sede presso l&#8217;UNESCO, dal Card. Stanis\u0142aw Ry\u0142ko, presidente della Fondazione Giovanni Paolo II e da Hans d\u2019Orville, vicedirettore dell&#8217;UNESCO. La sessione \u00e8 stata condotta dal prof. Krzysztof Zanussi che all&#8217;inizio ha ricordato i suoi incontri con Giovanni Paolo II. La prima lezione sull&#8217;attualit\u00e0 dell&#8217;insegnamento di Giovanni Paolo II sulla cultura, a partire dal discorso memorabile pronunciato all&#8217;UNESCO il 2 giugno 1980 fino ad oggi, \u00e8 stata presentata da don Follo. Ha fatto notare che Giovanni Paolo II era sensibile al fenomeno del multiculturalismo che costituisce il volto del mondo contemporaneo ed alla dimensione umanistica della cultura che deve servire alla crescita completa dell&#8217;uomo.<\/span><\/p>\n<p class=\"p1\"><img loading=\"lazy\" decoding=\"async\" width=\"560\" height=\"404\" class=\"aligncenter size-full wp-image-1510\" src=\"http:\/\/jp2doc.pl\/it\/wp-content\/uploads\/sites\/3\/2017\/04\/51224c675720bundefined.jpg\" alt=\"\" \/><\/p>\n<p class=\"p1\"><span class=\"s1\">Il prof. Fabrice Hadjadj, filosofo francese, direttore dell&#8217;Istituto Europeo degli Studi Antropologici <i>Philantropos <\/i>di Friburgo (Svizzera), ha parlato del tema \u201cdell&#8217;importanza e del ruolo dei valori evangelici nella cultura odierna\u201d, sottolineando che la crisi della cultura contemporanea consiste, in gran misura, nel fatto che la rivoluzione industriale e tecnologica hanno fatto s\u00ec che la cultura sia diventata una forza rivolta contro la natura, che riduce la natura alla biologia ed al suo determinismo. \u201cLa verit\u00e0 sull&#8217;incarnazione del Figlio di Dio portata dal Vangelo presenta il valore della natura, pu\u00f2 essere una strada al rinnovamento della cultura ed al rinascimento dell&#8217;umanesimo\u201d \u2013 ha affermato il filosofo francese. <\/span><\/p>\n<p class=\"p1\"><span class=\"s1\">Il prof. Thomas Hong-Soon Han, professore di economia all&#8217;Universit\u00e0 Hankuk di Seul, nella Corea del Sud, ha presentato una relazione sui \u201crapporti tra l&#8217;economia e lo sviluppo integrale della persona umana\u201d. Ha sottolineato che, partendo dal principio personalistico secondo il quale l&#8217;economia deve servire l&#8217;uomo e non il contrario, si vede espressamente che lo sviluppo integrale dell&#8217;uomo e dei popoli richiede una riforma del sistema economico basata sulla solidariet\u00e0 internazionale che, tenendo conto dei requisiti etnici, indica le condizioni di un&#8217;economia sana attraverso il rafforzamento del capitale umano.<\/span><\/p>\n<p class=\"p1\"><img loading=\"lazy\" decoding=\"async\" width=\"560\" height=\"370\" class=\"aligncenter size-full wp-image-1513\" src=\"http:\/\/jp2doc.pl\/it\/wp-content\/uploads\/sites\/3\/2017\/04\/51224c377b5f6undefined.jpg\" alt=\"\" \/><\/p>\n<p class=\"p1\"><span class=\"s1\">Il tema dei \u201cgiovani nel labirinto della cultura contemporanea\u201d \u00e8 stato intrapreso dalla prof. Rossana Reguillo Cruz dell&#8217;Universit\u00e0 Gesuita di Guadalajara in Messico. Ha affermato che i giovani d&#8217;oggi non costituiscono un gruppo uniforme ma una societ\u00e0 molto diversificata che si pu\u00f2 suddividere in vari gruppi a seconda del loro adattamento ai requisiti del mercato libero, agli standard sociali o alle forme di contestazione e alienazione. La relatrice ha sottolineato che i giovani sono uniti dalla mancanza di fiducia nei confronti delle istituzioni, ad esempio dello stato o della Chiesa. Per cambiare lo stato delle cose occorre conoscere bene i processi culturali e sociologici che interessano la giovent\u00f9 contemporanea.<\/span><\/p>\n<p class=\"p1\"><img loading=\"lazy\" decoding=\"async\" width=\"560\" height=\"462\" class=\"aligncenter size-full wp-image-1515\" src=\"http:\/\/jp2doc.pl\/it\/wp-content\/uploads\/sites\/3\/2017\/04\/51224caf177d6undefined.jpg\" alt=\"\" \/><\/p>\n<p class=\"p1\"><span class=\"s1\">Il prof. Zdzis\u0142aw Kijas OFM Conv., teologo dell&#8217;Universit\u00e0 Pontificia di Giovanni Paolo II di Cracovia, ha parlato della necessit\u00e0 della dimensione di trascendenza nel processo educativo. Sulla base del solo intelletto non siamo in grado di formare un uomo pronto al sacrificio, a comportamenti nobili o all&#8217;eroismo. E&#8217; essenziale \u2013 come ha indicato il relatore \u2013 che nella vita dell&#8217;uomo, e specialmente nel processo educativo, ci sia lo spazio per Dio. Occorre che l&#8217;uomo \u201cpermetta\u201d a Dio di essere Dio e allora ritrover\u00e0 anche se stesso quindi scorger\u00e0 anche meglio in che cosa consiste la differenza tra \u201cpi\u00f9 essere\u201d e \u201cpi\u00f9 avere\u201d. <\/span><\/p>\n<p class=\"p1\"><span class=\"s1\">La prof. Genevi\u00e8ve M\u00e9devielle, professoressa di teologia morale all&#8217;Istituto Cattolico di Parigi, ha intrapreso il tema della \u201cdignit\u00e0 della donna nell&#8217;insegnamento di Giovanni Paolo II\u201d. La relatrice ha concentrato l&#8217;attenzione sull&#8217;insegnamento pontificio riguardante il \u201cgenio della donna\u201d che si esprime nel servizio della carit\u00e0 umana. Ha sottolineato che la trasmissione e lo sviluppo di tale insegnamento, radicato nella Rivelazione, sono particolarmente rilevanti nella cultura contemporanea, specialmente per i diritti della donna e la sua dignit\u00e0 che sono intesi molto spesso in maniera unilaterale.<\/span><\/p>\n<p class=\"p1\"><img loading=\"lazy\" decoding=\"async\" width=\"560\" height=\"460\" class=\"aligncenter size-full wp-image-1517\" src=\"http:\/\/jp2doc.pl\/it\/wp-content\/uploads\/sites\/3\/2017\/04\/51224ccba99b5undefined.jpg\" alt=\"\" \/><\/p>\n<p class=\"p1\"><span class=\"s1\">Riassumendo le sedute il Card. Andr\u00e9 Vingt-Trois si \u00e8 ricollegato al discorso di Giovanni Paolo II all&#8217;UNESCO ed alle lezioni pronunciate. Ha formulato due quesiti ai quali la sessione \u2013 secondo lui \u2013 ha cercato di rispondere: La cultura contemporanea che si distingue per i successi tecnici, protegge effettivamente la visione dell&#8217;uomo come creatura eccezionale nel mondo? Perch\u00e9 l&#8217;autonomia delle questioni terrene causa la secolarizzazione dell&#8217;umanesimo che esclude l&#8217;esistenza e l&#8217;amore di Dio dalla vita dell&#8217;uomo? Ha notato che, di fronte alla crisi culturale che stiamo vivendo, il compito essenziale dei cristiani oggi \u00e8 quello di dare la testimonianza sulla visione integrale dell&#8217;uomo portata da Cristo. <\/span><\/p>\n<p class=\"p1\"><span class=\"s1\">La sessione che si \u00e8 svolta il Mercoled\u00ec delle Ceneri ha costituito una festa spirituale particolare non solo per i cattolici ma anche per persone con concezioni del mondo differenti e rappresentanti di culture diverse. Giovanni Paolo II vide il senso di condurre un dibattito su argomenti importanti riguardanti l&#8217;uomo sugli Areopaghi moderni tra i quali rientra indubbiamente l&#8217;UNESCO. Si pu\u00f2 sperare che tale sessione sia stata una buona occasione per guardare ai problemi della cultura odierna dalla prospettiva del Vangelo caratterizzata dalla carit\u00e0 e dalla premura per l&#8217;uomo insegnateci dal beato Giovanni Paolo II.<\/span><\/p>\n","protected":false},"excerpt":{"rendered":"<p>\u00a0\u201cIl beato Giovanni Paolo II e il suo insegnamento sulla cultura\u201d sono stati il tema della sessione accademica che si \u00e8 svolta il 13 febbraio presso la sede dell&#8217;UNESCO a Parigi. Vi hanno preso parte circa 500 persone, tra di loro oltre 40 ambasciatori accreditati dall&#8217;organizzazione ed alcuni vescovi francesi con il Card. Andr\u00e9 Vingt-Trois, [&hellip;]<\/p>\n","protected":false},"author":3,"featured_media":0,"comment_status":"open","ping_status":"open","sticky":false,"template":"","format":"standard","meta":{"_acf_changed":false,"_exactmetrics_skip_tracking":false,"_exactmetrics_sitenote_active":false,"_exactmetrics_sitenote_note":"","_exactmetrics_sitenote_category":0,"footnotes":""},"categories":[2],"tags":[],"class_list":["post-1506","post","type-post","status-publish","format-standard","hentry","category-articoli"],"acf":[],"yoast_head":"<!-- This site is optimized with the Yoast SEO plugin v26.2 - https:\/\/yoast.com\/wordpress\/plugins\/seo\/ -->\n<title>Uomo e la cultura - Centro di Documentazione e Studio del Pontificato di Giovanni Paolo II a Roma<\/title>\n<meta name=\"robots\" content=\"index, follow, max-snippet:-1, max-image-preview:large, max-video-preview:-1\" \/>\n<link rel=\"canonical\" href=\"https:\/\/jp2doc.pl\/it\/2013\/02\/18\/uomo-e-la-cultura\/\" \/>\n<meta property=\"og:locale\" content=\"it_IT\" \/>\n<meta property=\"og:type\" content=\"article\" \/>\n<meta property=\"og:title\" content=\"Uomo e la cultura - Centro di Documentazione e Studio del Pontificato di Giovanni Paolo II a Roma\" \/>\n<meta property=\"og:description\" content=\"\u00a0\u201cIl beato Giovanni Paolo II e il suo insegnamento sulla cultura\u201d sono stati il tema della sessione accademica che si \u00e8 svolta il 13 febbraio presso la sede dell&#8217;UNESCO a Parigi. Vi hanno preso parte circa 500 persone, tra di loro oltre 40 ambasciatori accreditati dall&#8217;organizzazione ed alcuni vescovi francesi con il Card. Andr\u00e9 Vingt-Trois, [&hellip;]\" \/>\n<meta property=\"og:url\" content=\"https:\/\/jp2doc.pl\/it\/2013\/02\/18\/uomo-e-la-cultura\/\" \/>\n<meta property=\"og:site_name\" content=\"Centro di Documentazione e Studio del Pontificato di Giovanni Paolo II a Roma\" \/>\n<meta property=\"article:published_time\" content=\"2013-02-18T12:47:08+00:00\" \/>\n<meta property=\"article:modified_time\" content=\"2017-04-14T11:50:44+00:00\" \/>\n<meta property=\"og:image\" content=\"http:\/\/jp2doc.pl\/it\/wp-content\/uploads\/sites\/3\/2017\/04\/51224c82f01aaundefined.jpg\" \/>\n<meta name=\"author\" content=\"Anna Nogawczyk\" \/>\n<meta name=\"twitter:card\" content=\"summary_large_image\" \/>\n<meta name=\"twitter:label1\" content=\"Scritto da\" \/>\n\t<meta name=\"twitter:data1\" content=\"Anna Nogawczyk\" \/>\n\t<meta name=\"twitter:label2\" content=\"Tempo di lettura stimato\" \/>\n\t<meta name=\"twitter:data2\" content=\"4 minuti\" \/>\n<script type=\"application\/ld+json\" class=\"yoast-schema-graph\">{\"@context\":\"https:\/\/schema.org\",\"@graph\":[{\"@type\":\"Article\",\"@id\":\"https:\/\/jp2doc.pl\/it\/2013\/02\/18\/uomo-e-la-cultura\/#article\",\"isPartOf\":{\"@id\":\"https:\/\/jp2doc.pl\/it\/2013\/02\/18\/uomo-e-la-cultura\/\"},\"author\":{\"name\":\"Anna Nogawczyk\",\"@id\":\"https:\/\/jp2doc.pl\/it\/#\/schema\/person\/ecb3008f6674a8ed2f0cffc842168b87\"},\"headline\":\"Uomo e la cultura\",\"datePublished\":\"2013-02-18T12:47:08+00:00\",\"dateModified\":\"2017-04-14T11:50:44+00:00\",\"mainEntityOfPage\":{\"@id\":\"https:\/\/jp2doc.pl\/it\/2013\/02\/18\/uomo-e-la-cultura\/\"},\"wordCount\":929,\"commentCount\":0,\"publisher\":{\"@id\":\"https:\/\/jp2doc.pl\/it\/#organization\"},\"image\":{\"@id\":\"https:\/\/jp2doc.pl\/it\/2013\/02\/18\/uomo-e-la-cultura\/#primaryimage\"},\"thumbnailUrl\":\"http:\/\/jp2doc.pl\/it\/wp-content\/uploads\/sites\/3\/2017\/04\/51224c82f01aaundefined.jpg\",\"articleSection\":[\"Articoli\"],\"inLanguage\":\"it-IT\",\"potentialAction\":[{\"@type\":\"CommentAction\",\"name\":\"Comment\",\"target\":[\"https:\/\/jp2doc.pl\/it\/2013\/02\/18\/uomo-e-la-cultura\/#respond\"]}]},{\"@type\":\"WebPage\",\"@id\":\"https:\/\/jp2doc.pl\/it\/2013\/02\/18\/uomo-e-la-cultura\/\",\"url\":\"https:\/\/jp2doc.pl\/it\/2013\/02\/18\/uomo-e-la-cultura\/\",\"name\":\"Uomo e la cultura - Centro di Documentazione e Studio del Pontificato di Giovanni Paolo II a Roma\",\"isPartOf\":{\"@id\":\"https:\/\/jp2doc.pl\/it\/#website\"},\"primaryImageOfPage\":{\"@id\":\"https:\/\/jp2doc.pl\/it\/2013\/02\/18\/uomo-e-la-cultura\/#primaryimage\"},\"image\":{\"@id\":\"https:\/\/jp2doc.pl\/it\/2013\/02\/18\/uomo-e-la-cultura\/#primaryimage\"},\"thumbnailUrl\":\"http:\/\/jp2doc.pl\/it\/wp-content\/uploads\/sites\/3\/2017\/04\/51224c82f01aaundefined.jpg\",\"datePublished\":\"2013-02-18T12:47:08+00:00\",\"dateModified\":\"2017-04-14T11:50:44+00:00\",\"breadcrumb\":{\"@id\":\"https:\/\/jp2doc.pl\/it\/2013\/02\/18\/uomo-e-la-cultura\/#breadcrumb\"},\"inLanguage\":\"it-IT\",\"potentialAction\":[{\"@type\":\"ReadAction\",\"target\":[\"https:\/\/jp2doc.pl\/it\/2013\/02\/18\/uomo-e-la-cultura\/\"]}]},{\"@type\":\"ImageObject\",\"inLanguage\":\"it-IT\",\"@id\":\"https:\/\/jp2doc.pl\/it\/2013\/02\/18\/uomo-e-la-cultura\/#primaryimage\",\"url\":\"http:\/\/jp2doc.pl\/it\/wp-content\/uploads\/sites\/3\/2017\/04\/51224c82f01aaundefined.jpg\",\"contentUrl\":\"http:\/\/jp2doc.pl\/it\/wp-content\/uploads\/sites\/3\/2017\/04\/51224c82f01aaundefined.jpg\"},{\"@type\":\"BreadcrumbList\",\"@id\":\"https:\/\/jp2doc.pl\/it\/2013\/02\/18\/uomo-e-la-cultura\/#breadcrumb\",\"itemListElement\":[{\"@type\":\"ListItem\",\"position\":1,\"name\":\"Home\",\"item\":\"https:\/\/jp2doc.pl\/it\/\"},{\"@type\":\"ListItem\",\"position\":2,\"name\":\"Uomo e la cultura\"}]},{\"@type\":\"WebSite\",\"@id\":\"https:\/\/jp2doc.pl\/it\/#website\",\"url\":\"https:\/\/jp2doc.pl\/it\/\",\"name\":\"Centro di Documentazione e Studio del Pontificato di Giovanni Paolo II a Roma\",\"description\":\"\",\"publisher\":{\"@id\":\"https:\/\/jp2doc.pl\/it\/#organization\"},\"potentialAction\":[{\"@type\":\"SearchAction\",\"target\":{\"@type\":\"EntryPoint\",\"urlTemplate\":\"https:\/\/jp2doc.pl\/it\/?s={search_term_string}\"},\"query-input\":{\"@type\":\"PropertyValueSpecification\",\"valueRequired\":true,\"valueName\":\"search_term_string\"}}],\"inLanguage\":\"it-IT\"},{\"@type\":\"Organization\",\"@id\":\"https:\/\/jp2doc.pl\/it\/#organization\",\"name\":\"Centro di Documentazione e Studio del Pontificato di Giovanni Paolo II a Roma\",\"url\":\"https:\/\/jp2doc.pl\/it\/\",\"logo\":{\"@type\":\"ImageObject\",\"inLanguage\":\"it-IT\",\"@id\":\"https:\/\/jp2doc.pl\/it\/#\/schema\/logo\/image\/\",\"url\":\"https:\/\/jp2doc.pl\/it\/wp-content\/uploads\/sites\/3\/2017\/03\/cropped-logo.png\",\"contentUrl\":\"https:\/\/jp2doc.pl\/it\/wp-content\/uploads\/sites\/3\/2017\/03\/cropped-logo.png\",\"width\":115,\"height\":115,\"caption\":\"Centro di Documentazione e Studio del Pontificato di Giovanni Paolo II a Roma\"},\"image\":{\"@id\":\"https:\/\/jp2doc.pl\/it\/#\/schema\/logo\/image\/\"}},{\"@type\":\"Person\",\"@id\":\"https:\/\/jp2doc.pl\/it\/#\/schema\/person\/ecb3008f6674a8ed2f0cffc842168b87\",\"name\":\"Anna Nogawczyk\",\"image\":{\"@type\":\"ImageObject\",\"inLanguage\":\"it-IT\",\"@id\":\"https:\/\/jp2doc.pl\/it\/#\/schema\/person\/image\/\",\"url\":\"https:\/\/secure.gravatar.com\/avatar\/7f49c0a3455a5f39b9815332b5595517d52774cc8803ff595476ca8543d405f2?s=96&d=mm&r=g\",\"contentUrl\":\"https:\/\/secure.gravatar.com\/avatar\/7f49c0a3455a5f39b9815332b5595517d52774cc8803ff595476ca8543d405f2?s=96&d=mm&r=g\",\"caption\":\"Anna Nogawczyk\"},\"url\":\"https:\/\/jp2doc.pl\/it\/author\/ania-nogawczyk\/\"}]}<\/script>\n<!-- \/ Yoast SEO plugin. -->","yoast_head_json":{"title":"Uomo e la cultura - Centro di Documentazione e Studio del Pontificato di Giovanni Paolo II a Roma","robots":{"index":"index","follow":"follow","max-snippet":"max-snippet:-1","max-image-preview":"max-image-preview:large","max-video-preview":"max-video-preview:-1"},"canonical":"https:\/\/jp2doc.pl\/it\/2013\/02\/18\/uomo-e-la-cultura\/","og_locale":"it_IT","og_type":"article","og_title":"Uomo e la cultura - Centro di Documentazione e Studio del Pontificato di Giovanni Paolo II a Roma","og_description":"\u00a0\u201cIl beato Giovanni Paolo II e il suo insegnamento sulla cultura\u201d sono stati il tema della sessione accademica che si \u00e8 svolta il 13 febbraio presso la sede dell&#8217;UNESCO a Parigi. Vi hanno preso parte circa 500 persone, tra di loro oltre 40 ambasciatori accreditati dall&#8217;organizzazione ed alcuni vescovi francesi con il Card. Andr\u00e9 Vingt-Trois, [&hellip;]","og_url":"https:\/\/jp2doc.pl\/it\/2013\/02\/18\/uomo-e-la-cultura\/","og_site_name":"Centro di Documentazione e Studio del Pontificato di Giovanni Paolo II a Roma","article_published_time":"2013-02-18T12:47:08+00:00","article_modified_time":"2017-04-14T11:50:44+00:00","og_image":[{"url":"http:\/\/jp2doc.pl\/it\/wp-content\/uploads\/sites\/3\/2017\/04\/51224c82f01aaundefined.jpg","type":"","width":"","height":""}],"author":"Anna Nogawczyk","twitter_card":"summary_large_image","twitter_misc":{"Scritto da":"Anna Nogawczyk","Tempo di lettura stimato":"4 minuti"},"schema":{"@context":"https:\/\/schema.org","@graph":[{"@type":"Article","@id":"https:\/\/jp2doc.pl\/it\/2013\/02\/18\/uomo-e-la-cultura\/#article","isPartOf":{"@id":"https:\/\/jp2doc.pl\/it\/2013\/02\/18\/uomo-e-la-cultura\/"},"author":{"name":"Anna Nogawczyk","@id":"https:\/\/jp2doc.pl\/it\/#\/schema\/person\/ecb3008f6674a8ed2f0cffc842168b87"},"headline":"Uomo e la cultura","datePublished":"2013-02-18T12:47:08+00:00","dateModified":"2017-04-14T11:50:44+00:00","mainEntityOfPage":{"@id":"https:\/\/jp2doc.pl\/it\/2013\/02\/18\/uomo-e-la-cultura\/"},"wordCount":929,"commentCount":0,"publisher":{"@id":"https:\/\/jp2doc.pl\/it\/#organization"},"image":{"@id":"https:\/\/jp2doc.pl\/it\/2013\/02\/18\/uomo-e-la-cultura\/#primaryimage"},"thumbnailUrl":"http:\/\/jp2doc.pl\/it\/wp-content\/uploads\/sites\/3\/2017\/04\/51224c82f01aaundefined.jpg","articleSection":["Articoli"],"inLanguage":"it-IT","potentialAction":[{"@type":"CommentAction","name":"Comment","target":["https:\/\/jp2doc.pl\/it\/2013\/02\/18\/uomo-e-la-cultura\/#respond"]}]},{"@type":"WebPage","@id":"https:\/\/jp2doc.pl\/it\/2013\/02\/18\/uomo-e-la-cultura\/","url":"https:\/\/jp2doc.pl\/it\/2013\/02\/18\/uomo-e-la-cultura\/","name":"Uomo e la cultura - Centro di Documentazione e Studio del Pontificato di Giovanni Paolo II a Roma","isPartOf":{"@id":"https:\/\/jp2doc.pl\/it\/#website"},"primaryImageOfPage":{"@id":"https:\/\/jp2doc.pl\/it\/2013\/02\/18\/uomo-e-la-cultura\/#primaryimage"},"image":{"@id":"https:\/\/jp2doc.pl\/it\/2013\/02\/18\/uomo-e-la-cultura\/#primaryimage"},"thumbnailUrl":"http:\/\/jp2doc.pl\/it\/wp-content\/uploads\/sites\/3\/2017\/04\/51224c82f01aaundefined.jpg","datePublished":"2013-02-18T12:47:08+00:00","dateModified":"2017-04-14T11:50:44+00:00","breadcrumb":{"@id":"https:\/\/jp2doc.pl\/it\/2013\/02\/18\/uomo-e-la-cultura\/#breadcrumb"},"inLanguage":"it-IT","potentialAction":[{"@type":"ReadAction","target":["https:\/\/jp2doc.pl\/it\/2013\/02\/18\/uomo-e-la-cultura\/"]}]},{"@type":"ImageObject","inLanguage":"it-IT","@id":"https:\/\/jp2doc.pl\/it\/2013\/02\/18\/uomo-e-la-cultura\/#primaryimage","url":"http:\/\/jp2doc.pl\/it\/wp-content\/uploads\/sites\/3\/2017\/04\/51224c82f01aaundefined.jpg","contentUrl":"http:\/\/jp2doc.pl\/it\/wp-content\/uploads\/sites\/3\/2017\/04\/51224c82f01aaundefined.jpg"},{"@type":"BreadcrumbList","@id":"https:\/\/jp2doc.pl\/it\/2013\/02\/18\/uomo-e-la-cultura\/#breadcrumb","itemListElement":[{"@type":"ListItem","position":1,"name":"Home","item":"https:\/\/jp2doc.pl\/it\/"},{"@type":"ListItem","position":2,"name":"Uomo e la cultura"}]},{"@type":"WebSite","@id":"https:\/\/jp2doc.pl\/it\/#website","url":"https:\/\/jp2doc.pl\/it\/","name":"Centro di Documentazione e Studio del Pontificato di Giovanni Paolo II a Roma","description":"","publisher":{"@id":"https:\/\/jp2doc.pl\/it\/#organization"},"potentialAction":[{"@type":"SearchAction","target":{"@type":"EntryPoint","urlTemplate":"https:\/\/jp2doc.pl\/it\/?s={search_term_string}"},"query-input":{"@type":"PropertyValueSpecification","valueRequired":true,"valueName":"search_term_string"}}],"inLanguage":"it-IT"},{"@type":"Organization","@id":"https:\/\/jp2doc.pl\/it\/#organization","name":"Centro di Documentazione e Studio del Pontificato di Giovanni Paolo II a Roma","url":"https:\/\/jp2doc.pl\/it\/","logo":{"@type":"ImageObject","inLanguage":"it-IT","@id":"https:\/\/jp2doc.pl\/it\/#\/schema\/logo\/image\/","url":"https:\/\/jp2doc.pl\/it\/wp-content\/uploads\/sites\/3\/2017\/03\/cropped-logo.png","contentUrl":"https:\/\/jp2doc.pl\/it\/wp-content\/uploads\/sites\/3\/2017\/03\/cropped-logo.png","width":115,"height":115,"caption":"Centro di Documentazione e Studio del Pontificato di Giovanni Paolo II a Roma"},"image":{"@id":"https:\/\/jp2doc.pl\/it\/#\/schema\/logo\/image\/"}},{"@type":"Person","@id":"https:\/\/jp2doc.pl\/it\/#\/schema\/person\/ecb3008f6674a8ed2f0cffc842168b87","name":"Anna Nogawczyk","image":{"@type":"ImageObject","inLanguage":"it-IT","@id":"https:\/\/jp2doc.pl\/it\/#\/schema\/person\/image\/","url":"https:\/\/secure.gravatar.com\/avatar\/7f49c0a3455a5f39b9815332b5595517d52774cc8803ff595476ca8543d405f2?s=96&d=mm&r=g","contentUrl":"https:\/\/secure.gravatar.com\/avatar\/7f49c0a3455a5f39b9815332b5595517d52774cc8803ff595476ca8543d405f2?s=96&d=mm&r=g","caption":"Anna Nogawczyk"},"url":"https:\/\/jp2doc.pl\/it\/author\/ania-nogawczyk\/"}]}},"_links":{"self":[{"href":"https:\/\/jp2doc.pl\/it\/wp-json\/wp\/v2\/posts\/1506","targetHints":{"allow":["GET"]}}],"collection":[{"href":"https:\/\/jp2doc.pl\/it\/wp-json\/wp\/v2\/posts"}],"about":[{"href":"https:\/\/jp2doc.pl\/it\/wp-json\/wp\/v2\/types\/post"}],"author":[{"embeddable":true,"href":"https:\/\/jp2doc.pl\/it\/wp-json\/wp\/v2\/users\/3"}],"replies":[{"embeddable":true,"href":"https:\/\/jp2doc.pl\/it\/wp-json\/wp\/v2\/comments?post=1506"}],"version-history":[{"count":1,"href":"https:\/\/jp2doc.pl\/it\/wp-json\/wp\/v2\/posts\/1506\/revisions"}],"predecessor-version":[{"id":1520,"href":"https:\/\/jp2doc.pl\/it\/wp-json\/wp\/v2\/posts\/1506\/revisions\/1520"}],"wp:attachment":[{"href":"https:\/\/jp2doc.pl\/it\/wp-json\/wp\/v2\/media?parent=1506"}],"wp:term":[{"taxonomy":"category","embeddable":true,"href":"https:\/\/jp2doc.pl\/it\/wp-json\/wp\/v2\/categories?post=1506"},{"taxonomy":"post_tag","embeddable":true,"href":"https:\/\/jp2doc.pl\/it\/wp-json\/wp\/v2\/tags?post=1506"}],"curies":[{"name":"wp","href":"https:\/\/api.w.org\/{rel}","templated":true}]}}