{"id":1539,"date":"2013-05-08T13:54:14","date_gmt":"2013-05-08T11:54:14","guid":{"rendered":"http:\/\/jp2doc.pl\/it\/?p=1539"},"modified":"2017-04-14T13:56:05","modified_gmt":"2017-04-14T11:56:05","slug":"er-conoscere-la-chiesa","status":"publish","type":"post","link":"https:\/\/jp2doc.pl\/it\/2013\/05\/08\/er-conoscere-la-chiesa\/","title":{"rendered":"er conoscere la Chiesa"},"content":{"rendered":"<p>&#8220;La Chiesa conosce se stessa sempre meglio&#8221; &#8211; con tale motto domenica (5 maggio c.a.) nell&#8217;aula presso la chiesa di Santo Stanislao Vescovo e Martire si \u00e8 svolto un altro incontro del ciclo &#8220;Il Concilio Vaticano II come bussola della nuova evangelizzazione&#8221;. Il ciclo, organizzato dal Centro di Documentazione e Studio del Pontificato e dalla Pastorale dei Polacchi nella Citt\u00e0 Eterna, \u00e8 strutturato in forma di lezioni di divulgazione tenute dal prof. padre Zdzis\u0142aw Kijas OFM Conv. e dal dott. don Andrzej Dobrzy\u0144ski. L&#8217;incontro era dedicato a spiegare l&#8217;importanza e il contenuto della Costituzione dogmatica sulla Chiesa &#8220;Lumen Gentium&#8221;.<a href=\"http:\/\/jp2doc.pl\/it\/wp-content\/uploads\/sites\/3\/2017\/04\/518a0a0053e9fundefined.jpg\"><img loading=\"lazy\" decoding=\"async\" width=\"560\" height=\"527\" class=\"aligncenter wp-image-1541 size-full\" src=\"http:\/\/jp2doc.pl\/it\/wp-content\/uploads\/sites\/3\/2017\/04\/518a0a0053e9fundefined.jpg\" alt=\"\" \/><\/a><\/p>\n<p>La prima parte ha avuto una natura introduttiva in cui padre Kijas ha presentato il contesto storico dell&#8217;indizione del Concilio. Nel descrivere la situazione della Chiesa verso la fine del XIX secolo ha fatto notare l&#8217;anticlericalismo e il liberalismo in fase di sviluppo che hanno formato la condotta di molte persone e nel contempo il nascente cattolicesimo sociale, l&#8217;attivit\u00e0 apostolica crescente dei laici. Nel 1922 \u00e8 stata creata l&#8217;Azione Cattolica, sono sorti anche i sindacati e i movimenti popolari che attingevano all&#8217;insegnamento sociale della Chiesa. Il relatore ha sottolineato anche i cambiamenti che hanno avuto luogo in quel periodo sul piano teologico che esprimevano il ritorno alle fonti della fede: al Vangelo, ai Padri della Chiesa. Il ritorno alle fonti della fede ha dato inizio al sorgere dei movimenti di rinnovamento liturgico, biblico ed ecclesiologico, al movimento ecumenico e missionario come pure al rinnovamento della devozione popolare.<\/p>\n<p>Secondo il parere di padre Kijas hanno avuto significato rilevante le tre importanti encicliche proclamate da Pio XII: &#8220;Divino afflante spiritu&#8221; (1943) sull&#8217;esegesi biblica, nello stesso anno &#8220;Mystici Corporis&#8221; sulla Chiesa e &#8220;Mediator Dei&#8221; sulla liturgia (1947). Nell&#8217;enciclica sulla Chiesa il Papa ha fatto notare la vita interiore della Chiesa che non \u00e8 soltanto un&#8217;organizzazione terrena ma un organismo vivo, il Corpo di Cristo. Il Padre Professore ha anche richiamato l&#8217;attenzione sul fatto che nella prima met\u00e0 del XX secolo, insieme all&#8217;emigrazione intensa della popolazione, \u00e8 nata la necessit\u00e0 di riflettere il carattere della Chiesa &#8220;globale&#8221; affinch\u00e9 non sia associata solamente alla civilt\u00e0 europea. Il relatore ha anche ricordato che Pio XI e Pio XII pensarono di indire un concilio per terminare il Concilio Vaticano I che fu interrotto dalla guerra nel 1870 e per rispondere alle esigenze pastorali nascenti del XX secolo.<a href=\"http:\/\/jp2doc.pl\/it\/wp-content\/uploads\/sites\/3\/2017\/04\/518a0a56ee951undefined.jpg\"><img loading=\"lazy\" decoding=\"async\" width=\"560\" height=\"426\" class=\"aligncenter wp-image-1540 size-full\" src=\"http:\/\/jp2doc.pl\/it\/wp-content\/uploads\/sites\/3\/2017\/04\/518a0a56ee951undefined.jpg\" alt=\"\" \/><\/a><\/p>\n<p>Nella seconda parte dell&#8217;incontro don Andrzej Dobrzy\u0144ski ha presentato la storia della redazione della costituzione &#8220;Lumen Gentium&#8221;. Ha anche richiamato l&#8217;attenzione sui primi due capitoli che mostrano le linee principali del magistero conciliare sulla Chiesa. Nel capitolo intitolato &#8220;Il mistero della Chiesa&#8221; \u00e8 stato sottolineato il suo radicamento in Dio. La Chiesa \u00e8 radicata nella Santissima Trinit\u00e0, &#8220;Ecclesia de Trinitate&#8221;. Il capitolo II, &#8220;Il popolo di Dio&#8221;, indica la dimensione storico-sociale della Chiesa, il legame dell&#8217;ecclesiologia con l&#8217;antropologia, la responsabilit\u00e0 dei fedeli, del clero e dei laici per la Chiesa e per se stessi reciprocamente, per l&#8217;opera della redenzione del mondo. Il relatore ha parlato dei pericoli che la Chiesa sia ridotta soltanto allo strato sociologico, allo scorgere la sua attivit\u00e0 in termini politici, ad esempio mediante la &#8220;democratizzazione&#8221; della vita nella Chiesa o la subordinazione del suo insegnamento alle statistiche. Ha ricordato anche il Sinodo Straordinario dei Vescovi convocato nel 1985 che ha indicato che la definizione pi\u00f9 sintetica della Chiesa \u00e8 rappresentata dal concetto di &#8220;communio&#8221; che \u00e8 implicitamente racchiuso nel magistero del Concilio. Giovanni Paolo II nella sua Lettera apostolica \u201eNovo millennio ineunte\u201d ha fatto notare la necessit\u00e0 di sviluppare la &#8220;spiritualit\u00e0 della comunione&#8221; che \u00e8 la capacit\u00e0 di accomunamento delle questioni di Dio con le questioni umane, di approfondimento dei contatti con Dio e con il prossimo.<\/p>\n<p>Al termine dell&#8217;incontro si \u00e8 sviluppata la discussione riguardante la tensione esistente tra la visione conciliare della Chiesa, il mondo &#8220;virtuale&#8221; contemporaneo e le nuove possibilit\u00e0 di comunicazione che cambiano le relazioni tra le persone, portano il pericolo di &#8220;alienazione dell&#8217;uomo dalla realt\u00e0&#8221;. Nella risposta \u00e8 stato evidenziato che i contenuti conciliari continuano a rimanere attuali. Esiste nell&#8217;uomo la necessit\u00e0 profonda di sperimentare la comunit\u00e0, la fratellanza, l&#8217;amore. La Chiesa che costituisce tale &#8220;communio&#8221; \u00e8 la risposta a questa necessit\u00e0 mostrando che le nostre relazioni interpersonali devono essere radicate in Cristo ossia devono essere soggette al giudizio morale, servire allo sviluppo integrale ed infine alla propria salvezza ed a quella degli altri.<\/p>\n","protected":false},"excerpt":{"rendered":"<p>Il ciclo conciliare<\/p>\n","protected":false},"author":2,"featured_media":0,"comment_status":"open","ping_status":"open","sticky":false,"template":"","format":"standard","meta":{"_acf_changed":false,"_exactmetrics_skip_tracking":false,"_exactmetrics_sitenote_active":false,"_exactmetrics_sitenote_note":"","_exactmetrics_sitenote_category":0,"footnotes":""},"categories":[2],"tags":[],"class_list":["post-1539","post","type-post","status-publish","format-standard","hentry","category-articoli"],"acf":[],"yoast_head":"<!-- This site is optimized with the Yoast SEO plugin v26.2 - https:\/\/yoast.com\/wordpress\/plugins\/seo\/ -->\n<title>er conoscere la Chiesa - Centro di Documentazione e Studio del Pontificato di Giovanni Paolo II a Roma<\/title>\n<meta name=\"robots\" content=\"index, follow, max-snippet:-1, max-image-preview:large, max-video-preview:-1\" \/>\n<link rel=\"canonical\" href=\"https:\/\/jp2doc.pl\/it\/2013\/05\/08\/er-conoscere-la-chiesa\/\" \/>\n<meta property=\"og:locale\" content=\"it_IT\" \/>\n<meta property=\"og:type\" content=\"article\" \/>\n<meta property=\"og:title\" content=\"er conoscere la Chiesa - Centro di Documentazione e Studio del Pontificato di Giovanni Paolo II a Roma\" \/>\n<meta property=\"og:description\" content=\"Il ciclo conciliare\" \/>\n<meta property=\"og:url\" content=\"https:\/\/jp2doc.pl\/it\/2013\/05\/08\/er-conoscere-la-chiesa\/\" \/>\n<meta property=\"og:site_name\" content=\"Centro di Documentazione e Studio del Pontificato di Giovanni Paolo II a Roma\" \/>\n<meta property=\"article:published_time\" content=\"2013-05-08T11:54:14+00:00\" \/>\n<meta property=\"article:modified_time\" content=\"2017-04-14T11:56:05+00:00\" \/>\n<meta property=\"og:image\" content=\"http:\/\/jp2doc.pl\/it\/wp-content\/uploads\/sites\/3\/2017\/04\/518a0a0053e9fundefined.jpg\" \/>\n<meta name=\"author\" content=\"Anna Rudzicka\" \/>\n<meta name=\"twitter:card\" content=\"summary_large_image\" \/>\n<meta name=\"twitter:label1\" content=\"Scritto da\" \/>\n\t<meta name=\"twitter:data1\" content=\"Anna Rudzicka\" \/>\n\t<meta name=\"twitter:label2\" content=\"Tempo di lettura stimato\" \/>\n\t<meta name=\"twitter:data2\" content=\"4 minuti\" \/>\n<script type=\"application\/ld+json\" class=\"yoast-schema-graph\">{\"@context\":\"https:\/\/schema.org\",\"@graph\":[{\"@type\":\"Article\",\"@id\":\"https:\/\/jp2doc.pl\/it\/2013\/05\/08\/er-conoscere-la-chiesa\/#article\",\"isPartOf\":{\"@id\":\"https:\/\/jp2doc.pl\/it\/2013\/05\/08\/er-conoscere-la-chiesa\/\"},\"author\":{\"name\":\"Anna Rudzicka\",\"@id\":\"https:\/\/jp2doc.pl\/it\/#\/schema\/person\/bdb6226d49bc071fa63fbcdc7c8018ea\"},\"headline\":\"er conoscere la Chiesa\",\"datePublished\":\"2013-05-08T11:54:14+00:00\",\"dateModified\":\"2017-04-14T11:56:05+00:00\",\"mainEntityOfPage\":{\"@id\":\"https:\/\/jp2doc.pl\/it\/2013\/05\/08\/er-conoscere-la-chiesa\/\"},\"wordCount\":733,\"commentCount\":0,\"publisher\":{\"@id\":\"https:\/\/jp2doc.pl\/it\/#organization\"},\"image\":{\"@id\":\"https:\/\/jp2doc.pl\/it\/2013\/05\/08\/er-conoscere-la-chiesa\/#primaryimage\"},\"thumbnailUrl\":\"http:\/\/jp2doc.pl\/it\/wp-content\/uploads\/sites\/3\/2017\/04\/518a0a0053e9fundefined.jpg\",\"articleSection\":[\"Articoli\"],\"inLanguage\":\"it-IT\",\"potentialAction\":[{\"@type\":\"CommentAction\",\"name\":\"Comment\",\"target\":[\"https:\/\/jp2doc.pl\/it\/2013\/05\/08\/er-conoscere-la-chiesa\/#respond\"]}]},{\"@type\":\"WebPage\",\"@id\":\"https:\/\/jp2doc.pl\/it\/2013\/05\/08\/er-conoscere-la-chiesa\/\",\"url\":\"https:\/\/jp2doc.pl\/it\/2013\/05\/08\/er-conoscere-la-chiesa\/\",\"name\":\"er conoscere la Chiesa - Centro di Documentazione e Studio del Pontificato di Giovanni Paolo II a Roma\",\"isPartOf\":{\"@id\":\"https:\/\/jp2doc.pl\/it\/#website\"},\"primaryImageOfPage\":{\"@id\":\"https:\/\/jp2doc.pl\/it\/2013\/05\/08\/er-conoscere-la-chiesa\/#primaryimage\"},\"image\":{\"@id\":\"https:\/\/jp2doc.pl\/it\/2013\/05\/08\/er-conoscere-la-chiesa\/#primaryimage\"},\"thumbnailUrl\":\"http:\/\/jp2doc.pl\/it\/wp-content\/uploads\/sites\/3\/2017\/04\/518a0a0053e9fundefined.jpg\",\"datePublished\":\"2013-05-08T11:54:14+00:00\",\"dateModified\":\"2017-04-14T11:56:05+00:00\",\"breadcrumb\":{\"@id\":\"https:\/\/jp2doc.pl\/it\/2013\/05\/08\/er-conoscere-la-chiesa\/#breadcrumb\"},\"inLanguage\":\"it-IT\",\"potentialAction\":[{\"@type\":\"ReadAction\",\"target\":[\"https:\/\/jp2doc.pl\/it\/2013\/05\/08\/er-conoscere-la-chiesa\/\"]}]},{\"@type\":\"ImageObject\",\"inLanguage\":\"it-IT\",\"@id\":\"https:\/\/jp2doc.pl\/it\/2013\/05\/08\/er-conoscere-la-chiesa\/#primaryimage\",\"url\":\"http:\/\/jp2doc.pl\/it\/wp-content\/uploads\/sites\/3\/2017\/04\/518a0a0053e9fundefined.jpg\",\"contentUrl\":\"http:\/\/jp2doc.pl\/it\/wp-content\/uploads\/sites\/3\/2017\/04\/518a0a0053e9fundefined.jpg\"},{\"@type\":\"BreadcrumbList\",\"@id\":\"https:\/\/jp2doc.pl\/it\/2013\/05\/08\/er-conoscere-la-chiesa\/#breadcrumb\",\"itemListElement\":[{\"@type\":\"ListItem\",\"position\":1,\"name\":\"Home\",\"item\":\"https:\/\/jp2doc.pl\/it\/\"},{\"@type\":\"ListItem\",\"position\":2,\"name\":\"er conoscere la Chiesa\"}]},{\"@type\":\"WebSite\",\"@id\":\"https:\/\/jp2doc.pl\/it\/#website\",\"url\":\"https:\/\/jp2doc.pl\/it\/\",\"name\":\"Centro di Documentazione e Studio del Pontificato di Giovanni Paolo II a Roma\",\"description\":\"\",\"publisher\":{\"@id\":\"https:\/\/jp2doc.pl\/it\/#organization\"},\"potentialAction\":[{\"@type\":\"SearchAction\",\"target\":{\"@type\":\"EntryPoint\",\"urlTemplate\":\"https:\/\/jp2doc.pl\/it\/?s={search_term_string}\"},\"query-input\":{\"@type\":\"PropertyValueSpecification\",\"valueRequired\":true,\"valueName\":\"search_term_string\"}}],\"inLanguage\":\"it-IT\"},{\"@type\":\"Organization\",\"@id\":\"https:\/\/jp2doc.pl\/it\/#organization\",\"name\":\"Centro di Documentazione e Studio del Pontificato di Giovanni Paolo II a Roma\",\"url\":\"https:\/\/jp2doc.pl\/it\/\",\"logo\":{\"@type\":\"ImageObject\",\"inLanguage\":\"it-IT\",\"@id\":\"https:\/\/jp2doc.pl\/it\/#\/schema\/logo\/image\/\",\"url\":\"https:\/\/jp2doc.pl\/it\/wp-content\/uploads\/sites\/3\/2017\/03\/cropped-logo.png\",\"contentUrl\":\"https:\/\/jp2doc.pl\/it\/wp-content\/uploads\/sites\/3\/2017\/03\/cropped-logo.png\",\"width\":115,\"height\":115,\"caption\":\"Centro di Documentazione e Studio del Pontificato di Giovanni Paolo II a Roma\"},\"image\":{\"@id\":\"https:\/\/jp2doc.pl\/it\/#\/schema\/logo\/image\/\"}},{\"@type\":\"Person\",\"@id\":\"https:\/\/jp2doc.pl\/it\/#\/schema\/person\/bdb6226d49bc071fa63fbcdc7c8018ea\",\"name\":\"Anna Rudzicka\",\"image\":{\"@type\":\"ImageObject\",\"inLanguage\":\"it-IT\",\"@id\":\"https:\/\/jp2doc.pl\/it\/#\/schema\/person\/image\/\",\"url\":\"https:\/\/secure.gravatar.com\/avatar\/3ec0a7913913c54ed56083375aea7afda203c4bb047ff7e8a0c2776876a5341e?s=96&d=mm&r=g\",\"contentUrl\":\"https:\/\/secure.gravatar.com\/avatar\/3ec0a7913913c54ed56083375aea7afda203c4bb047ff7e8a0c2776876a5341e?s=96&d=mm&r=g\",\"caption\":\"Anna Rudzicka\"},\"url\":\"https:\/\/jp2doc.pl\/it\/author\/ania\/\"}]}<\/script>\n<!-- \/ Yoast SEO plugin. -->","yoast_head_json":{"title":"er conoscere la Chiesa - Centro di Documentazione e Studio del Pontificato di Giovanni Paolo II a Roma","robots":{"index":"index","follow":"follow","max-snippet":"max-snippet:-1","max-image-preview":"max-image-preview:large","max-video-preview":"max-video-preview:-1"},"canonical":"https:\/\/jp2doc.pl\/it\/2013\/05\/08\/er-conoscere-la-chiesa\/","og_locale":"it_IT","og_type":"article","og_title":"er conoscere la Chiesa - Centro di Documentazione e Studio del Pontificato di Giovanni Paolo II a Roma","og_description":"Il ciclo conciliare","og_url":"https:\/\/jp2doc.pl\/it\/2013\/05\/08\/er-conoscere-la-chiesa\/","og_site_name":"Centro di Documentazione e Studio del Pontificato di Giovanni Paolo II a Roma","article_published_time":"2013-05-08T11:54:14+00:00","article_modified_time":"2017-04-14T11:56:05+00:00","og_image":[{"url":"http:\/\/jp2doc.pl\/it\/wp-content\/uploads\/sites\/3\/2017\/04\/518a0a0053e9fundefined.jpg","type":"","width":"","height":""}],"author":"Anna Rudzicka","twitter_card":"summary_large_image","twitter_misc":{"Scritto da":"Anna Rudzicka","Tempo di lettura stimato":"4 minuti"},"schema":{"@context":"https:\/\/schema.org","@graph":[{"@type":"Article","@id":"https:\/\/jp2doc.pl\/it\/2013\/05\/08\/er-conoscere-la-chiesa\/#article","isPartOf":{"@id":"https:\/\/jp2doc.pl\/it\/2013\/05\/08\/er-conoscere-la-chiesa\/"},"author":{"name":"Anna Rudzicka","@id":"https:\/\/jp2doc.pl\/it\/#\/schema\/person\/bdb6226d49bc071fa63fbcdc7c8018ea"},"headline":"er conoscere la Chiesa","datePublished":"2013-05-08T11:54:14+00:00","dateModified":"2017-04-14T11:56:05+00:00","mainEntityOfPage":{"@id":"https:\/\/jp2doc.pl\/it\/2013\/05\/08\/er-conoscere-la-chiesa\/"},"wordCount":733,"commentCount":0,"publisher":{"@id":"https:\/\/jp2doc.pl\/it\/#organization"},"image":{"@id":"https:\/\/jp2doc.pl\/it\/2013\/05\/08\/er-conoscere-la-chiesa\/#primaryimage"},"thumbnailUrl":"http:\/\/jp2doc.pl\/it\/wp-content\/uploads\/sites\/3\/2017\/04\/518a0a0053e9fundefined.jpg","articleSection":["Articoli"],"inLanguage":"it-IT","potentialAction":[{"@type":"CommentAction","name":"Comment","target":["https:\/\/jp2doc.pl\/it\/2013\/05\/08\/er-conoscere-la-chiesa\/#respond"]}]},{"@type":"WebPage","@id":"https:\/\/jp2doc.pl\/it\/2013\/05\/08\/er-conoscere-la-chiesa\/","url":"https:\/\/jp2doc.pl\/it\/2013\/05\/08\/er-conoscere-la-chiesa\/","name":"er conoscere la Chiesa - Centro di Documentazione e Studio del Pontificato di Giovanni Paolo II a Roma","isPartOf":{"@id":"https:\/\/jp2doc.pl\/it\/#website"},"primaryImageOfPage":{"@id":"https:\/\/jp2doc.pl\/it\/2013\/05\/08\/er-conoscere-la-chiesa\/#primaryimage"},"image":{"@id":"https:\/\/jp2doc.pl\/it\/2013\/05\/08\/er-conoscere-la-chiesa\/#primaryimage"},"thumbnailUrl":"http:\/\/jp2doc.pl\/it\/wp-content\/uploads\/sites\/3\/2017\/04\/518a0a0053e9fundefined.jpg","datePublished":"2013-05-08T11:54:14+00:00","dateModified":"2017-04-14T11:56:05+00:00","breadcrumb":{"@id":"https:\/\/jp2doc.pl\/it\/2013\/05\/08\/er-conoscere-la-chiesa\/#breadcrumb"},"inLanguage":"it-IT","potentialAction":[{"@type":"ReadAction","target":["https:\/\/jp2doc.pl\/it\/2013\/05\/08\/er-conoscere-la-chiesa\/"]}]},{"@type":"ImageObject","inLanguage":"it-IT","@id":"https:\/\/jp2doc.pl\/it\/2013\/05\/08\/er-conoscere-la-chiesa\/#primaryimage","url":"http:\/\/jp2doc.pl\/it\/wp-content\/uploads\/sites\/3\/2017\/04\/518a0a0053e9fundefined.jpg","contentUrl":"http:\/\/jp2doc.pl\/it\/wp-content\/uploads\/sites\/3\/2017\/04\/518a0a0053e9fundefined.jpg"},{"@type":"BreadcrumbList","@id":"https:\/\/jp2doc.pl\/it\/2013\/05\/08\/er-conoscere-la-chiesa\/#breadcrumb","itemListElement":[{"@type":"ListItem","position":1,"name":"Home","item":"https:\/\/jp2doc.pl\/it\/"},{"@type":"ListItem","position":2,"name":"er conoscere la Chiesa"}]},{"@type":"WebSite","@id":"https:\/\/jp2doc.pl\/it\/#website","url":"https:\/\/jp2doc.pl\/it\/","name":"Centro di Documentazione e Studio del Pontificato di Giovanni Paolo II a Roma","description":"","publisher":{"@id":"https:\/\/jp2doc.pl\/it\/#organization"},"potentialAction":[{"@type":"SearchAction","target":{"@type":"EntryPoint","urlTemplate":"https:\/\/jp2doc.pl\/it\/?s={search_term_string}"},"query-input":{"@type":"PropertyValueSpecification","valueRequired":true,"valueName":"search_term_string"}}],"inLanguage":"it-IT"},{"@type":"Organization","@id":"https:\/\/jp2doc.pl\/it\/#organization","name":"Centro di Documentazione e Studio del Pontificato di Giovanni Paolo II a Roma","url":"https:\/\/jp2doc.pl\/it\/","logo":{"@type":"ImageObject","inLanguage":"it-IT","@id":"https:\/\/jp2doc.pl\/it\/#\/schema\/logo\/image\/","url":"https:\/\/jp2doc.pl\/it\/wp-content\/uploads\/sites\/3\/2017\/03\/cropped-logo.png","contentUrl":"https:\/\/jp2doc.pl\/it\/wp-content\/uploads\/sites\/3\/2017\/03\/cropped-logo.png","width":115,"height":115,"caption":"Centro di Documentazione e Studio del Pontificato di Giovanni Paolo II a Roma"},"image":{"@id":"https:\/\/jp2doc.pl\/it\/#\/schema\/logo\/image\/"}},{"@type":"Person","@id":"https:\/\/jp2doc.pl\/it\/#\/schema\/person\/bdb6226d49bc071fa63fbcdc7c8018ea","name":"Anna Rudzicka","image":{"@type":"ImageObject","inLanguage":"it-IT","@id":"https:\/\/jp2doc.pl\/it\/#\/schema\/person\/image\/","url":"https:\/\/secure.gravatar.com\/avatar\/3ec0a7913913c54ed56083375aea7afda203c4bb047ff7e8a0c2776876a5341e?s=96&d=mm&r=g","contentUrl":"https:\/\/secure.gravatar.com\/avatar\/3ec0a7913913c54ed56083375aea7afda203c4bb047ff7e8a0c2776876a5341e?s=96&d=mm&r=g","caption":"Anna Rudzicka"},"url":"https:\/\/jp2doc.pl\/it\/author\/ania\/"}]}},"_links":{"self":[{"href":"https:\/\/jp2doc.pl\/it\/wp-json\/wp\/v2\/posts\/1539","targetHints":{"allow":["GET"]}}],"collection":[{"href":"https:\/\/jp2doc.pl\/it\/wp-json\/wp\/v2\/posts"}],"about":[{"href":"https:\/\/jp2doc.pl\/it\/wp-json\/wp\/v2\/types\/post"}],"author":[{"embeddable":true,"href":"https:\/\/jp2doc.pl\/it\/wp-json\/wp\/v2\/users\/2"}],"replies":[{"embeddable":true,"href":"https:\/\/jp2doc.pl\/it\/wp-json\/wp\/v2\/comments?post=1539"}],"version-history":[{"count":1,"href":"https:\/\/jp2doc.pl\/it\/wp-json\/wp\/v2\/posts\/1539\/revisions"}],"predecessor-version":[{"id":1542,"href":"https:\/\/jp2doc.pl\/it\/wp-json\/wp\/v2\/posts\/1539\/revisions\/1542"}],"wp:attachment":[{"href":"https:\/\/jp2doc.pl\/it\/wp-json\/wp\/v2\/media?parent=1539"}],"wp:term":[{"taxonomy":"category","embeddable":true,"href":"https:\/\/jp2doc.pl\/it\/wp-json\/wp\/v2\/categories?post=1539"},{"taxonomy":"post_tag","embeddable":true,"href":"https:\/\/jp2doc.pl\/it\/wp-json\/wp\/v2\/tags?post=1539"}],"curies":[{"name":"wp","href":"https:\/\/api.w.org\/{rel}","templated":true}]}}