{"id":1635,"date":"2017-05-05T11:23:11","date_gmt":"2017-05-05T09:23:11","guid":{"rendered":"http:\/\/jp2doc.pl\/it\/?p=1635"},"modified":"2017-05-30T09:35:08","modified_gmt":"2017-05-30T07:35:08","slug":"gesu-si-avvicino-e-camminava-con-loro","status":"publish","type":"post","link":"https:\/\/jp2doc.pl\/it\/2017\/05\/05\/gesu-si-avvicino-e-camminava-con-loro\/","title":{"rendered":"&#8220;Ges\u00f9 si avvicin\u00f2 e camminava con loro&#8221;"},"content":{"rendered":"<p><em>Rif.: At 2,14a.22-33; Sal 15,1-2.7-11; 1Pt 1,17-21; Lc 24,13-35<\/em><\/p>\n<p>Siamo ancora nel giorno di Pasqua e le Letture si soffermano sul grande mistero che abbiamo vissuto e stiamo vivendo, da esso nasce la Chiesa che, nata in questo mondo, non \u00e8 fatta per rimanere qui, ma per guidarci in quella dimensione ultraterrena che appartiene a Dio, alla sua gloria, alla sua misericordia. La Chiesa \u00e8 quindi \u201cpellegrina\u201d e \u201cstranieri e pellegrini\u201d sono i suoi figli, come afferma s. Pietro, ma il cristiano sa anche che il suo cammino non \u00e8 un vagare, ma un dirigersi verso una meta, verso un incontro non lontano che avviene gi\u00e0 ora, quando meno ce lo aspettiamo, come accade ai discepoli di Emmaus, ai quali Ges\u00f9 si affianca e con loro cammina senza che essi se ne accorgano. E il lungo, bellissimo racconto evangelico ci dice che il cristiano non \u00e8 un pellegrino solitario, ma che nei momenti di dubbio e di scoraggiamento si trova a parlare con Cristo senza nemmeno comprendere che Egli si \u00e8 affiancato a lui per condividere il buio della sera che incombe. Quando ci sentiamo soli, quando non lo riconosciamo, Dio \u00e8 con noi, ci accompagna e ci sostiene, ci richiama ad una Parola che riscalda il cuore e illumina la mente. Essa ci dice che le sofferenze di Cristo non sono state vane, che la sua morte \u00e8 stata vinta dalla Risurrezione (I lett), che la sua presenza continua ad accompagnare il cammino di ogni uomo.<\/p>\n<p>\u201cResta con noi, ed Egli entr\u00f2 per rimanere con loro\u201d. Il cammino di Ges\u00f9 si ferma nel cuore dell&#8217;uomo, Egli \u00e8 venuto per \u201crimanere\u201d con noi, con ciascuno di noi, anzi si ferma ad attendere il nostro invito: \u201cEcco: sto alla porta e busso&#8230;\u201d (Ap 3, 20), questo il suo desiderio, ma perch\u00e9 l&#8217;incontro si realizzi \u00e8 necessario che al desiderio di Cristo corrisponda il desiderio dell&#8217;uomo che invoca: \u201cResta&#8230;, resta con noi, perch\u00e9 si fa sera e il giorno \u00e8 ormai al tramonto\u201d.<\/p>\n<p style=\"text-align: left;\">Il viandante sconosciuto viene riconosciuto nel momento in cui spezza il pane e lo dona, poich\u00e9 quel gesto \u00e8 proprio di Cristo, di Colui che ha spezzato il proprio corpo e lo ha donato per noi, \u00e8 il gesto eucaristico per eccellenza, ed \u00e8 in quel momento che la presenza visibile di Ges\u00f9 non \u00e8 pi\u00f9 necessaria. E&#8217; il momento della fede, non c&#8217;\u00e8 pi\u00f9 bisogno di \u201cvedere\u201d, ma di \u201ccredere\u201d. Finito il tempo della missione terrena di Cristo, inizia il tempo della sua presenza spirituale, lo vedranno solo coloro che credono, lo toccheranno solo coloro che sperano, lo incontreranno quelli che lo attendono e gli vanno incontro accogliendolo con \u201cResta con noi, Signore!\u201d<br \/>\nCon i discepoli di Emmaus, da quel momento, tutti siamo chiamati a sentire Ges\u00f9 accanto a noi nella sua Parola, a riconoscere la sua Presenza viva e reale nell\u2019Eucaristia, a camminare \u201ccome stranieri\u201d (v. II lett.) in un mondo che non ci appartiene pi\u00f9 poich\u00e9 il Signore \u00e8 venuto ad aprirci ed indicarci una nuova meta.<br \/>\nVivo e vitale appare ancora oggi l\u2019annuncio di Pietro nel giorno di Pentecoste, il suo \u00e8 il perenne annuncio della Chiesa, perch\u00e9 ieri, oggi e sempre la Risurrezione ha fatto irruzione nella morte distruggendola, e il tempo dell\u2019uomo \u00e8 entrato a far parte del tempo eterno di Dio!<\/p>\n<p style=\"text-align: right;\"><strong>LR<\/strong><\/p>\n","protected":false},"excerpt":{"rendered":"<p>III Domenica di Pasqua<\/p>\n","protected":false},"author":5,"featured_media":1636,"comment_status":"open","ping_status":"open","sticky":false,"template":"","format":"standard","meta":{"_acf_changed":false,"_exactmetrics_skip_tracking":false,"_exactmetrics_sitenote_active":false,"_exactmetrics_sitenote_note":"","_exactmetrics_sitenote_category":0,"footnotes":""},"categories":[4],"tags":[],"class_list":["post-1635","post","type-post","status-publish","format-standard","has-post-thumbnail","hentry","category-blog"],"acf":[],"yoast_head":"<!-- This site is optimized with the Yoast SEO plugin v26.2 - https:\/\/yoast.com\/wordpress\/plugins\/seo\/ -->\n<title>&quot;Ges\u00f9 si avvicin\u00f2 e camminava con loro&quot; - Centro di Documentazione e Studio del Pontificato di Giovanni Paolo II a Roma<\/title>\n<meta name=\"robots\" content=\"index, follow, max-snippet:-1, max-image-preview:large, max-video-preview:-1\" \/>\n<link rel=\"canonical\" href=\"https:\/\/jp2doc.pl\/it\/2017\/05\/05\/gesu-si-avvicino-e-camminava-con-loro\/\" \/>\n<meta property=\"og:locale\" content=\"it_IT\" \/>\n<meta property=\"og:type\" content=\"article\" \/>\n<meta property=\"og:title\" content=\"&quot;Ges\u00f9 si avvicin\u00f2 e camminava con loro&quot; - Centro di Documentazione e Studio del Pontificato di Giovanni Paolo II a Roma\" \/>\n<meta property=\"og:description\" content=\"III Domenica di Pasqua\" \/>\n<meta property=\"og:url\" content=\"https:\/\/jp2doc.pl\/it\/2017\/05\/05\/gesu-si-avvicino-e-camminava-con-loro\/\" \/>\n<meta property=\"og:site_name\" content=\"Centro di Documentazione e Studio del Pontificato di Giovanni Paolo II a Roma\" \/>\n<meta property=\"article:published_time\" content=\"2017-05-05T09:23:11+00:00\" \/>\n<meta property=\"article:modified_time\" content=\"2017-05-30T07:35:08+00:00\" \/>\n<meta property=\"og:image\" content=\"https:\/\/jp2doc.pl\/it\/wp-content\/uploads\/sites\/3\/2017\/05\/nature-941214_1920.jpg\" \/>\n\t<meta property=\"og:image:width\" content=\"1920\" \/>\n\t<meta property=\"og:image:height\" content=\"824\" \/>\n\t<meta property=\"og:image:type\" content=\"image\/jpeg\" \/>\n<meta name=\"author\" content=\"juliasercanka\" \/>\n<meta name=\"twitter:card\" content=\"summary_large_image\" \/>\n<meta name=\"twitter:label1\" content=\"Scritto da\" \/>\n\t<meta name=\"twitter:data1\" content=\"juliasercanka\" \/>\n\t<meta name=\"twitter:label2\" content=\"Tempo di lettura stimato\" \/>\n\t<meta name=\"twitter:data2\" content=\"3 minuti\" \/>\n<script type=\"application\/ld+json\" class=\"yoast-schema-graph\">{\"@context\":\"https:\/\/schema.org\",\"@graph\":[{\"@type\":\"Article\",\"@id\":\"https:\/\/jp2doc.pl\/it\/2017\/05\/05\/gesu-si-avvicino-e-camminava-con-loro\/#article\",\"isPartOf\":{\"@id\":\"https:\/\/jp2doc.pl\/it\/2017\/05\/05\/gesu-si-avvicino-e-camminava-con-loro\/\"},\"author\":{\"name\":\"juliasercanka\",\"@id\":\"https:\/\/jp2doc.pl\/it\/#\/schema\/person\/6110109e80abb51f6fac4824777eabfe\"},\"headline\":\"&#8220;Ges\u00f9 si avvicin\u00f2 e camminava con loro&#8221;\",\"datePublished\":\"2017-05-05T09:23:11+00:00\",\"dateModified\":\"2017-05-30T07:35:08+00:00\",\"mainEntityOfPage\":{\"@id\":\"https:\/\/jp2doc.pl\/it\/2017\/05\/05\/gesu-si-avvicino-e-camminava-con-loro\/\"},\"wordCount\":546,\"commentCount\":0,\"publisher\":{\"@id\":\"https:\/\/jp2doc.pl\/it\/#organization\"},\"image\":{\"@id\":\"https:\/\/jp2doc.pl\/it\/2017\/05\/05\/gesu-si-avvicino-e-camminava-con-loro\/#primaryimage\"},\"thumbnailUrl\":\"https:\/\/jp2doc.pl\/it\/wp-content\/uploads\/sites\/3\/2017\/05\/nature-941214_1920.jpg\",\"articleSection\":[\"Blog\"],\"inLanguage\":\"it-IT\",\"potentialAction\":[{\"@type\":\"CommentAction\",\"name\":\"Comment\",\"target\":[\"https:\/\/jp2doc.pl\/it\/2017\/05\/05\/gesu-si-avvicino-e-camminava-con-loro\/#respond\"]}]},{\"@type\":\"WebPage\",\"@id\":\"https:\/\/jp2doc.pl\/it\/2017\/05\/05\/gesu-si-avvicino-e-camminava-con-loro\/\",\"url\":\"https:\/\/jp2doc.pl\/it\/2017\/05\/05\/gesu-si-avvicino-e-camminava-con-loro\/\",\"name\":\"\\\"Ges\u00f9 si avvicin\u00f2 e camminava con loro\\\" - Centro di Documentazione e Studio del Pontificato di Giovanni Paolo II a Roma\",\"isPartOf\":{\"@id\":\"https:\/\/jp2doc.pl\/it\/#website\"},\"primaryImageOfPage\":{\"@id\":\"https:\/\/jp2doc.pl\/it\/2017\/05\/05\/gesu-si-avvicino-e-camminava-con-loro\/#primaryimage\"},\"image\":{\"@id\":\"https:\/\/jp2doc.pl\/it\/2017\/05\/05\/gesu-si-avvicino-e-camminava-con-loro\/#primaryimage\"},\"thumbnailUrl\":\"https:\/\/jp2doc.pl\/it\/wp-content\/uploads\/sites\/3\/2017\/05\/nature-941214_1920.jpg\",\"datePublished\":\"2017-05-05T09:23:11+00:00\",\"dateModified\":\"2017-05-30T07:35:08+00:00\",\"breadcrumb\":{\"@id\":\"https:\/\/jp2doc.pl\/it\/2017\/05\/05\/gesu-si-avvicino-e-camminava-con-loro\/#breadcrumb\"},\"inLanguage\":\"it-IT\",\"potentialAction\":[{\"@type\":\"ReadAction\",\"target\":[\"https:\/\/jp2doc.pl\/it\/2017\/05\/05\/gesu-si-avvicino-e-camminava-con-loro\/\"]}]},{\"@type\":\"ImageObject\",\"inLanguage\":\"it-IT\",\"@id\":\"https:\/\/jp2doc.pl\/it\/2017\/05\/05\/gesu-si-avvicino-e-camminava-con-loro\/#primaryimage\",\"url\":\"https:\/\/jp2doc.pl\/it\/wp-content\/uploads\/sites\/3\/2017\/05\/nature-941214_1920.jpg\",\"contentUrl\":\"https:\/\/jp2doc.pl\/it\/wp-content\/uploads\/sites\/3\/2017\/05\/nature-941214_1920.jpg\",\"width\":1920,\"height\":824},{\"@type\":\"BreadcrumbList\",\"@id\":\"https:\/\/jp2doc.pl\/it\/2017\/05\/05\/gesu-si-avvicino-e-camminava-con-loro\/#breadcrumb\",\"itemListElement\":[{\"@type\":\"ListItem\",\"position\":1,\"name\":\"Home\",\"item\":\"https:\/\/jp2doc.pl\/it\/\"},{\"@type\":\"ListItem\",\"position\":2,\"name\":\"&#8220;Ges\u00f9 si avvicin\u00f2 e camminava con loro&#8221;\"}]},{\"@type\":\"WebSite\",\"@id\":\"https:\/\/jp2doc.pl\/it\/#website\",\"url\":\"https:\/\/jp2doc.pl\/it\/\",\"name\":\"Centro di Documentazione e Studio del Pontificato di Giovanni Paolo II a Roma\",\"description\":\"\",\"publisher\":{\"@id\":\"https:\/\/jp2doc.pl\/it\/#organization\"},\"potentialAction\":[{\"@type\":\"SearchAction\",\"target\":{\"@type\":\"EntryPoint\",\"urlTemplate\":\"https:\/\/jp2doc.pl\/it\/?s={search_term_string}\"},\"query-input\":{\"@type\":\"PropertyValueSpecification\",\"valueRequired\":true,\"valueName\":\"search_term_string\"}}],\"inLanguage\":\"it-IT\"},{\"@type\":\"Organization\",\"@id\":\"https:\/\/jp2doc.pl\/it\/#organization\",\"name\":\"Centro di Documentazione e Studio del Pontificato di Giovanni Paolo II a Roma\",\"url\":\"https:\/\/jp2doc.pl\/it\/\",\"logo\":{\"@type\":\"ImageObject\",\"inLanguage\":\"it-IT\",\"@id\":\"https:\/\/jp2doc.pl\/it\/#\/schema\/logo\/image\/\",\"url\":\"https:\/\/jp2doc.pl\/it\/wp-content\/uploads\/sites\/3\/2017\/03\/cropped-logo.png\",\"contentUrl\":\"https:\/\/jp2doc.pl\/it\/wp-content\/uploads\/sites\/3\/2017\/03\/cropped-logo.png\",\"width\":115,\"height\":115,\"caption\":\"Centro di Documentazione e Studio del Pontificato di Giovanni Paolo II a Roma\"},\"image\":{\"@id\":\"https:\/\/jp2doc.pl\/it\/#\/schema\/logo\/image\/\"}},{\"@type\":\"Person\",\"@id\":\"https:\/\/jp2doc.pl\/it\/#\/schema\/person\/6110109e80abb51f6fac4824777eabfe\",\"name\":\"juliasercanka\",\"image\":{\"@type\":\"ImageObject\",\"inLanguage\":\"it-IT\",\"@id\":\"https:\/\/jp2doc.pl\/it\/#\/schema\/person\/image\/\",\"url\":\"https:\/\/secure.gravatar.com\/avatar\/266a66e864556e22d55d61b6b10c97fab9060767b738564bcd109f3997e372bc?s=96&d=mm&r=g\",\"contentUrl\":\"https:\/\/secure.gravatar.com\/avatar\/266a66e864556e22d55d61b6b10c97fab9060767b738564bcd109f3997e372bc?s=96&d=mm&r=g\",\"caption\":\"juliasercanka\"},\"url\":\"https:\/\/jp2doc.pl\/it\/author\/juliasercanka\/\"}]}<\/script>\n<!-- \/ Yoast SEO plugin. -->","yoast_head_json":{"title":"\"Ges\u00f9 si avvicin\u00f2 e camminava con loro\" - Centro di Documentazione e Studio del Pontificato di Giovanni Paolo II a Roma","robots":{"index":"index","follow":"follow","max-snippet":"max-snippet:-1","max-image-preview":"max-image-preview:large","max-video-preview":"max-video-preview:-1"},"canonical":"https:\/\/jp2doc.pl\/it\/2017\/05\/05\/gesu-si-avvicino-e-camminava-con-loro\/","og_locale":"it_IT","og_type":"article","og_title":"\"Ges\u00f9 si avvicin\u00f2 e camminava con loro\" - Centro di Documentazione e Studio del Pontificato di Giovanni Paolo II a Roma","og_description":"III Domenica di Pasqua","og_url":"https:\/\/jp2doc.pl\/it\/2017\/05\/05\/gesu-si-avvicino-e-camminava-con-loro\/","og_site_name":"Centro di Documentazione e Studio del Pontificato di Giovanni Paolo II a Roma","article_published_time":"2017-05-05T09:23:11+00:00","article_modified_time":"2017-05-30T07:35:08+00:00","og_image":[{"width":1920,"height":824,"url":"https:\/\/jp2doc.pl\/it\/wp-content\/uploads\/sites\/3\/2017\/05\/nature-941214_1920.jpg","type":"image\/jpeg"}],"author":"juliasercanka","twitter_card":"summary_large_image","twitter_misc":{"Scritto da":"juliasercanka","Tempo di lettura stimato":"3 minuti"},"schema":{"@context":"https:\/\/schema.org","@graph":[{"@type":"Article","@id":"https:\/\/jp2doc.pl\/it\/2017\/05\/05\/gesu-si-avvicino-e-camminava-con-loro\/#article","isPartOf":{"@id":"https:\/\/jp2doc.pl\/it\/2017\/05\/05\/gesu-si-avvicino-e-camminava-con-loro\/"},"author":{"name":"juliasercanka","@id":"https:\/\/jp2doc.pl\/it\/#\/schema\/person\/6110109e80abb51f6fac4824777eabfe"},"headline":"&#8220;Ges\u00f9 si avvicin\u00f2 e camminava con loro&#8221;","datePublished":"2017-05-05T09:23:11+00:00","dateModified":"2017-05-30T07:35:08+00:00","mainEntityOfPage":{"@id":"https:\/\/jp2doc.pl\/it\/2017\/05\/05\/gesu-si-avvicino-e-camminava-con-loro\/"},"wordCount":546,"commentCount":0,"publisher":{"@id":"https:\/\/jp2doc.pl\/it\/#organization"},"image":{"@id":"https:\/\/jp2doc.pl\/it\/2017\/05\/05\/gesu-si-avvicino-e-camminava-con-loro\/#primaryimage"},"thumbnailUrl":"https:\/\/jp2doc.pl\/it\/wp-content\/uploads\/sites\/3\/2017\/05\/nature-941214_1920.jpg","articleSection":["Blog"],"inLanguage":"it-IT","potentialAction":[{"@type":"CommentAction","name":"Comment","target":["https:\/\/jp2doc.pl\/it\/2017\/05\/05\/gesu-si-avvicino-e-camminava-con-loro\/#respond"]}]},{"@type":"WebPage","@id":"https:\/\/jp2doc.pl\/it\/2017\/05\/05\/gesu-si-avvicino-e-camminava-con-loro\/","url":"https:\/\/jp2doc.pl\/it\/2017\/05\/05\/gesu-si-avvicino-e-camminava-con-loro\/","name":"\"Ges\u00f9 si avvicin\u00f2 e camminava con loro\" - Centro di Documentazione e Studio del Pontificato di Giovanni Paolo II a Roma","isPartOf":{"@id":"https:\/\/jp2doc.pl\/it\/#website"},"primaryImageOfPage":{"@id":"https:\/\/jp2doc.pl\/it\/2017\/05\/05\/gesu-si-avvicino-e-camminava-con-loro\/#primaryimage"},"image":{"@id":"https:\/\/jp2doc.pl\/it\/2017\/05\/05\/gesu-si-avvicino-e-camminava-con-loro\/#primaryimage"},"thumbnailUrl":"https:\/\/jp2doc.pl\/it\/wp-content\/uploads\/sites\/3\/2017\/05\/nature-941214_1920.jpg","datePublished":"2017-05-05T09:23:11+00:00","dateModified":"2017-05-30T07:35:08+00:00","breadcrumb":{"@id":"https:\/\/jp2doc.pl\/it\/2017\/05\/05\/gesu-si-avvicino-e-camminava-con-loro\/#breadcrumb"},"inLanguage":"it-IT","potentialAction":[{"@type":"ReadAction","target":["https:\/\/jp2doc.pl\/it\/2017\/05\/05\/gesu-si-avvicino-e-camminava-con-loro\/"]}]},{"@type":"ImageObject","inLanguage":"it-IT","@id":"https:\/\/jp2doc.pl\/it\/2017\/05\/05\/gesu-si-avvicino-e-camminava-con-loro\/#primaryimage","url":"https:\/\/jp2doc.pl\/it\/wp-content\/uploads\/sites\/3\/2017\/05\/nature-941214_1920.jpg","contentUrl":"https:\/\/jp2doc.pl\/it\/wp-content\/uploads\/sites\/3\/2017\/05\/nature-941214_1920.jpg","width":1920,"height":824},{"@type":"BreadcrumbList","@id":"https:\/\/jp2doc.pl\/it\/2017\/05\/05\/gesu-si-avvicino-e-camminava-con-loro\/#breadcrumb","itemListElement":[{"@type":"ListItem","position":1,"name":"Home","item":"https:\/\/jp2doc.pl\/it\/"},{"@type":"ListItem","position":2,"name":"&#8220;Ges\u00f9 si avvicin\u00f2 e camminava con loro&#8221;"}]},{"@type":"WebSite","@id":"https:\/\/jp2doc.pl\/it\/#website","url":"https:\/\/jp2doc.pl\/it\/","name":"Centro di Documentazione e Studio del Pontificato di Giovanni Paolo II a Roma","description":"","publisher":{"@id":"https:\/\/jp2doc.pl\/it\/#organization"},"potentialAction":[{"@type":"SearchAction","target":{"@type":"EntryPoint","urlTemplate":"https:\/\/jp2doc.pl\/it\/?s={search_term_string}"},"query-input":{"@type":"PropertyValueSpecification","valueRequired":true,"valueName":"search_term_string"}}],"inLanguage":"it-IT"},{"@type":"Organization","@id":"https:\/\/jp2doc.pl\/it\/#organization","name":"Centro di Documentazione e Studio del Pontificato di Giovanni Paolo II a Roma","url":"https:\/\/jp2doc.pl\/it\/","logo":{"@type":"ImageObject","inLanguage":"it-IT","@id":"https:\/\/jp2doc.pl\/it\/#\/schema\/logo\/image\/","url":"https:\/\/jp2doc.pl\/it\/wp-content\/uploads\/sites\/3\/2017\/03\/cropped-logo.png","contentUrl":"https:\/\/jp2doc.pl\/it\/wp-content\/uploads\/sites\/3\/2017\/03\/cropped-logo.png","width":115,"height":115,"caption":"Centro di Documentazione e Studio del Pontificato di Giovanni Paolo II a Roma"},"image":{"@id":"https:\/\/jp2doc.pl\/it\/#\/schema\/logo\/image\/"}},{"@type":"Person","@id":"https:\/\/jp2doc.pl\/it\/#\/schema\/person\/6110109e80abb51f6fac4824777eabfe","name":"juliasercanka","image":{"@type":"ImageObject","inLanguage":"it-IT","@id":"https:\/\/jp2doc.pl\/it\/#\/schema\/person\/image\/","url":"https:\/\/secure.gravatar.com\/avatar\/266a66e864556e22d55d61b6b10c97fab9060767b738564bcd109f3997e372bc?s=96&d=mm&r=g","contentUrl":"https:\/\/secure.gravatar.com\/avatar\/266a66e864556e22d55d61b6b10c97fab9060767b738564bcd109f3997e372bc?s=96&d=mm&r=g","caption":"juliasercanka"},"url":"https:\/\/jp2doc.pl\/it\/author\/juliasercanka\/"}]}},"_links":{"self":[{"href":"https:\/\/jp2doc.pl\/it\/wp-json\/wp\/v2\/posts\/1635","targetHints":{"allow":["GET"]}}],"collection":[{"href":"https:\/\/jp2doc.pl\/it\/wp-json\/wp\/v2\/posts"}],"about":[{"href":"https:\/\/jp2doc.pl\/it\/wp-json\/wp\/v2\/types\/post"}],"author":[{"embeddable":true,"href":"https:\/\/jp2doc.pl\/it\/wp-json\/wp\/v2\/users\/5"}],"replies":[{"embeddable":true,"href":"https:\/\/jp2doc.pl\/it\/wp-json\/wp\/v2\/comments?post=1635"}],"version-history":[{"count":5,"href":"https:\/\/jp2doc.pl\/it\/wp-json\/wp\/v2\/posts\/1635\/revisions"}],"predecessor-version":[{"id":1639,"href":"https:\/\/jp2doc.pl\/it\/wp-json\/wp\/v2\/posts\/1635\/revisions\/1639"}],"wp:featuredmedia":[{"embeddable":true,"href":"https:\/\/jp2doc.pl\/it\/wp-json\/wp\/v2\/media\/1636"}],"wp:attachment":[{"href":"https:\/\/jp2doc.pl\/it\/wp-json\/wp\/v2\/media?parent=1635"}],"wp:term":[{"taxonomy":"category","embeddable":true,"href":"https:\/\/jp2doc.pl\/it\/wp-json\/wp\/v2\/categories?post=1635"},{"taxonomy":"post_tag","embeddable":true,"href":"https:\/\/jp2doc.pl\/it\/wp-json\/wp\/v2\/tags?post=1635"}],"curies":[{"name":"wp","href":"https:\/\/api.w.org\/{rel}","templated":true}]}}