{"id":1742,"date":"2017-08-04T18:32:58","date_gmt":"2017-08-04T16:32:58","guid":{"rendered":"http:\/\/jp2doc.pl\/it\/?p=1742"},"modified":"2017-08-10T09:43:43","modified_gmt":"2017-08-10T07:43:43","slug":"il-nostro-rifugio","status":"publish","type":"post","link":"https:\/\/jp2doc.pl\/it\/2017\/08\/04\/il-nostro-rifugio\/","title":{"rendered":"Il nostro rifugio"},"content":{"rendered":"<p>Rif.: <em>Dn 7,9-10.13-14; Sal 96,1-2.5-6.9; 1Pt 1.16-19; Mt 17,1-9<\/em><\/p>\n<p>Quando si percorre una strada faticosa, intravedere la meta finale infonde nuovo vigore, il cammino sembra accorciarsi e divenire pi\u00f9 agevole. Cos\u00ec, per rendere pi\u00f9 spedito il passo del cristiano, la Chiesa propone l&#8217;evento della Trasfigurazione \u2013 che mostra la gloria del Signore, ed in Lui, la nostra gloria \u2013 in due momenti strategici dell&#8217;anno liturgico; il primo, durante la Quaresima, affinch\u00e9 la visione della gloria futura renda meno pesante la penitenza presente; il secondo, nel cuore dell&#8217;estate, il 6 agosto, quando alla leggerezza degli abiti fa riscontro la leggerezza interiore, ed \u00e8 necessario richiamare i fedeli alla fede ed alla coerenza di vita. La Trasfigurazione del Signore, infatti, \u00e8 ricca di numerosi spunti di riflessione a cominciare dal luogo, dai personaggi e dalle azioni che essi compiono.<\/p>\n<p>Ges\u00f9 porta con s\u00e9, solo tre discepoli, e li conduce, su un alto monte, in un luogo solitario e silenzioso, qui Egli si trasfigura, le sue vesti ed il viso diventano splendenti; gli si affiancano Mos\u00e8 ed Elia, simboleggianti la Legge e i Profeti, Pietro, che vorrebbe fermare tale prezioso momento, \u00e8 interrotto da una voce potente: \u201cQuesti \u00e8 il Figlio mio, l&#8217;amato\u2026 Ascoltatelo\u201d.<\/p>\n<p>La salita sul monte indica l&#8217;asperit\u00e0 di un cammino spirituale non facile, ma nel quale Ges\u00f9 ci accompagna, alla fine della scalata Dio ci attende, \u00e8 l\u00e0 che troveremo il nostro ultimo destino, un destino di gloria condivisa con il Suo Figlio.<\/p>\n<p>La silenziosit\u00e0 del luogo ci dice che Dio ama incontrarci nella solitudine, lontano da sguardi importuni, perch\u00e9 l&#8217;amore chiede discrezione ed intimit\u00e0. L&#8217;amante e l&#8217;amato vogliono essere protagonisti assoluti l&#8217;uno dell&#8217;altro. La presenza degli apostoli \u00e8 necessaria solo perch\u00e9 dovranno dare testimonianza di quanto accaduto. \u201cSiamo stati testimoni oculari della sua grandezza\u201d, scriver\u00e0 Pietro (II lett.).<\/p>\n<p>La luminosit\u00e0 del viso e delle vesti, indica che la luce emanata da Ges\u00f9 \u00e8 interiore, attraverso la carne Egli mostra la gloria della sua vita divina, vita, che \u00e8 venuto a condividere con noi! La Trasfigurazione sul monte illumina cos\u00ec anche la prima trasfigurazione del Signore: l&#8217;Incarnazione. Fragile bambino, ha rinchiuso nella debolezza umana la sua divinit\u00e0, per arricchire l&#8217;umanit\u00e0 con la sua vita divina.<\/p>\n<p>Mos\u00e8 ed Elia rappresentano il compendio di tutta la Scrittura: l\u00e0 tutto ci \u00e8 stato detto, tutto rivelato, tutto conduce a Cristo, tutto da Lui discende, tutto parla di Cristo, Figlio diletto del Padre. Il progetto di Pietro, di costruire tre tende per fermare quel momento straordinario, \u00e8 interrotto: questa vita ci \u00e8 data per andare, annunciare e testimoniare. Dopo la Trasfigurazione, infatti, per Cristo c&#8217;\u00e8 la discesa dal monte e la Croce, per i suoi discepoli la piccola croce di ogni giorno, la docile e paziente sequela.<\/p>\n<p>Quando le difficolt\u00e0 aumentano di numero e di durezza, quando la stanchezza si fa sentire e la tentazione di fermarsi \u00e8 forte, la Voce di Dio ci raggiunge e, ancora una volta, esorta: \u201cQuesti \u00e8 il Figlio mio, l&#8217;amato&#8230; Ascoltatelo\u201d e allora la Scrittura diviene il nostro rifugio, il nostro luogo segreto e silenzioso dove incontrare Dio, dove ascoltare e parlare a Cristo che ascolta e parla al nostro cuore.<\/p>\n<p style=\"text-align: right;\"><strong>L. R.<\/strong><\/p>\n","protected":false},"excerpt":{"rendered":"<p>Trasfigurazione del Signore<\/p>\n","protected":false},"author":5,"featured_media":1743,"comment_status":"open","ping_status":"open","sticky":false,"template":"","format":"standard","meta":{"_acf_changed":false,"_exactmetrics_skip_tracking":false,"_exactmetrics_sitenote_active":false,"_exactmetrics_sitenote_note":"","_exactmetrics_sitenote_category":0,"footnotes":""},"categories":[4],"tags":[39,48,52,51,50,40],"class_list":["post-1742","post","type-post","status-publish","format-standard","has-post-thumbnail","hentry","category-blog","tag-commento","tag-domenica","tag-figlio","tag-gloria","tag-trasfigurazione","tag-vangelo"],"acf":[],"yoast_head":"<!-- This site is optimized with the Yoast SEO plugin v26.2 - https:\/\/yoast.com\/wordpress\/plugins\/seo\/ -->\n<title>Il nostro rifugio - Centro di Documentazione e Studio del Pontificato di Giovanni Paolo II a Roma<\/title>\n<meta name=\"robots\" content=\"index, follow, max-snippet:-1, max-image-preview:large, max-video-preview:-1\" \/>\n<link rel=\"canonical\" href=\"https:\/\/jp2doc.pl\/it\/2017\/08\/04\/il-nostro-rifugio\/\" \/>\n<meta property=\"og:locale\" content=\"it_IT\" \/>\n<meta property=\"og:type\" content=\"article\" \/>\n<meta property=\"og:title\" content=\"Il nostro rifugio - Centro di Documentazione e Studio del Pontificato di Giovanni Paolo II a Roma\" \/>\n<meta property=\"og:description\" content=\"Trasfigurazione del Signore\" \/>\n<meta property=\"og:url\" content=\"https:\/\/jp2doc.pl\/it\/2017\/08\/04\/il-nostro-rifugio\/\" \/>\n<meta property=\"og:site_name\" content=\"Centro di Documentazione e Studio del Pontificato di Giovanni Paolo II a Roma\" \/>\n<meta property=\"article:published_time\" content=\"2017-08-04T16:32:58+00:00\" \/>\n<meta property=\"article:modified_time\" content=\"2017-08-10T07:43:43+00:00\" \/>\n<meta property=\"og:image\" content=\"https:\/\/jp2doc.pl\/it\/wp-content\/uploads\/sites\/3\/2017\/08\/The-Transfiguration-1480-xx-Giovanni-Bellini.jpg\" \/>\n\t<meta property=\"og:image:width\" content=\"1914\" \/>\n\t<meta property=\"og:image:height\" content=\"1263\" \/>\n\t<meta property=\"og:image:type\" content=\"image\/jpeg\" \/>\n<meta name=\"author\" content=\"juliasercanka\" \/>\n<meta name=\"twitter:card\" content=\"summary_large_image\" \/>\n<meta name=\"twitter:label1\" content=\"Scritto da\" \/>\n\t<meta name=\"twitter:data1\" content=\"juliasercanka\" \/>\n\t<meta name=\"twitter:label2\" content=\"Tempo di lettura stimato\" \/>\n\t<meta name=\"twitter:data2\" content=\"3 minuti\" \/>\n<script type=\"application\/ld+json\" class=\"yoast-schema-graph\">{\"@context\":\"https:\/\/schema.org\",\"@graph\":[{\"@type\":\"Article\",\"@id\":\"https:\/\/jp2doc.pl\/it\/2017\/08\/04\/il-nostro-rifugio\/#article\",\"isPartOf\":{\"@id\":\"https:\/\/jp2doc.pl\/it\/2017\/08\/04\/il-nostro-rifugio\/\"},\"author\":{\"name\":\"juliasercanka\",\"@id\":\"https:\/\/jp2doc.pl\/it\/#\/schema\/person\/6110109e80abb51f6fac4824777eabfe\"},\"headline\":\"Il nostro rifugio\",\"datePublished\":\"2017-08-04T16:32:58+00:00\",\"dateModified\":\"2017-08-10T07:43:43+00:00\",\"mainEntityOfPage\":{\"@id\":\"https:\/\/jp2doc.pl\/it\/2017\/08\/04\/il-nostro-rifugio\/\"},\"wordCount\":527,\"commentCount\":0,\"publisher\":{\"@id\":\"https:\/\/jp2doc.pl\/it\/#organization\"},\"image\":{\"@id\":\"https:\/\/jp2doc.pl\/it\/2017\/08\/04\/il-nostro-rifugio\/#primaryimage\"},\"thumbnailUrl\":\"https:\/\/jp2doc.pl\/it\/wp-content\/uploads\/sites\/3\/2017\/08\/The-Transfiguration-1480-xx-Giovanni-Bellini.jpg\",\"keywords\":[\"commento\",\"domenica\",\"Figlio\",\"gloria\",\"Trasfigurazione\",\"vangelo\"],\"articleSection\":[\"Blog\"],\"inLanguage\":\"it-IT\",\"potentialAction\":[{\"@type\":\"CommentAction\",\"name\":\"Comment\",\"target\":[\"https:\/\/jp2doc.pl\/it\/2017\/08\/04\/il-nostro-rifugio\/#respond\"]}]},{\"@type\":\"WebPage\",\"@id\":\"https:\/\/jp2doc.pl\/it\/2017\/08\/04\/il-nostro-rifugio\/\",\"url\":\"https:\/\/jp2doc.pl\/it\/2017\/08\/04\/il-nostro-rifugio\/\",\"name\":\"Il nostro rifugio - Centro di Documentazione e Studio del Pontificato di Giovanni Paolo II a Roma\",\"isPartOf\":{\"@id\":\"https:\/\/jp2doc.pl\/it\/#website\"},\"primaryImageOfPage\":{\"@id\":\"https:\/\/jp2doc.pl\/it\/2017\/08\/04\/il-nostro-rifugio\/#primaryimage\"},\"image\":{\"@id\":\"https:\/\/jp2doc.pl\/it\/2017\/08\/04\/il-nostro-rifugio\/#primaryimage\"},\"thumbnailUrl\":\"https:\/\/jp2doc.pl\/it\/wp-content\/uploads\/sites\/3\/2017\/08\/The-Transfiguration-1480-xx-Giovanni-Bellini.jpg\",\"datePublished\":\"2017-08-04T16:32:58+00:00\",\"dateModified\":\"2017-08-10T07:43:43+00:00\",\"breadcrumb\":{\"@id\":\"https:\/\/jp2doc.pl\/it\/2017\/08\/04\/il-nostro-rifugio\/#breadcrumb\"},\"inLanguage\":\"it-IT\",\"potentialAction\":[{\"@type\":\"ReadAction\",\"target\":[\"https:\/\/jp2doc.pl\/it\/2017\/08\/04\/il-nostro-rifugio\/\"]}]},{\"@type\":\"ImageObject\",\"inLanguage\":\"it-IT\",\"@id\":\"https:\/\/jp2doc.pl\/it\/2017\/08\/04\/il-nostro-rifugio\/#primaryimage\",\"url\":\"https:\/\/jp2doc.pl\/it\/wp-content\/uploads\/sites\/3\/2017\/08\/The-Transfiguration-1480-xx-Giovanni-Bellini.jpg\",\"contentUrl\":\"https:\/\/jp2doc.pl\/it\/wp-content\/uploads\/sites\/3\/2017\/08\/The-Transfiguration-1480-xx-Giovanni-Bellini.jpg\",\"width\":1914,\"height\":1263},{\"@type\":\"BreadcrumbList\",\"@id\":\"https:\/\/jp2doc.pl\/it\/2017\/08\/04\/il-nostro-rifugio\/#breadcrumb\",\"itemListElement\":[{\"@type\":\"ListItem\",\"position\":1,\"name\":\"Home\",\"item\":\"https:\/\/jp2doc.pl\/it\/\"},{\"@type\":\"ListItem\",\"position\":2,\"name\":\"Il nostro rifugio\"}]},{\"@type\":\"WebSite\",\"@id\":\"https:\/\/jp2doc.pl\/it\/#website\",\"url\":\"https:\/\/jp2doc.pl\/it\/\",\"name\":\"Centro di Documentazione e Studio del Pontificato di Giovanni Paolo II a Roma\",\"description\":\"\",\"publisher\":{\"@id\":\"https:\/\/jp2doc.pl\/it\/#organization\"},\"potentialAction\":[{\"@type\":\"SearchAction\",\"target\":{\"@type\":\"EntryPoint\",\"urlTemplate\":\"https:\/\/jp2doc.pl\/it\/?s={search_term_string}\"},\"query-input\":{\"@type\":\"PropertyValueSpecification\",\"valueRequired\":true,\"valueName\":\"search_term_string\"}}],\"inLanguage\":\"it-IT\"},{\"@type\":\"Organization\",\"@id\":\"https:\/\/jp2doc.pl\/it\/#organization\",\"name\":\"Centro di Documentazione e Studio del Pontificato di Giovanni Paolo II a Roma\",\"url\":\"https:\/\/jp2doc.pl\/it\/\",\"logo\":{\"@type\":\"ImageObject\",\"inLanguage\":\"it-IT\",\"@id\":\"https:\/\/jp2doc.pl\/it\/#\/schema\/logo\/image\/\",\"url\":\"https:\/\/jp2doc.pl\/it\/wp-content\/uploads\/sites\/3\/2017\/03\/cropped-logo.png\",\"contentUrl\":\"https:\/\/jp2doc.pl\/it\/wp-content\/uploads\/sites\/3\/2017\/03\/cropped-logo.png\",\"width\":115,\"height\":115,\"caption\":\"Centro di Documentazione e Studio del Pontificato di Giovanni Paolo II a Roma\"},\"image\":{\"@id\":\"https:\/\/jp2doc.pl\/it\/#\/schema\/logo\/image\/\"}},{\"@type\":\"Person\",\"@id\":\"https:\/\/jp2doc.pl\/it\/#\/schema\/person\/6110109e80abb51f6fac4824777eabfe\",\"name\":\"juliasercanka\",\"image\":{\"@type\":\"ImageObject\",\"inLanguage\":\"it-IT\",\"@id\":\"https:\/\/jp2doc.pl\/it\/#\/schema\/person\/image\/\",\"url\":\"https:\/\/secure.gravatar.com\/avatar\/266a66e864556e22d55d61b6b10c97fab9060767b738564bcd109f3997e372bc?s=96&d=mm&r=g\",\"contentUrl\":\"https:\/\/secure.gravatar.com\/avatar\/266a66e864556e22d55d61b6b10c97fab9060767b738564bcd109f3997e372bc?s=96&d=mm&r=g\",\"caption\":\"juliasercanka\"},\"url\":\"https:\/\/jp2doc.pl\/it\/author\/juliasercanka\/\"}]}<\/script>\n<!-- \/ Yoast SEO plugin. -->","yoast_head_json":{"title":"Il nostro rifugio - Centro di Documentazione e Studio del Pontificato di Giovanni Paolo II a Roma","robots":{"index":"index","follow":"follow","max-snippet":"max-snippet:-1","max-image-preview":"max-image-preview:large","max-video-preview":"max-video-preview:-1"},"canonical":"https:\/\/jp2doc.pl\/it\/2017\/08\/04\/il-nostro-rifugio\/","og_locale":"it_IT","og_type":"article","og_title":"Il nostro rifugio - Centro di Documentazione e Studio del Pontificato di Giovanni Paolo II a Roma","og_description":"Trasfigurazione del Signore","og_url":"https:\/\/jp2doc.pl\/it\/2017\/08\/04\/il-nostro-rifugio\/","og_site_name":"Centro di Documentazione e Studio del Pontificato di Giovanni Paolo II a Roma","article_published_time":"2017-08-04T16:32:58+00:00","article_modified_time":"2017-08-10T07:43:43+00:00","og_image":[{"width":1914,"height":1263,"url":"https:\/\/jp2doc.pl\/it\/wp-content\/uploads\/sites\/3\/2017\/08\/The-Transfiguration-1480-xx-Giovanni-Bellini.jpg","type":"image\/jpeg"}],"author":"juliasercanka","twitter_card":"summary_large_image","twitter_misc":{"Scritto da":"juliasercanka","Tempo di lettura stimato":"3 minuti"},"schema":{"@context":"https:\/\/schema.org","@graph":[{"@type":"Article","@id":"https:\/\/jp2doc.pl\/it\/2017\/08\/04\/il-nostro-rifugio\/#article","isPartOf":{"@id":"https:\/\/jp2doc.pl\/it\/2017\/08\/04\/il-nostro-rifugio\/"},"author":{"name":"juliasercanka","@id":"https:\/\/jp2doc.pl\/it\/#\/schema\/person\/6110109e80abb51f6fac4824777eabfe"},"headline":"Il nostro rifugio","datePublished":"2017-08-04T16:32:58+00:00","dateModified":"2017-08-10T07:43:43+00:00","mainEntityOfPage":{"@id":"https:\/\/jp2doc.pl\/it\/2017\/08\/04\/il-nostro-rifugio\/"},"wordCount":527,"commentCount":0,"publisher":{"@id":"https:\/\/jp2doc.pl\/it\/#organization"},"image":{"@id":"https:\/\/jp2doc.pl\/it\/2017\/08\/04\/il-nostro-rifugio\/#primaryimage"},"thumbnailUrl":"https:\/\/jp2doc.pl\/it\/wp-content\/uploads\/sites\/3\/2017\/08\/The-Transfiguration-1480-xx-Giovanni-Bellini.jpg","keywords":["commento","domenica","Figlio","gloria","Trasfigurazione","vangelo"],"articleSection":["Blog"],"inLanguage":"it-IT","potentialAction":[{"@type":"CommentAction","name":"Comment","target":["https:\/\/jp2doc.pl\/it\/2017\/08\/04\/il-nostro-rifugio\/#respond"]}]},{"@type":"WebPage","@id":"https:\/\/jp2doc.pl\/it\/2017\/08\/04\/il-nostro-rifugio\/","url":"https:\/\/jp2doc.pl\/it\/2017\/08\/04\/il-nostro-rifugio\/","name":"Il nostro rifugio - Centro di Documentazione e Studio del Pontificato di Giovanni Paolo II a Roma","isPartOf":{"@id":"https:\/\/jp2doc.pl\/it\/#website"},"primaryImageOfPage":{"@id":"https:\/\/jp2doc.pl\/it\/2017\/08\/04\/il-nostro-rifugio\/#primaryimage"},"image":{"@id":"https:\/\/jp2doc.pl\/it\/2017\/08\/04\/il-nostro-rifugio\/#primaryimage"},"thumbnailUrl":"https:\/\/jp2doc.pl\/it\/wp-content\/uploads\/sites\/3\/2017\/08\/The-Transfiguration-1480-xx-Giovanni-Bellini.jpg","datePublished":"2017-08-04T16:32:58+00:00","dateModified":"2017-08-10T07:43:43+00:00","breadcrumb":{"@id":"https:\/\/jp2doc.pl\/it\/2017\/08\/04\/il-nostro-rifugio\/#breadcrumb"},"inLanguage":"it-IT","potentialAction":[{"@type":"ReadAction","target":["https:\/\/jp2doc.pl\/it\/2017\/08\/04\/il-nostro-rifugio\/"]}]},{"@type":"ImageObject","inLanguage":"it-IT","@id":"https:\/\/jp2doc.pl\/it\/2017\/08\/04\/il-nostro-rifugio\/#primaryimage","url":"https:\/\/jp2doc.pl\/it\/wp-content\/uploads\/sites\/3\/2017\/08\/The-Transfiguration-1480-xx-Giovanni-Bellini.jpg","contentUrl":"https:\/\/jp2doc.pl\/it\/wp-content\/uploads\/sites\/3\/2017\/08\/The-Transfiguration-1480-xx-Giovanni-Bellini.jpg","width":1914,"height":1263},{"@type":"BreadcrumbList","@id":"https:\/\/jp2doc.pl\/it\/2017\/08\/04\/il-nostro-rifugio\/#breadcrumb","itemListElement":[{"@type":"ListItem","position":1,"name":"Home","item":"https:\/\/jp2doc.pl\/it\/"},{"@type":"ListItem","position":2,"name":"Il nostro rifugio"}]},{"@type":"WebSite","@id":"https:\/\/jp2doc.pl\/it\/#website","url":"https:\/\/jp2doc.pl\/it\/","name":"Centro di Documentazione e Studio del Pontificato di Giovanni Paolo II a Roma","description":"","publisher":{"@id":"https:\/\/jp2doc.pl\/it\/#organization"},"potentialAction":[{"@type":"SearchAction","target":{"@type":"EntryPoint","urlTemplate":"https:\/\/jp2doc.pl\/it\/?s={search_term_string}"},"query-input":{"@type":"PropertyValueSpecification","valueRequired":true,"valueName":"search_term_string"}}],"inLanguage":"it-IT"},{"@type":"Organization","@id":"https:\/\/jp2doc.pl\/it\/#organization","name":"Centro di Documentazione e Studio del Pontificato di Giovanni Paolo II a Roma","url":"https:\/\/jp2doc.pl\/it\/","logo":{"@type":"ImageObject","inLanguage":"it-IT","@id":"https:\/\/jp2doc.pl\/it\/#\/schema\/logo\/image\/","url":"https:\/\/jp2doc.pl\/it\/wp-content\/uploads\/sites\/3\/2017\/03\/cropped-logo.png","contentUrl":"https:\/\/jp2doc.pl\/it\/wp-content\/uploads\/sites\/3\/2017\/03\/cropped-logo.png","width":115,"height":115,"caption":"Centro di Documentazione e Studio del Pontificato di Giovanni Paolo II a Roma"},"image":{"@id":"https:\/\/jp2doc.pl\/it\/#\/schema\/logo\/image\/"}},{"@type":"Person","@id":"https:\/\/jp2doc.pl\/it\/#\/schema\/person\/6110109e80abb51f6fac4824777eabfe","name":"juliasercanka","image":{"@type":"ImageObject","inLanguage":"it-IT","@id":"https:\/\/jp2doc.pl\/it\/#\/schema\/person\/image\/","url":"https:\/\/secure.gravatar.com\/avatar\/266a66e864556e22d55d61b6b10c97fab9060767b738564bcd109f3997e372bc?s=96&d=mm&r=g","contentUrl":"https:\/\/secure.gravatar.com\/avatar\/266a66e864556e22d55d61b6b10c97fab9060767b738564bcd109f3997e372bc?s=96&d=mm&r=g","caption":"juliasercanka"},"url":"https:\/\/jp2doc.pl\/it\/author\/juliasercanka\/"}]}},"_links":{"self":[{"href":"https:\/\/jp2doc.pl\/it\/wp-json\/wp\/v2\/posts\/1742","targetHints":{"allow":["GET"]}}],"collection":[{"href":"https:\/\/jp2doc.pl\/it\/wp-json\/wp\/v2\/posts"}],"about":[{"href":"https:\/\/jp2doc.pl\/it\/wp-json\/wp\/v2\/types\/post"}],"author":[{"embeddable":true,"href":"https:\/\/jp2doc.pl\/it\/wp-json\/wp\/v2\/users\/5"}],"replies":[{"embeddable":true,"href":"https:\/\/jp2doc.pl\/it\/wp-json\/wp\/v2\/comments?post=1742"}],"version-history":[{"count":2,"href":"https:\/\/jp2doc.pl\/it\/wp-json\/wp\/v2\/posts\/1742\/revisions"}],"predecessor-version":[{"id":1745,"href":"https:\/\/jp2doc.pl\/it\/wp-json\/wp\/v2\/posts\/1742\/revisions\/1745"}],"wp:featuredmedia":[{"embeddable":true,"href":"https:\/\/jp2doc.pl\/it\/wp-json\/wp\/v2\/media\/1743"}],"wp:attachment":[{"href":"https:\/\/jp2doc.pl\/it\/wp-json\/wp\/v2\/media?parent=1742"}],"wp:term":[{"taxonomy":"category","embeddable":true,"href":"https:\/\/jp2doc.pl\/it\/wp-json\/wp\/v2\/categories?post=1742"},{"taxonomy":"post_tag","embeddable":true,"href":"https:\/\/jp2doc.pl\/it\/wp-json\/wp\/v2\/tags?post=1742"}],"curies":[{"name":"wp","href":"https:\/\/api.w.org\/{rel}","templated":true}]}}