{"id":1886,"date":"2017-12-25T09:43:20","date_gmt":"2017-12-25T08:43:20","guid":{"rendered":"http:\/\/jp2doc.pl\/it\/?p=1886"},"modified":"2017-12-25T09:43:20","modified_gmt":"2017-12-25T08:43:20","slug":"chiamata-di-natale","status":"publish","type":"post","link":"https:\/\/jp2doc.pl\/it\/2017\/12\/25\/chiamata-di-natale\/","title":{"rendered":"Chiamata di Natale"},"content":{"rendered":"<p>I tempi liturgici scandiscono ed accompagnano la vita del credente, in essi la Chiesa ci guida alla meditazione e alla contemplazione del mistero che celebriamo. Entriamo, questa notte, nel tempo di Natale, tempo della venuta di Dio tra noi, evento al quale ci siamo preparati durante l\u2019Avvento lasciandoci guidare da Maria e dal Battista che ci hanno dato esempio di grande ed incrollabile fede.<\/p>\n<h5><strong>La fede che ci guida a Lui<\/strong><\/h5>\n<p>Una fede forte, la loro, che ci ha stupiti: quella di Maria per la generosit\u00e0 e quella di Giovanni per l\u2019austerit\u00e0, ma attraverso la diversit\u00e0 delle loro vite, unica la risposta data al Signore: \u201ceccomi!\u201d. Entrambi, infatti, si sono affidati totalmente a Dio ed hanno lasciato che Egli dirigesse e sconvolgesse ogni loro desiderio o progetto.<br \/>\nEssi che ci hanno guidati fin qui, ora si ritirano lasciandoci dinanzi ad una mangiatoia, affermando che Colui che contempliamo, tenero ed indifeso Bambino, \u00e8 il Figlio di Dio.<\/p>\n<h5><strong>Interrogati da quel Bambino<\/strong><\/h5>\n<p>La loro fede \u00e8 indubbia, ma noi abbiamo fede? Perch\u00e9 alcuni la possiedono ed altri no? Gli interrogativi si affollano sovrapponendosi, ma in questa notte santa ci sentiamo soprattutto interrogati da quel Bambino che, con i suoi occhi innocenti, sembra scrutare le profondit\u00e0 abissali dei cuori. Abbiamo fede in Lui? In un Dio che ci ama al punto di farsi uguale a noi e ad assumersi tutte le nostre \u201cdebolezze, infermit\u00e0 e malattie\u201d? (cfr. Isaia). Avere fede, significa accoglierlo senza riserve e, senza riserve, consegnarsi a Lui perch\u00e9 il suo amore per noi sia ricambiato e le sue aspettative non siano deluse.<\/p>\n<h5><strong>Continua accoglienza di Dio<\/strong><\/h5>\n<p>Natale ci chiama a donarci a Dio con la stessa generosit\u00e0 con la quale Egli si dona a noi. Solo quando avremo compreso ci\u00f2, il Natale cesser\u00e0 di essere la festa del consumismo e dei regali, delle luci e dei cenoni, ma riprender\u00e0 la sua dignit\u00e0 di mistero, il suo notturno silenzio nel quale Dio si avvicina a l\u2019uomo e gli parla di amore eterno ed infinito.<br \/>\nSolo allora il Natale non sar\u00e0 pi\u00f9 il ricordo di una Nascita avvenuta duemila anni fa, ma accoglienza festosa di Dio che continuamente viene nel nostro cuore, nasce nella nostra vita e ad essa dona luce, pace, perdono e salvezza.<\/p>\n<h5><strong>Per rinascere in Dio<\/strong><\/h5>\n<p>Natale \u00e8 il mistero grande di Ges\u00f9 che, venuto per salvarci, ci d\u00e0 il \u201cpotere di divenire figli di Dio\u201d non per la nostra natura, ma soltanto per la sua Grazia!<br \/>\nNatale \u00e8 notte di fede, notte nella quale siamo chiamati a credere e ad accogliere il Figlio di Dio che da Betlemme ci viene incontro e si affianca al nostro cammino.<br \/>\nNatale \u00e8 il mistero dell\u2019uomo che in Dio rinasce, il mistero di Dio che si dona senza chiedere altro che di essere riamato e che sceglie di parlare al nostro cuore con il vagito di un neonato.<\/p>\n<h5><strong>Buon Natale a tutti!<\/strong><\/h5>\n<p>Allora, Buon Natale ai santi e ai peccatori, a quelli che credono e a quelli per cui \u00e8 difficile credere, a quelli che soffrono e a quelli che sono nella gioia, ai cittadini benestanti e ai poveri immigrati, a chi vive nella pace e a chi soffre e muore nella guerra\u2026<br \/>\nBuon Natale a chi nella gioia loda e ringrazia Dio ed a chi nel dolore riesce a rivolgersi a Lui, e da Lui ogni cosa accetta.<br \/>\nBuon Natale a tutti gli uomini perch\u00e9 ogni uomo \u00e8 amato di Dio!<\/p>\n<p><strong>L.R.<\/strong><\/p>\n","protected":false},"excerpt":{"rendered":"<p>Solennit\u00e0 del Natale del Signore<\/p>\n","protected":false},"author":5,"featured_media":1887,"comment_status":"open","ping_status":"open","sticky":false,"template":"","format":"standard","meta":{"_acf_changed":false,"_exactmetrics_skip_tracking":false,"_exactmetrics_sitenote_active":false,"_exactmetrics_sitenote_note":"","_exactmetrics_sitenote_category":0,"footnotes":""},"categories":[4,13,14],"tags":[109,105],"class_list":["post-1886","post","type-post","status-publish","format-standard","has-post-thumbnail","hentry","category-blog","category-strona-glowna-najnowsze","category-strona-glowna-slider","tag-bambino","tag-natale"],"acf":[],"yoast_head":"<!-- This site is optimized with the Yoast SEO plugin v26.2 - https:\/\/yoast.com\/wordpress\/plugins\/seo\/ -->\n<title>Chiamata di Natale - Centro di Documentazione e Studio del Pontificato di Giovanni Paolo II a Roma<\/title>\n<meta name=\"robots\" content=\"index, follow, max-snippet:-1, max-image-preview:large, max-video-preview:-1\" \/>\n<link rel=\"canonical\" href=\"https:\/\/jp2doc.pl\/it\/2017\/12\/25\/chiamata-di-natale\/\" \/>\n<meta property=\"og:locale\" content=\"it_IT\" \/>\n<meta property=\"og:type\" content=\"article\" \/>\n<meta property=\"og:title\" content=\"Chiamata di Natale - Centro di Documentazione e Studio del Pontificato di Giovanni Paolo II a Roma\" \/>\n<meta property=\"og:description\" content=\"Solennit\u00e0 del Natale del Signore\" \/>\n<meta property=\"og:url\" content=\"https:\/\/jp2doc.pl\/it\/2017\/12\/25\/chiamata-di-natale\/\" \/>\n<meta property=\"og:site_name\" content=\"Centro di Documentazione e Studio del Pontificato di Giovanni Paolo II a Roma\" \/>\n<meta property=\"article:published_time\" content=\"2017-12-25T08:43:20+00:00\" \/>\n<meta property=\"og:image\" content=\"https:\/\/jp2doc.pl\/it\/wp-content\/uploads\/sites\/3\/2017\/12\/dan-kiefer-467645-e1514191379595.jpg\" \/>\n\t<meta property=\"og:image:width\" content=\"1787\" \/>\n\t<meta property=\"og:image:height\" content=\"1116\" \/>\n\t<meta property=\"og:image:type\" content=\"image\/jpeg\" \/>\n<meta name=\"author\" content=\"juliasercanka\" \/>\n<meta name=\"twitter:card\" content=\"summary_large_image\" \/>\n<meta name=\"twitter:label1\" content=\"Scritto da\" \/>\n\t<meta name=\"twitter:data1\" content=\"juliasercanka\" \/>\n\t<meta name=\"twitter:label2\" content=\"Tempo di lettura stimato\" \/>\n\t<meta name=\"twitter:data2\" content=\"3 minuti\" \/>\n<script type=\"application\/ld+json\" class=\"yoast-schema-graph\">{\"@context\":\"https:\/\/schema.org\",\"@graph\":[{\"@type\":\"Article\",\"@id\":\"https:\/\/jp2doc.pl\/it\/2017\/12\/25\/chiamata-di-natale\/#article\",\"isPartOf\":{\"@id\":\"https:\/\/jp2doc.pl\/it\/2017\/12\/25\/chiamata-di-natale\/\"},\"author\":{\"name\":\"juliasercanka\",\"@id\":\"https:\/\/jp2doc.pl\/it\/#\/schema\/person\/6110109e80abb51f6fac4824777eabfe\"},\"headline\":\"Chiamata di Natale\",\"datePublished\":\"2017-12-25T08:43:20+00:00\",\"mainEntityOfPage\":{\"@id\":\"https:\/\/jp2doc.pl\/it\/2017\/12\/25\/chiamata-di-natale\/\"},\"wordCount\":572,\"commentCount\":0,\"publisher\":{\"@id\":\"https:\/\/jp2doc.pl\/it\/#organization\"},\"image\":{\"@id\":\"https:\/\/jp2doc.pl\/it\/2017\/12\/25\/chiamata-di-natale\/#primaryimage\"},\"thumbnailUrl\":\"https:\/\/jp2doc.pl\/it\/wp-content\/uploads\/sites\/3\/2017\/12\/dan-kiefer-467645-e1514191379595.jpg\",\"keywords\":[\"Bambino\",\"natale\"],\"articleSection\":[\"Blog\",\"Strona g\u0142\u00f3wna - najnowsze\",\"Strona g\u0142\u00f3wna - slider\"],\"inLanguage\":\"it-IT\",\"potentialAction\":[{\"@type\":\"CommentAction\",\"name\":\"Comment\",\"target\":[\"https:\/\/jp2doc.pl\/it\/2017\/12\/25\/chiamata-di-natale\/#respond\"]}]},{\"@type\":\"WebPage\",\"@id\":\"https:\/\/jp2doc.pl\/it\/2017\/12\/25\/chiamata-di-natale\/\",\"url\":\"https:\/\/jp2doc.pl\/it\/2017\/12\/25\/chiamata-di-natale\/\",\"name\":\"Chiamata di Natale - Centro di Documentazione e Studio del Pontificato di Giovanni Paolo II a Roma\",\"isPartOf\":{\"@id\":\"https:\/\/jp2doc.pl\/it\/#website\"},\"primaryImageOfPage\":{\"@id\":\"https:\/\/jp2doc.pl\/it\/2017\/12\/25\/chiamata-di-natale\/#primaryimage\"},\"image\":{\"@id\":\"https:\/\/jp2doc.pl\/it\/2017\/12\/25\/chiamata-di-natale\/#primaryimage\"},\"thumbnailUrl\":\"https:\/\/jp2doc.pl\/it\/wp-content\/uploads\/sites\/3\/2017\/12\/dan-kiefer-467645-e1514191379595.jpg\",\"datePublished\":\"2017-12-25T08:43:20+00:00\",\"breadcrumb\":{\"@id\":\"https:\/\/jp2doc.pl\/it\/2017\/12\/25\/chiamata-di-natale\/#breadcrumb\"},\"inLanguage\":\"it-IT\",\"potentialAction\":[{\"@type\":\"ReadAction\",\"target\":[\"https:\/\/jp2doc.pl\/it\/2017\/12\/25\/chiamata-di-natale\/\"]}]},{\"@type\":\"ImageObject\",\"inLanguage\":\"it-IT\",\"@id\":\"https:\/\/jp2doc.pl\/it\/2017\/12\/25\/chiamata-di-natale\/#primaryimage\",\"url\":\"https:\/\/jp2doc.pl\/it\/wp-content\/uploads\/sites\/3\/2017\/12\/dan-kiefer-467645-e1514191379595.jpg\",\"contentUrl\":\"https:\/\/jp2doc.pl\/it\/wp-content\/uploads\/sites\/3\/2017\/12\/dan-kiefer-467645-e1514191379595.jpg\",\"width\":1787,\"height\":1116},{\"@type\":\"BreadcrumbList\",\"@id\":\"https:\/\/jp2doc.pl\/it\/2017\/12\/25\/chiamata-di-natale\/#breadcrumb\",\"itemListElement\":[{\"@type\":\"ListItem\",\"position\":1,\"name\":\"Home\",\"item\":\"https:\/\/jp2doc.pl\/it\/\"},{\"@type\":\"ListItem\",\"position\":2,\"name\":\"Chiamata di Natale\"}]},{\"@type\":\"WebSite\",\"@id\":\"https:\/\/jp2doc.pl\/it\/#website\",\"url\":\"https:\/\/jp2doc.pl\/it\/\",\"name\":\"Centro di Documentazione e Studio del Pontificato di Giovanni Paolo II a Roma\",\"description\":\"\",\"publisher\":{\"@id\":\"https:\/\/jp2doc.pl\/it\/#organization\"},\"potentialAction\":[{\"@type\":\"SearchAction\",\"target\":{\"@type\":\"EntryPoint\",\"urlTemplate\":\"https:\/\/jp2doc.pl\/it\/?s={search_term_string}\"},\"query-input\":{\"@type\":\"PropertyValueSpecification\",\"valueRequired\":true,\"valueName\":\"search_term_string\"}}],\"inLanguage\":\"it-IT\"},{\"@type\":\"Organization\",\"@id\":\"https:\/\/jp2doc.pl\/it\/#organization\",\"name\":\"Centro di Documentazione e Studio del Pontificato di Giovanni Paolo II a Roma\",\"url\":\"https:\/\/jp2doc.pl\/it\/\",\"logo\":{\"@type\":\"ImageObject\",\"inLanguage\":\"it-IT\",\"@id\":\"https:\/\/jp2doc.pl\/it\/#\/schema\/logo\/image\/\",\"url\":\"https:\/\/jp2doc.pl\/it\/wp-content\/uploads\/sites\/3\/2017\/03\/cropped-logo.png\",\"contentUrl\":\"https:\/\/jp2doc.pl\/it\/wp-content\/uploads\/sites\/3\/2017\/03\/cropped-logo.png\",\"width\":115,\"height\":115,\"caption\":\"Centro di Documentazione e Studio del Pontificato di Giovanni Paolo II a Roma\"},\"image\":{\"@id\":\"https:\/\/jp2doc.pl\/it\/#\/schema\/logo\/image\/\"}},{\"@type\":\"Person\",\"@id\":\"https:\/\/jp2doc.pl\/it\/#\/schema\/person\/6110109e80abb51f6fac4824777eabfe\",\"name\":\"juliasercanka\",\"image\":{\"@type\":\"ImageObject\",\"inLanguage\":\"it-IT\",\"@id\":\"https:\/\/jp2doc.pl\/it\/#\/schema\/person\/image\/\",\"url\":\"https:\/\/secure.gravatar.com\/avatar\/266a66e864556e22d55d61b6b10c97fab9060767b738564bcd109f3997e372bc?s=96&d=mm&r=g\",\"contentUrl\":\"https:\/\/secure.gravatar.com\/avatar\/266a66e864556e22d55d61b6b10c97fab9060767b738564bcd109f3997e372bc?s=96&d=mm&r=g\",\"caption\":\"juliasercanka\"},\"url\":\"https:\/\/jp2doc.pl\/it\/author\/juliasercanka\/\"}]}<\/script>\n<!-- \/ Yoast SEO plugin. -->","yoast_head_json":{"title":"Chiamata di Natale - Centro di Documentazione e Studio del Pontificato di Giovanni Paolo II a Roma","robots":{"index":"index","follow":"follow","max-snippet":"max-snippet:-1","max-image-preview":"max-image-preview:large","max-video-preview":"max-video-preview:-1"},"canonical":"https:\/\/jp2doc.pl\/it\/2017\/12\/25\/chiamata-di-natale\/","og_locale":"it_IT","og_type":"article","og_title":"Chiamata di Natale - Centro di Documentazione e Studio del Pontificato di Giovanni Paolo II a Roma","og_description":"Solennit\u00e0 del Natale del Signore","og_url":"https:\/\/jp2doc.pl\/it\/2017\/12\/25\/chiamata-di-natale\/","og_site_name":"Centro di Documentazione e Studio del Pontificato di Giovanni Paolo II a Roma","article_published_time":"2017-12-25T08:43:20+00:00","og_image":[{"width":1787,"height":1116,"url":"https:\/\/jp2doc.pl\/it\/wp-content\/uploads\/sites\/3\/2017\/12\/dan-kiefer-467645-e1514191379595.jpg","type":"image\/jpeg"}],"author":"juliasercanka","twitter_card":"summary_large_image","twitter_misc":{"Scritto da":"juliasercanka","Tempo di lettura stimato":"3 minuti"},"schema":{"@context":"https:\/\/schema.org","@graph":[{"@type":"Article","@id":"https:\/\/jp2doc.pl\/it\/2017\/12\/25\/chiamata-di-natale\/#article","isPartOf":{"@id":"https:\/\/jp2doc.pl\/it\/2017\/12\/25\/chiamata-di-natale\/"},"author":{"name":"juliasercanka","@id":"https:\/\/jp2doc.pl\/it\/#\/schema\/person\/6110109e80abb51f6fac4824777eabfe"},"headline":"Chiamata di Natale","datePublished":"2017-12-25T08:43:20+00:00","mainEntityOfPage":{"@id":"https:\/\/jp2doc.pl\/it\/2017\/12\/25\/chiamata-di-natale\/"},"wordCount":572,"commentCount":0,"publisher":{"@id":"https:\/\/jp2doc.pl\/it\/#organization"},"image":{"@id":"https:\/\/jp2doc.pl\/it\/2017\/12\/25\/chiamata-di-natale\/#primaryimage"},"thumbnailUrl":"https:\/\/jp2doc.pl\/it\/wp-content\/uploads\/sites\/3\/2017\/12\/dan-kiefer-467645-e1514191379595.jpg","keywords":["Bambino","natale"],"articleSection":["Blog","Strona g\u0142\u00f3wna - najnowsze","Strona g\u0142\u00f3wna - slider"],"inLanguage":"it-IT","potentialAction":[{"@type":"CommentAction","name":"Comment","target":["https:\/\/jp2doc.pl\/it\/2017\/12\/25\/chiamata-di-natale\/#respond"]}]},{"@type":"WebPage","@id":"https:\/\/jp2doc.pl\/it\/2017\/12\/25\/chiamata-di-natale\/","url":"https:\/\/jp2doc.pl\/it\/2017\/12\/25\/chiamata-di-natale\/","name":"Chiamata di Natale - Centro di Documentazione e Studio del Pontificato di Giovanni Paolo II a Roma","isPartOf":{"@id":"https:\/\/jp2doc.pl\/it\/#website"},"primaryImageOfPage":{"@id":"https:\/\/jp2doc.pl\/it\/2017\/12\/25\/chiamata-di-natale\/#primaryimage"},"image":{"@id":"https:\/\/jp2doc.pl\/it\/2017\/12\/25\/chiamata-di-natale\/#primaryimage"},"thumbnailUrl":"https:\/\/jp2doc.pl\/it\/wp-content\/uploads\/sites\/3\/2017\/12\/dan-kiefer-467645-e1514191379595.jpg","datePublished":"2017-12-25T08:43:20+00:00","breadcrumb":{"@id":"https:\/\/jp2doc.pl\/it\/2017\/12\/25\/chiamata-di-natale\/#breadcrumb"},"inLanguage":"it-IT","potentialAction":[{"@type":"ReadAction","target":["https:\/\/jp2doc.pl\/it\/2017\/12\/25\/chiamata-di-natale\/"]}]},{"@type":"ImageObject","inLanguage":"it-IT","@id":"https:\/\/jp2doc.pl\/it\/2017\/12\/25\/chiamata-di-natale\/#primaryimage","url":"https:\/\/jp2doc.pl\/it\/wp-content\/uploads\/sites\/3\/2017\/12\/dan-kiefer-467645-e1514191379595.jpg","contentUrl":"https:\/\/jp2doc.pl\/it\/wp-content\/uploads\/sites\/3\/2017\/12\/dan-kiefer-467645-e1514191379595.jpg","width":1787,"height":1116},{"@type":"BreadcrumbList","@id":"https:\/\/jp2doc.pl\/it\/2017\/12\/25\/chiamata-di-natale\/#breadcrumb","itemListElement":[{"@type":"ListItem","position":1,"name":"Home","item":"https:\/\/jp2doc.pl\/it\/"},{"@type":"ListItem","position":2,"name":"Chiamata di Natale"}]},{"@type":"WebSite","@id":"https:\/\/jp2doc.pl\/it\/#website","url":"https:\/\/jp2doc.pl\/it\/","name":"Centro di Documentazione e Studio del Pontificato di Giovanni Paolo II a Roma","description":"","publisher":{"@id":"https:\/\/jp2doc.pl\/it\/#organization"},"potentialAction":[{"@type":"SearchAction","target":{"@type":"EntryPoint","urlTemplate":"https:\/\/jp2doc.pl\/it\/?s={search_term_string}"},"query-input":{"@type":"PropertyValueSpecification","valueRequired":true,"valueName":"search_term_string"}}],"inLanguage":"it-IT"},{"@type":"Organization","@id":"https:\/\/jp2doc.pl\/it\/#organization","name":"Centro di Documentazione e Studio del Pontificato di Giovanni Paolo II a Roma","url":"https:\/\/jp2doc.pl\/it\/","logo":{"@type":"ImageObject","inLanguage":"it-IT","@id":"https:\/\/jp2doc.pl\/it\/#\/schema\/logo\/image\/","url":"https:\/\/jp2doc.pl\/it\/wp-content\/uploads\/sites\/3\/2017\/03\/cropped-logo.png","contentUrl":"https:\/\/jp2doc.pl\/it\/wp-content\/uploads\/sites\/3\/2017\/03\/cropped-logo.png","width":115,"height":115,"caption":"Centro di Documentazione e Studio del Pontificato di Giovanni Paolo II a Roma"},"image":{"@id":"https:\/\/jp2doc.pl\/it\/#\/schema\/logo\/image\/"}},{"@type":"Person","@id":"https:\/\/jp2doc.pl\/it\/#\/schema\/person\/6110109e80abb51f6fac4824777eabfe","name":"juliasercanka","image":{"@type":"ImageObject","inLanguage":"it-IT","@id":"https:\/\/jp2doc.pl\/it\/#\/schema\/person\/image\/","url":"https:\/\/secure.gravatar.com\/avatar\/266a66e864556e22d55d61b6b10c97fab9060767b738564bcd109f3997e372bc?s=96&d=mm&r=g","contentUrl":"https:\/\/secure.gravatar.com\/avatar\/266a66e864556e22d55d61b6b10c97fab9060767b738564bcd109f3997e372bc?s=96&d=mm&r=g","caption":"juliasercanka"},"url":"https:\/\/jp2doc.pl\/it\/author\/juliasercanka\/"}]}},"_links":{"self":[{"href":"https:\/\/jp2doc.pl\/it\/wp-json\/wp\/v2\/posts\/1886","targetHints":{"allow":["GET"]}}],"collection":[{"href":"https:\/\/jp2doc.pl\/it\/wp-json\/wp\/v2\/posts"}],"about":[{"href":"https:\/\/jp2doc.pl\/it\/wp-json\/wp\/v2\/types\/post"}],"author":[{"embeddable":true,"href":"https:\/\/jp2doc.pl\/it\/wp-json\/wp\/v2\/users\/5"}],"replies":[{"embeddable":true,"href":"https:\/\/jp2doc.pl\/it\/wp-json\/wp\/v2\/comments?post=1886"}],"version-history":[{"count":1,"href":"https:\/\/jp2doc.pl\/it\/wp-json\/wp\/v2\/posts\/1886\/revisions"}],"predecessor-version":[{"id":1888,"href":"https:\/\/jp2doc.pl\/it\/wp-json\/wp\/v2\/posts\/1886\/revisions\/1888"}],"wp:featuredmedia":[{"embeddable":true,"href":"https:\/\/jp2doc.pl\/it\/wp-json\/wp\/v2\/media\/1887"}],"wp:attachment":[{"href":"https:\/\/jp2doc.pl\/it\/wp-json\/wp\/v2\/media?parent=1886"}],"wp:term":[{"taxonomy":"category","embeddable":true,"href":"https:\/\/jp2doc.pl\/it\/wp-json\/wp\/v2\/categories?post=1886"},{"taxonomy":"post_tag","embeddable":true,"href":"https:\/\/jp2doc.pl\/it\/wp-json\/wp\/v2\/tags?post=1886"}],"curies":[{"name":"wp","href":"https:\/\/api.w.org\/{rel}","templated":true}]}}