{"id":1900,"date":"2018-01-06T21:26:31","date_gmt":"2018-01-06T20:26:31","guid":{"rendered":"http:\/\/jp2doc.pl\/it\/?p=1900"},"modified":"2018-01-06T21:26:31","modified_gmt":"2018-01-06T20:26:31","slug":"vitalita-dellincarnazione","status":"publish","type":"post","link":"https:\/\/jp2doc.pl\/it\/2018\/01\/06\/vitalita-dellincarnazione\/","title":{"rendered":"Vitalit\u00e0 dell\u2019Incarnazione"},"content":{"rendered":"<p>Rif.: <em>Is 55,1-11; Sal 12,2.4-6; 1Gv 5,1-9; Mc 1,7-11<\/em><\/p>\n<p>Elemento di vita e ristoro, l\u2019acqua percorre la Liturgia di questa Festa del Battesimo del Signore che chiude il Tempo di Natale. Nella prima lettura essa profetizza lo stesso Ges\u00f9 che come acqua discende dal cielo e non vi ritorna se non dopo \u201caver compiuto ci\u00f2 per cui \u00e8 stata inviata\u201d. Nel Vangelo ritroviamo le acque del fiume Giordano ed il Battista che ancora una volta annuncia la venuta del Messia: \u201cViene dopo di me colui che \u00e8 pi\u00f9 forte di me\u201d.<\/p>\n<h5><strong>l\u2019Innocente tra i peccatori<\/strong><\/h5>\n<p>Il fluire lento del fiume accompagna la venuta silenziosa e improvvisa di Cristo lungo le sue rive. Egli si confonde tra folla dei peccatori pentiti che, gridando i propri peccati, si immergono in esso. Anche Ges\u00f9 si immerge pur non avendo bisogno di alcuna purificazione. Quale, allora, il significato del suo Battesimo?<br \/>\nIl \u201cBattesimo del Signore\u201d ci ridona innanzitutto il mistero del Natale, il mistero di Dio che si fa carne per confondersi tra gli uomini e vivere la loro storia.<br \/>\nConfuso tra la folla dei peccatori infatti nulla lo distingue dagli altri, ma la verit\u00e0 dell\u2019Incarnazione \u00e8 tutta qui, in quest\u2019essere Dio che si \u00e8 fatto in tutto uguale agli uomini, in questo mescolarsi alla folla\u2026 uno come tanti&#8230;, ma mentre gli altri entrano nel fiume gridando i loro peccati, Ges\u00f9 conserva il silenzio dell\u2019Innocente, Egli non ha bisogno di essere perdonato, ma di perdonare ed \u00e8 per questo che \u00e8 venuto al mondo.<br \/>\nDopo il suo Battesimo, infatti, i cieli si aprono, la voce del Padre lo proclama Figlio Unigenito e Amato e lo Spirito Santo scende su di Lui sotto forma di colomba; in Cristo, l\u2019umanit\u00e0 tutta si riconcilia col Padre e lo Spirito Santo che si posa e rimane su di Lui, sar\u00e0, da Cristo, donato a tutta l\u2019umanit\u00e0.<\/p>\n<h5><strong>Si immerge per addossarsi il peccato dell\u2019uomo<\/strong><\/h5>\n<p>Il Battesimo di Giovanni richiedeva la completa purificazione del peccatore e perci\u00f2 la sua totale immersione nelle acque del fiume, Ges\u00f9 invece vi si immerge per addossarsi il peccato dell\u2019uomo e questo graver\u00e0 sulle sue spalle fino alla Croce, solo cos\u00ec Egli potr\u00e0 espiare le colpe, crocifiggere il Male che ha traviato l\u2019uomo allontanandolo da Dio. Con questo atto, Ges\u00f9 accetta di compiere la sua missione di Servo, accetta di essere travolto dalle gelide acque della morte, ma la voce del Padre che lo dichiara Figlio \u00e8 l\u2019implicita assicurazione che dalla morte Ges\u00f9 sar\u00e0 liberato per divenire \u201ctestimone fra i popoli, principe e sovrano sulle nazioni\u201d come afferma Isaia (I lett.).<\/p>\n<h5><strong>Immersi in Ges\u00f9, siamo figli del Padre<\/strong><\/h5>\n<p>La festa del Battesimo del Signore chiude solennemente il Tempo di Natale ed apre il tempo liturgico detto \u201cordinario\u201d, poich\u00e9 da questo momento la Liturgia celebrer\u00e0 il Signore che, pieno di Spirito Santo, inizia la sua missione terrena e con la predicazione e le opere annuncia quel Regno che \u00e8 ormai giunto a noi nella sua persona.<br \/>\nHa inizio cos\u00ec il tempo della fede e della conversione, della testimonianza e della sequela, il tempo della Chiesa che continua nel mondo l\u2019opera di Cristo, il tempo della speranza e dell\u2019attesa: i cieli che si aprono al momento del Battesimo nel Giordano, si riapriranno alla fine dei tempi, quando Ges\u00f9, torner\u00e0 nella sua indicibile Gloria a giudicare il mondo con giustizia e misericordia.<br \/>\nMa l\u2019acqua continua il suo inarrestabile cammino e giunge a noi, simbolo delle acque del nostro Battesimo quando fummo immersi in Cristo, nell\u2019acqua sgorgata dal suo fianco. Solo immersi in Ges\u00f9, nel mistero del suo Natale e della morte e risurrezione, il Padre ci riconoscer\u00e0 figli nel suo Figlio Unigenito ed Amato e c\u2019\u00e8 un solo modo per dimostrare a Dio che non siamo insensibili a tanto: osservare i suoi comandamenti, anzi il suo solo comandamento: \u201camatevi gli uni gli altri, come io ho amato voi\u201d.<\/p>\n<p><strong>L.R.<\/strong><\/p>\n","protected":false},"excerpt":{"rendered":"<p>Battesimo del Signore<\/p>\n","protected":false},"author":5,"featured_media":1902,"comment_status":"open","ping_status":"open","sticky":false,"template":"","format":"standard","meta":{"_acf_changed":false,"_exactmetrics_skip_tracking":false,"_exactmetrics_sitenote_active":false,"_exactmetrics_sitenote_note":"","_exactmetrics_sitenote_category":0,"footnotes":""},"categories":[4,13,14],"tags":[117,114,39,64],"class_list":["post-1900","post","type-post","status-publish","format-standard","has-post-thumbnail","hentry","category-blog","category-strona-glowna-najnowsze","category-strona-glowna-slider","tag-battesimo","tag-centro_pontificato","tag-commento","tag-gesu"],"acf":[],"yoast_head":"<!-- This site is optimized with the Yoast SEO plugin v26.2 - https:\/\/yoast.com\/wordpress\/plugins\/seo\/ -->\n<title>Vitalit\u00e0 dell\u2019Incarnazione - Centro di Documentazione e Studio del Pontificato di Giovanni Paolo II a Roma<\/title>\n<meta name=\"robots\" content=\"index, follow, max-snippet:-1, max-image-preview:large, max-video-preview:-1\" \/>\n<link rel=\"canonical\" href=\"https:\/\/jp2doc.pl\/it\/2018\/01\/06\/vitalita-dellincarnazione\/\" \/>\n<meta property=\"og:locale\" content=\"it_IT\" \/>\n<meta property=\"og:type\" content=\"article\" \/>\n<meta property=\"og:title\" content=\"Vitalit\u00e0 dell\u2019Incarnazione - Centro di Documentazione e Studio del Pontificato di Giovanni Paolo II a Roma\" \/>\n<meta property=\"og:description\" content=\"Battesimo del Signore\" \/>\n<meta property=\"og:url\" content=\"https:\/\/jp2doc.pl\/it\/2018\/01\/06\/vitalita-dellincarnazione\/\" \/>\n<meta property=\"og:site_name\" content=\"Centro di Documentazione e Studio del Pontificato di Giovanni Paolo II a Roma\" \/>\n<meta property=\"article:published_time\" content=\"2018-01-06T20:26:31+00:00\" \/>\n<meta property=\"og:image\" content=\"https:\/\/jp2doc.pl\/it\/wp-content\/uploads\/sites\/3\/2018\/01\/pexels-photo-208414.jpeg\" \/>\n\t<meta property=\"og:image:width\" content=\"1667\" \/>\n\t<meta property=\"og:image:height\" content=\"994\" \/>\n\t<meta property=\"og:image:type\" content=\"image\/jpeg\" \/>\n<meta name=\"author\" content=\"juliasercanka\" \/>\n<meta name=\"twitter:card\" content=\"summary_large_image\" \/>\n<meta name=\"twitter:label1\" content=\"Scritto da\" \/>\n\t<meta name=\"twitter:data1\" content=\"juliasercanka\" \/>\n\t<meta name=\"twitter:label2\" content=\"Tempo di lettura stimato\" \/>\n\t<meta name=\"twitter:data2\" content=\"3 minuti\" \/>\n<script type=\"application\/ld+json\" class=\"yoast-schema-graph\">{\"@context\":\"https:\/\/schema.org\",\"@graph\":[{\"@type\":\"Article\",\"@id\":\"https:\/\/jp2doc.pl\/it\/2018\/01\/06\/vitalita-dellincarnazione\/#article\",\"isPartOf\":{\"@id\":\"https:\/\/jp2doc.pl\/it\/2018\/01\/06\/vitalita-dellincarnazione\/\"},\"author\":{\"name\":\"juliasercanka\",\"@id\":\"https:\/\/jp2doc.pl\/it\/#\/schema\/person\/6110109e80abb51f6fac4824777eabfe\"},\"headline\":\"Vitalit\u00e0 dell\u2019Incarnazione\",\"datePublished\":\"2018-01-06T20:26:31+00:00\",\"mainEntityOfPage\":{\"@id\":\"https:\/\/jp2doc.pl\/it\/2018\/01\/06\/vitalita-dellincarnazione\/\"},\"wordCount\":652,\"commentCount\":0,\"publisher\":{\"@id\":\"https:\/\/jp2doc.pl\/it\/#organization\"},\"image\":{\"@id\":\"https:\/\/jp2doc.pl\/it\/2018\/01\/06\/vitalita-dellincarnazione\/#primaryimage\"},\"thumbnailUrl\":\"https:\/\/jp2doc.pl\/it\/wp-content\/uploads\/sites\/3\/2018\/01\/pexels-photo-208414.jpeg\",\"keywords\":[\"Battesimo\",\"centro_pontificato\",\"commento\",\"Ges\u00f9\"],\"articleSection\":[\"Blog\",\"Strona g\u0142\u00f3wna - najnowsze\",\"Strona g\u0142\u00f3wna - slider\"],\"inLanguage\":\"it-IT\",\"potentialAction\":[{\"@type\":\"CommentAction\",\"name\":\"Comment\",\"target\":[\"https:\/\/jp2doc.pl\/it\/2018\/01\/06\/vitalita-dellincarnazione\/#respond\"]}]},{\"@type\":\"WebPage\",\"@id\":\"https:\/\/jp2doc.pl\/it\/2018\/01\/06\/vitalita-dellincarnazione\/\",\"url\":\"https:\/\/jp2doc.pl\/it\/2018\/01\/06\/vitalita-dellincarnazione\/\",\"name\":\"Vitalit\u00e0 dell\u2019Incarnazione - Centro di Documentazione e Studio del Pontificato di Giovanni Paolo II a Roma\",\"isPartOf\":{\"@id\":\"https:\/\/jp2doc.pl\/it\/#website\"},\"primaryImageOfPage\":{\"@id\":\"https:\/\/jp2doc.pl\/it\/2018\/01\/06\/vitalita-dellincarnazione\/#primaryimage\"},\"image\":{\"@id\":\"https:\/\/jp2doc.pl\/it\/2018\/01\/06\/vitalita-dellincarnazione\/#primaryimage\"},\"thumbnailUrl\":\"https:\/\/jp2doc.pl\/it\/wp-content\/uploads\/sites\/3\/2018\/01\/pexels-photo-208414.jpeg\",\"datePublished\":\"2018-01-06T20:26:31+00:00\",\"breadcrumb\":{\"@id\":\"https:\/\/jp2doc.pl\/it\/2018\/01\/06\/vitalita-dellincarnazione\/#breadcrumb\"},\"inLanguage\":\"it-IT\",\"potentialAction\":[{\"@type\":\"ReadAction\",\"target\":[\"https:\/\/jp2doc.pl\/it\/2018\/01\/06\/vitalita-dellincarnazione\/\"]}]},{\"@type\":\"ImageObject\",\"inLanguage\":\"it-IT\",\"@id\":\"https:\/\/jp2doc.pl\/it\/2018\/01\/06\/vitalita-dellincarnazione\/#primaryimage\",\"url\":\"https:\/\/jp2doc.pl\/it\/wp-content\/uploads\/sites\/3\/2018\/01\/pexels-photo-208414.jpeg\",\"contentUrl\":\"https:\/\/jp2doc.pl\/it\/wp-content\/uploads\/sites\/3\/2018\/01\/pexels-photo-208414.jpeg\",\"width\":1667,\"height\":994},{\"@type\":\"BreadcrumbList\",\"@id\":\"https:\/\/jp2doc.pl\/it\/2018\/01\/06\/vitalita-dellincarnazione\/#breadcrumb\",\"itemListElement\":[{\"@type\":\"ListItem\",\"position\":1,\"name\":\"Home\",\"item\":\"https:\/\/jp2doc.pl\/it\/\"},{\"@type\":\"ListItem\",\"position\":2,\"name\":\"Vitalit\u00e0 dell\u2019Incarnazione\"}]},{\"@type\":\"WebSite\",\"@id\":\"https:\/\/jp2doc.pl\/it\/#website\",\"url\":\"https:\/\/jp2doc.pl\/it\/\",\"name\":\"Centro di Documentazione e Studio del Pontificato di Giovanni Paolo II a Roma\",\"description\":\"\",\"publisher\":{\"@id\":\"https:\/\/jp2doc.pl\/it\/#organization\"},\"potentialAction\":[{\"@type\":\"SearchAction\",\"target\":{\"@type\":\"EntryPoint\",\"urlTemplate\":\"https:\/\/jp2doc.pl\/it\/?s={search_term_string}\"},\"query-input\":{\"@type\":\"PropertyValueSpecification\",\"valueRequired\":true,\"valueName\":\"search_term_string\"}}],\"inLanguage\":\"it-IT\"},{\"@type\":\"Organization\",\"@id\":\"https:\/\/jp2doc.pl\/it\/#organization\",\"name\":\"Centro di Documentazione e Studio del Pontificato di Giovanni Paolo II a Roma\",\"url\":\"https:\/\/jp2doc.pl\/it\/\",\"logo\":{\"@type\":\"ImageObject\",\"inLanguage\":\"it-IT\",\"@id\":\"https:\/\/jp2doc.pl\/it\/#\/schema\/logo\/image\/\",\"url\":\"https:\/\/jp2doc.pl\/it\/wp-content\/uploads\/sites\/3\/2017\/03\/cropped-logo.png\",\"contentUrl\":\"https:\/\/jp2doc.pl\/it\/wp-content\/uploads\/sites\/3\/2017\/03\/cropped-logo.png\",\"width\":115,\"height\":115,\"caption\":\"Centro di Documentazione e Studio del Pontificato di Giovanni Paolo II a Roma\"},\"image\":{\"@id\":\"https:\/\/jp2doc.pl\/it\/#\/schema\/logo\/image\/\"}},{\"@type\":\"Person\",\"@id\":\"https:\/\/jp2doc.pl\/it\/#\/schema\/person\/6110109e80abb51f6fac4824777eabfe\",\"name\":\"juliasercanka\",\"image\":{\"@type\":\"ImageObject\",\"inLanguage\":\"it-IT\",\"@id\":\"https:\/\/jp2doc.pl\/it\/#\/schema\/person\/image\/\",\"url\":\"https:\/\/secure.gravatar.com\/avatar\/266a66e864556e22d55d61b6b10c97fab9060767b738564bcd109f3997e372bc?s=96&d=mm&r=g\",\"contentUrl\":\"https:\/\/secure.gravatar.com\/avatar\/266a66e864556e22d55d61b6b10c97fab9060767b738564bcd109f3997e372bc?s=96&d=mm&r=g\",\"caption\":\"juliasercanka\"},\"url\":\"https:\/\/jp2doc.pl\/it\/author\/juliasercanka\/\"}]}<\/script>\n<!-- \/ Yoast SEO plugin. -->","yoast_head_json":{"title":"Vitalit\u00e0 dell\u2019Incarnazione - Centro di Documentazione e Studio del Pontificato di Giovanni Paolo II a Roma","robots":{"index":"index","follow":"follow","max-snippet":"max-snippet:-1","max-image-preview":"max-image-preview:large","max-video-preview":"max-video-preview:-1"},"canonical":"https:\/\/jp2doc.pl\/it\/2018\/01\/06\/vitalita-dellincarnazione\/","og_locale":"it_IT","og_type":"article","og_title":"Vitalit\u00e0 dell\u2019Incarnazione - Centro di Documentazione e Studio del Pontificato di Giovanni Paolo II a Roma","og_description":"Battesimo del Signore","og_url":"https:\/\/jp2doc.pl\/it\/2018\/01\/06\/vitalita-dellincarnazione\/","og_site_name":"Centro di Documentazione e Studio del Pontificato di Giovanni Paolo II a Roma","article_published_time":"2018-01-06T20:26:31+00:00","og_image":[{"width":1667,"height":994,"url":"https:\/\/jp2doc.pl\/it\/wp-content\/uploads\/sites\/3\/2018\/01\/pexels-photo-208414.jpeg","type":"image\/jpeg"}],"author":"juliasercanka","twitter_card":"summary_large_image","twitter_misc":{"Scritto da":"juliasercanka","Tempo di lettura stimato":"3 minuti"},"schema":{"@context":"https:\/\/schema.org","@graph":[{"@type":"Article","@id":"https:\/\/jp2doc.pl\/it\/2018\/01\/06\/vitalita-dellincarnazione\/#article","isPartOf":{"@id":"https:\/\/jp2doc.pl\/it\/2018\/01\/06\/vitalita-dellincarnazione\/"},"author":{"name":"juliasercanka","@id":"https:\/\/jp2doc.pl\/it\/#\/schema\/person\/6110109e80abb51f6fac4824777eabfe"},"headline":"Vitalit\u00e0 dell\u2019Incarnazione","datePublished":"2018-01-06T20:26:31+00:00","mainEntityOfPage":{"@id":"https:\/\/jp2doc.pl\/it\/2018\/01\/06\/vitalita-dellincarnazione\/"},"wordCount":652,"commentCount":0,"publisher":{"@id":"https:\/\/jp2doc.pl\/it\/#organization"},"image":{"@id":"https:\/\/jp2doc.pl\/it\/2018\/01\/06\/vitalita-dellincarnazione\/#primaryimage"},"thumbnailUrl":"https:\/\/jp2doc.pl\/it\/wp-content\/uploads\/sites\/3\/2018\/01\/pexels-photo-208414.jpeg","keywords":["Battesimo","centro_pontificato","commento","Ges\u00f9"],"articleSection":["Blog","Strona g\u0142\u00f3wna - najnowsze","Strona g\u0142\u00f3wna - slider"],"inLanguage":"it-IT","potentialAction":[{"@type":"CommentAction","name":"Comment","target":["https:\/\/jp2doc.pl\/it\/2018\/01\/06\/vitalita-dellincarnazione\/#respond"]}]},{"@type":"WebPage","@id":"https:\/\/jp2doc.pl\/it\/2018\/01\/06\/vitalita-dellincarnazione\/","url":"https:\/\/jp2doc.pl\/it\/2018\/01\/06\/vitalita-dellincarnazione\/","name":"Vitalit\u00e0 dell\u2019Incarnazione - Centro di Documentazione e Studio del Pontificato di Giovanni Paolo II a Roma","isPartOf":{"@id":"https:\/\/jp2doc.pl\/it\/#website"},"primaryImageOfPage":{"@id":"https:\/\/jp2doc.pl\/it\/2018\/01\/06\/vitalita-dellincarnazione\/#primaryimage"},"image":{"@id":"https:\/\/jp2doc.pl\/it\/2018\/01\/06\/vitalita-dellincarnazione\/#primaryimage"},"thumbnailUrl":"https:\/\/jp2doc.pl\/it\/wp-content\/uploads\/sites\/3\/2018\/01\/pexels-photo-208414.jpeg","datePublished":"2018-01-06T20:26:31+00:00","breadcrumb":{"@id":"https:\/\/jp2doc.pl\/it\/2018\/01\/06\/vitalita-dellincarnazione\/#breadcrumb"},"inLanguage":"it-IT","potentialAction":[{"@type":"ReadAction","target":["https:\/\/jp2doc.pl\/it\/2018\/01\/06\/vitalita-dellincarnazione\/"]}]},{"@type":"ImageObject","inLanguage":"it-IT","@id":"https:\/\/jp2doc.pl\/it\/2018\/01\/06\/vitalita-dellincarnazione\/#primaryimage","url":"https:\/\/jp2doc.pl\/it\/wp-content\/uploads\/sites\/3\/2018\/01\/pexels-photo-208414.jpeg","contentUrl":"https:\/\/jp2doc.pl\/it\/wp-content\/uploads\/sites\/3\/2018\/01\/pexels-photo-208414.jpeg","width":1667,"height":994},{"@type":"BreadcrumbList","@id":"https:\/\/jp2doc.pl\/it\/2018\/01\/06\/vitalita-dellincarnazione\/#breadcrumb","itemListElement":[{"@type":"ListItem","position":1,"name":"Home","item":"https:\/\/jp2doc.pl\/it\/"},{"@type":"ListItem","position":2,"name":"Vitalit\u00e0 dell\u2019Incarnazione"}]},{"@type":"WebSite","@id":"https:\/\/jp2doc.pl\/it\/#website","url":"https:\/\/jp2doc.pl\/it\/","name":"Centro di Documentazione e Studio del Pontificato di Giovanni Paolo II a Roma","description":"","publisher":{"@id":"https:\/\/jp2doc.pl\/it\/#organization"},"potentialAction":[{"@type":"SearchAction","target":{"@type":"EntryPoint","urlTemplate":"https:\/\/jp2doc.pl\/it\/?s={search_term_string}"},"query-input":{"@type":"PropertyValueSpecification","valueRequired":true,"valueName":"search_term_string"}}],"inLanguage":"it-IT"},{"@type":"Organization","@id":"https:\/\/jp2doc.pl\/it\/#organization","name":"Centro di Documentazione e Studio del Pontificato di Giovanni Paolo II a Roma","url":"https:\/\/jp2doc.pl\/it\/","logo":{"@type":"ImageObject","inLanguage":"it-IT","@id":"https:\/\/jp2doc.pl\/it\/#\/schema\/logo\/image\/","url":"https:\/\/jp2doc.pl\/it\/wp-content\/uploads\/sites\/3\/2017\/03\/cropped-logo.png","contentUrl":"https:\/\/jp2doc.pl\/it\/wp-content\/uploads\/sites\/3\/2017\/03\/cropped-logo.png","width":115,"height":115,"caption":"Centro di Documentazione e Studio del Pontificato di Giovanni Paolo II a Roma"},"image":{"@id":"https:\/\/jp2doc.pl\/it\/#\/schema\/logo\/image\/"}},{"@type":"Person","@id":"https:\/\/jp2doc.pl\/it\/#\/schema\/person\/6110109e80abb51f6fac4824777eabfe","name":"juliasercanka","image":{"@type":"ImageObject","inLanguage":"it-IT","@id":"https:\/\/jp2doc.pl\/it\/#\/schema\/person\/image\/","url":"https:\/\/secure.gravatar.com\/avatar\/266a66e864556e22d55d61b6b10c97fab9060767b738564bcd109f3997e372bc?s=96&d=mm&r=g","contentUrl":"https:\/\/secure.gravatar.com\/avatar\/266a66e864556e22d55d61b6b10c97fab9060767b738564bcd109f3997e372bc?s=96&d=mm&r=g","caption":"juliasercanka"},"url":"https:\/\/jp2doc.pl\/it\/author\/juliasercanka\/"}]}},"_links":{"self":[{"href":"https:\/\/jp2doc.pl\/it\/wp-json\/wp\/v2\/posts\/1900","targetHints":{"allow":["GET"]}}],"collection":[{"href":"https:\/\/jp2doc.pl\/it\/wp-json\/wp\/v2\/posts"}],"about":[{"href":"https:\/\/jp2doc.pl\/it\/wp-json\/wp\/v2\/types\/post"}],"author":[{"embeddable":true,"href":"https:\/\/jp2doc.pl\/it\/wp-json\/wp\/v2\/users\/5"}],"replies":[{"embeddable":true,"href":"https:\/\/jp2doc.pl\/it\/wp-json\/wp\/v2\/comments?post=1900"}],"version-history":[{"count":1,"href":"https:\/\/jp2doc.pl\/it\/wp-json\/wp\/v2\/posts\/1900\/revisions"}],"predecessor-version":[{"id":1901,"href":"https:\/\/jp2doc.pl\/it\/wp-json\/wp\/v2\/posts\/1900\/revisions\/1901"}],"wp:featuredmedia":[{"embeddable":true,"href":"https:\/\/jp2doc.pl\/it\/wp-json\/wp\/v2\/media\/1902"}],"wp:attachment":[{"href":"https:\/\/jp2doc.pl\/it\/wp-json\/wp\/v2\/media?parent=1900"}],"wp:term":[{"taxonomy":"category","embeddable":true,"href":"https:\/\/jp2doc.pl\/it\/wp-json\/wp\/v2\/categories?post=1900"},{"taxonomy":"post_tag","embeddable":true,"href":"https:\/\/jp2doc.pl\/it\/wp-json\/wp\/v2\/tags?post=1900"}],"curies":[{"name":"wp","href":"https:\/\/api.w.org\/{rel}","templated":true}]}}