{"id":1912,"date":"2018-01-26T17:54:31","date_gmt":"2018-01-26T16:54:31","guid":{"rendered":"http:\/\/jp2doc.pl\/it\/?p=1912"},"modified":"2018-02-02T21:49:01","modified_gmt":"2018-02-02T20:49:01","slug":"cattedra-gaudium-et-spes","status":"publish","type":"post","link":"https:\/\/jp2doc.pl\/it\/2018\/01\/26\/cattedra-gaudium-et-spes\/","title":{"rendered":"Cattedra \u201cGaudium et spes\u201d"},"content":{"rendered":"<p>L\u2019Istituto Teologico Giovanni Paolo II per le Scienze del Matrimonio e della Famiglia, che papa Francesco ha riformato affinch\u00e9 risponda meglio alle sfide del nostro tempo, ha un nuovo dipartimento. La sua Cattedra, intitolata alla \u201cGaudium et spes\u201d, \u00e8 stata inaugurata il 25 gennaio u.s. e funzioner\u00e0, all\u2019interno dell\u2019Istituto Giovanni Paolo II, accanto alla gi\u00e0 esistente Cattedra \u201cWojtyla\u201d istituita nel 2003.<\/p>\n<p><img loading=\"lazy\" decoding=\"async\" width=\"954\" height=\"1334\" class=\" wp-image-1914 alignleft\" src=\"http:\/\/jp2doc.pl\/it\/wp-content\/uploads\/sites\/3\/2018\/01\/ppp.jpg\" alt=\"\" srcset=\"https:\/\/jp2doc.pl\/it\/wp-content\/uploads\/sites\/3\/2018\/01\/ppp.jpg 954w, https:\/\/jp2doc.pl\/it\/wp-content\/uploads\/sites\/3\/2018\/01\/ppp-458x640.jpg 458w, https:\/\/jp2doc.pl\/it\/wp-content\/uploads\/sites\/3\/2018\/01\/ppp-768x1074.jpg 768w, https:\/\/jp2doc.pl\/it\/wp-content\/uploads\/sites\/3\/2018\/01\/ppp-732x1024.jpg 732w\" sizes=\"auto, (max-width: 954px) 100vw, 954px\" \/>Papa Francesco, nella lettera indirizzata ai partecipanti dell\u2019inaugurazione, ha ricordato che Giovanni Paolo II, fondatore dell\u2019Istituto Teologico, contribu\u00ec significativamente al lavoro dei padri conciliari nella stesura della Costituzione pastorale: \u201cGaudium et spes\u201d, e parecchi temi del magistero di papa Wojtyla si ispirarono ad essa. Francesco ha inoltre sottolineato la particolarit\u00e0 della data dell\u2019inaugurazione della Cattedra. Essa infatti \u00e8 coincisa con la festa liturgica della Conversione dell\u2019apostolo Paolo, giorno in cui, nel 1959, Giovanni XXIII annunci\u00f2 la convocazione del Concilio Ecumenico.<\/p>\n<p>Papa Francesco ha inoltre espresso la speranza che la nuova cattedra sia sempre in prima linea tra le istituzioni che affrontano, con la dovuta saggezza e coraggio, le sfide pastorali collegate alla vita matrimoniale e familiare. Cos\u00ec da essere luogo privilegiato di dialogo fra la teologia pastorale e l\u2019antropologia culturale. Il Papa si augura anche che la cattedra si distingua per l\u2019entusiasmo missionario ed il realismo critico, cos\u00ec da rendere sempre pi\u00f9 efficace la presenza della Chiesa nel vasto e complesso campo della vita matrimoniale e familiare.<\/p>\n<p>Il professor John O\u2019Malley S.J dell\u2019Universit\u00e0 Georgetown di Washington, esperto del Concilio Vaticano II, ha tenuto il discorso inaugurale nel quale ha sottolineato la particolarit\u00e0 del Vaticano II nella storia della Chiesa. Questo Concilio, infatti, si distinse in primis per il suo linguaggio che mirava innanzitutto ad un insegnamento positivo, poi per aver privilegiato la complessa problematica della vita della Chiesa e per il nuovo orientamento pastorale.<\/p>\n<p>Pur continuando la tradizione dogmatica dei precedenti concili, Il Vaticano II si \u00e8 distinto infatti per il coraggio pastorale che si proponeva di rispondere alla nuova prospettiva della fede ed alle moderne preoccupazioni del mondo contemporaneo. Si fu perci\u00f2 obbligati a scendere \u201cdai ghiacciai dell\u2019astrazione\u201d per affrontare concretamente i reali problemi che la gente quotidianamente doveva affrontare.<\/p>\n<p>Il professor O\u2019Malley ha sottolineato inoltre che tale preoccupazione ha animato anche i due recenti Sinodi sulla famiglia, come si evince dall\u2019esortazione apostolica \u201cAmoris laetitia\u201d. Il relatore ha sottolineato anche che oggi le coppie e le famiglie non trovano pi\u00f9 sostegno nella tradizione e nei costumi della societ\u00e0 e nella cultura contemporanea. \u201cPertanto occorre guardare, con intelletto d\u2019amore e con saggio realismo, alla realt\u00e0 del matrimonio e della famiglia, oggi, in tutta la sua complessit\u00e0, nelle sue luci e nelle sue ombre\u201d \u2013 ha detto O\u2019Malley.<\/p>\n<p>La nuova Cattedra sar\u00e0 guidata da <a href=\"http:\/\/jp2doc.pl\/it\/2017\/04\/04\/k-wojtyla-il-rinnovamento-della-chiesa-e-del-mondo-riflessioni-sul-vaticano-ii-1962-1966-ed-g-marengo-a-dobrzynski-watykan-2014\/\">prof. Don Gilfredo Marengo<\/a>, esperto di \u201cantropologia teologica nel Concilio Vaticano II\u201d. A tale proposito, vale la pena menzionare che \u00e8 stato appena pubblicato il suo ultimo libro <em>Chiesa senza storia, storia senza Chiesa<\/em>, nel quale si trovano tracciati i campi di lavoro scientifico della Cattedra \u201cGaudium et spes\u201d.<\/p>\n<p>L\u2019inaugurazione, momento di inizio di un nuovo lavoro, ci offre l\u2019occasione di augurare al personale della Cattedra di contribuire alla divulgazione del Vangelo all\u2019interno del matrimonio e della famiglia, mostrando la profondit\u00e0 e la bellezza, ma soprattutto la gioia che nasce dai rapporti e dall\u2019amore all\u2019interno di una comunit\u00e0 quale \u00e8 la famiglia.<\/p>\n<p><strong>Don Andrzej Dobrzy\u0144ski<\/strong><\/p>\n","protected":false},"excerpt":{"rendered":"<p>Per servire il matrimonio e la famiglia<\/p>\n","protected":false},"author":5,"featured_media":1913,"comment_status":"open","ping_status":"open","sticky":false,"template":"","format":"standard","meta":{"_acf_changed":false,"_exactmetrics_skip_tracking":false,"_exactmetrics_sitenote_active":false,"_exactmetrics_sitenote_note":"","_exactmetrics_sitenote_category":0,"footnotes":""},"categories":[2,13,14],"tags":[35,122,125,123,124],"class_list":["post-1912","post","type-post","status-publish","format-standard","has-post-thumbnail","hentry","category-articoli","category-strona-glowna-najnowsze","category-strona-glowna-slider","tag-amoris-laetitia","tag-cattedra","tag-concili","tag-gaudium-et-spes","tag-marengo"],"acf":[],"yoast_head":"<!-- This site is optimized with the Yoast SEO plugin v26.2 - https:\/\/yoast.com\/wordpress\/plugins\/seo\/ -->\n<title>Cattedra \u201cGaudium et spes\u201d - Centro di Documentazione e Studio del Pontificato di Giovanni Paolo II a Roma<\/title>\n<meta name=\"robots\" content=\"index, follow, max-snippet:-1, max-image-preview:large, max-video-preview:-1\" \/>\n<link rel=\"canonical\" href=\"https:\/\/jp2doc.pl\/it\/2018\/01\/26\/cattedra-gaudium-et-spes\/\" \/>\n<meta property=\"og:locale\" content=\"it_IT\" \/>\n<meta property=\"og:type\" content=\"article\" \/>\n<meta property=\"og:title\" content=\"Cattedra \u201cGaudium et spes\u201d - Centro di Documentazione e Studio del Pontificato di Giovanni Paolo II a Roma\" \/>\n<meta property=\"og:description\" content=\"Per servire il matrimonio e la famiglia\" \/>\n<meta property=\"og:url\" content=\"https:\/\/jp2doc.pl\/it\/2018\/01\/26\/cattedra-gaudium-et-spes\/\" \/>\n<meta property=\"og:site_name\" content=\"Centro di Documentazione e Studio del Pontificato di Giovanni Paolo II a Roma\" \/>\n<meta property=\"article:published_time\" content=\"2018-01-26T16:54:31+00:00\" \/>\n<meta property=\"article:modified_time\" content=\"2018-02-02T20:49:01+00:00\" \/>\n<meta property=\"og:image\" content=\"https:\/\/jp2doc.pl\/it\/wp-content\/uploads\/sites\/3\/2018\/01\/fffff.jpg\" \/>\n\t<meta property=\"og:image:width\" content=\"1319\" \/>\n\t<meta property=\"og:image:height\" content=\"890\" \/>\n\t<meta property=\"og:image:type\" content=\"image\/jpeg\" \/>\n<meta name=\"author\" content=\"juliasercanka\" \/>\n<meta name=\"twitter:card\" content=\"summary_large_image\" \/>\n<meta name=\"twitter:label1\" content=\"Scritto da\" \/>\n\t<meta name=\"twitter:data1\" content=\"juliasercanka\" \/>\n\t<meta name=\"twitter:label2\" content=\"Tempo di lettura stimato\" \/>\n\t<meta name=\"twitter:data2\" content=\"3 minuti\" \/>\n<script type=\"application\/ld+json\" class=\"yoast-schema-graph\">{\"@context\":\"https:\/\/schema.org\",\"@graph\":[{\"@type\":\"Article\",\"@id\":\"https:\/\/jp2doc.pl\/it\/2018\/01\/26\/cattedra-gaudium-et-spes\/#article\",\"isPartOf\":{\"@id\":\"https:\/\/jp2doc.pl\/it\/2018\/01\/26\/cattedra-gaudium-et-spes\/\"},\"author\":{\"name\":\"juliasercanka\",\"@id\":\"https:\/\/jp2doc.pl\/it\/#\/schema\/person\/6110109e80abb51f6fac4824777eabfe\"},\"headline\":\"Cattedra \u201cGaudium et spes\u201d\",\"datePublished\":\"2018-01-26T16:54:31+00:00\",\"dateModified\":\"2018-02-02T20:49:01+00:00\",\"mainEntityOfPage\":{\"@id\":\"https:\/\/jp2doc.pl\/it\/2018\/01\/26\/cattedra-gaudium-et-spes\/\"},\"wordCount\":568,\"commentCount\":0,\"publisher\":{\"@id\":\"https:\/\/jp2doc.pl\/it\/#organization\"},\"image\":{\"@id\":\"https:\/\/jp2doc.pl\/it\/2018\/01\/26\/cattedra-gaudium-et-spes\/#primaryimage\"},\"thumbnailUrl\":\"https:\/\/jp2doc.pl\/it\/wp-content\/uploads\/sites\/3\/2018\/01\/fffff.jpg\",\"keywords\":[\"Amoris laetitia\",\"cattedra\",\"concili\",\"Gaudium et spes\",\"Marengo\"],\"articleSection\":[\"Articoli\",\"Strona g\u0142\u00f3wna - najnowsze\",\"Strona g\u0142\u00f3wna - slider\"],\"inLanguage\":\"it-IT\",\"potentialAction\":[{\"@type\":\"CommentAction\",\"name\":\"Comment\",\"target\":[\"https:\/\/jp2doc.pl\/it\/2018\/01\/26\/cattedra-gaudium-et-spes\/#respond\"]}]},{\"@type\":\"WebPage\",\"@id\":\"https:\/\/jp2doc.pl\/it\/2018\/01\/26\/cattedra-gaudium-et-spes\/\",\"url\":\"https:\/\/jp2doc.pl\/it\/2018\/01\/26\/cattedra-gaudium-et-spes\/\",\"name\":\"Cattedra \u201cGaudium et spes\u201d - Centro di Documentazione e Studio del Pontificato di Giovanni Paolo II a Roma\",\"isPartOf\":{\"@id\":\"https:\/\/jp2doc.pl\/it\/#website\"},\"primaryImageOfPage\":{\"@id\":\"https:\/\/jp2doc.pl\/it\/2018\/01\/26\/cattedra-gaudium-et-spes\/#primaryimage\"},\"image\":{\"@id\":\"https:\/\/jp2doc.pl\/it\/2018\/01\/26\/cattedra-gaudium-et-spes\/#primaryimage\"},\"thumbnailUrl\":\"https:\/\/jp2doc.pl\/it\/wp-content\/uploads\/sites\/3\/2018\/01\/fffff.jpg\",\"datePublished\":\"2018-01-26T16:54:31+00:00\",\"dateModified\":\"2018-02-02T20:49:01+00:00\",\"breadcrumb\":{\"@id\":\"https:\/\/jp2doc.pl\/it\/2018\/01\/26\/cattedra-gaudium-et-spes\/#breadcrumb\"},\"inLanguage\":\"it-IT\",\"potentialAction\":[{\"@type\":\"ReadAction\",\"target\":[\"https:\/\/jp2doc.pl\/it\/2018\/01\/26\/cattedra-gaudium-et-spes\/\"]}]},{\"@type\":\"ImageObject\",\"inLanguage\":\"it-IT\",\"@id\":\"https:\/\/jp2doc.pl\/it\/2018\/01\/26\/cattedra-gaudium-et-spes\/#primaryimage\",\"url\":\"https:\/\/jp2doc.pl\/it\/wp-content\/uploads\/sites\/3\/2018\/01\/fffff.jpg\",\"contentUrl\":\"https:\/\/jp2doc.pl\/it\/wp-content\/uploads\/sites\/3\/2018\/01\/fffff.jpg\",\"width\":1319,\"height\":890},{\"@type\":\"BreadcrumbList\",\"@id\":\"https:\/\/jp2doc.pl\/it\/2018\/01\/26\/cattedra-gaudium-et-spes\/#breadcrumb\",\"itemListElement\":[{\"@type\":\"ListItem\",\"position\":1,\"name\":\"Home\",\"item\":\"https:\/\/jp2doc.pl\/it\/\"},{\"@type\":\"ListItem\",\"position\":2,\"name\":\"Cattedra \u201cGaudium et spes\u201d\"}]},{\"@type\":\"WebSite\",\"@id\":\"https:\/\/jp2doc.pl\/it\/#website\",\"url\":\"https:\/\/jp2doc.pl\/it\/\",\"name\":\"Centro di Documentazione e Studio del Pontificato di Giovanni Paolo II a Roma\",\"description\":\"\",\"publisher\":{\"@id\":\"https:\/\/jp2doc.pl\/it\/#organization\"},\"potentialAction\":[{\"@type\":\"SearchAction\",\"target\":{\"@type\":\"EntryPoint\",\"urlTemplate\":\"https:\/\/jp2doc.pl\/it\/?s={search_term_string}\"},\"query-input\":{\"@type\":\"PropertyValueSpecification\",\"valueRequired\":true,\"valueName\":\"search_term_string\"}}],\"inLanguage\":\"it-IT\"},{\"@type\":\"Organization\",\"@id\":\"https:\/\/jp2doc.pl\/it\/#organization\",\"name\":\"Centro di Documentazione e Studio del Pontificato di Giovanni Paolo II a Roma\",\"url\":\"https:\/\/jp2doc.pl\/it\/\",\"logo\":{\"@type\":\"ImageObject\",\"inLanguage\":\"it-IT\",\"@id\":\"https:\/\/jp2doc.pl\/it\/#\/schema\/logo\/image\/\",\"url\":\"https:\/\/jp2doc.pl\/it\/wp-content\/uploads\/sites\/3\/2017\/03\/cropped-logo.png\",\"contentUrl\":\"https:\/\/jp2doc.pl\/it\/wp-content\/uploads\/sites\/3\/2017\/03\/cropped-logo.png\",\"width\":115,\"height\":115,\"caption\":\"Centro di Documentazione e Studio del Pontificato di Giovanni Paolo II a Roma\"},\"image\":{\"@id\":\"https:\/\/jp2doc.pl\/it\/#\/schema\/logo\/image\/\"}},{\"@type\":\"Person\",\"@id\":\"https:\/\/jp2doc.pl\/it\/#\/schema\/person\/6110109e80abb51f6fac4824777eabfe\",\"name\":\"juliasercanka\",\"image\":{\"@type\":\"ImageObject\",\"inLanguage\":\"it-IT\",\"@id\":\"https:\/\/jp2doc.pl\/it\/#\/schema\/person\/image\/\",\"url\":\"https:\/\/secure.gravatar.com\/avatar\/266a66e864556e22d55d61b6b10c97fab9060767b738564bcd109f3997e372bc?s=96&d=mm&r=g\",\"contentUrl\":\"https:\/\/secure.gravatar.com\/avatar\/266a66e864556e22d55d61b6b10c97fab9060767b738564bcd109f3997e372bc?s=96&d=mm&r=g\",\"caption\":\"juliasercanka\"},\"url\":\"https:\/\/jp2doc.pl\/it\/author\/juliasercanka\/\"}]}<\/script>\n<!-- \/ Yoast SEO plugin. -->","yoast_head_json":{"title":"Cattedra \u201cGaudium et spes\u201d - Centro di Documentazione e Studio del Pontificato di Giovanni Paolo II a Roma","robots":{"index":"index","follow":"follow","max-snippet":"max-snippet:-1","max-image-preview":"max-image-preview:large","max-video-preview":"max-video-preview:-1"},"canonical":"https:\/\/jp2doc.pl\/it\/2018\/01\/26\/cattedra-gaudium-et-spes\/","og_locale":"it_IT","og_type":"article","og_title":"Cattedra \u201cGaudium et spes\u201d - Centro di Documentazione e Studio del Pontificato di Giovanni Paolo II a Roma","og_description":"Per servire il matrimonio e la famiglia","og_url":"https:\/\/jp2doc.pl\/it\/2018\/01\/26\/cattedra-gaudium-et-spes\/","og_site_name":"Centro di Documentazione e Studio del Pontificato di Giovanni Paolo II a Roma","article_published_time":"2018-01-26T16:54:31+00:00","article_modified_time":"2018-02-02T20:49:01+00:00","og_image":[{"width":1319,"height":890,"url":"https:\/\/jp2doc.pl\/it\/wp-content\/uploads\/sites\/3\/2018\/01\/fffff.jpg","type":"image\/jpeg"}],"author":"juliasercanka","twitter_card":"summary_large_image","twitter_misc":{"Scritto da":"juliasercanka","Tempo di lettura stimato":"3 minuti"},"schema":{"@context":"https:\/\/schema.org","@graph":[{"@type":"Article","@id":"https:\/\/jp2doc.pl\/it\/2018\/01\/26\/cattedra-gaudium-et-spes\/#article","isPartOf":{"@id":"https:\/\/jp2doc.pl\/it\/2018\/01\/26\/cattedra-gaudium-et-spes\/"},"author":{"name":"juliasercanka","@id":"https:\/\/jp2doc.pl\/it\/#\/schema\/person\/6110109e80abb51f6fac4824777eabfe"},"headline":"Cattedra \u201cGaudium et spes\u201d","datePublished":"2018-01-26T16:54:31+00:00","dateModified":"2018-02-02T20:49:01+00:00","mainEntityOfPage":{"@id":"https:\/\/jp2doc.pl\/it\/2018\/01\/26\/cattedra-gaudium-et-spes\/"},"wordCount":568,"commentCount":0,"publisher":{"@id":"https:\/\/jp2doc.pl\/it\/#organization"},"image":{"@id":"https:\/\/jp2doc.pl\/it\/2018\/01\/26\/cattedra-gaudium-et-spes\/#primaryimage"},"thumbnailUrl":"https:\/\/jp2doc.pl\/it\/wp-content\/uploads\/sites\/3\/2018\/01\/fffff.jpg","keywords":["Amoris laetitia","cattedra","concili","Gaudium et spes","Marengo"],"articleSection":["Articoli","Strona g\u0142\u00f3wna - najnowsze","Strona g\u0142\u00f3wna - slider"],"inLanguage":"it-IT","potentialAction":[{"@type":"CommentAction","name":"Comment","target":["https:\/\/jp2doc.pl\/it\/2018\/01\/26\/cattedra-gaudium-et-spes\/#respond"]}]},{"@type":"WebPage","@id":"https:\/\/jp2doc.pl\/it\/2018\/01\/26\/cattedra-gaudium-et-spes\/","url":"https:\/\/jp2doc.pl\/it\/2018\/01\/26\/cattedra-gaudium-et-spes\/","name":"Cattedra \u201cGaudium et spes\u201d - Centro di Documentazione e Studio del Pontificato di Giovanni Paolo II a Roma","isPartOf":{"@id":"https:\/\/jp2doc.pl\/it\/#website"},"primaryImageOfPage":{"@id":"https:\/\/jp2doc.pl\/it\/2018\/01\/26\/cattedra-gaudium-et-spes\/#primaryimage"},"image":{"@id":"https:\/\/jp2doc.pl\/it\/2018\/01\/26\/cattedra-gaudium-et-spes\/#primaryimage"},"thumbnailUrl":"https:\/\/jp2doc.pl\/it\/wp-content\/uploads\/sites\/3\/2018\/01\/fffff.jpg","datePublished":"2018-01-26T16:54:31+00:00","dateModified":"2018-02-02T20:49:01+00:00","breadcrumb":{"@id":"https:\/\/jp2doc.pl\/it\/2018\/01\/26\/cattedra-gaudium-et-spes\/#breadcrumb"},"inLanguage":"it-IT","potentialAction":[{"@type":"ReadAction","target":["https:\/\/jp2doc.pl\/it\/2018\/01\/26\/cattedra-gaudium-et-spes\/"]}]},{"@type":"ImageObject","inLanguage":"it-IT","@id":"https:\/\/jp2doc.pl\/it\/2018\/01\/26\/cattedra-gaudium-et-spes\/#primaryimage","url":"https:\/\/jp2doc.pl\/it\/wp-content\/uploads\/sites\/3\/2018\/01\/fffff.jpg","contentUrl":"https:\/\/jp2doc.pl\/it\/wp-content\/uploads\/sites\/3\/2018\/01\/fffff.jpg","width":1319,"height":890},{"@type":"BreadcrumbList","@id":"https:\/\/jp2doc.pl\/it\/2018\/01\/26\/cattedra-gaudium-et-spes\/#breadcrumb","itemListElement":[{"@type":"ListItem","position":1,"name":"Home","item":"https:\/\/jp2doc.pl\/it\/"},{"@type":"ListItem","position":2,"name":"Cattedra \u201cGaudium et spes\u201d"}]},{"@type":"WebSite","@id":"https:\/\/jp2doc.pl\/it\/#website","url":"https:\/\/jp2doc.pl\/it\/","name":"Centro di Documentazione e Studio del Pontificato di Giovanni Paolo II a Roma","description":"","publisher":{"@id":"https:\/\/jp2doc.pl\/it\/#organization"},"potentialAction":[{"@type":"SearchAction","target":{"@type":"EntryPoint","urlTemplate":"https:\/\/jp2doc.pl\/it\/?s={search_term_string}"},"query-input":{"@type":"PropertyValueSpecification","valueRequired":true,"valueName":"search_term_string"}}],"inLanguage":"it-IT"},{"@type":"Organization","@id":"https:\/\/jp2doc.pl\/it\/#organization","name":"Centro di Documentazione e Studio del Pontificato di Giovanni Paolo II a Roma","url":"https:\/\/jp2doc.pl\/it\/","logo":{"@type":"ImageObject","inLanguage":"it-IT","@id":"https:\/\/jp2doc.pl\/it\/#\/schema\/logo\/image\/","url":"https:\/\/jp2doc.pl\/it\/wp-content\/uploads\/sites\/3\/2017\/03\/cropped-logo.png","contentUrl":"https:\/\/jp2doc.pl\/it\/wp-content\/uploads\/sites\/3\/2017\/03\/cropped-logo.png","width":115,"height":115,"caption":"Centro di Documentazione e Studio del Pontificato di Giovanni Paolo II a Roma"},"image":{"@id":"https:\/\/jp2doc.pl\/it\/#\/schema\/logo\/image\/"}},{"@type":"Person","@id":"https:\/\/jp2doc.pl\/it\/#\/schema\/person\/6110109e80abb51f6fac4824777eabfe","name":"juliasercanka","image":{"@type":"ImageObject","inLanguage":"it-IT","@id":"https:\/\/jp2doc.pl\/it\/#\/schema\/person\/image\/","url":"https:\/\/secure.gravatar.com\/avatar\/266a66e864556e22d55d61b6b10c97fab9060767b738564bcd109f3997e372bc?s=96&d=mm&r=g","contentUrl":"https:\/\/secure.gravatar.com\/avatar\/266a66e864556e22d55d61b6b10c97fab9060767b738564bcd109f3997e372bc?s=96&d=mm&r=g","caption":"juliasercanka"},"url":"https:\/\/jp2doc.pl\/it\/author\/juliasercanka\/"}]}},"_links":{"self":[{"href":"https:\/\/jp2doc.pl\/it\/wp-json\/wp\/v2\/posts\/1912","targetHints":{"allow":["GET"]}}],"collection":[{"href":"https:\/\/jp2doc.pl\/it\/wp-json\/wp\/v2\/posts"}],"about":[{"href":"https:\/\/jp2doc.pl\/it\/wp-json\/wp\/v2\/types\/post"}],"author":[{"embeddable":true,"href":"https:\/\/jp2doc.pl\/it\/wp-json\/wp\/v2\/users\/5"}],"replies":[{"embeddable":true,"href":"https:\/\/jp2doc.pl\/it\/wp-json\/wp\/v2\/comments?post=1912"}],"version-history":[{"count":8,"href":"https:\/\/jp2doc.pl\/it\/wp-json\/wp\/v2\/posts\/1912\/revisions"}],"predecessor-version":[{"id":1926,"href":"https:\/\/jp2doc.pl\/it\/wp-json\/wp\/v2\/posts\/1912\/revisions\/1926"}],"wp:featuredmedia":[{"embeddable":true,"href":"https:\/\/jp2doc.pl\/it\/wp-json\/wp\/v2\/media\/1913"}],"wp:attachment":[{"href":"https:\/\/jp2doc.pl\/it\/wp-json\/wp\/v2\/media?parent=1912"}],"wp:term":[{"taxonomy":"category","embeddable":true,"href":"https:\/\/jp2doc.pl\/it\/wp-json\/wp\/v2\/categories?post=1912"},{"taxonomy":"post_tag","embeddable":true,"href":"https:\/\/jp2doc.pl\/it\/wp-json\/wp\/v2\/tags?post=1912"}],"curies":[{"name":"wp","href":"https:\/\/api.w.org\/{rel}","templated":true}]}}