{"id":1922,"date":"2018-01-26T20:04:08","date_gmt":"2018-01-26T19:04:08","guid":{"rendered":"http:\/\/jp2doc.pl\/it\/?p=1922"},"modified":"2018-01-26T20:04:08","modified_gmt":"2018-01-26T19:04:08","slug":"abbiamo-una-fede-forte","status":"publish","type":"post","link":"https:\/\/jp2doc.pl\/it\/2018\/01\/26\/abbiamo-una-fede-forte\/","title":{"rendered":"Abbiamo una fede forte?"},"content":{"rendered":"<p>Rif.:<em> Dt 18,15-20; Sal 94\/95,1-2; 6-9; 1Cor 7,32-35; Mc 1,21-28<\/em><\/p>\n<p>Il popolo, terrorizzato dalla potente manifestazione divina sul Sinai, dove si erano scatenati fulmini e boati di tuoni spaventosi, aveva chiesto che fosse scelto un uomo che parlasse con Dio cos\u00ec da essere risparmiati da tanto terrore. Dio acconsente, ci sar\u00e0 un profeta grande come Mos\u00e8, al quale Dio porr\u00e0 in bocca le sue parole e gli comander\u00e0 cosa dire. Comincia cos\u00ec l\u2019attesa messianica di Israele e Ges\u00f9 mostrer\u00e0, con le parole e le opere, di essere Lui l\u2019Atteso e l\u2019Inviato, anzi di essere il Figlio di Dio.<\/p>\n<h5><strong>Profeti, uomini mandati da Dio<\/strong><\/h5>\n<p>Le letture ci introducono in questo modo nel tema del profetismo che ha accompagnato per secoli la storia di Israele fino alla venuta di Cristo. Quasi sempre rifiutati e perseguitati dal popolo, i profeti erano incaricati di trasmettere la Parola di Dio. Figura di rilievo, il profeta aveva innanzitutto il compito di parlare in nome di Dio, di richiamare il popolo e guidarlo sulla via dell\u2019obbedienza, dell\u2019osservanza dei precetti e della sincerit\u00e0 del culto.<br \/>\nLa sua figura era testimonianza della costante presenza, preoccupazione e amore di Dio per il suo popolo. Spesso annunciava il castigo e l\u2019ira divina, ma ancor pi\u00f9 spesso prometteva misericordia, riscatto e salvezza.<\/p>\n<h5><strong>Il pi\u00f9 grande profeta \u2013 il Santo di Dio<\/strong><\/h5>\n<p>Ges\u00f9 segna la fine del profetismo, Egli viene nel mondo con l\u2019autorit\u00e0, la compassione e l\u2019amore di Figlio di Dio. Lo dimostra il suo insegnamento autorevole che non ha bisogno di citazioni o di rifarsi ad altri, ma scaturisce dalla profondit\u00e0 del suo essere unito al Padre in corrispondenza di volont\u00e0 e sentimenti. Lo dimostrano le sue opere mirate a liberare e sanare l\u2019uomo dal male. Ed \u00e8 l\u2019odierno episodio del Vangelo a dirci tutto questo.<br \/>\nGes\u00f9 si trova a Caf\u00e0rnao dove ha inizio la sua missione terrena. Nella sinagoga dove \u00e8 entrato a pregare con gli altri, parla con un\u2019autorit\u00e0 che stupisce i presenti, ma un grido rompe il silenzio: \u201csei venuto a rovinarci&#8230; io so chi tu sei: il Santo di Dio\u201d. Lo spirito immondo parla al plurale, egli \u00e8 portavoce di tutti gli altri e mostra di conoscere quell\u2019Uomo molto meglio di tutti i presenti e dei suoi stessi discepoli, quell\u2019Uomo \u00e8 \u201cil Santo di Dio\u201d. Ma Ges\u00f9 non accetta una testimonianza che viene dal male: \u201cTaci!\u201d. Le sue parole attuano all\u2019istante ci\u00f2 che comandano \u201ce lo spirito immondo straziandolo e gridando forte, usc\u00ec da lui\u201d.<\/p>\n<h5><strong>Chiamati a essere collaboratori di Ges\u00f9<\/strong><\/h5>\n<p>L\u2019evangelista Marco ci presenta cos\u00ec gli inizi della missione di Cristo sulla terra. Venuto per la nostra salvezza la sua prima preoccupazione \u00e8 stata quella di scegliersi degli Apostoli perch\u00e9 continuassero la sua opera nel tempo, la loro formazione nascer\u00e0 dalla vita vissuta insieme a Cristo, dall\u2019averlo ascoltato, accompagnato, abbandonato e poi tornati per testimoniare con il martirio e la morte la loro fede e devozione in Lui.<br \/>\nUna fede forte quella degli Apostoli che sollecita anche noi ad aver fede in Colui che \u00e8 venuto a portare al mondo una nuova legge, la sola capace di liberarci dai legami del male quali l\u2019orgoglio, l\u2019odio, l\u2019invidia, la malevolenza, dell\u2019impurit\u00e0.<br \/>\nE\u2019 la legge dell\u2019amore gratuito, del perdono incondizionato, della preghiera fatta anche per i persecutori, i nemici, le persone sgradevoli o antipatiche. E\u2019 la legge che ci spinge a farci prossimo di chi ha bisogno di aiuto, di un bicchiere d\u2019acqua o solo di un sorriso, \u00e8 la legge che proclama una giustizia sociale fatta di un unico comandamento: riconoscere ad ogni uomo la dignit\u00e0 di amato da Dio e redento da Cristo.<br \/>\nUna legge da osservare con l\u2019impegno quotidiano, ma \u00e8 la sola che ci consente di \u201ccomportarci degnamente e restare fedeli al Signore, senza deviazioni\u201d (cfr. II lett.).<\/p>\n<p><strong>L.R.<\/strong><\/p>\n","protected":false},"excerpt":{"rendered":"<p>IV Domenica del Tempo Ordinario<\/p>\n","protected":false},"author":5,"featured_media":1923,"comment_status":"open","ping_status":"open","sticky":false,"template":"","format":"standard","meta":{"_acf_changed":false,"_exactmetrics_skip_tracking":false,"_exactmetrics_sitenote_active":false,"_exactmetrics_sitenote_note":"","_exactmetrics_sitenote_category":0,"footnotes":""},"categories":[4,13,14],"tags":[39,126,127,49,40],"class_list":["post-1922","post","type-post","status-publish","format-standard","has-post-thumbnail","hentry","category-blog","category-strona-glowna-najnowsze","category-strona-glowna-slider","tag-commento","tag-iv-domenica","tag-profeta","tag-tempo-ordinario","tag-vangelo"],"acf":[],"yoast_head":"<!-- This site is optimized with the Yoast SEO plugin v26.2 - https:\/\/yoast.com\/wordpress\/plugins\/seo\/ -->\n<title>Abbiamo una fede forte? - Centro di Documentazione e Studio del Pontificato di Giovanni Paolo II a Roma<\/title>\n<meta name=\"robots\" content=\"index, follow, max-snippet:-1, max-image-preview:large, max-video-preview:-1\" \/>\n<link rel=\"canonical\" href=\"https:\/\/jp2doc.pl\/it\/2018\/01\/26\/abbiamo-una-fede-forte\/\" \/>\n<meta property=\"og:locale\" content=\"it_IT\" \/>\n<meta property=\"og:type\" content=\"article\" \/>\n<meta property=\"og:title\" content=\"Abbiamo una fede forte? - Centro di Documentazione e Studio del Pontificato di Giovanni Paolo II a Roma\" \/>\n<meta property=\"og:description\" content=\"IV Domenica del Tempo Ordinario\" \/>\n<meta property=\"og:url\" content=\"https:\/\/jp2doc.pl\/it\/2018\/01\/26\/abbiamo-una-fede-forte\/\" \/>\n<meta property=\"og:site_name\" content=\"Centro di Documentazione e Studio del Pontificato di Giovanni Paolo II a Roma\" \/>\n<meta property=\"article:published_time\" content=\"2018-01-26T19:04:08+00:00\" \/>\n<meta property=\"og:image\" content=\"https:\/\/jp2doc.pl\/it\/wp-content\/uploads\/sites\/3\/2018\/01\/Dollarphotoclub_93053857.jpg\" \/>\n\t<meta property=\"og:image:width\" content=\"1702\" \/>\n\t<meta property=\"og:image:height\" content=\"1135\" \/>\n\t<meta property=\"og:image:type\" content=\"image\/jpeg\" \/>\n<meta name=\"author\" content=\"juliasercanka\" \/>\n<meta name=\"twitter:card\" content=\"summary_large_image\" \/>\n<meta name=\"twitter:label1\" content=\"Scritto da\" \/>\n\t<meta name=\"twitter:data1\" content=\"juliasercanka\" \/>\n\t<meta name=\"twitter:label2\" content=\"Tempo di lettura stimato\" \/>\n\t<meta name=\"twitter:data2\" content=\"3 minuti\" \/>\n<script type=\"application\/ld+json\" class=\"yoast-schema-graph\">{\"@context\":\"https:\/\/schema.org\",\"@graph\":[{\"@type\":\"Article\",\"@id\":\"https:\/\/jp2doc.pl\/it\/2018\/01\/26\/abbiamo-una-fede-forte\/#article\",\"isPartOf\":{\"@id\":\"https:\/\/jp2doc.pl\/it\/2018\/01\/26\/abbiamo-una-fede-forte\/\"},\"author\":{\"name\":\"juliasercanka\",\"@id\":\"https:\/\/jp2doc.pl\/it\/#\/schema\/person\/6110109e80abb51f6fac4824777eabfe\"},\"headline\":\"Abbiamo una fede forte?\",\"datePublished\":\"2018-01-26T19:04:08+00:00\",\"mainEntityOfPage\":{\"@id\":\"https:\/\/jp2doc.pl\/it\/2018\/01\/26\/abbiamo-una-fede-forte\/\"},\"wordCount\":644,\"commentCount\":0,\"publisher\":{\"@id\":\"https:\/\/jp2doc.pl\/it\/#organization\"},\"image\":{\"@id\":\"https:\/\/jp2doc.pl\/it\/2018\/01\/26\/abbiamo-una-fede-forte\/#primaryimage\"},\"thumbnailUrl\":\"https:\/\/jp2doc.pl\/it\/wp-content\/uploads\/sites\/3\/2018\/01\/Dollarphotoclub_93053857.jpg\",\"keywords\":[\"commento\",\"IV domenica\",\"profeta\",\"tempo ordinario\",\"vangelo\"],\"articleSection\":[\"Blog\",\"Strona g\u0142\u00f3wna - najnowsze\",\"Strona g\u0142\u00f3wna - slider\"],\"inLanguage\":\"it-IT\",\"potentialAction\":[{\"@type\":\"CommentAction\",\"name\":\"Comment\",\"target\":[\"https:\/\/jp2doc.pl\/it\/2018\/01\/26\/abbiamo-una-fede-forte\/#respond\"]}]},{\"@type\":\"WebPage\",\"@id\":\"https:\/\/jp2doc.pl\/it\/2018\/01\/26\/abbiamo-una-fede-forte\/\",\"url\":\"https:\/\/jp2doc.pl\/it\/2018\/01\/26\/abbiamo-una-fede-forte\/\",\"name\":\"Abbiamo una fede forte? - Centro di Documentazione e Studio del Pontificato di Giovanni Paolo II a Roma\",\"isPartOf\":{\"@id\":\"https:\/\/jp2doc.pl\/it\/#website\"},\"primaryImageOfPage\":{\"@id\":\"https:\/\/jp2doc.pl\/it\/2018\/01\/26\/abbiamo-una-fede-forte\/#primaryimage\"},\"image\":{\"@id\":\"https:\/\/jp2doc.pl\/it\/2018\/01\/26\/abbiamo-una-fede-forte\/#primaryimage\"},\"thumbnailUrl\":\"https:\/\/jp2doc.pl\/it\/wp-content\/uploads\/sites\/3\/2018\/01\/Dollarphotoclub_93053857.jpg\",\"datePublished\":\"2018-01-26T19:04:08+00:00\",\"breadcrumb\":{\"@id\":\"https:\/\/jp2doc.pl\/it\/2018\/01\/26\/abbiamo-una-fede-forte\/#breadcrumb\"},\"inLanguage\":\"it-IT\",\"potentialAction\":[{\"@type\":\"ReadAction\",\"target\":[\"https:\/\/jp2doc.pl\/it\/2018\/01\/26\/abbiamo-una-fede-forte\/\"]}]},{\"@type\":\"ImageObject\",\"inLanguage\":\"it-IT\",\"@id\":\"https:\/\/jp2doc.pl\/it\/2018\/01\/26\/abbiamo-una-fede-forte\/#primaryimage\",\"url\":\"https:\/\/jp2doc.pl\/it\/wp-content\/uploads\/sites\/3\/2018\/01\/Dollarphotoclub_93053857.jpg\",\"contentUrl\":\"https:\/\/jp2doc.pl\/it\/wp-content\/uploads\/sites\/3\/2018\/01\/Dollarphotoclub_93053857.jpg\",\"width\":1702,\"height\":1135,\"caption\":\"ancient sacred the unwrapped Torah scroll silver\"},{\"@type\":\"BreadcrumbList\",\"@id\":\"https:\/\/jp2doc.pl\/it\/2018\/01\/26\/abbiamo-una-fede-forte\/#breadcrumb\",\"itemListElement\":[{\"@type\":\"ListItem\",\"position\":1,\"name\":\"Home\",\"item\":\"https:\/\/jp2doc.pl\/it\/\"},{\"@type\":\"ListItem\",\"position\":2,\"name\":\"Abbiamo una fede forte?\"}]},{\"@type\":\"WebSite\",\"@id\":\"https:\/\/jp2doc.pl\/it\/#website\",\"url\":\"https:\/\/jp2doc.pl\/it\/\",\"name\":\"Centro di Documentazione e Studio del Pontificato di Giovanni Paolo II a Roma\",\"description\":\"\",\"publisher\":{\"@id\":\"https:\/\/jp2doc.pl\/it\/#organization\"},\"potentialAction\":[{\"@type\":\"SearchAction\",\"target\":{\"@type\":\"EntryPoint\",\"urlTemplate\":\"https:\/\/jp2doc.pl\/it\/?s={search_term_string}\"},\"query-input\":{\"@type\":\"PropertyValueSpecification\",\"valueRequired\":true,\"valueName\":\"search_term_string\"}}],\"inLanguage\":\"it-IT\"},{\"@type\":\"Organization\",\"@id\":\"https:\/\/jp2doc.pl\/it\/#organization\",\"name\":\"Centro di Documentazione e Studio del Pontificato di Giovanni Paolo II a Roma\",\"url\":\"https:\/\/jp2doc.pl\/it\/\",\"logo\":{\"@type\":\"ImageObject\",\"inLanguage\":\"it-IT\",\"@id\":\"https:\/\/jp2doc.pl\/it\/#\/schema\/logo\/image\/\",\"url\":\"https:\/\/jp2doc.pl\/it\/wp-content\/uploads\/sites\/3\/2017\/03\/cropped-logo.png\",\"contentUrl\":\"https:\/\/jp2doc.pl\/it\/wp-content\/uploads\/sites\/3\/2017\/03\/cropped-logo.png\",\"width\":115,\"height\":115,\"caption\":\"Centro di Documentazione e Studio del Pontificato di Giovanni Paolo II a Roma\"},\"image\":{\"@id\":\"https:\/\/jp2doc.pl\/it\/#\/schema\/logo\/image\/\"}},{\"@type\":\"Person\",\"@id\":\"https:\/\/jp2doc.pl\/it\/#\/schema\/person\/6110109e80abb51f6fac4824777eabfe\",\"name\":\"juliasercanka\",\"image\":{\"@type\":\"ImageObject\",\"inLanguage\":\"it-IT\",\"@id\":\"https:\/\/jp2doc.pl\/it\/#\/schema\/person\/image\/\",\"url\":\"https:\/\/secure.gravatar.com\/avatar\/266a66e864556e22d55d61b6b10c97fab9060767b738564bcd109f3997e372bc?s=96&d=mm&r=g\",\"contentUrl\":\"https:\/\/secure.gravatar.com\/avatar\/266a66e864556e22d55d61b6b10c97fab9060767b738564bcd109f3997e372bc?s=96&d=mm&r=g\",\"caption\":\"juliasercanka\"},\"url\":\"https:\/\/jp2doc.pl\/it\/author\/juliasercanka\/\"}]}<\/script>\n<!-- \/ Yoast SEO plugin. -->","yoast_head_json":{"title":"Abbiamo una fede forte? - Centro di Documentazione e Studio del Pontificato di Giovanni Paolo II a Roma","robots":{"index":"index","follow":"follow","max-snippet":"max-snippet:-1","max-image-preview":"max-image-preview:large","max-video-preview":"max-video-preview:-1"},"canonical":"https:\/\/jp2doc.pl\/it\/2018\/01\/26\/abbiamo-una-fede-forte\/","og_locale":"it_IT","og_type":"article","og_title":"Abbiamo una fede forte? - Centro di Documentazione e Studio del Pontificato di Giovanni Paolo II a Roma","og_description":"IV Domenica del Tempo Ordinario","og_url":"https:\/\/jp2doc.pl\/it\/2018\/01\/26\/abbiamo-una-fede-forte\/","og_site_name":"Centro di Documentazione e Studio del Pontificato di Giovanni Paolo II a Roma","article_published_time":"2018-01-26T19:04:08+00:00","og_image":[{"width":1702,"height":1135,"url":"https:\/\/jp2doc.pl\/it\/wp-content\/uploads\/sites\/3\/2018\/01\/Dollarphotoclub_93053857.jpg","type":"image\/jpeg"}],"author":"juliasercanka","twitter_card":"summary_large_image","twitter_misc":{"Scritto da":"juliasercanka","Tempo di lettura stimato":"3 minuti"},"schema":{"@context":"https:\/\/schema.org","@graph":[{"@type":"Article","@id":"https:\/\/jp2doc.pl\/it\/2018\/01\/26\/abbiamo-una-fede-forte\/#article","isPartOf":{"@id":"https:\/\/jp2doc.pl\/it\/2018\/01\/26\/abbiamo-una-fede-forte\/"},"author":{"name":"juliasercanka","@id":"https:\/\/jp2doc.pl\/it\/#\/schema\/person\/6110109e80abb51f6fac4824777eabfe"},"headline":"Abbiamo una fede forte?","datePublished":"2018-01-26T19:04:08+00:00","mainEntityOfPage":{"@id":"https:\/\/jp2doc.pl\/it\/2018\/01\/26\/abbiamo-una-fede-forte\/"},"wordCount":644,"commentCount":0,"publisher":{"@id":"https:\/\/jp2doc.pl\/it\/#organization"},"image":{"@id":"https:\/\/jp2doc.pl\/it\/2018\/01\/26\/abbiamo-una-fede-forte\/#primaryimage"},"thumbnailUrl":"https:\/\/jp2doc.pl\/it\/wp-content\/uploads\/sites\/3\/2018\/01\/Dollarphotoclub_93053857.jpg","keywords":["commento","IV domenica","profeta","tempo ordinario","vangelo"],"articleSection":["Blog","Strona g\u0142\u00f3wna - najnowsze","Strona g\u0142\u00f3wna - slider"],"inLanguage":"it-IT","potentialAction":[{"@type":"CommentAction","name":"Comment","target":["https:\/\/jp2doc.pl\/it\/2018\/01\/26\/abbiamo-una-fede-forte\/#respond"]}]},{"@type":"WebPage","@id":"https:\/\/jp2doc.pl\/it\/2018\/01\/26\/abbiamo-una-fede-forte\/","url":"https:\/\/jp2doc.pl\/it\/2018\/01\/26\/abbiamo-una-fede-forte\/","name":"Abbiamo una fede forte? - Centro di Documentazione e Studio del Pontificato di Giovanni Paolo II a Roma","isPartOf":{"@id":"https:\/\/jp2doc.pl\/it\/#website"},"primaryImageOfPage":{"@id":"https:\/\/jp2doc.pl\/it\/2018\/01\/26\/abbiamo-una-fede-forte\/#primaryimage"},"image":{"@id":"https:\/\/jp2doc.pl\/it\/2018\/01\/26\/abbiamo-una-fede-forte\/#primaryimage"},"thumbnailUrl":"https:\/\/jp2doc.pl\/it\/wp-content\/uploads\/sites\/3\/2018\/01\/Dollarphotoclub_93053857.jpg","datePublished":"2018-01-26T19:04:08+00:00","breadcrumb":{"@id":"https:\/\/jp2doc.pl\/it\/2018\/01\/26\/abbiamo-una-fede-forte\/#breadcrumb"},"inLanguage":"it-IT","potentialAction":[{"@type":"ReadAction","target":["https:\/\/jp2doc.pl\/it\/2018\/01\/26\/abbiamo-una-fede-forte\/"]}]},{"@type":"ImageObject","inLanguage":"it-IT","@id":"https:\/\/jp2doc.pl\/it\/2018\/01\/26\/abbiamo-una-fede-forte\/#primaryimage","url":"https:\/\/jp2doc.pl\/it\/wp-content\/uploads\/sites\/3\/2018\/01\/Dollarphotoclub_93053857.jpg","contentUrl":"https:\/\/jp2doc.pl\/it\/wp-content\/uploads\/sites\/3\/2018\/01\/Dollarphotoclub_93053857.jpg","width":1702,"height":1135,"caption":"ancient sacred the unwrapped Torah scroll silver"},{"@type":"BreadcrumbList","@id":"https:\/\/jp2doc.pl\/it\/2018\/01\/26\/abbiamo-una-fede-forte\/#breadcrumb","itemListElement":[{"@type":"ListItem","position":1,"name":"Home","item":"https:\/\/jp2doc.pl\/it\/"},{"@type":"ListItem","position":2,"name":"Abbiamo una fede forte?"}]},{"@type":"WebSite","@id":"https:\/\/jp2doc.pl\/it\/#website","url":"https:\/\/jp2doc.pl\/it\/","name":"Centro di Documentazione e Studio del Pontificato di Giovanni Paolo II a Roma","description":"","publisher":{"@id":"https:\/\/jp2doc.pl\/it\/#organization"},"potentialAction":[{"@type":"SearchAction","target":{"@type":"EntryPoint","urlTemplate":"https:\/\/jp2doc.pl\/it\/?s={search_term_string}"},"query-input":{"@type":"PropertyValueSpecification","valueRequired":true,"valueName":"search_term_string"}}],"inLanguage":"it-IT"},{"@type":"Organization","@id":"https:\/\/jp2doc.pl\/it\/#organization","name":"Centro di Documentazione e Studio del Pontificato di Giovanni Paolo II a Roma","url":"https:\/\/jp2doc.pl\/it\/","logo":{"@type":"ImageObject","inLanguage":"it-IT","@id":"https:\/\/jp2doc.pl\/it\/#\/schema\/logo\/image\/","url":"https:\/\/jp2doc.pl\/it\/wp-content\/uploads\/sites\/3\/2017\/03\/cropped-logo.png","contentUrl":"https:\/\/jp2doc.pl\/it\/wp-content\/uploads\/sites\/3\/2017\/03\/cropped-logo.png","width":115,"height":115,"caption":"Centro di Documentazione e Studio del Pontificato di Giovanni Paolo II a Roma"},"image":{"@id":"https:\/\/jp2doc.pl\/it\/#\/schema\/logo\/image\/"}},{"@type":"Person","@id":"https:\/\/jp2doc.pl\/it\/#\/schema\/person\/6110109e80abb51f6fac4824777eabfe","name":"juliasercanka","image":{"@type":"ImageObject","inLanguage":"it-IT","@id":"https:\/\/jp2doc.pl\/it\/#\/schema\/person\/image\/","url":"https:\/\/secure.gravatar.com\/avatar\/266a66e864556e22d55d61b6b10c97fab9060767b738564bcd109f3997e372bc?s=96&d=mm&r=g","contentUrl":"https:\/\/secure.gravatar.com\/avatar\/266a66e864556e22d55d61b6b10c97fab9060767b738564bcd109f3997e372bc?s=96&d=mm&r=g","caption":"juliasercanka"},"url":"https:\/\/jp2doc.pl\/it\/author\/juliasercanka\/"}]}},"_links":{"self":[{"href":"https:\/\/jp2doc.pl\/it\/wp-json\/wp\/v2\/posts\/1922","targetHints":{"allow":["GET"]}}],"collection":[{"href":"https:\/\/jp2doc.pl\/it\/wp-json\/wp\/v2\/posts"}],"about":[{"href":"https:\/\/jp2doc.pl\/it\/wp-json\/wp\/v2\/types\/post"}],"author":[{"embeddable":true,"href":"https:\/\/jp2doc.pl\/it\/wp-json\/wp\/v2\/users\/5"}],"replies":[{"embeddable":true,"href":"https:\/\/jp2doc.pl\/it\/wp-json\/wp\/v2\/comments?post=1922"}],"version-history":[{"count":1,"href":"https:\/\/jp2doc.pl\/it\/wp-json\/wp\/v2\/posts\/1922\/revisions"}],"predecessor-version":[{"id":1924,"href":"https:\/\/jp2doc.pl\/it\/wp-json\/wp\/v2\/posts\/1922\/revisions\/1924"}],"wp:featuredmedia":[{"embeddable":true,"href":"https:\/\/jp2doc.pl\/it\/wp-json\/wp\/v2\/media\/1923"}],"wp:attachment":[{"href":"https:\/\/jp2doc.pl\/it\/wp-json\/wp\/v2\/media?parent=1922"}],"wp:term":[{"taxonomy":"category","embeddable":true,"href":"https:\/\/jp2doc.pl\/it\/wp-json\/wp\/v2\/categories?post=1922"},{"taxonomy":"post_tag","embeddable":true,"href":"https:\/\/jp2doc.pl\/it\/wp-json\/wp\/v2\/tags?post=1922"}],"curies":[{"name":"wp","href":"https:\/\/api.w.org\/{rel}","templated":true}]}}