{"id":1927,"date":"2018-02-03T11:24:27","date_gmt":"2018-02-03T10:24:27","guid":{"rendered":"http:\/\/jp2doc.pl\/it\/?p=1927"},"modified":"2018-02-03T11:26:33","modified_gmt":"2018-02-03T10:26:33","slug":"quando-dio-diventa-il-tuo-amico","status":"publish","type":"post","link":"https:\/\/jp2doc.pl\/it\/2018\/02\/03\/quando-dio-diventa-il-tuo-amico\/","title":{"rendered":"Quando Dio diventa il tuo amico?"},"content":{"rendered":"<p>Ref.<em> Gb 7,1-7; Sal 146; 1Cor 9,16-23; Mc 1,29-39<\/em><\/p>\n<p>La liturgia affronta il drammatico tema del dolore e del suo perch\u00e9. Fa da introduzione il pietoso lamento di Giobbe che, afflitto dalla malattia, considera la sua vita un \u201csoffio\u201d, una parabola discendente \u201csenza speranza\u201d. Egli interroga Dio, lo sfida a dirgli il perch\u00e9 di tanta sofferenza, Giobbe sente che se essa fosse una punizione sarebbe immeritata, poich\u00e9 ha sempre agito da uomo giusto, timorato di Dio e \u201cdevoto\u201d.<\/p>\n<h5><strong>Il mistero del dolore<\/strong><\/h5>\n<p>Alla fine del libro Dio si presenter\u00e0 a Giobbe in un turbine di vento mostrando tutta la sua potenza e l\u2019insondabile sapienza che ha profuso nella creazione. Pu\u00f2 l\u2019uomo comprenderla del tutto o imitare Dio, o penetrare nella sua infinita sapienza fino a esplorarne la profondit\u00e0? Giobbe intende, tace e riconosce la sua inferiorit\u00e0 di creatura di fronte al Creatore: \u201cE\u2019 vero senza nulla sapere ho detto cose troppo superiori a me che io non comprendo &#8230;perci\u00f2 mi ricredo e mi pento\u201d. Il perch\u00e9 del dolore rimane senza risposta, ma possiamo trarre dal brano proposto diverse considerazioni. Innanzitutto la pena inferta a Giobbe parte dalla fiducia che Dio ripone in lui: Dio ha \u201cfede\u201d in Giobbe e sa che non lo tradir\u00e0.<\/p>\n<p>C\u2019\u00e8 poi lo straordinario cammino spirituale che Giobbe compie sotto la spinta della malattia e del dolore. Egli era s\u00ec uomo giusto e devoto, ma Dio rimaneva lontano dalla sua vita interiore. Attanagliato dalla sofferenza, invece, Giobbe grida a Dio, eleva il suo amaro lamento, la sua aspra recriminazione e interroga Dio sul perch\u00e9 di tutto questo, lo sfida a rispondere e gli parla come da uomo ad uomo. La sua devozione si \u00e8 trasformata in un dialogo appassionato, in una preghiera che travalica i canoni delle formule e dei riti e vola libera dalla sua anima al cuore di Dio.<\/p>\n<h5><strong>Dio non vuole la sofferenza<\/strong><\/h5>\n<p>Nemmeno Ges\u00f9 risponde al perch\u00e9 della malattia e della sofferenza, ma parteciper\u00e0 ad essa intimamente mediante la passione e la croce. Lo vediamo, durante la sua missione terrena, chinarsi sui malati, guarirli, offrire gesti e parole di speranza e di sollievo, per farci comprendere che Dio non vuole la sofferenza \u00a0ma la gioia delle sue creature e ad esse chiede fede e fiducia, perch\u00e9 verr\u00e0 tempo \u2013 ed \u00e8 l\u2019eternit\u00e0 \u2013 in cui ogni lacrima sar\u00e0 asciugata e ogni male trover\u00e0 definitivamente termine. E allora questo non \u00e8 il tempo di interrogare Dio ma \u00e8 il tempo della fede, il tempo insostituibile della sequela e della preghiera.<\/p>\n<p>Qualunque sia l\u2019origine della sofferenza, certo \u00e8 che essa diventa motivazione privilegiata per cercare Dio, per parlargli, per chiedergli di guarire; sotto la sua angosciante azione la preghiera si trasforma in un dialogo struggente, in un incontro che si eleva al di l\u00e0 delle frasi fatte e stantie nelle quali spesso ci rifugiamo.<\/p>\n<h5><strong>Quando la preghiera diventa dialogo<\/strong><\/h5>\n<p>Non solo la sofferenza, ma soprattutto il desiderio di Dio, d\u00e0 origine alla preghiera spontanea e Ges\u00f9 ce ne d\u00e0 un esempio luminoso: \u201cAl mattino presto si alz\u00f2 quand\u2019era ancora buio e, uscito di casa, si ritir\u00f2 in un luogo deserto, e l\u00e0, pregava\u201d. L\u2019ora antelucana, \u201cl\u2019uscire\u201d e il \u201critirarsi\u201d di Ges\u00f9 ci mostrano che la preghiera personale muove dal desiderio di incontrare di Dio, di avere con Lui un colloquio intimo, al riparo da sguardi e orecchi indiscreti quasi un convegno d\u2019amore.<\/p>\n<p>E\u2019 necessario perci\u00f2 \u201cuscire\u201d da noi stessi, liberarsi da ogni vincolo e andare dove c\u2019\u00e8 silenzio, in un luogo segreto che a volte si chiama cuore e l\u00e0 ritirarsi. Ges\u00f9 non porta con s\u00e9 alcun libro o manuale, non si va da un amico per leggere un libro, ma per parlare con lui e confidarsi, esporgli pensieri e sentimenti, esperienze vissute e desideri, per confrontarsi con lui, ascoltarne il parere e seguirne il consiglio. Solo cos\u00ec Dio sar\u00e0 l\u2019amico, l\u2019unico di cui abbiamo bisogno, perch\u00e9 la vita si colori di speranza e la sofferenza sia accolta come prova che saggia la nostra fede e tiene viva l\u2019attesa di Colui che tutto pu\u00f2, tutto governa con sapienza e tutto ama di ci\u00f2 che ha creato.<\/p>\n<p><strong>L.R.<\/strong><\/p>\n","protected":false},"excerpt":{"rendered":"<p>V Domenica del Tempo Ordinario<\/p>\n","protected":false},"author":5,"featured_media":1928,"comment_status":"open","ping_status":"open","sticky":false,"template":"","format":"standard","meta":{"_acf_changed":false,"_exactmetrics_skip_tracking":false,"_exactmetrics_sitenote_active":false,"_exactmetrics_sitenote_note":"","_exactmetrics_sitenote_category":0,"footnotes":""},"categories":[4,13,14],"tags":[114,39,64,129,82,128,130,131],"class_list":["post-1927","post","type-post","status-publish","format-standard","has-post-thumbnail","hentry","category-blog","category-strona-glowna-najnowsze","category-strona-glowna-slider","tag-centro_pontificato","tag-commento","tag-gesu","tag-giobbe","tag-lisetta_romano","tag-sofferenza","tag-sollievo","tag-v_domenica"],"acf":[],"yoast_head":"<!-- This site is optimized with the Yoast SEO plugin v26.2 - https:\/\/yoast.com\/wordpress\/plugins\/seo\/ -->\n<title>Quando Dio diventa il tuo amico? - Centro di Documentazione e Studio del Pontificato di Giovanni Paolo II a Roma<\/title>\n<meta name=\"robots\" content=\"index, follow, max-snippet:-1, max-image-preview:large, max-video-preview:-1\" \/>\n<link rel=\"canonical\" href=\"https:\/\/jp2doc.pl\/it\/2018\/02\/03\/quando-dio-diventa-il-tuo-amico\/\" \/>\n<meta property=\"og:locale\" content=\"it_IT\" \/>\n<meta property=\"og:type\" content=\"article\" \/>\n<meta property=\"og:title\" content=\"Quando Dio diventa il tuo amico? - Centro di Documentazione e Studio del Pontificato di Giovanni Paolo II a Roma\" \/>\n<meta property=\"og:description\" content=\"V Domenica del Tempo Ordinario\" \/>\n<meta property=\"og:url\" content=\"https:\/\/jp2doc.pl\/it\/2018\/02\/03\/quando-dio-diventa-il-tuo-amico\/\" \/>\n<meta property=\"og:site_name\" content=\"Centro di Documentazione e Studio del Pontificato di Giovanni Paolo II a Roma\" \/>\n<meta property=\"article:published_time\" content=\"2018-02-03T10:24:27+00:00\" \/>\n<meta property=\"article:modified_time\" content=\"2018-02-03T10:26:33+00:00\" \/>\n<meta property=\"og:image\" content=\"https:\/\/jp2doc.pl\/it\/wp-content\/uploads\/sites\/3\/2018\/02\/freely-88705-e1517653443341.jpg\" \/>\n\t<meta property=\"og:image:width\" content=\"1935\" \/>\n\t<meta property=\"og:image:height\" content=\"1113\" \/>\n\t<meta property=\"og:image:type\" content=\"image\/jpeg\" \/>\n<meta name=\"author\" content=\"juliasercanka\" \/>\n<meta name=\"twitter:card\" content=\"summary_large_image\" \/>\n<meta name=\"twitter:label1\" content=\"Scritto da\" \/>\n\t<meta name=\"twitter:data1\" content=\"juliasercanka\" \/>\n\t<meta name=\"twitter:label2\" content=\"Tempo di lettura stimato\" \/>\n\t<meta name=\"twitter:data2\" content=\"3 minuti\" \/>\n<script type=\"application\/ld+json\" class=\"yoast-schema-graph\">{\"@context\":\"https:\/\/schema.org\",\"@graph\":[{\"@type\":\"Article\",\"@id\":\"https:\/\/jp2doc.pl\/it\/2018\/02\/03\/quando-dio-diventa-il-tuo-amico\/#article\",\"isPartOf\":{\"@id\":\"https:\/\/jp2doc.pl\/it\/2018\/02\/03\/quando-dio-diventa-il-tuo-amico\/\"},\"author\":{\"name\":\"juliasercanka\",\"@id\":\"https:\/\/jp2doc.pl\/it\/#\/schema\/person\/6110109e80abb51f6fac4824777eabfe\"},\"headline\":\"Quando Dio diventa il tuo amico?\",\"datePublished\":\"2018-02-03T10:24:27+00:00\",\"dateModified\":\"2018-02-03T10:26:33+00:00\",\"mainEntityOfPage\":{\"@id\":\"https:\/\/jp2doc.pl\/it\/2018\/02\/03\/quando-dio-diventa-il-tuo-amico\/\"},\"wordCount\":693,\"commentCount\":0,\"publisher\":{\"@id\":\"https:\/\/jp2doc.pl\/it\/#organization\"},\"image\":{\"@id\":\"https:\/\/jp2doc.pl\/it\/2018\/02\/03\/quando-dio-diventa-il-tuo-amico\/#primaryimage\"},\"thumbnailUrl\":\"https:\/\/jp2doc.pl\/it\/wp-content\/uploads\/sites\/3\/2018\/02\/freely-88705-e1517653443341.jpg\",\"keywords\":[\"centro_pontificato\",\"commento\",\"Ges\u00f9\",\"Giobbe\",\"Lisetta_Romano\",\"sofferenza\",\"sollievo\",\"V_Domenica\"],\"articleSection\":[\"Blog\",\"Strona g\u0142\u00f3wna - najnowsze\",\"Strona g\u0142\u00f3wna - slider\"],\"inLanguage\":\"it-IT\",\"potentialAction\":[{\"@type\":\"CommentAction\",\"name\":\"Comment\",\"target\":[\"https:\/\/jp2doc.pl\/it\/2018\/02\/03\/quando-dio-diventa-il-tuo-amico\/#respond\"]}]},{\"@type\":\"WebPage\",\"@id\":\"https:\/\/jp2doc.pl\/it\/2018\/02\/03\/quando-dio-diventa-il-tuo-amico\/\",\"url\":\"https:\/\/jp2doc.pl\/it\/2018\/02\/03\/quando-dio-diventa-il-tuo-amico\/\",\"name\":\"Quando Dio diventa il tuo amico? - Centro di Documentazione e Studio del Pontificato di Giovanni Paolo II a Roma\",\"isPartOf\":{\"@id\":\"https:\/\/jp2doc.pl\/it\/#website\"},\"primaryImageOfPage\":{\"@id\":\"https:\/\/jp2doc.pl\/it\/2018\/02\/03\/quando-dio-diventa-il-tuo-amico\/#primaryimage\"},\"image\":{\"@id\":\"https:\/\/jp2doc.pl\/it\/2018\/02\/03\/quando-dio-diventa-il-tuo-amico\/#primaryimage\"},\"thumbnailUrl\":\"https:\/\/jp2doc.pl\/it\/wp-content\/uploads\/sites\/3\/2018\/02\/freely-88705-e1517653443341.jpg\",\"datePublished\":\"2018-02-03T10:24:27+00:00\",\"dateModified\":\"2018-02-03T10:26:33+00:00\",\"breadcrumb\":{\"@id\":\"https:\/\/jp2doc.pl\/it\/2018\/02\/03\/quando-dio-diventa-il-tuo-amico\/#breadcrumb\"},\"inLanguage\":\"it-IT\",\"potentialAction\":[{\"@type\":\"ReadAction\",\"target\":[\"https:\/\/jp2doc.pl\/it\/2018\/02\/03\/quando-dio-diventa-il-tuo-amico\/\"]}]},{\"@type\":\"ImageObject\",\"inLanguage\":\"it-IT\",\"@id\":\"https:\/\/jp2doc.pl\/it\/2018\/02\/03\/quando-dio-diventa-il-tuo-amico\/#primaryimage\",\"url\":\"https:\/\/jp2doc.pl\/it\/wp-content\/uploads\/sites\/3\/2018\/02\/freely-88705-e1517653443341.jpg\",\"contentUrl\":\"https:\/\/jp2doc.pl\/it\/wp-content\/uploads\/sites\/3\/2018\/02\/freely-88705-e1517653443341.jpg\",\"width\":1935,\"height\":1113},{\"@type\":\"BreadcrumbList\",\"@id\":\"https:\/\/jp2doc.pl\/it\/2018\/02\/03\/quando-dio-diventa-il-tuo-amico\/#breadcrumb\",\"itemListElement\":[{\"@type\":\"ListItem\",\"position\":1,\"name\":\"Home\",\"item\":\"https:\/\/jp2doc.pl\/it\/\"},{\"@type\":\"ListItem\",\"position\":2,\"name\":\"Quando Dio diventa il tuo amico?\"}]},{\"@type\":\"WebSite\",\"@id\":\"https:\/\/jp2doc.pl\/it\/#website\",\"url\":\"https:\/\/jp2doc.pl\/it\/\",\"name\":\"Centro di Documentazione e Studio del Pontificato di Giovanni Paolo II a Roma\",\"description\":\"\",\"publisher\":{\"@id\":\"https:\/\/jp2doc.pl\/it\/#organization\"},\"potentialAction\":[{\"@type\":\"SearchAction\",\"target\":{\"@type\":\"EntryPoint\",\"urlTemplate\":\"https:\/\/jp2doc.pl\/it\/?s={search_term_string}\"},\"query-input\":{\"@type\":\"PropertyValueSpecification\",\"valueRequired\":true,\"valueName\":\"search_term_string\"}}],\"inLanguage\":\"it-IT\"},{\"@type\":\"Organization\",\"@id\":\"https:\/\/jp2doc.pl\/it\/#organization\",\"name\":\"Centro di Documentazione e Studio del Pontificato di Giovanni Paolo II a Roma\",\"url\":\"https:\/\/jp2doc.pl\/it\/\",\"logo\":{\"@type\":\"ImageObject\",\"inLanguage\":\"it-IT\",\"@id\":\"https:\/\/jp2doc.pl\/it\/#\/schema\/logo\/image\/\",\"url\":\"https:\/\/jp2doc.pl\/it\/wp-content\/uploads\/sites\/3\/2017\/03\/cropped-logo.png\",\"contentUrl\":\"https:\/\/jp2doc.pl\/it\/wp-content\/uploads\/sites\/3\/2017\/03\/cropped-logo.png\",\"width\":115,\"height\":115,\"caption\":\"Centro di Documentazione e Studio del Pontificato di Giovanni Paolo II a Roma\"},\"image\":{\"@id\":\"https:\/\/jp2doc.pl\/it\/#\/schema\/logo\/image\/\"}},{\"@type\":\"Person\",\"@id\":\"https:\/\/jp2doc.pl\/it\/#\/schema\/person\/6110109e80abb51f6fac4824777eabfe\",\"name\":\"juliasercanka\",\"image\":{\"@type\":\"ImageObject\",\"inLanguage\":\"it-IT\",\"@id\":\"https:\/\/jp2doc.pl\/it\/#\/schema\/person\/image\/\",\"url\":\"https:\/\/secure.gravatar.com\/avatar\/266a66e864556e22d55d61b6b10c97fab9060767b738564bcd109f3997e372bc?s=96&d=mm&r=g\",\"contentUrl\":\"https:\/\/secure.gravatar.com\/avatar\/266a66e864556e22d55d61b6b10c97fab9060767b738564bcd109f3997e372bc?s=96&d=mm&r=g\",\"caption\":\"juliasercanka\"},\"url\":\"https:\/\/jp2doc.pl\/it\/author\/juliasercanka\/\"}]}<\/script>\n<!-- \/ Yoast SEO plugin. -->","yoast_head_json":{"title":"Quando Dio diventa il tuo amico? - Centro di Documentazione e Studio del Pontificato di Giovanni Paolo II a Roma","robots":{"index":"index","follow":"follow","max-snippet":"max-snippet:-1","max-image-preview":"max-image-preview:large","max-video-preview":"max-video-preview:-1"},"canonical":"https:\/\/jp2doc.pl\/it\/2018\/02\/03\/quando-dio-diventa-il-tuo-amico\/","og_locale":"it_IT","og_type":"article","og_title":"Quando Dio diventa il tuo amico? - Centro di Documentazione e Studio del Pontificato di Giovanni Paolo II a Roma","og_description":"V Domenica del Tempo Ordinario","og_url":"https:\/\/jp2doc.pl\/it\/2018\/02\/03\/quando-dio-diventa-il-tuo-amico\/","og_site_name":"Centro di Documentazione e Studio del Pontificato di Giovanni Paolo II a Roma","article_published_time":"2018-02-03T10:24:27+00:00","article_modified_time":"2018-02-03T10:26:33+00:00","og_image":[{"width":1935,"height":1113,"url":"https:\/\/jp2doc.pl\/it\/wp-content\/uploads\/sites\/3\/2018\/02\/freely-88705-e1517653443341.jpg","type":"image\/jpeg"}],"author":"juliasercanka","twitter_card":"summary_large_image","twitter_misc":{"Scritto da":"juliasercanka","Tempo di lettura stimato":"3 minuti"},"schema":{"@context":"https:\/\/schema.org","@graph":[{"@type":"Article","@id":"https:\/\/jp2doc.pl\/it\/2018\/02\/03\/quando-dio-diventa-il-tuo-amico\/#article","isPartOf":{"@id":"https:\/\/jp2doc.pl\/it\/2018\/02\/03\/quando-dio-diventa-il-tuo-amico\/"},"author":{"name":"juliasercanka","@id":"https:\/\/jp2doc.pl\/it\/#\/schema\/person\/6110109e80abb51f6fac4824777eabfe"},"headline":"Quando Dio diventa il tuo amico?","datePublished":"2018-02-03T10:24:27+00:00","dateModified":"2018-02-03T10:26:33+00:00","mainEntityOfPage":{"@id":"https:\/\/jp2doc.pl\/it\/2018\/02\/03\/quando-dio-diventa-il-tuo-amico\/"},"wordCount":693,"commentCount":0,"publisher":{"@id":"https:\/\/jp2doc.pl\/it\/#organization"},"image":{"@id":"https:\/\/jp2doc.pl\/it\/2018\/02\/03\/quando-dio-diventa-il-tuo-amico\/#primaryimage"},"thumbnailUrl":"https:\/\/jp2doc.pl\/it\/wp-content\/uploads\/sites\/3\/2018\/02\/freely-88705-e1517653443341.jpg","keywords":["centro_pontificato","commento","Ges\u00f9","Giobbe","Lisetta_Romano","sofferenza","sollievo","V_Domenica"],"articleSection":["Blog","Strona g\u0142\u00f3wna - najnowsze","Strona g\u0142\u00f3wna - slider"],"inLanguage":"it-IT","potentialAction":[{"@type":"CommentAction","name":"Comment","target":["https:\/\/jp2doc.pl\/it\/2018\/02\/03\/quando-dio-diventa-il-tuo-amico\/#respond"]}]},{"@type":"WebPage","@id":"https:\/\/jp2doc.pl\/it\/2018\/02\/03\/quando-dio-diventa-il-tuo-amico\/","url":"https:\/\/jp2doc.pl\/it\/2018\/02\/03\/quando-dio-diventa-il-tuo-amico\/","name":"Quando Dio diventa il tuo amico? - Centro di Documentazione e Studio del Pontificato di Giovanni Paolo II a Roma","isPartOf":{"@id":"https:\/\/jp2doc.pl\/it\/#website"},"primaryImageOfPage":{"@id":"https:\/\/jp2doc.pl\/it\/2018\/02\/03\/quando-dio-diventa-il-tuo-amico\/#primaryimage"},"image":{"@id":"https:\/\/jp2doc.pl\/it\/2018\/02\/03\/quando-dio-diventa-il-tuo-amico\/#primaryimage"},"thumbnailUrl":"https:\/\/jp2doc.pl\/it\/wp-content\/uploads\/sites\/3\/2018\/02\/freely-88705-e1517653443341.jpg","datePublished":"2018-02-03T10:24:27+00:00","dateModified":"2018-02-03T10:26:33+00:00","breadcrumb":{"@id":"https:\/\/jp2doc.pl\/it\/2018\/02\/03\/quando-dio-diventa-il-tuo-amico\/#breadcrumb"},"inLanguage":"it-IT","potentialAction":[{"@type":"ReadAction","target":["https:\/\/jp2doc.pl\/it\/2018\/02\/03\/quando-dio-diventa-il-tuo-amico\/"]}]},{"@type":"ImageObject","inLanguage":"it-IT","@id":"https:\/\/jp2doc.pl\/it\/2018\/02\/03\/quando-dio-diventa-il-tuo-amico\/#primaryimage","url":"https:\/\/jp2doc.pl\/it\/wp-content\/uploads\/sites\/3\/2018\/02\/freely-88705-e1517653443341.jpg","contentUrl":"https:\/\/jp2doc.pl\/it\/wp-content\/uploads\/sites\/3\/2018\/02\/freely-88705-e1517653443341.jpg","width":1935,"height":1113},{"@type":"BreadcrumbList","@id":"https:\/\/jp2doc.pl\/it\/2018\/02\/03\/quando-dio-diventa-il-tuo-amico\/#breadcrumb","itemListElement":[{"@type":"ListItem","position":1,"name":"Home","item":"https:\/\/jp2doc.pl\/it\/"},{"@type":"ListItem","position":2,"name":"Quando Dio diventa il tuo amico?"}]},{"@type":"WebSite","@id":"https:\/\/jp2doc.pl\/it\/#website","url":"https:\/\/jp2doc.pl\/it\/","name":"Centro di Documentazione e Studio del Pontificato di Giovanni Paolo II a Roma","description":"","publisher":{"@id":"https:\/\/jp2doc.pl\/it\/#organization"},"potentialAction":[{"@type":"SearchAction","target":{"@type":"EntryPoint","urlTemplate":"https:\/\/jp2doc.pl\/it\/?s={search_term_string}"},"query-input":{"@type":"PropertyValueSpecification","valueRequired":true,"valueName":"search_term_string"}}],"inLanguage":"it-IT"},{"@type":"Organization","@id":"https:\/\/jp2doc.pl\/it\/#organization","name":"Centro di Documentazione e Studio del Pontificato di Giovanni Paolo II a Roma","url":"https:\/\/jp2doc.pl\/it\/","logo":{"@type":"ImageObject","inLanguage":"it-IT","@id":"https:\/\/jp2doc.pl\/it\/#\/schema\/logo\/image\/","url":"https:\/\/jp2doc.pl\/it\/wp-content\/uploads\/sites\/3\/2017\/03\/cropped-logo.png","contentUrl":"https:\/\/jp2doc.pl\/it\/wp-content\/uploads\/sites\/3\/2017\/03\/cropped-logo.png","width":115,"height":115,"caption":"Centro di Documentazione e Studio del Pontificato di Giovanni Paolo II a Roma"},"image":{"@id":"https:\/\/jp2doc.pl\/it\/#\/schema\/logo\/image\/"}},{"@type":"Person","@id":"https:\/\/jp2doc.pl\/it\/#\/schema\/person\/6110109e80abb51f6fac4824777eabfe","name":"juliasercanka","image":{"@type":"ImageObject","inLanguage":"it-IT","@id":"https:\/\/jp2doc.pl\/it\/#\/schema\/person\/image\/","url":"https:\/\/secure.gravatar.com\/avatar\/266a66e864556e22d55d61b6b10c97fab9060767b738564bcd109f3997e372bc?s=96&d=mm&r=g","contentUrl":"https:\/\/secure.gravatar.com\/avatar\/266a66e864556e22d55d61b6b10c97fab9060767b738564bcd109f3997e372bc?s=96&d=mm&r=g","caption":"juliasercanka"},"url":"https:\/\/jp2doc.pl\/it\/author\/juliasercanka\/"}]}},"_links":{"self":[{"href":"https:\/\/jp2doc.pl\/it\/wp-json\/wp\/v2\/posts\/1927","targetHints":{"allow":["GET"]}}],"collection":[{"href":"https:\/\/jp2doc.pl\/it\/wp-json\/wp\/v2\/posts"}],"about":[{"href":"https:\/\/jp2doc.pl\/it\/wp-json\/wp\/v2\/types\/post"}],"author":[{"embeddable":true,"href":"https:\/\/jp2doc.pl\/it\/wp-json\/wp\/v2\/users\/5"}],"replies":[{"embeddable":true,"href":"https:\/\/jp2doc.pl\/it\/wp-json\/wp\/v2\/comments?post=1927"}],"version-history":[{"count":4,"href":"https:\/\/jp2doc.pl\/it\/wp-json\/wp\/v2\/posts\/1927\/revisions"}],"predecessor-version":[{"id":1932,"href":"https:\/\/jp2doc.pl\/it\/wp-json\/wp\/v2\/posts\/1927\/revisions\/1932"}],"wp:featuredmedia":[{"embeddable":true,"href":"https:\/\/jp2doc.pl\/it\/wp-json\/wp\/v2\/media\/1928"}],"wp:attachment":[{"href":"https:\/\/jp2doc.pl\/it\/wp-json\/wp\/v2\/media?parent=1927"}],"wp:term":[{"taxonomy":"category","embeddable":true,"href":"https:\/\/jp2doc.pl\/it\/wp-json\/wp\/v2\/categories?post=1927"},{"taxonomy":"post_tag","embeddable":true,"href":"https:\/\/jp2doc.pl\/it\/wp-json\/wp\/v2\/tags?post=1927"}],"curies":[{"name":"wp","href":"https:\/\/api.w.org\/{rel}","templated":true}]}}