{"id":1939,"date":"2018-02-10T17:11:43","date_gmt":"2018-02-10T16:11:43","guid":{"rendered":"http:\/\/jp2doc.pl\/it\/?p=1939"},"modified":"2018-02-10T17:11:43","modified_gmt":"2018-02-10T16:11:43","slug":"come-superare-pregiudizi","status":"publish","type":"post","link":"https:\/\/jp2doc.pl\/it\/2018\/02\/10\/come-superare-pregiudizi\/","title":{"rendered":"Come superare i pregiudizi?"},"content":{"rendered":"<p><strong>\u00a0<\/strong><em>Lv 13,1-2.45-46; Ps 31; 1Cor 10,31-11,1; Mc 1,40-45<\/em><\/p>\n<p>Ancora\u00a0 una volta la Liturgia affronta il mistero del dolore e della malattia. Il libro del Levitico riporta la norma igienica che isolava il lebbroso e lo confinava a vivere in luoghi deserti al di fuori dell\u2019accampamento. Ben presto per\u00f2 la lebbra, che rode la carne e la riduce a brandelli, divenne il drammatico simbolo del peccato che rode l\u2019anima e la distrugge.<\/p>\n<h5><strong>Il pregiudizio alla base dell\u2019emarginazione<\/strong><\/h5>\n<p>Malato e peccatore divennero un tutt\u2019uno da evitare per la manifesta \u201cimpurit\u00e0\u201d, contagiosa quanto la malattia. Il malato, costretto a vivere al di fuori dell\u2019abitato, venne visto come uno \u201cscomunicato\u201d che aveva perso ogni diritto civile, religioso e sociale. Anche il suo abbigliamento era di s\u00e9 un segno distintivo di condanna e punizione: abiti laceri, capo e volto coperti per risparmiare agli altri la propria vista raccapricciante. Dalla norma igienica si era dunque passati ad una vera e propria emarginazione.<\/p>\n<h5><strong>Superare le barriere<\/strong><\/h5>\n<p>Costretto a stare lontano da tutti, il lebbroso del Vangelo, sfida ogni regola, si avvicina a Ges\u00f9 e lo prega in ginocchio di essere purificato. Ges\u00f9 ha compassione di lui, della sua sofferenza, della sua solitudine, stende la mano e lo tocca. Gesto che annulla ogni distanza e cancella l\u2019umiliante emarginazione del lebbroso.<\/p>\n<p>In quel gesto c\u2019\u00e8 tutto Ges\u00f9: la sua missione, la redenzione, la croce, la salvezza. Ges\u00f9 non \u00e8 il Dio venuto a \u201cvedere\u201d le sofferenze dell\u2019uomo, Ges\u00f9 \u00e8 Dio che si \u00e8 fatto uomo, per prendere parte, condividere, addossarsi le sofferenze umane. \u201cToccare con mano\u201d significa entrare nel vivo della situazione altrui, viverla come protagonista e non come osservatore esterno. \u201cToccare\u201d significa dimostrare compassione, dare il proprio concreto aiuto a risollevare l\u2019altro dalla caduta, \u00e8 toglierlo dall\u2019emarginazione \u00e8 annullare i pregiudizi.<\/p>\n<h5><strong>Ges\u00f9 guarisce le nostre debolezze<\/strong><\/h5>\n<p>L\u2019evangelista Marco continua la narrazione della missione di Ges\u00f9 e, come per la guarigione della suocera di Pietro, ancora una volta sottolinea che Ges\u00f9 non ha bisogno di seguire riti o formule come un guaritore qualsiasi: il \u201cmiracolo\u201d \u00e8 sempre espressione del suo amore incontenibile che si mostra nella compassione e nel gesto amoroso di chi \u201ctocca\u201d per sanare, per comunicare fin d\u2019ora quella vita eterna che scaturir\u00e0 dalla sua morte \u2013 risurrezione.<\/p>\n<p>Ges\u00f9 raccomanda di non narrare ad alcuno quanto \u00e8 avvenuto, ma il lebbroso non riesce ad arginare la sua gioia e presto la voce si diffonde a tal punto che Ges\u00f9 \u00e8 costretto a rimanere in luoghi deserti, paradossalmente proprio l\u00e0 dove il lebbroso viveva, mostrando fino a che punto Ges\u00f9 si spinga per annullare divisioni e distanze, per sottrarci dai luoghi della morte e della miseria.<\/p>\n<h5><strong>Tutti siamo bisognosi della sua misericordia <\/strong><\/h5>\n<p>Com\u2019\u00e8 immediata la guarigione per il lebbroso cos\u00ec \u00e8 istantanea la grazia che giunge nell\u2019anima del peccatore che si rivolge a Dio. Vi \u00e8 tra i due una profonda similitudine, entrambi sono oggetto della divina misericordia e riacquistano immediatamente l\u2019integrit\u00e0 fisica l\u2019uno, interiore l\u2019altro.<\/p>\n<p>Ges\u00f9 che entra nel vivo del peccato e della malattia per portare aiuto, conforto, guarigione, segna il cammino di ogni cristiano che, come il Maestro, deve rifuggire dai pregiudizi e dalle discriminazioni. Come la malattia anche il peccato incombe su ciascuno, nessuno pu\u00f2 ritenersene immune: \u00e8 questo sentimento che deve creare fratellanza, porre le premesse di aiuto scambievole. Non c\u2019\u00e8 merito ad essere benpensante e ricco, non c\u2019\u00e8 colpa nell\u2019essere \u201cdiverso\u201d, povero o malato.<\/p>\n<p>Tutti apparteniamo a Dio in egual modo ed in nome di questa comune figliolanza ci rivolgiamo a Dio chiamandolo \u201cPadre nostro\u201d. Ora se in Chiesa cos\u00ec preghiamo, all\u2019esterno non pu\u00f2, non deve esserci divisione perch\u00e9 altrimenti o sarebbe falsa la preghiera o sarebbe falso ed errato il nostro atteggiamento; nell\u2019uno o nell\u2019altro caso o si offenderebbe Dio o si offenderebbe la nostra dignit\u00e0 di suoi figli.<\/p>\n<p><strong>L.R.<\/strong><\/p>\n","protected":false},"excerpt":{"rendered":"<p>VI Domenica del Tempo Ordinario<\/p>\n","protected":false},"author":5,"featured_media":1940,"comment_status":"open","ping_status":"open","sticky":false,"template":"","format":"standard","meta":{"_acf_changed":false,"_exactmetrics_skip_tracking":false,"_exactmetrics_sitenote_active":false,"_exactmetrics_sitenote_note":"","_exactmetrics_sitenote_category":0,"footnotes":""},"categories":[4,13,14],"tags":[39,142,82,143,141,144,145],"class_list":["post-1939","post","type-post","status-publish","format-standard","has-post-thumbnail","hentry","category-blog","category-strona-glowna-najnowsze","category-strona-glowna-slider","tag-commento","tag-emarginazione","tag-lisetta_romano","tag-misericordia","tag-pregiudizio","tag-vangeli","tag-vi_domenica"],"acf":[],"yoast_head":"<!-- This site is optimized with the Yoast SEO plugin v26.2 - https:\/\/yoast.com\/wordpress\/plugins\/seo\/ -->\n<title>Come superare i pregiudizi? - Centro di Documentazione e Studio del Pontificato di Giovanni Paolo II a Roma<\/title>\n<meta name=\"robots\" content=\"index, follow, max-snippet:-1, max-image-preview:large, max-video-preview:-1\" \/>\n<link rel=\"canonical\" href=\"https:\/\/jp2doc.pl\/it\/2018\/02\/10\/come-superare-pregiudizi\/\" \/>\n<meta property=\"og:locale\" content=\"it_IT\" \/>\n<meta property=\"og:type\" content=\"article\" \/>\n<meta property=\"og:title\" content=\"Come superare i pregiudizi? - Centro di Documentazione e Studio del Pontificato di Giovanni Paolo II a Roma\" \/>\n<meta property=\"og:description\" content=\"VI Domenica del Tempo Ordinario\" \/>\n<meta property=\"og:url\" content=\"https:\/\/jp2doc.pl\/it\/2018\/02\/10\/come-superare-pregiudizi\/\" \/>\n<meta property=\"og:site_name\" content=\"Centro di Documentazione e Studio del Pontificato di Giovanni Paolo II a Roma\" \/>\n<meta property=\"article:published_time\" content=\"2018-02-10T16:11:43+00:00\" \/>\n<meta property=\"og:image\" content=\"https:\/\/jp2doc.pl\/it\/wp-content\/uploads\/sites\/3\/2018\/02\/ben-hershey-471960.jpg\" \/>\n\t<meta property=\"og:image:width\" content=\"2230\" \/>\n\t<meta property=\"og:image:height\" content=\"1527\" \/>\n\t<meta property=\"og:image:type\" content=\"image\/jpeg\" \/>\n<meta name=\"author\" content=\"juliasercanka\" \/>\n<meta name=\"twitter:card\" content=\"summary_large_image\" \/>\n<meta name=\"twitter:label1\" content=\"Scritto da\" \/>\n\t<meta name=\"twitter:data1\" content=\"juliasercanka\" \/>\n\t<meta name=\"twitter:label2\" content=\"Tempo di lettura stimato\" \/>\n\t<meta name=\"twitter:data2\" content=\"3 minuti\" \/>\n<script type=\"application\/ld+json\" class=\"yoast-schema-graph\">{\"@context\":\"https:\/\/schema.org\",\"@graph\":[{\"@type\":\"Article\",\"@id\":\"https:\/\/jp2doc.pl\/it\/2018\/02\/10\/come-superare-pregiudizi\/#article\",\"isPartOf\":{\"@id\":\"https:\/\/jp2doc.pl\/it\/2018\/02\/10\/come-superare-pregiudizi\/\"},\"author\":{\"name\":\"juliasercanka\",\"@id\":\"https:\/\/jp2doc.pl\/it\/#\/schema\/person\/6110109e80abb51f6fac4824777eabfe\"},\"headline\":\"Come superare i pregiudizi?\",\"datePublished\":\"2018-02-10T16:11:43+00:00\",\"mainEntityOfPage\":{\"@id\":\"https:\/\/jp2doc.pl\/it\/2018\/02\/10\/come-superare-pregiudizi\/\"},\"wordCount\":641,\"commentCount\":0,\"publisher\":{\"@id\":\"https:\/\/jp2doc.pl\/it\/#organization\"},\"image\":{\"@id\":\"https:\/\/jp2doc.pl\/it\/2018\/02\/10\/come-superare-pregiudizi\/#primaryimage\"},\"thumbnailUrl\":\"https:\/\/jp2doc.pl\/it\/wp-content\/uploads\/sites\/3\/2018\/02\/ben-hershey-471960.jpg\",\"keywords\":[\"commento\",\"emarginazione\",\"Lisetta_Romano\",\"misericordia\",\"pregiudizio\",\"vangeli\",\"VI_Domenica\"],\"articleSection\":[\"Blog\",\"Strona g\u0142\u00f3wna - najnowsze\",\"Strona g\u0142\u00f3wna - slider\"],\"inLanguage\":\"it-IT\",\"potentialAction\":[{\"@type\":\"CommentAction\",\"name\":\"Comment\",\"target\":[\"https:\/\/jp2doc.pl\/it\/2018\/02\/10\/come-superare-pregiudizi\/#respond\"]}]},{\"@type\":\"WebPage\",\"@id\":\"https:\/\/jp2doc.pl\/it\/2018\/02\/10\/come-superare-pregiudizi\/\",\"url\":\"https:\/\/jp2doc.pl\/it\/2018\/02\/10\/come-superare-pregiudizi\/\",\"name\":\"Come superare i pregiudizi? - Centro di Documentazione e Studio del Pontificato di Giovanni Paolo II a Roma\",\"isPartOf\":{\"@id\":\"https:\/\/jp2doc.pl\/it\/#website\"},\"primaryImageOfPage\":{\"@id\":\"https:\/\/jp2doc.pl\/it\/2018\/02\/10\/come-superare-pregiudizi\/#primaryimage\"},\"image\":{\"@id\":\"https:\/\/jp2doc.pl\/it\/2018\/02\/10\/come-superare-pregiudizi\/#primaryimage\"},\"thumbnailUrl\":\"https:\/\/jp2doc.pl\/it\/wp-content\/uploads\/sites\/3\/2018\/02\/ben-hershey-471960.jpg\",\"datePublished\":\"2018-02-10T16:11:43+00:00\",\"breadcrumb\":{\"@id\":\"https:\/\/jp2doc.pl\/it\/2018\/02\/10\/come-superare-pregiudizi\/#breadcrumb\"},\"inLanguage\":\"it-IT\",\"potentialAction\":[{\"@type\":\"ReadAction\",\"target\":[\"https:\/\/jp2doc.pl\/it\/2018\/02\/10\/come-superare-pregiudizi\/\"]}]},{\"@type\":\"ImageObject\",\"inLanguage\":\"it-IT\",\"@id\":\"https:\/\/jp2doc.pl\/it\/2018\/02\/10\/come-superare-pregiudizi\/#primaryimage\",\"url\":\"https:\/\/jp2doc.pl\/it\/wp-content\/uploads\/sites\/3\/2018\/02\/ben-hershey-471960.jpg\",\"contentUrl\":\"https:\/\/jp2doc.pl\/it\/wp-content\/uploads\/sites\/3\/2018\/02\/ben-hershey-471960.jpg\",\"width\":2230,\"height\":1527},{\"@type\":\"BreadcrumbList\",\"@id\":\"https:\/\/jp2doc.pl\/it\/2018\/02\/10\/come-superare-pregiudizi\/#breadcrumb\",\"itemListElement\":[{\"@type\":\"ListItem\",\"position\":1,\"name\":\"Home\",\"item\":\"https:\/\/jp2doc.pl\/it\/\"},{\"@type\":\"ListItem\",\"position\":2,\"name\":\"Come superare i pregiudizi?\"}]},{\"@type\":\"WebSite\",\"@id\":\"https:\/\/jp2doc.pl\/it\/#website\",\"url\":\"https:\/\/jp2doc.pl\/it\/\",\"name\":\"Centro di Documentazione e Studio del Pontificato di Giovanni Paolo II a Roma\",\"description\":\"\",\"publisher\":{\"@id\":\"https:\/\/jp2doc.pl\/it\/#organization\"},\"potentialAction\":[{\"@type\":\"SearchAction\",\"target\":{\"@type\":\"EntryPoint\",\"urlTemplate\":\"https:\/\/jp2doc.pl\/it\/?s={search_term_string}\"},\"query-input\":{\"@type\":\"PropertyValueSpecification\",\"valueRequired\":true,\"valueName\":\"search_term_string\"}}],\"inLanguage\":\"it-IT\"},{\"@type\":\"Organization\",\"@id\":\"https:\/\/jp2doc.pl\/it\/#organization\",\"name\":\"Centro di Documentazione e Studio del Pontificato di Giovanni Paolo II a Roma\",\"url\":\"https:\/\/jp2doc.pl\/it\/\",\"logo\":{\"@type\":\"ImageObject\",\"inLanguage\":\"it-IT\",\"@id\":\"https:\/\/jp2doc.pl\/it\/#\/schema\/logo\/image\/\",\"url\":\"https:\/\/jp2doc.pl\/it\/wp-content\/uploads\/sites\/3\/2017\/03\/cropped-logo.png\",\"contentUrl\":\"https:\/\/jp2doc.pl\/it\/wp-content\/uploads\/sites\/3\/2017\/03\/cropped-logo.png\",\"width\":115,\"height\":115,\"caption\":\"Centro di Documentazione e Studio del Pontificato di Giovanni Paolo II a Roma\"},\"image\":{\"@id\":\"https:\/\/jp2doc.pl\/it\/#\/schema\/logo\/image\/\"}},{\"@type\":\"Person\",\"@id\":\"https:\/\/jp2doc.pl\/it\/#\/schema\/person\/6110109e80abb51f6fac4824777eabfe\",\"name\":\"juliasercanka\",\"image\":{\"@type\":\"ImageObject\",\"inLanguage\":\"it-IT\",\"@id\":\"https:\/\/jp2doc.pl\/it\/#\/schema\/person\/image\/\",\"url\":\"https:\/\/secure.gravatar.com\/avatar\/266a66e864556e22d55d61b6b10c97fab9060767b738564bcd109f3997e372bc?s=96&d=mm&r=g\",\"contentUrl\":\"https:\/\/secure.gravatar.com\/avatar\/266a66e864556e22d55d61b6b10c97fab9060767b738564bcd109f3997e372bc?s=96&d=mm&r=g\",\"caption\":\"juliasercanka\"},\"url\":\"https:\/\/jp2doc.pl\/it\/author\/juliasercanka\/\"}]}<\/script>\n<!-- \/ Yoast SEO plugin. -->","yoast_head_json":{"title":"Come superare i pregiudizi? - Centro di Documentazione e Studio del Pontificato di Giovanni Paolo II a Roma","robots":{"index":"index","follow":"follow","max-snippet":"max-snippet:-1","max-image-preview":"max-image-preview:large","max-video-preview":"max-video-preview:-1"},"canonical":"https:\/\/jp2doc.pl\/it\/2018\/02\/10\/come-superare-pregiudizi\/","og_locale":"it_IT","og_type":"article","og_title":"Come superare i pregiudizi? - Centro di Documentazione e Studio del Pontificato di Giovanni Paolo II a Roma","og_description":"VI Domenica del Tempo Ordinario","og_url":"https:\/\/jp2doc.pl\/it\/2018\/02\/10\/come-superare-pregiudizi\/","og_site_name":"Centro di Documentazione e Studio del Pontificato di Giovanni Paolo II a Roma","article_published_time":"2018-02-10T16:11:43+00:00","og_image":[{"width":2230,"height":1527,"url":"https:\/\/jp2doc.pl\/it\/wp-content\/uploads\/sites\/3\/2018\/02\/ben-hershey-471960.jpg","type":"image\/jpeg"}],"author":"juliasercanka","twitter_card":"summary_large_image","twitter_misc":{"Scritto da":"juliasercanka","Tempo di lettura stimato":"3 minuti"},"schema":{"@context":"https:\/\/schema.org","@graph":[{"@type":"Article","@id":"https:\/\/jp2doc.pl\/it\/2018\/02\/10\/come-superare-pregiudizi\/#article","isPartOf":{"@id":"https:\/\/jp2doc.pl\/it\/2018\/02\/10\/come-superare-pregiudizi\/"},"author":{"name":"juliasercanka","@id":"https:\/\/jp2doc.pl\/it\/#\/schema\/person\/6110109e80abb51f6fac4824777eabfe"},"headline":"Come superare i pregiudizi?","datePublished":"2018-02-10T16:11:43+00:00","mainEntityOfPage":{"@id":"https:\/\/jp2doc.pl\/it\/2018\/02\/10\/come-superare-pregiudizi\/"},"wordCount":641,"commentCount":0,"publisher":{"@id":"https:\/\/jp2doc.pl\/it\/#organization"},"image":{"@id":"https:\/\/jp2doc.pl\/it\/2018\/02\/10\/come-superare-pregiudizi\/#primaryimage"},"thumbnailUrl":"https:\/\/jp2doc.pl\/it\/wp-content\/uploads\/sites\/3\/2018\/02\/ben-hershey-471960.jpg","keywords":["commento","emarginazione","Lisetta_Romano","misericordia","pregiudizio","vangeli","VI_Domenica"],"articleSection":["Blog","Strona g\u0142\u00f3wna - najnowsze","Strona g\u0142\u00f3wna - slider"],"inLanguage":"it-IT","potentialAction":[{"@type":"CommentAction","name":"Comment","target":["https:\/\/jp2doc.pl\/it\/2018\/02\/10\/come-superare-pregiudizi\/#respond"]}]},{"@type":"WebPage","@id":"https:\/\/jp2doc.pl\/it\/2018\/02\/10\/come-superare-pregiudizi\/","url":"https:\/\/jp2doc.pl\/it\/2018\/02\/10\/come-superare-pregiudizi\/","name":"Come superare i pregiudizi? - Centro di Documentazione e Studio del Pontificato di Giovanni Paolo II a Roma","isPartOf":{"@id":"https:\/\/jp2doc.pl\/it\/#website"},"primaryImageOfPage":{"@id":"https:\/\/jp2doc.pl\/it\/2018\/02\/10\/come-superare-pregiudizi\/#primaryimage"},"image":{"@id":"https:\/\/jp2doc.pl\/it\/2018\/02\/10\/come-superare-pregiudizi\/#primaryimage"},"thumbnailUrl":"https:\/\/jp2doc.pl\/it\/wp-content\/uploads\/sites\/3\/2018\/02\/ben-hershey-471960.jpg","datePublished":"2018-02-10T16:11:43+00:00","breadcrumb":{"@id":"https:\/\/jp2doc.pl\/it\/2018\/02\/10\/come-superare-pregiudizi\/#breadcrumb"},"inLanguage":"it-IT","potentialAction":[{"@type":"ReadAction","target":["https:\/\/jp2doc.pl\/it\/2018\/02\/10\/come-superare-pregiudizi\/"]}]},{"@type":"ImageObject","inLanguage":"it-IT","@id":"https:\/\/jp2doc.pl\/it\/2018\/02\/10\/come-superare-pregiudizi\/#primaryimage","url":"https:\/\/jp2doc.pl\/it\/wp-content\/uploads\/sites\/3\/2018\/02\/ben-hershey-471960.jpg","contentUrl":"https:\/\/jp2doc.pl\/it\/wp-content\/uploads\/sites\/3\/2018\/02\/ben-hershey-471960.jpg","width":2230,"height":1527},{"@type":"BreadcrumbList","@id":"https:\/\/jp2doc.pl\/it\/2018\/02\/10\/come-superare-pregiudizi\/#breadcrumb","itemListElement":[{"@type":"ListItem","position":1,"name":"Home","item":"https:\/\/jp2doc.pl\/it\/"},{"@type":"ListItem","position":2,"name":"Come superare i pregiudizi?"}]},{"@type":"WebSite","@id":"https:\/\/jp2doc.pl\/it\/#website","url":"https:\/\/jp2doc.pl\/it\/","name":"Centro di Documentazione e Studio del Pontificato di Giovanni Paolo II a Roma","description":"","publisher":{"@id":"https:\/\/jp2doc.pl\/it\/#organization"},"potentialAction":[{"@type":"SearchAction","target":{"@type":"EntryPoint","urlTemplate":"https:\/\/jp2doc.pl\/it\/?s={search_term_string}"},"query-input":{"@type":"PropertyValueSpecification","valueRequired":true,"valueName":"search_term_string"}}],"inLanguage":"it-IT"},{"@type":"Organization","@id":"https:\/\/jp2doc.pl\/it\/#organization","name":"Centro di Documentazione e Studio del Pontificato di Giovanni Paolo II a Roma","url":"https:\/\/jp2doc.pl\/it\/","logo":{"@type":"ImageObject","inLanguage":"it-IT","@id":"https:\/\/jp2doc.pl\/it\/#\/schema\/logo\/image\/","url":"https:\/\/jp2doc.pl\/it\/wp-content\/uploads\/sites\/3\/2017\/03\/cropped-logo.png","contentUrl":"https:\/\/jp2doc.pl\/it\/wp-content\/uploads\/sites\/3\/2017\/03\/cropped-logo.png","width":115,"height":115,"caption":"Centro di Documentazione e Studio del Pontificato di Giovanni Paolo II a Roma"},"image":{"@id":"https:\/\/jp2doc.pl\/it\/#\/schema\/logo\/image\/"}},{"@type":"Person","@id":"https:\/\/jp2doc.pl\/it\/#\/schema\/person\/6110109e80abb51f6fac4824777eabfe","name":"juliasercanka","image":{"@type":"ImageObject","inLanguage":"it-IT","@id":"https:\/\/jp2doc.pl\/it\/#\/schema\/person\/image\/","url":"https:\/\/secure.gravatar.com\/avatar\/266a66e864556e22d55d61b6b10c97fab9060767b738564bcd109f3997e372bc?s=96&d=mm&r=g","contentUrl":"https:\/\/secure.gravatar.com\/avatar\/266a66e864556e22d55d61b6b10c97fab9060767b738564bcd109f3997e372bc?s=96&d=mm&r=g","caption":"juliasercanka"},"url":"https:\/\/jp2doc.pl\/it\/author\/juliasercanka\/"}]}},"_links":{"self":[{"href":"https:\/\/jp2doc.pl\/it\/wp-json\/wp\/v2\/posts\/1939","targetHints":{"allow":["GET"]}}],"collection":[{"href":"https:\/\/jp2doc.pl\/it\/wp-json\/wp\/v2\/posts"}],"about":[{"href":"https:\/\/jp2doc.pl\/it\/wp-json\/wp\/v2\/types\/post"}],"author":[{"embeddable":true,"href":"https:\/\/jp2doc.pl\/it\/wp-json\/wp\/v2\/users\/5"}],"replies":[{"embeddable":true,"href":"https:\/\/jp2doc.pl\/it\/wp-json\/wp\/v2\/comments?post=1939"}],"version-history":[{"count":1,"href":"https:\/\/jp2doc.pl\/it\/wp-json\/wp\/v2\/posts\/1939\/revisions"}],"predecessor-version":[{"id":1941,"href":"https:\/\/jp2doc.pl\/it\/wp-json\/wp\/v2\/posts\/1939\/revisions\/1941"}],"wp:featuredmedia":[{"embeddable":true,"href":"https:\/\/jp2doc.pl\/it\/wp-json\/wp\/v2\/media\/1940"}],"wp:attachment":[{"href":"https:\/\/jp2doc.pl\/it\/wp-json\/wp\/v2\/media?parent=1939"}],"wp:term":[{"taxonomy":"category","embeddable":true,"href":"https:\/\/jp2doc.pl\/it\/wp-json\/wp\/v2\/categories?post=1939"},{"taxonomy":"post_tag","embeddable":true,"href":"https:\/\/jp2doc.pl\/it\/wp-json\/wp\/v2\/tags?post=1939"}],"curies":[{"name":"wp","href":"https:\/\/api.w.org\/{rel}","templated":true}]}}