{"id":1946,"date":"2018-02-18T07:18:27","date_gmt":"2018-02-18T06:18:27","guid":{"rendered":"http:\/\/jp2doc.pl\/it\/?p=1946"},"modified":"2018-02-18T07:18:27","modified_gmt":"2018-02-18T06:18:27","slug":"la-vera-conversione","status":"publish","type":"post","link":"https:\/\/jp2doc.pl\/it\/2018\/02\/18\/la-vera-conversione\/","title":{"rendered":"La vera conversione&#8230;"},"content":{"rendered":"<p>Rif.: <em>Gn 9,8-15;\u00a0\u00a0 Sal 24\/25,4-9;\u00a0\u00a0 1Pt 3,18-22;\u00a0\u00a0 Mc 1.12-15<\/em><\/p>\n<p>\u201cRitornate a me con tutto il cuore\u201d Le parole del profeta Gioele, proclamate nel Mercoled\u00ec delle Ceneri, segnano il Tempo di Quaresima come tempo di penitenza, di riflessione e di ritorno a Dio. Ma questa prima domenica quaresimale dell&#8217;anno B, opera un profondo capovolgimento delle nostre convinzioni: s\u00ec, \u00e8 ora che l&#8217;uomo torni a Dio, ma \u00e8 innanzitutto Dio che \u00e8 tornato all&#8217;uomo e continuamente ritorna a lui&#8230;.Non una ma ripetute volte, fin dai tempi del diluvio universale (I lett.). Dio si \u00e8 chinato sull&#8217;uomo dichiarando di non avere alcuna sete di vendetta, ma solo desiderio di allearsi con lui e con lui stabilire un patto di amicizia. E allora l&#8217;arcobaleno (ho posto il mio arco sulle nubi&#8230;), Abramo (stabilisco con te un&#8217;alleanza&#8230;), il popolo di Israele (io sar\u00f2 il vostro Dio&#8230;), tutta la storia sacra acquista il sapore di un amoroso inseguimento di Dio che si pone alla ricerca dell&#8217;uomo. Le diverse alleanze ci dicono che solo Dio rimane fedele ai patti, mentre l&#8217;uomo pi\u00f9 volte ha tradito e tradisce ciononostante vediamo che i patti di Dio diventano sempre pi\u00f9 vincolanti &#8230; per Lui! Fino ad arrivare al suo Figlio Ges\u00f9: \u201cmorto una volta per sempre per i peccati, giusto per gli ingiusti, per ricondurvi a Dio\u201d (II lett.)<\/p>\n<p>La Quaresima appare allora come il tempo opportuno per giungere ad una duplice verit\u00e0: la prima \u00e8 quella che riguarda la nostra povert\u00e0 legata a certezze e valori fragili e transitori che \u00e8 necessario eliminare per giungere ad un\u2019altra verit\u00e0: quella che riguarda Dio che \u00e8 Amore, Provvidenza, Perdono.<\/p>\n<p>Dio sempre pronto a ricredersi sul destino dell\u2019uomo, a concedergli nuove occasioni di pentimento e di ritorno (I Lett.), ci offre oggi questo tempo perch\u00e9 sia occasione propizia per tornare a Lui, per trasformare ogni giorno in un giorno di conversione e di fede, tempo di ritorno che si fa ascolto della Parola, attenzione verso i fratelli, preghiera assidua e fervente.<\/p>\n<p>Allora le opere penitenziali del digiuno, della preghiera, dell&#8217;elemosina, mostrano un nuovo volto: esse non sono lo scopo o il punto di arrivo della Quaresima, ma solo un mezzo per spogliarsi di tutto ci\u00f2 che ostacola l&#8217;intimit\u00e0 con Dio. Solo in questa ritrovata intimit\u00e0 la Quaresima sar\u00e0 il tempo sacro per eccellenza, il tempo che Ges\u00f9 stesso ha consacrato con la sua permanenza nel deserto, dove fu \u201ctentato da Satana e stava con le bestie selvatiche\u201d.<\/p>\n<p>Il racconto acquista il valore simbolico del cammino quaresimale che, al di l\u00e0 dei buoni propositi, \u00e8 costantemente ostacolato dalle \u201cbestie selvatiche\u201d che abbiamo dentro di noi: l\u2019indecisione, i dubbi di fede, la pigrizia, i ripensamenti e quel desiderio inconfessato di sfuggire allo sguardo di Dio\u201d. Ma ci sono gli angeli a \u201cservire Ges\u00f9\u201d, segno che Dio anche a noi mander\u00e0 un aiuto, un sostegno che ci dia forza per continuare il cammino intrapreso.<\/p>\n<blockquote><p>Dio paziente e misericordioso \u2026 disponi i nostri cuori all\u2019ascolto della tua parola, perch\u00e9 in questo tempo che tu ci offri si compia in noi la vera conversione\u2026<\/p><\/blockquote>\n<p><strong>\u00a0L.R.<\/strong><\/p>\n","protected":false},"excerpt":{"rendered":"<p>I Domenica di Quaresima<\/p>\n","protected":false},"author":5,"featured_media":1947,"comment_status":"open","ping_status":"open","sticky":false,"template":"","format":"standard","meta":{"_acf_changed":false,"_exactmetrics_skip_tracking":false,"_exactmetrics_sitenote_active":false,"_exactmetrics_sitenote_note":"","_exactmetrics_sitenote_category":0,"footnotes":""},"categories":[4,13,14],"tags":[39,146,82,147],"class_list":["post-1946","post","type-post","status-publish","format-standard","has-post-thumbnail","hentry","category-blog","category-strona-glowna-najnowsze","category-strona-glowna-slider","tag-commento","tag-conversione","tag-lisetta_romano","tag-quaresima"],"acf":[],"yoast_head":"<!-- This site is optimized with the Yoast SEO plugin v26.2 - https:\/\/yoast.com\/wordpress\/plugins\/seo\/ -->\n<title>La vera conversione... - Centro di Documentazione e Studio del Pontificato di Giovanni Paolo II a Roma<\/title>\n<meta name=\"robots\" content=\"index, follow, max-snippet:-1, max-image-preview:large, max-video-preview:-1\" \/>\n<link rel=\"canonical\" href=\"https:\/\/jp2doc.pl\/it\/2018\/02\/18\/la-vera-conversione\/\" \/>\n<meta property=\"og:locale\" content=\"it_IT\" \/>\n<meta property=\"og:type\" content=\"article\" \/>\n<meta property=\"og:title\" content=\"La vera conversione... - Centro di Documentazione e Studio del Pontificato di Giovanni Paolo II a Roma\" \/>\n<meta property=\"og:description\" content=\"I Domenica di Quaresima\" \/>\n<meta property=\"og:url\" content=\"https:\/\/jp2doc.pl\/it\/2018\/02\/18\/la-vera-conversione\/\" \/>\n<meta property=\"og:site_name\" content=\"Centro di Documentazione e Studio del Pontificato di Giovanni Paolo II a Roma\" \/>\n<meta property=\"article:published_time\" content=\"2018-02-18T06:18:27+00:00\" \/>\n<meta property=\"og:image\" content=\"https:\/\/jp2doc.pl\/it\/wp-content\/uploads\/sites\/3\/2018\/02\/photo-1456024569359-9e78b5d10a80.jpeg\" \/>\n\t<meta property=\"og:image:width\" content=\"1579\" \/>\n\t<meta property=\"og:image:height\" content=\"1054\" \/>\n\t<meta property=\"og:image:type\" content=\"image\/jpeg\" \/>\n<meta name=\"author\" content=\"juliasercanka\" \/>\n<meta name=\"twitter:card\" content=\"summary_large_image\" \/>\n<meta name=\"twitter:label1\" content=\"Scritto da\" \/>\n\t<meta name=\"twitter:data1\" content=\"juliasercanka\" \/>\n\t<meta name=\"twitter:label2\" content=\"Tempo di lettura stimato\" \/>\n\t<meta name=\"twitter:data2\" content=\"3 minuti\" \/>\n<script type=\"application\/ld+json\" class=\"yoast-schema-graph\">{\"@context\":\"https:\/\/schema.org\",\"@graph\":[{\"@type\":\"Article\",\"@id\":\"https:\/\/jp2doc.pl\/it\/2018\/02\/18\/la-vera-conversione\/#article\",\"isPartOf\":{\"@id\":\"https:\/\/jp2doc.pl\/it\/2018\/02\/18\/la-vera-conversione\/\"},\"author\":{\"name\":\"juliasercanka\",\"@id\":\"https:\/\/jp2doc.pl\/it\/#\/schema\/person\/6110109e80abb51f6fac4824777eabfe\"},\"headline\":\"La vera conversione&#8230;\",\"datePublished\":\"2018-02-18T06:18:27+00:00\",\"mainEntityOfPage\":{\"@id\":\"https:\/\/jp2doc.pl\/it\/2018\/02\/18\/la-vera-conversione\/\"},\"wordCount\":517,\"commentCount\":0,\"publisher\":{\"@id\":\"https:\/\/jp2doc.pl\/it\/#organization\"},\"image\":{\"@id\":\"https:\/\/jp2doc.pl\/it\/2018\/02\/18\/la-vera-conversione\/#primaryimage\"},\"thumbnailUrl\":\"https:\/\/jp2doc.pl\/it\/wp-content\/uploads\/sites\/3\/2018\/02\/photo-1456024569359-9e78b5d10a80.jpeg\",\"keywords\":[\"commento\",\"conversione\",\"Lisetta_Romano\",\"quaresima\"],\"articleSection\":[\"Blog\",\"Strona g\u0142\u00f3wna - najnowsze\",\"Strona g\u0142\u00f3wna - slider\"],\"inLanguage\":\"it-IT\",\"potentialAction\":[{\"@type\":\"CommentAction\",\"name\":\"Comment\",\"target\":[\"https:\/\/jp2doc.pl\/it\/2018\/02\/18\/la-vera-conversione\/#respond\"]}]},{\"@type\":\"WebPage\",\"@id\":\"https:\/\/jp2doc.pl\/it\/2018\/02\/18\/la-vera-conversione\/\",\"url\":\"https:\/\/jp2doc.pl\/it\/2018\/02\/18\/la-vera-conversione\/\",\"name\":\"La vera conversione... - Centro di Documentazione e Studio del Pontificato di Giovanni Paolo II a Roma\",\"isPartOf\":{\"@id\":\"https:\/\/jp2doc.pl\/it\/#website\"},\"primaryImageOfPage\":{\"@id\":\"https:\/\/jp2doc.pl\/it\/2018\/02\/18\/la-vera-conversione\/#primaryimage\"},\"image\":{\"@id\":\"https:\/\/jp2doc.pl\/it\/2018\/02\/18\/la-vera-conversione\/#primaryimage\"},\"thumbnailUrl\":\"https:\/\/jp2doc.pl\/it\/wp-content\/uploads\/sites\/3\/2018\/02\/photo-1456024569359-9e78b5d10a80.jpeg\",\"datePublished\":\"2018-02-18T06:18:27+00:00\",\"breadcrumb\":{\"@id\":\"https:\/\/jp2doc.pl\/it\/2018\/02\/18\/la-vera-conversione\/#breadcrumb\"},\"inLanguage\":\"it-IT\",\"potentialAction\":[{\"@type\":\"ReadAction\",\"target\":[\"https:\/\/jp2doc.pl\/it\/2018\/02\/18\/la-vera-conversione\/\"]}]},{\"@type\":\"ImageObject\",\"inLanguage\":\"it-IT\",\"@id\":\"https:\/\/jp2doc.pl\/it\/2018\/02\/18\/la-vera-conversione\/#primaryimage\",\"url\":\"https:\/\/jp2doc.pl\/it\/wp-content\/uploads\/sites\/3\/2018\/02\/photo-1456024569359-9e78b5d10a80.jpeg\",\"contentUrl\":\"https:\/\/jp2doc.pl\/it\/wp-content\/uploads\/sites\/3\/2018\/02\/photo-1456024569359-9e78b5d10a80.jpeg\",\"width\":1579,\"height\":1054},{\"@type\":\"BreadcrumbList\",\"@id\":\"https:\/\/jp2doc.pl\/it\/2018\/02\/18\/la-vera-conversione\/#breadcrumb\",\"itemListElement\":[{\"@type\":\"ListItem\",\"position\":1,\"name\":\"Home\",\"item\":\"https:\/\/jp2doc.pl\/it\/\"},{\"@type\":\"ListItem\",\"position\":2,\"name\":\"La vera conversione&#8230;\"}]},{\"@type\":\"WebSite\",\"@id\":\"https:\/\/jp2doc.pl\/it\/#website\",\"url\":\"https:\/\/jp2doc.pl\/it\/\",\"name\":\"Centro di Documentazione e Studio del Pontificato di Giovanni Paolo II a Roma\",\"description\":\"\",\"publisher\":{\"@id\":\"https:\/\/jp2doc.pl\/it\/#organization\"},\"potentialAction\":[{\"@type\":\"SearchAction\",\"target\":{\"@type\":\"EntryPoint\",\"urlTemplate\":\"https:\/\/jp2doc.pl\/it\/?s={search_term_string}\"},\"query-input\":{\"@type\":\"PropertyValueSpecification\",\"valueRequired\":true,\"valueName\":\"search_term_string\"}}],\"inLanguage\":\"it-IT\"},{\"@type\":\"Organization\",\"@id\":\"https:\/\/jp2doc.pl\/it\/#organization\",\"name\":\"Centro di Documentazione e Studio del Pontificato di Giovanni Paolo II a Roma\",\"url\":\"https:\/\/jp2doc.pl\/it\/\",\"logo\":{\"@type\":\"ImageObject\",\"inLanguage\":\"it-IT\",\"@id\":\"https:\/\/jp2doc.pl\/it\/#\/schema\/logo\/image\/\",\"url\":\"https:\/\/jp2doc.pl\/it\/wp-content\/uploads\/sites\/3\/2017\/03\/cropped-logo.png\",\"contentUrl\":\"https:\/\/jp2doc.pl\/it\/wp-content\/uploads\/sites\/3\/2017\/03\/cropped-logo.png\",\"width\":115,\"height\":115,\"caption\":\"Centro di Documentazione e Studio del Pontificato di Giovanni Paolo II a Roma\"},\"image\":{\"@id\":\"https:\/\/jp2doc.pl\/it\/#\/schema\/logo\/image\/\"}},{\"@type\":\"Person\",\"@id\":\"https:\/\/jp2doc.pl\/it\/#\/schema\/person\/6110109e80abb51f6fac4824777eabfe\",\"name\":\"juliasercanka\",\"image\":{\"@type\":\"ImageObject\",\"inLanguage\":\"it-IT\",\"@id\":\"https:\/\/jp2doc.pl\/it\/#\/schema\/person\/image\/\",\"url\":\"https:\/\/secure.gravatar.com\/avatar\/266a66e864556e22d55d61b6b10c97fab9060767b738564bcd109f3997e372bc?s=96&d=mm&r=g\",\"contentUrl\":\"https:\/\/secure.gravatar.com\/avatar\/266a66e864556e22d55d61b6b10c97fab9060767b738564bcd109f3997e372bc?s=96&d=mm&r=g\",\"caption\":\"juliasercanka\"},\"url\":\"https:\/\/jp2doc.pl\/it\/author\/juliasercanka\/\"}]}<\/script>\n<!-- \/ Yoast SEO plugin. -->","yoast_head_json":{"title":"La vera conversione... - Centro di Documentazione e Studio del Pontificato di Giovanni Paolo II a Roma","robots":{"index":"index","follow":"follow","max-snippet":"max-snippet:-1","max-image-preview":"max-image-preview:large","max-video-preview":"max-video-preview:-1"},"canonical":"https:\/\/jp2doc.pl\/it\/2018\/02\/18\/la-vera-conversione\/","og_locale":"it_IT","og_type":"article","og_title":"La vera conversione... - Centro di Documentazione e Studio del Pontificato di Giovanni Paolo II a Roma","og_description":"I Domenica di Quaresima","og_url":"https:\/\/jp2doc.pl\/it\/2018\/02\/18\/la-vera-conversione\/","og_site_name":"Centro di Documentazione e Studio del Pontificato di Giovanni Paolo II a Roma","article_published_time":"2018-02-18T06:18:27+00:00","og_image":[{"width":1579,"height":1054,"url":"https:\/\/jp2doc.pl\/it\/wp-content\/uploads\/sites\/3\/2018\/02\/photo-1456024569359-9e78b5d10a80.jpeg","type":"image\/jpeg"}],"author":"juliasercanka","twitter_card":"summary_large_image","twitter_misc":{"Scritto da":"juliasercanka","Tempo di lettura stimato":"3 minuti"},"schema":{"@context":"https:\/\/schema.org","@graph":[{"@type":"Article","@id":"https:\/\/jp2doc.pl\/it\/2018\/02\/18\/la-vera-conversione\/#article","isPartOf":{"@id":"https:\/\/jp2doc.pl\/it\/2018\/02\/18\/la-vera-conversione\/"},"author":{"name":"juliasercanka","@id":"https:\/\/jp2doc.pl\/it\/#\/schema\/person\/6110109e80abb51f6fac4824777eabfe"},"headline":"La vera conversione&#8230;","datePublished":"2018-02-18T06:18:27+00:00","mainEntityOfPage":{"@id":"https:\/\/jp2doc.pl\/it\/2018\/02\/18\/la-vera-conversione\/"},"wordCount":517,"commentCount":0,"publisher":{"@id":"https:\/\/jp2doc.pl\/it\/#organization"},"image":{"@id":"https:\/\/jp2doc.pl\/it\/2018\/02\/18\/la-vera-conversione\/#primaryimage"},"thumbnailUrl":"https:\/\/jp2doc.pl\/it\/wp-content\/uploads\/sites\/3\/2018\/02\/photo-1456024569359-9e78b5d10a80.jpeg","keywords":["commento","conversione","Lisetta_Romano","quaresima"],"articleSection":["Blog","Strona g\u0142\u00f3wna - najnowsze","Strona g\u0142\u00f3wna - slider"],"inLanguage":"it-IT","potentialAction":[{"@type":"CommentAction","name":"Comment","target":["https:\/\/jp2doc.pl\/it\/2018\/02\/18\/la-vera-conversione\/#respond"]}]},{"@type":"WebPage","@id":"https:\/\/jp2doc.pl\/it\/2018\/02\/18\/la-vera-conversione\/","url":"https:\/\/jp2doc.pl\/it\/2018\/02\/18\/la-vera-conversione\/","name":"La vera conversione... - Centro di Documentazione e Studio del Pontificato di Giovanni Paolo II a Roma","isPartOf":{"@id":"https:\/\/jp2doc.pl\/it\/#website"},"primaryImageOfPage":{"@id":"https:\/\/jp2doc.pl\/it\/2018\/02\/18\/la-vera-conversione\/#primaryimage"},"image":{"@id":"https:\/\/jp2doc.pl\/it\/2018\/02\/18\/la-vera-conversione\/#primaryimage"},"thumbnailUrl":"https:\/\/jp2doc.pl\/it\/wp-content\/uploads\/sites\/3\/2018\/02\/photo-1456024569359-9e78b5d10a80.jpeg","datePublished":"2018-02-18T06:18:27+00:00","breadcrumb":{"@id":"https:\/\/jp2doc.pl\/it\/2018\/02\/18\/la-vera-conversione\/#breadcrumb"},"inLanguage":"it-IT","potentialAction":[{"@type":"ReadAction","target":["https:\/\/jp2doc.pl\/it\/2018\/02\/18\/la-vera-conversione\/"]}]},{"@type":"ImageObject","inLanguage":"it-IT","@id":"https:\/\/jp2doc.pl\/it\/2018\/02\/18\/la-vera-conversione\/#primaryimage","url":"https:\/\/jp2doc.pl\/it\/wp-content\/uploads\/sites\/3\/2018\/02\/photo-1456024569359-9e78b5d10a80.jpeg","contentUrl":"https:\/\/jp2doc.pl\/it\/wp-content\/uploads\/sites\/3\/2018\/02\/photo-1456024569359-9e78b5d10a80.jpeg","width":1579,"height":1054},{"@type":"BreadcrumbList","@id":"https:\/\/jp2doc.pl\/it\/2018\/02\/18\/la-vera-conversione\/#breadcrumb","itemListElement":[{"@type":"ListItem","position":1,"name":"Home","item":"https:\/\/jp2doc.pl\/it\/"},{"@type":"ListItem","position":2,"name":"La vera conversione&#8230;"}]},{"@type":"WebSite","@id":"https:\/\/jp2doc.pl\/it\/#website","url":"https:\/\/jp2doc.pl\/it\/","name":"Centro di Documentazione e Studio del Pontificato di Giovanni Paolo II a Roma","description":"","publisher":{"@id":"https:\/\/jp2doc.pl\/it\/#organization"},"potentialAction":[{"@type":"SearchAction","target":{"@type":"EntryPoint","urlTemplate":"https:\/\/jp2doc.pl\/it\/?s={search_term_string}"},"query-input":{"@type":"PropertyValueSpecification","valueRequired":true,"valueName":"search_term_string"}}],"inLanguage":"it-IT"},{"@type":"Organization","@id":"https:\/\/jp2doc.pl\/it\/#organization","name":"Centro di Documentazione e Studio del Pontificato di Giovanni Paolo II a Roma","url":"https:\/\/jp2doc.pl\/it\/","logo":{"@type":"ImageObject","inLanguage":"it-IT","@id":"https:\/\/jp2doc.pl\/it\/#\/schema\/logo\/image\/","url":"https:\/\/jp2doc.pl\/it\/wp-content\/uploads\/sites\/3\/2017\/03\/cropped-logo.png","contentUrl":"https:\/\/jp2doc.pl\/it\/wp-content\/uploads\/sites\/3\/2017\/03\/cropped-logo.png","width":115,"height":115,"caption":"Centro di Documentazione e Studio del Pontificato di Giovanni Paolo II a Roma"},"image":{"@id":"https:\/\/jp2doc.pl\/it\/#\/schema\/logo\/image\/"}},{"@type":"Person","@id":"https:\/\/jp2doc.pl\/it\/#\/schema\/person\/6110109e80abb51f6fac4824777eabfe","name":"juliasercanka","image":{"@type":"ImageObject","inLanguage":"it-IT","@id":"https:\/\/jp2doc.pl\/it\/#\/schema\/person\/image\/","url":"https:\/\/secure.gravatar.com\/avatar\/266a66e864556e22d55d61b6b10c97fab9060767b738564bcd109f3997e372bc?s=96&d=mm&r=g","contentUrl":"https:\/\/secure.gravatar.com\/avatar\/266a66e864556e22d55d61b6b10c97fab9060767b738564bcd109f3997e372bc?s=96&d=mm&r=g","caption":"juliasercanka"},"url":"https:\/\/jp2doc.pl\/it\/author\/juliasercanka\/"}]}},"_links":{"self":[{"href":"https:\/\/jp2doc.pl\/it\/wp-json\/wp\/v2\/posts\/1946","targetHints":{"allow":["GET"]}}],"collection":[{"href":"https:\/\/jp2doc.pl\/it\/wp-json\/wp\/v2\/posts"}],"about":[{"href":"https:\/\/jp2doc.pl\/it\/wp-json\/wp\/v2\/types\/post"}],"author":[{"embeddable":true,"href":"https:\/\/jp2doc.pl\/it\/wp-json\/wp\/v2\/users\/5"}],"replies":[{"embeddable":true,"href":"https:\/\/jp2doc.pl\/it\/wp-json\/wp\/v2\/comments?post=1946"}],"version-history":[{"count":2,"href":"https:\/\/jp2doc.pl\/it\/wp-json\/wp\/v2\/posts\/1946\/revisions"}],"predecessor-version":[{"id":1949,"href":"https:\/\/jp2doc.pl\/it\/wp-json\/wp\/v2\/posts\/1946\/revisions\/1949"}],"wp:featuredmedia":[{"embeddable":true,"href":"https:\/\/jp2doc.pl\/it\/wp-json\/wp\/v2\/media\/1947"}],"wp:attachment":[{"href":"https:\/\/jp2doc.pl\/it\/wp-json\/wp\/v2\/media?parent=1946"}],"wp:term":[{"taxonomy":"category","embeddable":true,"href":"https:\/\/jp2doc.pl\/it\/wp-json\/wp\/v2\/categories?post=1946"},{"taxonomy":"post_tag","embeddable":true,"href":"https:\/\/jp2doc.pl\/it\/wp-json\/wp\/v2\/tags?post=1946"}],"curies":[{"name":"wp","href":"https:\/\/api.w.org\/{rel}","templated":true}]}}