{"id":1959,"date":"2018-03-03T18:06:02","date_gmt":"2018-03-03T17:06:02","guid":{"rendered":"http:\/\/jp2doc.pl\/it\/?p=1959"},"modified":"2018-03-04T09:04:31","modified_gmt":"2018-03-04T08:04:31","slug":"la-croce-misura-della-fede","status":"publish","type":"post","link":"https:\/\/jp2doc.pl\/it\/2018\/03\/03\/la-croce-misura-della-fede\/","title":{"rendered":"La Croce, misura della fede"},"content":{"rendered":"<p>Rif.: Es 20,1-17; Sal 18,8-11; 1Cor 1,22-25; Gv 2,13-25<\/p>\n<p>Il nostro cammino quaresimale continua e, ancora una volta, la Liturgia ci richiama con forza all\u2019ascolto della Parola per offrire a Dio un cuore sincero che in nome dell\u2019amore sia pronto all\u2019obbedienza: \u00a0\u201cpiega i nostri cuori ai tuoi comandamenti\u2026\u201d, invochiamo nella preghiera di Colletta. Comandamenti che fanno degli erranti nel deserto il popolo eletto e riportano l\u2019uomo alla propria dignit\u00e0 insegnandogli il rispetto verso Dio e verso il prossimo.<\/p>\n<h5><strong>Tra fede ed interessi personali<\/strong><\/h5>\n<p>Il loro inizio \u00e8 solenne: \u201cIo sono il Signore, tuo Dio\u2026 non avrai altri dei di fronte a me\u201d. Come un amante geloso (v. 5), Dio chiede di essere Unico nel cuore dell\u2019uomo, nulla deve opporsi alla sua signoria. La sua \u00e8 una richiesta motivata perch\u00e9 \u201cconosce quello che c\u2019\u00e8 nel cuore dell\u2019uomo\u201d (cfr vangelo) e sa che di lui non ci si pu\u00f2 fidare, combattuto com\u2019\u00e8 tra fede e frode, umilt\u00e0 e presunzione, carit\u00e0 ed interessi personali. Lo dimostra ampiamente la situazione del Tempio a Gerusalemme dove al suo interno un grande cortile era stato destinato alla vendita degli animali per il sacrifico ed ai cambiavalute.<\/p>\n<p>Come ogni pio israelita, Ges\u00f9 arriva a Gerusalemme per la grande festa e dal Tempio gli arriva il fragore di un mercato, voci che si rincorrono e si accavallano confuse: al grido dei venditori fa eco quello degli acquirenti, il tutto frammisto al belato delle pecore e al muggire dei tori e dei vitelli.<\/p>\n<p>Dov\u2019\u00e8 il silenzio per pregare? Dove il necessario raccoglimento per incontrare Dio? Dove sono i sacerdoti per ridare dignit\u00e0 alla Casa di Dio? Essi appaiono pi\u00f9 occupati dai propri affari che preoccupati del culto dovuto a Dio. Ad esempio, la legge che regolava i sacrifici era nata perch\u00e9 si sacrificassero a Dio i primogeniti del proprio gregge o si offrissero le primizie della propria terra, che senso aveva comprare animali nel cortile del Tempio? Ma questo portava guadagno ai sacerdoti e ai venditori.<\/p>\n<h5><strong>La Croce nella vita<\/strong><\/h5>\n<p>Ges\u00f9 si ribella ad una tale profanazione e scaccia venditori ed acquirenti, ai Giudei che gli chiedono un segno che dimostri la sua autorit\u00e0, Ges\u00f9 risponde con la profezia delle propria morte. Gi\u00e0 altre volte gli era stato richiesto un segno e sempre Ges\u00f9 aveva fatto riferimento alla sua Passione e Resurrezione. Sar\u00e0 la Croce il segno indelebile dell\u2019autorit\u00e0 di Cristo, dell\u2019amore del Padre per le sue creature. La Croce si erger\u00e0 all\u2019orizzonte umano come segno di pace e di riconciliazione, di perdono e di amore. E\u2019 verso la Croce che la Quaresima si dirige e ad essa guarda come il segno che prova e misura la nostra fede, come strumento che il credente abbraccia con Cristo e per Cristo, in essa c\u2019\u00e8 la sintesi di amore offerto e donato per noi. Su di essa incontriamo Dio fatto carne e il suo Sacratissimo Corpo \u00e8 il Tempio umano dove Dio dimora, nel suo volto vediamo il volto del Padre, nel suo Cuore incontriamo l\u2019Amore eterno dello Spirito Santo. Immersi in Cristo col Battesimo anche noi diventiamo membra del suo Corpo, pietre vive di quel Tempio che \u00e8 Lui. E\u2019 in Ges\u00f9, con Lui e per Lui che ripercorriamo le tappe di quella Sapienza divina che seppe rivestirsi di debolezza (II lett.) per donare agli uomini la forza, la bellezza, la gloria di Dio.<\/p>\n<p><strong>L.R.<\/strong><\/p>\n","protected":false},"excerpt":{"rendered":"<p>III Domenica di Quaresima<\/p>\n","protected":false},"author":5,"featured_media":1960,"comment_status":"open","ping_status":"open","sticky":false,"template":"","format":"standard","meta":{"_acf_changed":false,"_exactmetrics_skip_tracking":false,"_exactmetrics_sitenote_active":false,"_exactmetrics_sitenote_note":"","_exactmetrics_sitenote_category":0,"footnotes":""},"categories":[4,13,14],"tags":[57,26,150,147,149],"class_list":["post-1959","post","type-post","status-publish","format-standard","has-post-thumbnail","hentry","category-blog","category-strona-glowna-najnowsze","category-strona-glowna-slider","tag-croce","tag-dio","tag-gerusalemme","tag-quaresima","tag-tempio"],"acf":[],"yoast_head":"<!-- This site is optimized with the Yoast SEO plugin v26.2 - https:\/\/yoast.com\/wordpress\/plugins\/seo\/ -->\n<title>La Croce, misura della fede - Centro di Documentazione e Studio del Pontificato di Giovanni Paolo II a Roma<\/title>\n<meta name=\"robots\" content=\"index, follow, max-snippet:-1, max-image-preview:large, max-video-preview:-1\" \/>\n<link rel=\"canonical\" href=\"https:\/\/jp2doc.pl\/it\/2018\/03\/03\/la-croce-misura-della-fede\/\" \/>\n<meta property=\"og:locale\" content=\"it_IT\" \/>\n<meta property=\"og:type\" content=\"article\" \/>\n<meta property=\"og:title\" content=\"La Croce, misura della fede - Centro di Documentazione e Studio del Pontificato di Giovanni Paolo II a Roma\" \/>\n<meta property=\"og:description\" content=\"III Domenica di Quaresima\" \/>\n<meta property=\"og:url\" content=\"https:\/\/jp2doc.pl\/it\/2018\/03\/03\/la-croce-misura-della-fede\/\" \/>\n<meta property=\"og:site_name\" content=\"Centro di Documentazione e Studio del Pontificato di Giovanni Paolo II a Roma\" \/>\n<meta property=\"article:published_time\" content=\"2018-03-03T17:06:02+00:00\" \/>\n<meta property=\"article:modified_time\" content=\"2018-03-04T08:04:31+00:00\" \/>\n<meta property=\"og:image\" content=\"https:\/\/jp2doc.pl\/it\/wp-content\/uploads\/sites\/3\/2018\/03\/freely-72483.jpg\" \/>\n\t<meta property=\"og:image:width\" content=\"1792\" \/>\n\t<meta property=\"og:image:height\" content=\"1195\" \/>\n\t<meta property=\"og:image:type\" content=\"image\/jpeg\" \/>\n<meta name=\"author\" content=\"juliasercanka\" \/>\n<meta name=\"twitter:card\" content=\"summary_large_image\" \/>\n<meta name=\"twitter:label1\" content=\"Scritto da\" \/>\n\t<meta name=\"twitter:data1\" content=\"juliasercanka\" \/>\n\t<meta name=\"twitter:label2\" content=\"Tempo di lettura stimato\" \/>\n\t<meta name=\"twitter:data2\" content=\"3 minuti\" \/>\n<script type=\"application\/ld+json\" class=\"yoast-schema-graph\">{\"@context\":\"https:\/\/schema.org\",\"@graph\":[{\"@type\":\"Article\",\"@id\":\"https:\/\/jp2doc.pl\/it\/2018\/03\/03\/la-croce-misura-della-fede\/#article\",\"isPartOf\":{\"@id\":\"https:\/\/jp2doc.pl\/it\/2018\/03\/03\/la-croce-misura-della-fede\/\"},\"author\":{\"name\":\"juliasercanka\",\"@id\":\"https:\/\/jp2doc.pl\/it\/#\/schema\/person\/6110109e80abb51f6fac4824777eabfe\"},\"headline\":\"La Croce, misura della fede\",\"datePublished\":\"2018-03-03T17:06:02+00:00\",\"dateModified\":\"2018-03-04T08:04:31+00:00\",\"mainEntityOfPage\":{\"@id\":\"https:\/\/jp2doc.pl\/it\/2018\/03\/03\/la-croce-misura-della-fede\/\"},\"wordCount\":566,\"commentCount\":0,\"publisher\":{\"@id\":\"https:\/\/jp2doc.pl\/it\/#organization\"},\"image\":{\"@id\":\"https:\/\/jp2doc.pl\/it\/2018\/03\/03\/la-croce-misura-della-fede\/#primaryimage\"},\"thumbnailUrl\":\"https:\/\/jp2doc.pl\/it\/wp-content\/uploads\/sites\/3\/2018\/03\/freely-72483.jpg\",\"keywords\":[\"croce\",\"dio\",\"Gerusalemme\",\"quaresima\",\"tempio\"],\"articleSection\":[\"Blog\",\"Strona g\u0142\u00f3wna - najnowsze\",\"Strona g\u0142\u00f3wna - slider\"],\"inLanguage\":\"it-IT\",\"potentialAction\":[{\"@type\":\"CommentAction\",\"name\":\"Comment\",\"target\":[\"https:\/\/jp2doc.pl\/it\/2018\/03\/03\/la-croce-misura-della-fede\/#respond\"]}]},{\"@type\":\"WebPage\",\"@id\":\"https:\/\/jp2doc.pl\/it\/2018\/03\/03\/la-croce-misura-della-fede\/\",\"url\":\"https:\/\/jp2doc.pl\/it\/2018\/03\/03\/la-croce-misura-della-fede\/\",\"name\":\"La Croce, misura della fede - Centro di Documentazione e Studio del Pontificato di Giovanni Paolo II a Roma\",\"isPartOf\":{\"@id\":\"https:\/\/jp2doc.pl\/it\/#website\"},\"primaryImageOfPage\":{\"@id\":\"https:\/\/jp2doc.pl\/it\/2018\/03\/03\/la-croce-misura-della-fede\/#primaryimage\"},\"image\":{\"@id\":\"https:\/\/jp2doc.pl\/it\/2018\/03\/03\/la-croce-misura-della-fede\/#primaryimage\"},\"thumbnailUrl\":\"https:\/\/jp2doc.pl\/it\/wp-content\/uploads\/sites\/3\/2018\/03\/freely-72483.jpg\",\"datePublished\":\"2018-03-03T17:06:02+00:00\",\"dateModified\":\"2018-03-04T08:04:31+00:00\",\"breadcrumb\":{\"@id\":\"https:\/\/jp2doc.pl\/it\/2018\/03\/03\/la-croce-misura-della-fede\/#breadcrumb\"},\"inLanguage\":\"it-IT\",\"potentialAction\":[{\"@type\":\"ReadAction\",\"target\":[\"https:\/\/jp2doc.pl\/it\/2018\/03\/03\/la-croce-misura-della-fede\/\"]}]},{\"@type\":\"ImageObject\",\"inLanguage\":\"it-IT\",\"@id\":\"https:\/\/jp2doc.pl\/it\/2018\/03\/03\/la-croce-misura-della-fede\/#primaryimage\",\"url\":\"https:\/\/jp2doc.pl\/it\/wp-content\/uploads\/sites\/3\/2018\/03\/freely-72483.jpg\",\"contentUrl\":\"https:\/\/jp2doc.pl\/it\/wp-content\/uploads\/sites\/3\/2018\/03\/freely-72483.jpg\",\"width\":1792,\"height\":1195},{\"@type\":\"BreadcrumbList\",\"@id\":\"https:\/\/jp2doc.pl\/it\/2018\/03\/03\/la-croce-misura-della-fede\/#breadcrumb\",\"itemListElement\":[{\"@type\":\"ListItem\",\"position\":1,\"name\":\"Home\",\"item\":\"https:\/\/jp2doc.pl\/it\/\"},{\"@type\":\"ListItem\",\"position\":2,\"name\":\"La Croce, misura della fede\"}]},{\"@type\":\"WebSite\",\"@id\":\"https:\/\/jp2doc.pl\/it\/#website\",\"url\":\"https:\/\/jp2doc.pl\/it\/\",\"name\":\"Centro di Documentazione e Studio del Pontificato di Giovanni Paolo II a Roma\",\"description\":\"\",\"publisher\":{\"@id\":\"https:\/\/jp2doc.pl\/it\/#organization\"},\"potentialAction\":[{\"@type\":\"SearchAction\",\"target\":{\"@type\":\"EntryPoint\",\"urlTemplate\":\"https:\/\/jp2doc.pl\/it\/?s={search_term_string}\"},\"query-input\":{\"@type\":\"PropertyValueSpecification\",\"valueRequired\":true,\"valueName\":\"search_term_string\"}}],\"inLanguage\":\"it-IT\"},{\"@type\":\"Organization\",\"@id\":\"https:\/\/jp2doc.pl\/it\/#organization\",\"name\":\"Centro di Documentazione e Studio del Pontificato di Giovanni Paolo II a Roma\",\"url\":\"https:\/\/jp2doc.pl\/it\/\",\"logo\":{\"@type\":\"ImageObject\",\"inLanguage\":\"it-IT\",\"@id\":\"https:\/\/jp2doc.pl\/it\/#\/schema\/logo\/image\/\",\"url\":\"https:\/\/jp2doc.pl\/it\/wp-content\/uploads\/sites\/3\/2017\/03\/cropped-logo.png\",\"contentUrl\":\"https:\/\/jp2doc.pl\/it\/wp-content\/uploads\/sites\/3\/2017\/03\/cropped-logo.png\",\"width\":115,\"height\":115,\"caption\":\"Centro di Documentazione e Studio del Pontificato di Giovanni Paolo II a Roma\"},\"image\":{\"@id\":\"https:\/\/jp2doc.pl\/it\/#\/schema\/logo\/image\/\"}},{\"@type\":\"Person\",\"@id\":\"https:\/\/jp2doc.pl\/it\/#\/schema\/person\/6110109e80abb51f6fac4824777eabfe\",\"name\":\"juliasercanka\",\"image\":{\"@type\":\"ImageObject\",\"inLanguage\":\"it-IT\",\"@id\":\"https:\/\/jp2doc.pl\/it\/#\/schema\/person\/image\/\",\"url\":\"https:\/\/secure.gravatar.com\/avatar\/266a66e864556e22d55d61b6b10c97fab9060767b738564bcd109f3997e372bc?s=96&d=mm&r=g\",\"contentUrl\":\"https:\/\/secure.gravatar.com\/avatar\/266a66e864556e22d55d61b6b10c97fab9060767b738564bcd109f3997e372bc?s=96&d=mm&r=g\",\"caption\":\"juliasercanka\"},\"url\":\"https:\/\/jp2doc.pl\/it\/author\/juliasercanka\/\"}]}<\/script>\n<!-- \/ Yoast SEO plugin. -->","yoast_head_json":{"title":"La Croce, misura della fede - Centro di Documentazione e Studio del Pontificato di Giovanni Paolo II a Roma","robots":{"index":"index","follow":"follow","max-snippet":"max-snippet:-1","max-image-preview":"max-image-preview:large","max-video-preview":"max-video-preview:-1"},"canonical":"https:\/\/jp2doc.pl\/it\/2018\/03\/03\/la-croce-misura-della-fede\/","og_locale":"it_IT","og_type":"article","og_title":"La Croce, misura della fede - Centro di Documentazione e Studio del Pontificato di Giovanni Paolo II a Roma","og_description":"III Domenica di Quaresima","og_url":"https:\/\/jp2doc.pl\/it\/2018\/03\/03\/la-croce-misura-della-fede\/","og_site_name":"Centro di Documentazione e Studio del Pontificato di Giovanni Paolo II a Roma","article_published_time":"2018-03-03T17:06:02+00:00","article_modified_time":"2018-03-04T08:04:31+00:00","og_image":[{"width":1792,"height":1195,"url":"https:\/\/jp2doc.pl\/it\/wp-content\/uploads\/sites\/3\/2018\/03\/freely-72483.jpg","type":"image\/jpeg"}],"author":"juliasercanka","twitter_card":"summary_large_image","twitter_misc":{"Scritto da":"juliasercanka","Tempo di lettura stimato":"3 minuti"},"schema":{"@context":"https:\/\/schema.org","@graph":[{"@type":"Article","@id":"https:\/\/jp2doc.pl\/it\/2018\/03\/03\/la-croce-misura-della-fede\/#article","isPartOf":{"@id":"https:\/\/jp2doc.pl\/it\/2018\/03\/03\/la-croce-misura-della-fede\/"},"author":{"name":"juliasercanka","@id":"https:\/\/jp2doc.pl\/it\/#\/schema\/person\/6110109e80abb51f6fac4824777eabfe"},"headline":"La Croce, misura della fede","datePublished":"2018-03-03T17:06:02+00:00","dateModified":"2018-03-04T08:04:31+00:00","mainEntityOfPage":{"@id":"https:\/\/jp2doc.pl\/it\/2018\/03\/03\/la-croce-misura-della-fede\/"},"wordCount":566,"commentCount":0,"publisher":{"@id":"https:\/\/jp2doc.pl\/it\/#organization"},"image":{"@id":"https:\/\/jp2doc.pl\/it\/2018\/03\/03\/la-croce-misura-della-fede\/#primaryimage"},"thumbnailUrl":"https:\/\/jp2doc.pl\/it\/wp-content\/uploads\/sites\/3\/2018\/03\/freely-72483.jpg","keywords":["croce","dio","Gerusalemme","quaresima","tempio"],"articleSection":["Blog","Strona g\u0142\u00f3wna - najnowsze","Strona g\u0142\u00f3wna - slider"],"inLanguage":"it-IT","potentialAction":[{"@type":"CommentAction","name":"Comment","target":["https:\/\/jp2doc.pl\/it\/2018\/03\/03\/la-croce-misura-della-fede\/#respond"]}]},{"@type":"WebPage","@id":"https:\/\/jp2doc.pl\/it\/2018\/03\/03\/la-croce-misura-della-fede\/","url":"https:\/\/jp2doc.pl\/it\/2018\/03\/03\/la-croce-misura-della-fede\/","name":"La Croce, misura della fede - Centro di Documentazione e Studio del Pontificato di Giovanni Paolo II a Roma","isPartOf":{"@id":"https:\/\/jp2doc.pl\/it\/#website"},"primaryImageOfPage":{"@id":"https:\/\/jp2doc.pl\/it\/2018\/03\/03\/la-croce-misura-della-fede\/#primaryimage"},"image":{"@id":"https:\/\/jp2doc.pl\/it\/2018\/03\/03\/la-croce-misura-della-fede\/#primaryimage"},"thumbnailUrl":"https:\/\/jp2doc.pl\/it\/wp-content\/uploads\/sites\/3\/2018\/03\/freely-72483.jpg","datePublished":"2018-03-03T17:06:02+00:00","dateModified":"2018-03-04T08:04:31+00:00","breadcrumb":{"@id":"https:\/\/jp2doc.pl\/it\/2018\/03\/03\/la-croce-misura-della-fede\/#breadcrumb"},"inLanguage":"it-IT","potentialAction":[{"@type":"ReadAction","target":["https:\/\/jp2doc.pl\/it\/2018\/03\/03\/la-croce-misura-della-fede\/"]}]},{"@type":"ImageObject","inLanguage":"it-IT","@id":"https:\/\/jp2doc.pl\/it\/2018\/03\/03\/la-croce-misura-della-fede\/#primaryimage","url":"https:\/\/jp2doc.pl\/it\/wp-content\/uploads\/sites\/3\/2018\/03\/freely-72483.jpg","contentUrl":"https:\/\/jp2doc.pl\/it\/wp-content\/uploads\/sites\/3\/2018\/03\/freely-72483.jpg","width":1792,"height":1195},{"@type":"BreadcrumbList","@id":"https:\/\/jp2doc.pl\/it\/2018\/03\/03\/la-croce-misura-della-fede\/#breadcrumb","itemListElement":[{"@type":"ListItem","position":1,"name":"Home","item":"https:\/\/jp2doc.pl\/it\/"},{"@type":"ListItem","position":2,"name":"La Croce, misura della fede"}]},{"@type":"WebSite","@id":"https:\/\/jp2doc.pl\/it\/#website","url":"https:\/\/jp2doc.pl\/it\/","name":"Centro di Documentazione e Studio del Pontificato di Giovanni Paolo II a Roma","description":"","publisher":{"@id":"https:\/\/jp2doc.pl\/it\/#organization"},"potentialAction":[{"@type":"SearchAction","target":{"@type":"EntryPoint","urlTemplate":"https:\/\/jp2doc.pl\/it\/?s={search_term_string}"},"query-input":{"@type":"PropertyValueSpecification","valueRequired":true,"valueName":"search_term_string"}}],"inLanguage":"it-IT"},{"@type":"Organization","@id":"https:\/\/jp2doc.pl\/it\/#organization","name":"Centro di Documentazione e Studio del Pontificato di Giovanni Paolo II a Roma","url":"https:\/\/jp2doc.pl\/it\/","logo":{"@type":"ImageObject","inLanguage":"it-IT","@id":"https:\/\/jp2doc.pl\/it\/#\/schema\/logo\/image\/","url":"https:\/\/jp2doc.pl\/it\/wp-content\/uploads\/sites\/3\/2017\/03\/cropped-logo.png","contentUrl":"https:\/\/jp2doc.pl\/it\/wp-content\/uploads\/sites\/3\/2017\/03\/cropped-logo.png","width":115,"height":115,"caption":"Centro di Documentazione e Studio del Pontificato di Giovanni Paolo II a Roma"},"image":{"@id":"https:\/\/jp2doc.pl\/it\/#\/schema\/logo\/image\/"}},{"@type":"Person","@id":"https:\/\/jp2doc.pl\/it\/#\/schema\/person\/6110109e80abb51f6fac4824777eabfe","name":"juliasercanka","image":{"@type":"ImageObject","inLanguage":"it-IT","@id":"https:\/\/jp2doc.pl\/it\/#\/schema\/person\/image\/","url":"https:\/\/secure.gravatar.com\/avatar\/266a66e864556e22d55d61b6b10c97fab9060767b738564bcd109f3997e372bc?s=96&d=mm&r=g","contentUrl":"https:\/\/secure.gravatar.com\/avatar\/266a66e864556e22d55d61b6b10c97fab9060767b738564bcd109f3997e372bc?s=96&d=mm&r=g","caption":"juliasercanka"},"url":"https:\/\/jp2doc.pl\/it\/author\/juliasercanka\/"}]}},"_links":{"self":[{"href":"https:\/\/jp2doc.pl\/it\/wp-json\/wp\/v2\/posts\/1959","targetHints":{"allow":["GET"]}}],"collection":[{"href":"https:\/\/jp2doc.pl\/it\/wp-json\/wp\/v2\/posts"}],"about":[{"href":"https:\/\/jp2doc.pl\/it\/wp-json\/wp\/v2\/types\/post"}],"author":[{"embeddable":true,"href":"https:\/\/jp2doc.pl\/it\/wp-json\/wp\/v2\/users\/5"}],"replies":[{"embeddable":true,"href":"https:\/\/jp2doc.pl\/it\/wp-json\/wp\/v2\/comments?post=1959"}],"version-history":[{"count":2,"href":"https:\/\/jp2doc.pl\/it\/wp-json\/wp\/v2\/posts\/1959\/revisions"}],"predecessor-version":[{"id":1962,"href":"https:\/\/jp2doc.pl\/it\/wp-json\/wp\/v2\/posts\/1959\/revisions\/1962"}],"wp:featuredmedia":[{"embeddable":true,"href":"https:\/\/jp2doc.pl\/it\/wp-json\/wp\/v2\/media\/1960"}],"wp:attachment":[{"href":"https:\/\/jp2doc.pl\/it\/wp-json\/wp\/v2\/media?parent=1959"}],"wp:term":[{"taxonomy":"category","embeddable":true,"href":"https:\/\/jp2doc.pl\/it\/wp-json\/wp\/v2\/categories?post=1959"},{"taxonomy":"post_tag","embeddable":true,"href":"https:\/\/jp2doc.pl\/it\/wp-json\/wp\/v2\/tags?post=1959"}],"curies":[{"name":"wp","href":"https:\/\/api.w.org\/{rel}","templated":true}]}}