{"id":1976,"date":"2018-03-24T18:42:50","date_gmt":"2018-03-24T17:42:50","guid":{"rendered":"http:\/\/jp2doc.pl\/it\/?p=1976"},"modified":"2018-03-24T18:42:50","modified_gmt":"2018-03-24T17:42:50","slug":"per-non-separarci-mai-da-cristo","status":"publish","type":"post","link":"https:\/\/jp2doc.pl\/it\/2018\/03\/24\/per-non-separarci-mai-da-cristo\/","title":{"rendered":"Per non separarci mai da Cristo"},"content":{"rendered":"<p>Rif.:<em> Is 50,4-7; Sal 21; Fil 2,6-11; Mc 14,1-15,47<\/em><\/p>\n<p>La domenica delle Palme, come un solenne portale, si apre sul Tempo fortissimo della Settimana Santa. La celebrazione ha inizio con la benedizione degli ulivi e la processione che porta all\u2019ingresso in Chiesa. Gesto che ricorda l\u2019entrata di Ges\u00f9 a Gerusalemme e la folla che lo accolse osannante. Una volta in Chiesa, bruscamente si passa dall\u2019acclamante atmosfera della processione alla drammatica lettura della Passione di nostro Signore Ges\u00f9 Cristo. Con questo forte contrasto di tinte la Chiesa ci invita a ritornare ai giorni che il Signore visse dopo la sua entrata trionfale a Gerusalemme. La processione ci invita a prendere con Lui l\u2019impegno solenne di seguirlo, fosse pure sulla Croce, per non separarci mai da Colui che per la nostra salvezza affront\u00f2 sofferenze ed umiliazioni, fustigazione e Croce. Il cammino cristiano \u00e8 il cammino che segue da vicino, anzi ricalca le orme insanguinate del Redentore ed \u00e8 questa la Domenica in cui rinnoviamo un tale impegno.<\/p>\n<p>Affrontiamo cos\u00ec, con cuore docile, il racconto della Passione che ci porta a rivivere con il Signore la notte del tradimento e della solitudine, della paura e dell\u2019angoscia che ha inizio con Giuda che si reca dai capi dei sacerdoti per vendere il Maestro, il tradimento si consumer\u00e0 con un bacio e sulle labbra di Giuda il segno di amore e di fratellanza si trasforma in un vigliacco gesto di inganno.<\/p>\n<p>Ma prima c\u2019\u00e8 la Cena, l\u2019ultima, nella quale Ges\u00f9 dona se stesso nel pane che ormai \u00e8 il suo Corpo, nel Vino che \u00e8 il suo Sangue. Non un gesto simbolico, ma la drammatica realt\u00e0 di Dio che nel suo amore incondizionato per noi ci di dona se stesso, la sua vita umana, la sua benevolenza divina, la sua misericordia senza fine, l\u2019innocenza del Figlio amato, per cancellare il peccato del mondo.<\/p>\n<p>E\u2019 l\u2019Ora che Ges\u00f9 ha atteso durante tutta la sua missione terrena quando insegnava e guariva, quando camminava per le strade della Palestina, quando veniva riconosciuto o criticato. La Croce, sempre, si stagliava per Lui all\u2019orizzonte e con decisione e dedizione l\u2019ha affrontata, anzi con gesto consueto, prima di trasformare il Pane nel suo Corpo Egli ha reso grazie, ha benedetto quel pane spezzato che era ormai il suo Corpo dilaniato dalle frustate, vilipeso dagli sputi, trafitto dai chiodi e dalla lancia. Sofferenze senza fine, davanti alle quali Cristo non arretra, e dal Padre accetta la sua sorte ignominiosa, certo che Colui che tutto pu\u00f2 lo avrebbe salvato da morte, gli avrebbe ridato vita e gloria. La morte di Cristo \u00e8 un atto di fiducia illimitata in Dio. Sentiamo questa fiducia nella parole della I lettura:<\/p>\n<blockquote><p>\u201cIl Signore Dio mi assiste, per questo non resto svergognato, per questo rendo la mia faccia dura come pietra, sapendo di non restare confuso\u201d.<\/p><\/blockquote>\n<p>E quando la Colletta ci pone a modello Ges\u00f9 forse vuole invitarci ad imitare Ges\u00f9 non tanto nell\u2019accettazione delle sofferenze, quanto nella fiducia in Dio, senza mai perdere di vista che Colui che sempre ci ama mai ci abbandona anche quando sembra assente e il suo silenzio ci sconforta e ci confonde. La Passione del Signore ci dice che Dio c\u2019\u00e8 sempre, per ciascuno di noi, in ogni situazione e, al di l\u00e0 delle apparenze, ogni sofferenza, ogni lacrima, ogni umiliazione sar\u00e0 riscattata dall\u2019infinito amore di Dio, dalla sua tenerezza e se oggi c\u2019\u00e8 la croce la fede in Lui gi\u00e0 ci mostra la gloria.<\/p>\n<p><strong>L.R.<\/strong><\/p>\n","protected":false},"excerpt":{"rendered":"<p>Domenica delle Palme<\/p>\n","protected":false},"author":5,"featured_media":1977,"comment_status":"open","ping_status":"open","sticky":false,"template":"","format":"standard","meta":{"_acf_changed":false,"_exactmetrics_skip_tracking":false,"_exactmetrics_sitenote_active":false,"_exactmetrics_sitenote_note":"","_exactmetrics_sitenote_category":0,"footnotes":""},"categories":[4,13,14],"tags":[31,82,157,148],"class_list":["post-1976","post","type-post","status-publish","format-standard","has-post-thumbnail","hentry","category-blog","category-strona-glowna-najnowsze","category-strona-glowna-slider","tag-chiesa","tag-lisetta_romano","tag-palme","tag-passione"],"acf":[],"yoast_head":"<!-- This site is optimized with the Yoast SEO plugin v26.2 - https:\/\/yoast.com\/wordpress\/plugins\/seo\/ -->\n<title>Per non separarci mai da Cristo - Centro di Documentazione e Studio del Pontificato di Giovanni Paolo II a Roma<\/title>\n<meta name=\"robots\" content=\"index, follow, max-snippet:-1, max-image-preview:large, max-video-preview:-1\" \/>\n<link rel=\"canonical\" href=\"https:\/\/jp2doc.pl\/it\/2018\/03\/24\/per-non-separarci-mai-da-cristo\/\" \/>\n<meta property=\"og:locale\" content=\"it_IT\" \/>\n<meta property=\"og:type\" content=\"article\" \/>\n<meta property=\"og:title\" content=\"Per non separarci mai da Cristo - Centro di Documentazione e Studio del Pontificato di Giovanni Paolo II a Roma\" \/>\n<meta property=\"og:description\" content=\"Domenica delle Palme\" \/>\n<meta property=\"og:url\" content=\"https:\/\/jp2doc.pl\/it\/2018\/03\/24\/per-non-separarci-mai-da-cristo\/\" \/>\n<meta property=\"og:site_name\" content=\"Centro di Documentazione e Studio del Pontificato di Giovanni Paolo II a Roma\" \/>\n<meta property=\"article:published_time\" content=\"2018-03-24T17:42:50+00:00\" \/>\n<meta property=\"og:image\" content=\"https:\/\/jp2doc.pl\/it\/wp-content\/uploads\/sites\/3\/2018\/03\/levi-hernandez-548886-unsplash.jpg\" \/>\n\t<meta property=\"og:image:width\" content=\"1650\" \/>\n\t<meta property=\"og:image:height\" content=\"927\" \/>\n\t<meta property=\"og:image:type\" content=\"image\/jpeg\" \/>\n<meta name=\"author\" content=\"juliasercanka\" \/>\n<meta name=\"twitter:card\" content=\"summary_large_image\" \/>\n<meta name=\"twitter:label1\" content=\"Scritto da\" \/>\n\t<meta name=\"twitter:data1\" content=\"juliasercanka\" \/>\n\t<meta name=\"twitter:label2\" content=\"Tempo di lettura stimato\" \/>\n\t<meta name=\"twitter:data2\" content=\"3 minuti\" \/>\n<script type=\"application\/ld+json\" class=\"yoast-schema-graph\">{\"@context\":\"https:\/\/schema.org\",\"@graph\":[{\"@type\":\"Article\",\"@id\":\"https:\/\/jp2doc.pl\/it\/2018\/03\/24\/per-non-separarci-mai-da-cristo\/#article\",\"isPartOf\":{\"@id\":\"https:\/\/jp2doc.pl\/it\/2018\/03\/24\/per-non-separarci-mai-da-cristo\/\"},\"author\":{\"name\":\"juliasercanka\",\"@id\":\"https:\/\/jp2doc.pl\/it\/#\/schema\/person\/6110109e80abb51f6fac4824777eabfe\"},\"headline\":\"Per non separarci mai da Cristo\",\"datePublished\":\"2018-03-24T17:42:50+00:00\",\"mainEntityOfPage\":{\"@id\":\"https:\/\/jp2doc.pl\/it\/2018\/03\/24\/per-non-separarci-mai-da-cristo\/\"},\"wordCount\":587,\"commentCount\":0,\"publisher\":{\"@id\":\"https:\/\/jp2doc.pl\/it\/#organization\"},\"image\":{\"@id\":\"https:\/\/jp2doc.pl\/it\/2018\/03\/24\/per-non-separarci-mai-da-cristo\/#primaryimage\"},\"thumbnailUrl\":\"https:\/\/jp2doc.pl\/it\/wp-content\/uploads\/sites\/3\/2018\/03\/levi-hernandez-548886-unsplash.jpg\",\"keywords\":[\"chiesa\",\"Lisetta_Romano\",\"palme\",\"passione\"],\"articleSection\":[\"Blog\",\"Strona g\u0142\u00f3wna - najnowsze\",\"Strona g\u0142\u00f3wna - slider\"],\"inLanguage\":\"it-IT\",\"potentialAction\":[{\"@type\":\"CommentAction\",\"name\":\"Comment\",\"target\":[\"https:\/\/jp2doc.pl\/it\/2018\/03\/24\/per-non-separarci-mai-da-cristo\/#respond\"]}]},{\"@type\":\"WebPage\",\"@id\":\"https:\/\/jp2doc.pl\/it\/2018\/03\/24\/per-non-separarci-mai-da-cristo\/\",\"url\":\"https:\/\/jp2doc.pl\/it\/2018\/03\/24\/per-non-separarci-mai-da-cristo\/\",\"name\":\"Per non separarci mai da Cristo - Centro di Documentazione e Studio del Pontificato di Giovanni Paolo II a Roma\",\"isPartOf\":{\"@id\":\"https:\/\/jp2doc.pl\/it\/#website\"},\"primaryImageOfPage\":{\"@id\":\"https:\/\/jp2doc.pl\/it\/2018\/03\/24\/per-non-separarci-mai-da-cristo\/#primaryimage\"},\"image\":{\"@id\":\"https:\/\/jp2doc.pl\/it\/2018\/03\/24\/per-non-separarci-mai-da-cristo\/#primaryimage\"},\"thumbnailUrl\":\"https:\/\/jp2doc.pl\/it\/wp-content\/uploads\/sites\/3\/2018\/03\/levi-hernandez-548886-unsplash.jpg\",\"datePublished\":\"2018-03-24T17:42:50+00:00\",\"breadcrumb\":{\"@id\":\"https:\/\/jp2doc.pl\/it\/2018\/03\/24\/per-non-separarci-mai-da-cristo\/#breadcrumb\"},\"inLanguage\":\"it-IT\",\"potentialAction\":[{\"@type\":\"ReadAction\",\"target\":[\"https:\/\/jp2doc.pl\/it\/2018\/03\/24\/per-non-separarci-mai-da-cristo\/\"]}]},{\"@type\":\"ImageObject\",\"inLanguage\":\"it-IT\",\"@id\":\"https:\/\/jp2doc.pl\/it\/2018\/03\/24\/per-non-separarci-mai-da-cristo\/#primaryimage\",\"url\":\"https:\/\/jp2doc.pl\/it\/wp-content\/uploads\/sites\/3\/2018\/03\/levi-hernandez-548886-unsplash.jpg\",\"contentUrl\":\"https:\/\/jp2doc.pl\/it\/wp-content\/uploads\/sites\/3\/2018\/03\/levi-hernandez-548886-unsplash.jpg\",\"width\":1650,\"height\":927},{\"@type\":\"BreadcrumbList\",\"@id\":\"https:\/\/jp2doc.pl\/it\/2018\/03\/24\/per-non-separarci-mai-da-cristo\/#breadcrumb\",\"itemListElement\":[{\"@type\":\"ListItem\",\"position\":1,\"name\":\"Home\",\"item\":\"https:\/\/jp2doc.pl\/it\/\"},{\"@type\":\"ListItem\",\"position\":2,\"name\":\"Per non separarci mai da Cristo\"}]},{\"@type\":\"WebSite\",\"@id\":\"https:\/\/jp2doc.pl\/it\/#website\",\"url\":\"https:\/\/jp2doc.pl\/it\/\",\"name\":\"Centro di Documentazione e Studio del Pontificato di Giovanni Paolo II a Roma\",\"description\":\"\",\"publisher\":{\"@id\":\"https:\/\/jp2doc.pl\/it\/#organization\"},\"potentialAction\":[{\"@type\":\"SearchAction\",\"target\":{\"@type\":\"EntryPoint\",\"urlTemplate\":\"https:\/\/jp2doc.pl\/it\/?s={search_term_string}\"},\"query-input\":{\"@type\":\"PropertyValueSpecification\",\"valueRequired\":true,\"valueName\":\"search_term_string\"}}],\"inLanguage\":\"it-IT\"},{\"@type\":\"Organization\",\"@id\":\"https:\/\/jp2doc.pl\/it\/#organization\",\"name\":\"Centro di Documentazione e Studio del Pontificato di Giovanni Paolo II a Roma\",\"url\":\"https:\/\/jp2doc.pl\/it\/\",\"logo\":{\"@type\":\"ImageObject\",\"inLanguage\":\"it-IT\",\"@id\":\"https:\/\/jp2doc.pl\/it\/#\/schema\/logo\/image\/\",\"url\":\"https:\/\/jp2doc.pl\/it\/wp-content\/uploads\/sites\/3\/2017\/03\/cropped-logo.png\",\"contentUrl\":\"https:\/\/jp2doc.pl\/it\/wp-content\/uploads\/sites\/3\/2017\/03\/cropped-logo.png\",\"width\":115,\"height\":115,\"caption\":\"Centro di Documentazione e Studio del Pontificato di Giovanni Paolo II a Roma\"},\"image\":{\"@id\":\"https:\/\/jp2doc.pl\/it\/#\/schema\/logo\/image\/\"}},{\"@type\":\"Person\",\"@id\":\"https:\/\/jp2doc.pl\/it\/#\/schema\/person\/6110109e80abb51f6fac4824777eabfe\",\"name\":\"juliasercanka\",\"image\":{\"@type\":\"ImageObject\",\"inLanguage\":\"it-IT\",\"@id\":\"https:\/\/jp2doc.pl\/it\/#\/schema\/person\/image\/\",\"url\":\"https:\/\/secure.gravatar.com\/avatar\/266a66e864556e22d55d61b6b10c97fab9060767b738564bcd109f3997e372bc?s=96&d=mm&r=g\",\"contentUrl\":\"https:\/\/secure.gravatar.com\/avatar\/266a66e864556e22d55d61b6b10c97fab9060767b738564bcd109f3997e372bc?s=96&d=mm&r=g\",\"caption\":\"juliasercanka\"},\"url\":\"https:\/\/jp2doc.pl\/it\/author\/juliasercanka\/\"}]}<\/script>\n<!-- \/ Yoast SEO plugin. -->","yoast_head_json":{"title":"Per non separarci mai da Cristo - Centro di Documentazione e Studio del Pontificato di Giovanni Paolo II a Roma","robots":{"index":"index","follow":"follow","max-snippet":"max-snippet:-1","max-image-preview":"max-image-preview:large","max-video-preview":"max-video-preview:-1"},"canonical":"https:\/\/jp2doc.pl\/it\/2018\/03\/24\/per-non-separarci-mai-da-cristo\/","og_locale":"it_IT","og_type":"article","og_title":"Per non separarci mai da Cristo - Centro di Documentazione e Studio del Pontificato di Giovanni Paolo II a Roma","og_description":"Domenica delle Palme","og_url":"https:\/\/jp2doc.pl\/it\/2018\/03\/24\/per-non-separarci-mai-da-cristo\/","og_site_name":"Centro di Documentazione e Studio del Pontificato di Giovanni Paolo II a Roma","article_published_time":"2018-03-24T17:42:50+00:00","og_image":[{"width":1650,"height":927,"url":"https:\/\/jp2doc.pl\/it\/wp-content\/uploads\/sites\/3\/2018\/03\/levi-hernandez-548886-unsplash.jpg","type":"image\/jpeg"}],"author":"juliasercanka","twitter_card":"summary_large_image","twitter_misc":{"Scritto da":"juliasercanka","Tempo di lettura stimato":"3 minuti"},"schema":{"@context":"https:\/\/schema.org","@graph":[{"@type":"Article","@id":"https:\/\/jp2doc.pl\/it\/2018\/03\/24\/per-non-separarci-mai-da-cristo\/#article","isPartOf":{"@id":"https:\/\/jp2doc.pl\/it\/2018\/03\/24\/per-non-separarci-mai-da-cristo\/"},"author":{"name":"juliasercanka","@id":"https:\/\/jp2doc.pl\/it\/#\/schema\/person\/6110109e80abb51f6fac4824777eabfe"},"headline":"Per non separarci mai da Cristo","datePublished":"2018-03-24T17:42:50+00:00","mainEntityOfPage":{"@id":"https:\/\/jp2doc.pl\/it\/2018\/03\/24\/per-non-separarci-mai-da-cristo\/"},"wordCount":587,"commentCount":0,"publisher":{"@id":"https:\/\/jp2doc.pl\/it\/#organization"},"image":{"@id":"https:\/\/jp2doc.pl\/it\/2018\/03\/24\/per-non-separarci-mai-da-cristo\/#primaryimage"},"thumbnailUrl":"https:\/\/jp2doc.pl\/it\/wp-content\/uploads\/sites\/3\/2018\/03\/levi-hernandez-548886-unsplash.jpg","keywords":["chiesa","Lisetta_Romano","palme","passione"],"articleSection":["Blog","Strona g\u0142\u00f3wna - najnowsze","Strona g\u0142\u00f3wna - slider"],"inLanguage":"it-IT","potentialAction":[{"@type":"CommentAction","name":"Comment","target":["https:\/\/jp2doc.pl\/it\/2018\/03\/24\/per-non-separarci-mai-da-cristo\/#respond"]}]},{"@type":"WebPage","@id":"https:\/\/jp2doc.pl\/it\/2018\/03\/24\/per-non-separarci-mai-da-cristo\/","url":"https:\/\/jp2doc.pl\/it\/2018\/03\/24\/per-non-separarci-mai-da-cristo\/","name":"Per non separarci mai da Cristo - Centro di Documentazione e Studio del Pontificato di Giovanni Paolo II a Roma","isPartOf":{"@id":"https:\/\/jp2doc.pl\/it\/#website"},"primaryImageOfPage":{"@id":"https:\/\/jp2doc.pl\/it\/2018\/03\/24\/per-non-separarci-mai-da-cristo\/#primaryimage"},"image":{"@id":"https:\/\/jp2doc.pl\/it\/2018\/03\/24\/per-non-separarci-mai-da-cristo\/#primaryimage"},"thumbnailUrl":"https:\/\/jp2doc.pl\/it\/wp-content\/uploads\/sites\/3\/2018\/03\/levi-hernandez-548886-unsplash.jpg","datePublished":"2018-03-24T17:42:50+00:00","breadcrumb":{"@id":"https:\/\/jp2doc.pl\/it\/2018\/03\/24\/per-non-separarci-mai-da-cristo\/#breadcrumb"},"inLanguage":"it-IT","potentialAction":[{"@type":"ReadAction","target":["https:\/\/jp2doc.pl\/it\/2018\/03\/24\/per-non-separarci-mai-da-cristo\/"]}]},{"@type":"ImageObject","inLanguage":"it-IT","@id":"https:\/\/jp2doc.pl\/it\/2018\/03\/24\/per-non-separarci-mai-da-cristo\/#primaryimage","url":"https:\/\/jp2doc.pl\/it\/wp-content\/uploads\/sites\/3\/2018\/03\/levi-hernandez-548886-unsplash.jpg","contentUrl":"https:\/\/jp2doc.pl\/it\/wp-content\/uploads\/sites\/3\/2018\/03\/levi-hernandez-548886-unsplash.jpg","width":1650,"height":927},{"@type":"BreadcrumbList","@id":"https:\/\/jp2doc.pl\/it\/2018\/03\/24\/per-non-separarci-mai-da-cristo\/#breadcrumb","itemListElement":[{"@type":"ListItem","position":1,"name":"Home","item":"https:\/\/jp2doc.pl\/it\/"},{"@type":"ListItem","position":2,"name":"Per non separarci mai da Cristo"}]},{"@type":"WebSite","@id":"https:\/\/jp2doc.pl\/it\/#website","url":"https:\/\/jp2doc.pl\/it\/","name":"Centro di Documentazione e Studio del Pontificato di Giovanni Paolo II a Roma","description":"","publisher":{"@id":"https:\/\/jp2doc.pl\/it\/#organization"},"potentialAction":[{"@type":"SearchAction","target":{"@type":"EntryPoint","urlTemplate":"https:\/\/jp2doc.pl\/it\/?s={search_term_string}"},"query-input":{"@type":"PropertyValueSpecification","valueRequired":true,"valueName":"search_term_string"}}],"inLanguage":"it-IT"},{"@type":"Organization","@id":"https:\/\/jp2doc.pl\/it\/#organization","name":"Centro di Documentazione e Studio del Pontificato di Giovanni Paolo II a Roma","url":"https:\/\/jp2doc.pl\/it\/","logo":{"@type":"ImageObject","inLanguage":"it-IT","@id":"https:\/\/jp2doc.pl\/it\/#\/schema\/logo\/image\/","url":"https:\/\/jp2doc.pl\/it\/wp-content\/uploads\/sites\/3\/2017\/03\/cropped-logo.png","contentUrl":"https:\/\/jp2doc.pl\/it\/wp-content\/uploads\/sites\/3\/2017\/03\/cropped-logo.png","width":115,"height":115,"caption":"Centro di Documentazione e Studio del Pontificato di Giovanni Paolo II a Roma"},"image":{"@id":"https:\/\/jp2doc.pl\/it\/#\/schema\/logo\/image\/"}},{"@type":"Person","@id":"https:\/\/jp2doc.pl\/it\/#\/schema\/person\/6110109e80abb51f6fac4824777eabfe","name":"juliasercanka","image":{"@type":"ImageObject","inLanguage":"it-IT","@id":"https:\/\/jp2doc.pl\/it\/#\/schema\/person\/image\/","url":"https:\/\/secure.gravatar.com\/avatar\/266a66e864556e22d55d61b6b10c97fab9060767b738564bcd109f3997e372bc?s=96&d=mm&r=g","contentUrl":"https:\/\/secure.gravatar.com\/avatar\/266a66e864556e22d55d61b6b10c97fab9060767b738564bcd109f3997e372bc?s=96&d=mm&r=g","caption":"juliasercanka"},"url":"https:\/\/jp2doc.pl\/it\/author\/juliasercanka\/"}]}},"_links":{"self":[{"href":"https:\/\/jp2doc.pl\/it\/wp-json\/wp\/v2\/posts\/1976","targetHints":{"allow":["GET"]}}],"collection":[{"href":"https:\/\/jp2doc.pl\/it\/wp-json\/wp\/v2\/posts"}],"about":[{"href":"https:\/\/jp2doc.pl\/it\/wp-json\/wp\/v2\/types\/post"}],"author":[{"embeddable":true,"href":"https:\/\/jp2doc.pl\/it\/wp-json\/wp\/v2\/users\/5"}],"replies":[{"embeddable":true,"href":"https:\/\/jp2doc.pl\/it\/wp-json\/wp\/v2\/comments?post=1976"}],"version-history":[{"count":1,"href":"https:\/\/jp2doc.pl\/it\/wp-json\/wp\/v2\/posts\/1976\/revisions"}],"predecessor-version":[{"id":1978,"href":"https:\/\/jp2doc.pl\/it\/wp-json\/wp\/v2\/posts\/1976\/revisions\/1978"}],"wp:featuredmedia":[{"embeddable":true,"href":"https:\/\/jp2doc.pl\/it\/wp-json\/wp\/v2\/media\/1977"}],"wp:attachment":[{"href":"https:\/\/jp2doc.pl\/it\/wp-json\/wp\/v2\/media?parent=1976"}],"wp:term":[{"taxonomy":"category","embeddable":true,"href":"https:\/\/jp2doc.pl\/it\/wp-json\/wp\/v2\/categories?post=1976"},{"taxonomy":"post_tag","embeddable":true,"href":"https:\/\/jp2doc.pl\/it\/wp-json\/wp\/v2\/tags?post=1976"}],"curies":[{"name":"wp","href":"https:\/\/api.w.org\/{rel}","templated":true}]}}