{"id":1989,"date":"2018-04-07T12:46:25","date_gmt":"2018-04-07T10:46:25","guid":{"rendered":"http:\/\/jp2doc.pl\/it\/?p=1989"},"modified":"2018-04-07T12:46:25","modified_gmt":"2018-04-07T10:46:25","slug":"credo-con-forza","status":"publish","type":"post","link":"https:\/\/jp2doc.pl\/it\/2018\/04\/07\/credo-con-forza\/","title":{"rendered":"Credo con forza"},"content":{"rendered":"<p>Rif.: <em>At 4,32-35; Sal 117; 1Gv 5,1-6; Gv 20,19-31<\/em><\/p>\n<p>Dopo la morte di Ges\u00f9 i discepoli vivono insieme, accomunati dalla delusione, dalla paura, ma anche dal desiderio di prolungare l\u2019unione che si era venuta a creare tra loro quando il Maestro era vivo. Unione profonda che diverr\u00e0 gioiosa \u201ccomunione\u201d dopo l\u2019apparizione del Signore risorto.<\/p>\n<p>Gli Atti degli Apostoli, che caratterizzano il Tempo di Pasqua, ci narrano della Chiesa, dei suoi inizi, della sua crescita fra persecuzioni e sacrifici e ci parlano anche dello spirito che animava fedeli che vivevano mettendo ogni cosa in comune: chi aveva di pi\u00f9 dava a chi aveva di meno, affinch\u00e9 tra i figli di Dio nessuno avesse a soffrire privazioni.<\/p>\n<p>La \u201ccomunione\u201d di vita, di preghiera, di intenti era quindi la caratteristica della Chiesa nascente ed \u00e8 anche il punto in cui convergono le Letture di questa domenica dedicata alla Divina Misericordia. Domenica in cui la speranza prende vigore e la debolezza si rinfranca: Dio ci ama, Amore \u00e8 il suo Nome e per amore perdona e vuole nostra salvezza, tanto che ha mandato suo Figlio a riscattare le nostre colpe.<\/p>\n<p>Ges\u00f9 risorto appare ai suoi mostrando i segni distintivi della sua Passione, cicatrici mai chiuse, che si sono aperte al mondo, profondendo in esso la pace e la riconciliazione con Dio. Nessuno \u00e8 escluso dall\u2019amore di Dio che tutti stringe in un solo amore e da questo amore perenne ed immutabile, nasce la \u201ccomunione\u201d quella che Ges\u00f9 stesso ci ha indicato quando ci ha insegnato a pregare: \u201cPadre nostro\u201d. Non Padre mio, o tuo, ma \u201cnostro\u201d perch\u00e9 ognuno possa assaporare il gusto dolce di sentirsi figlio ma anche fratello uguale ad ogni altro, senza preferenze n\u00e9 esclusioni, senza pregiudizi n\u00e9 formalismi. E allora se Dio ama tutti di uguale amore, fra noi non possono, non devono esserci divisioni, tutti siamo amati perch\u00e9 in ciascuno Dio trova un motivo di amore e di compassione e cos\u00ec dobbiamo fare anche noi, perch\u00e9 l\u2019amore sia, anzi \u00e8, il segno distintivo del cristiano:<\/p>\n<blockquote><p><em>come io vi ho amato, cos\u00ec amatevi anche voi gli uni gli altri.\u00a0Da questo tutti sapranno che siete miei discepoli, se avrete amore gli uni per gli altri\u00a0<\/em>(Gv 13,34-35)<\/p><\/blockquote>\n<p>Il passaggio di Ges\u00f9 su questa terra non \u00e8 stato temporaneo o relegato a duemila anni fa ancora oggi, Cristo presente tra noi, genera il tempo nuovo della carit\u00e0 e della condivisione, della comunione e della fede e per tutti i credenti Ges\u00f9 ha parole confortanti: \u201c<em>Beati quelli che non hanno visto e hanno creduto\u201d<\/em>. Noi siamo quei \u201cbeati\u201d che, pur non avendo visto, credono con forza nel Signore risorto e vivo, sempre presente in mezzo a noi, sempre operante nella Chiesa e nei suoi ministri. Allora non ci resta che vivere questo Tempo di Pasqua all\u2019insegna della gioia per questo dono grandissimo dell\u2019Amore divino che su tutti espande la sua tenerezza, il suo perdono e la pace. Pace, che deriva dall\u2019essere stati riconciliati da Cristo, senza alcun nostro merito, con il Padre, con il Figlio e con lo Spirito Santo. Quello stesso Spirito che il Signore risorto mand\u00f2 agli Apostoli e che, da quell\u2019istante, costantemente effonde nei Sacramenti, affinch\u00e9 risorgiamo in Lui con il Battesimo, attingiamo vitalit\u00e0 dalla Cresima, vigore dal Pane eucaristico, perdono dalla Confessione, forza nelle malattie dal Sacramento degli Infermi, prudenza e fedelt\u00e0 dal Matrimonio, santit\u00e0 di vita dall\u2019Ordine sacerdotale. E se, come dimostra Tommaso, il dubbio \u00e8 proprio dell\u2019uomo, con la sua Pasqua Ges\u00f9 ci parla di quell\u2019Amore, proprio di Dio, che era, che \u00e8 e sempre rimane immutato, il cui nome altro non \u00e8 che: Misericordia!<\/p>\n<p><strong>L.R.<\/strong><\/p>\n","protected":false},"excerpt":{"rendered":"<p>Domenica della Divina Misericordia<\/p>\n","protected":false},"author":5,"featured_media":1990,"comment_status":"open","ping_status":"open","sticky":false,"template":"","format":"standard","meta":{"_acf_changed":false,"_exactmetrics_skip_tracking":false,"_exactmetrics_sitenote_active":false,"_exactmetrics_sitenote_note":"","_exactmetrics_sitenote_category":0,"footnotes":""},"categories":[4,13,14],"tags":[48,64,86,143,158,162],"class_list":["post-1989","post","type-post","status-publish","format-standard","has-post-thumbnail","hentry","category-blog","category-strona-glowna-najnowsze","category-strona-glowna-slider","tag-domenica","tag-gesu","tag-lisetta-romano","tag-misericordia","tag-pasqua","tag-risorto"],"acf":[],"yoast_head":"<!-- This site is optimized with the Yoast SEO plugin v26.2 - https:\/\/yoast.com\/wordpress\/plugins\/seo\/ -->\n<title>Credo con forza - Centro di Documentazione e Studio del Pontificato di Giovanni Paolo II a Roma<\/title>\n<meta name=\"robots\" content=\"index, follow, max-snippet:-1, max-image-preview:large, max-video-preview:-1\" \/>\n<link rel=\"canonical\" href=\"https:\/\/jp2doc.pl\/it\/2018\/04\/07\/credo-con-forza\/\" \/>\n<meta property=\"og:locale\" content=\"it_IT\" \/>\n<meta property=\"og:type\" content=\"article\" \/>\n<meta property=\"og:title\" content=\"Credo con forza - Centro di Documentazione e Studio del Pontificato di Giovanni Paolo II a Roma\" \/>\n<meta property=\"og:description\" content=\"Domenica della Divina Misericordia\" \/>\n<meta property=\"og:url\" content=\"https:\/\/jp2doc.pl\/it\/2018\/04\/07\/credo-con-forza\/\" \/>\n<meta property=\"og:site_name\" content=\"Centro di Documentazione e Studio del Pontificato di Giovanni Paolo II a Roma\" \/>\n<meta property=\"article:published_time\" content=\"2018-04-07T10:46:25+00:00\" \/>\n<meta property=\"og:image\" content=\"https:\/\/jp2doc.pl\/it\/wp-content\/uploads\/sites\/3\/2018\/04\/1799057_755935064477491_8123339650893204473_o.jpg\" \/>\n\t<meta property=\"og:image:width\" content=\"1024\" \/>\n\t<meta property=\"og:image:height\" content=\"768\" \/>\n\t<meta property=\"og:image:type\" content=\"image\/jpeg\" \/>\n<meta name=\"author\" content=\"juliasercanka\" \/>\n<meta name=\"twitter:card\" content=\"summary_large_image\" \/>\n<meta name=\"twitter:label1\" content=\"Scritto da\" \/>\n\t<meta name=\"twitter:data1\" content=\"juliasercanka\" \/>\n\t<meta name=\"twitter:label2\" content=\"Tempo di lettura stimato\" \/>\n\t<meta name=\"twitter:data2\" content=\"3 minuti\" \/>\n<script type=\"application\/ld+json\" class=\"yoast-schema-graph\">{\"@context\":\"https:\/\/schema.org\",\"@graph\":[{\"@type\":\"Article\",\"@id\":\"https:\/\/jp2doc.pl\/it\/2018\/04\/07\/credo-con-forza\/#article\",\"isPartOf\":{\"@id\":\"https:\/\/jp2doc.pl\/it\/2018\/04\/07\/credo-con-forza\/\"},\"author\":{\"name\":\"juliasercanka\",\"@id\":\"https:\/\/jp2doc.pl\/it\/#\/schema\/person\/6110109e80abb51f6fac4824777eabfe\"},\"headline\":\"Credo con forza\",\"datePublished\":\"2018-04-07T10:46:25+00:00\",\"mainEntityOfPage\":{\"@id\":\"https:\/\/jp2doc.pl\/it\/2018\/04\/07\/credo-con-forza\/\"},\"wordCount\":605,\"commentCount\":0,\"publisher\":{\"@id\":\"https:\/\/jp2doc.pl\/it\/#organization\"},\"image\":{\"@id\":\"https:\/\/jp2doc.pl\/it\/2018\/04\/07\/credo-con-forza\/#primaryimage\"},\"thumbnailUrl\":\"https:\/\/jp2doc.pl\/it\/wp-content\/uploads\/sites\/3\/2018\/04\/1799057_755935064477491_8123339650893204473_o.jpg\",\"keywords\":[\"domenica\",\"Ges\u00f9\",\"Lisetta Romano\",\"misericordia\",\"pasqua\",\"risorto\"],\"articleSection\":[\"Blog\",\"Strona g\u0142\u00f3wna - najnowsze\",\"Strona g\u0142\u00f3wna - slider\"],\"inLanguage\":\"it-IT\",\"potentialAction\":[{\"@type\":\"CommentAction\",\"name\":\"Comment\",\"target\":[\"https:\/\/jp2doc.pl\/it\/2018\/04\/07\/credo-con-forza\/#respond\"]}]},{\"@type\":\"WebPage\",\"@id\":\"https:\/\/jp2doc.pl\/it\/2018\/04\/07\/credo-con-forza\/\",\"url\":\"https:\/\/jp2doc.pl\/it\/2018\/04\/07\/credo-con-forza\/\",\"name\":\"Credo con forza - Centro di Documentazione e Studio del Pontificato di Giovanni Paolo II a Roma\",\"isPartOf\":{\"@id\":\"https:\/\/jp2doc.pl\/it\/#website\"},\"primaryImageOfPage\":{\"@id\":\"https:\/\/jp2doc.pl\/it\/2018\/04\/07\/credo-con-forza\/#primaryimage\"},\"image\":{\"@id\":\"https:\/\/jp2doc.pl\/it\/2018\/04\/07\/credo-con-forza\/#primaryimage\"},\"thumbnailUrl\":\"https:\/\/jp2doc.pl\/it\/wp-content\/uploads\/sites\/3\/2018\/04\/1799057_755935064477491_8123339650893204473_o.jpg\",\"datePublished\":\"2018-04-07T10:46:25+00:00\",\"breadcrumb\":{\"@id\":\"https:\/\/jp2doc.pl\/it\/2018\/04\/07\/credo-con-forza\/#breadcrumb\"},\"inLanguage\":\"it-IT\",\"potentialAction\":[{\"@type\":\"ReadAction\",\"target\":[\"https:\/\/jp2doc.pl\/it\/2018\/04\/07\/credo-con-forza\/\"]}]},{\"@type\":\"ImageObject\",\"inLanguage\":\"it-IT\",\"@id\":\"https:\/\/jp2doc.pl\/it\/2018\/04\/07\/credo-con-forza\/#primaryimage\",\"url\":\"https:\/\/jp2doc.pl\/it\/wp-content\/uploads\/sites\/3\/2018\/04\/1799057_755935064477491_8123339650893204473_o.jpg\",\"contentUrl\":\"https:\/\/jp2doc.pl\/it\/wp-content\/uploads\/sites\/3\/2018\/04\/1799057_755935064477491_8123339650893204473_o.jpg\",\"width\":1024,\"height\":768},{\"@type\":\"BreadcrumbList\",\"@id\":\"https:\/\/jp2doc.pl\/it\/2018\/04\/07\/credo-con-forza\/#breadcrumb\",\"itemListElement\":[{\"@type\":\"ListItem\",\"position\":1,\"name\":\"Home\",\"item\":\"https:\/\/jp2doc.pl\/it\/\"},{\"@type\":\"ListItem\",\"position\":2,\"name\":\"Credo con forza\"}]},{\"@type\":\"WebSite\",\"@id\":\"https:\/\/jp2doc.pl\/it\/#website\",\"url\":\"https:\/\/jp2doc.pl\/it\/\",\"name\":\"Centro di Documentazione e Studio del Pontificato di Giovanni Paolo II a Roma\",\"description\":\"\",\"publisher\":{\"@id\":\"https:\/\/jp2doc.pl\/it\/#organization\"},\"potentialAction\":[{\"@type\":\"SearchAction\",\"target\":{\"@type\":\"EntryPoint\",\"urlTemplate\":\"https:\/\/jp2doc.pl\/it\/?s={search_term_string}\"},\"query-input\":{\"@type\":\"PropertyValueSpecification\",\"valueRequired\":true,\"valueName\":\"search_term_string\"}}],\"inLanguage\":\"it-IT\"},{\"@type\":\"Organization\",\"@id\":\"https:\/\/jp2doc.pl\/it\/#organization\",\"name\":\"Centro di Documentazione e Studio del Pontificato di Giovanni Paolo II a Roma\",\"url\":\"https:\/\/jp2doc.pl\/it\/\",\"logo\":{\"@type\":\"ImageObject\",\"inLanguage\":\"it-IT\",\"@id\":\"https:\/\/jp2doc.pl\/it\/#\/schema\/logo\/image\/\",\"url\":\"https:\/\/jp2doc.pl\/it\/wp-content\/uploads\/sites\/3\/2017\/03\/cropped-logo.png\",\"contentUrl\":\"https:\/\/jp2doc.pl\/it\/wp-content\/uploads\/sites\/3\/2017\/03\/cropped-logo.png\",\"width\":115,\"height\":115,\"caption\":\"Centro di Documentazione e Studio del Pontificato di Giovanni Paolo II a Roma\"},\"image\":{\"@id\":\"https:\/\/jp2doc.pl\/it\/#\/schema\/logo\/image\/\"}},{\"@type\":\"Person\",\"@id\":\"https:\/\/jp2doc.pl\/it\/#\/schema\/person\/6110109e80abb51f6fac4824777eabfe\",\"name\":\"juliasercanka\",\"image\":{\"@type\":\"ImageObject\",\"inLanguage\":\"it-IT\",\"@id\":\"https:\/\/jp2doc.pl\/it\/#\/schema\/person\/image\/\",\"url\":\"https:\/\/secure.gravatar.com\/avatar\/266a66e864556e22d55d61b6b10c97fab9060767b738564bcd109f3997e372bc?s=96&d=mm&r=g\",\"contentUrl\":\"https:\/\/secure.gravatar.com\/avatar\/266a66e864556e22d55d61b6b10c97fab9060767b738564bcd109f3997e372bc?s=96&d=mm&r=g\",\"caption\":\"juliasercanka\"},\"url\":\"https:\/\/jp2doc.pl\/it\/author\/juliasercanka\/\"}]}<\/script>\n<!-- \/ Yoast SEO plugin. -->","yoast_head_json":{"title":"Credo con forza - Centro di Documentazione e Studio del Pontificato di Giovanni Paolo II a Roma","robots":{"index":"index","follow":"follow","max-snippet":"max-snippet:-1","max-image-preview":"max-image-preview:large","max-video-preview":"max-video-preview:-1"},"canonical":"https:\/\/jp2doc.pl\/it\/2018\/04\/07\/credo-con-forza\/","og_locale":"it_IT","og_type":"article","og_title":"Credo con forza - Centro di Documentazione e Studio del Pontificato di Giovanni Paolo II a Roma","og_description":"Domenica della Divina Misericordia","og_url":"https:\/\/jp2doc.pl\/it\/2018\/04\/07\/credo-con-forza\/","og_site_name":"Centro di Documentazione e Studio del Pontificato di Giovanni Paolo II a Roma","article_published_time":"2018-04-07T10:46:25+00:00","og_image":[{"width":1024,"height":768,"url":"https:\/\/jp2doc.pl\/it\/wp-content\/uploads\/sites\/3\/2018\/04\/1799057_755935064477491_8123339650893204473_o.jpg","type":"image\/jpeg"}],"author":"juliasercanka","twitter_card":"summary_large_image","twitter_misc":{"Scritto da":"juliasercanka","Tempo di lettura stimato":"3 minuti"},"schema":{"@context":"https:\/\/schema.org","@graph":[{"@type":"Article","@id":"https:\/\/jp2doc.pl\/it\/2018\/04\/07\/credo-con-forza\/#article","isPartOf":{"@id":"https:\/\/jp2doc.pl\/it\/2018\/04\/07\/credo-con-forza\/"},"author":{"name":"juliasercanka","@id":"https:\/\/jp2doc.pl\/it\/#\/schema\/person\/6110109e80abb51f6fac4824777eabfe"},"headline":"Credo con forza","datePublished":"2018-04-07T10:46:25+00:00","mainEntityOfPage":{"@id":"https:\/\/jp2doc.pl\/it\/2018\/04\/07\/credo-con-forza\/"},"wordCount":605,"commentCount":0,"publisher":{"@id":"https:\/\/jp2doc.pl\/it\/#organization"},"image":{"@id":"https:\/\/jp2doc.pl\/it\/2018\/04\/07\/credo-con-forza\/#primaryimage"},"thumbnailUrl":"https:\/\/jp2doc.pl\/it\/wp-content\/uploads\/sites\/3\/2018\/04\/1799057_755935064477491_8123339650893204473_o.jpg","keywords":["domenica","Ges\u00f9","Lisetta Romano","misericordia","pasqua","risorto"],"articleSection":["Blog","Strona g\u0142\u00f3wna - najnowsze","Strona g\u0142\u00f3wna - slider"],"inLanguage":"it-IT","potentialAction":[{"@type":"CommentAction","name":"Comment","target":["https:\/\/jp2doc.pl\/it\/2018\/04\/07\/credo-con-forza\/#respond"]}]},{"@type":"WebPage","@id":"https:\/\/jp2doc.pl\/it\/2018\/04\/07\/credo-con-forza\/","url":"https:\/\/jp2doc.pl\/it\/2018\/04\/07\/credo-con-forza\/","name":"Credo con forza - Centro di Documentazione e Studio del Pontificato di Giovanni Paolo II a Roma","isPartOf":{"@id":"https:\/\/jp2doc.pl\/it\/#website"},"primaryImageOfPage":{"@id":"https:\/\/jp2doc.pl\/it\/2018\/04\/07\/credo-con-forza\/#primaryimage"},"image":{"@id":"https:\/\/jp2doc.pl\/it\/2018\/04\/07\/credo-con-forza\/#primaryimage"},"thumbnailUrl":"https:\/\/jp2doc.pl\/it\/wp-content\/uploads\/sites\/3\/2018\/04\/1799057_755935064477491_8123339650893204473_o.jpg","datePublished":"2018-04-07T10:46:25+00:00","breadcrumb":{"@id":"https:\/\/jp2doc.pl\/it\/2018\/04\/07\/credo-con-forza\/#breadcrumb"},"inLanguage":"it-IT","potentialAction":[{"@type":"ReadAction","target":["https:\/\/jp2doc.pl\/it\/2018\/04\/07\/credo-con-forza\/"]}]},{"@type":"ImageObject","inLanguage":"it-IT","@id":"https:\/\/jp2doc.pl\/it\/2018\/04\/07\/credo-con-forza\/#primaryimage","url":"https:\/\/jp2doc.pl\/it\/wp-content\/uploads\/sites\/3\/2018\/04\/1799057_755935064477491_8123339650893204473_o.jpg","contentUrl":"https:\/\/jp2doc.pl\/it\/wp-content\/uploads\/sites\/3\/2018\/04\/1799057_755935064477491_8123339650893204473_o.jpg","width":1024,"height":768},{"@type":"BreadcrumbList","@id":"https:\/\/jp2doc.pl\/it\/2018\/04\/07\/credo-con-forza\/#breadcrumb","itemListElement":[{"@type":"ListItem","position":1,"name":"Home","item":"https:\/\/jp2doc.pl\/it\/"},{"@type":"ListItem","position":2,"name":"Credo con forza"}]},{"@type":"WebSite","@id":"https:\/\/jp2doc.pl\/it\/#website","url":"https:\/\/jp2doc.pl\/it\/","name":"Centro di Documentazione e Studio del Pontificato di Giovanni Paolo II a Roma","description":"","publisher":{"@id":"https:\/\/jp2doc.pl\/it\/#organization"},"potentialAction":[{"@type":"SearchAction","target":{"@type":"EntryPoint","urlTemplate":"https:\/\/jp2doc.pl\/it\/?s={search_term_string}"},"query-input":{"@type":"PropertyValueSpecification","valueRequired":true,"valueName":"search_term_string"}}],"inLanguage":"it-IT"},{"@type":"Organization","@id":"https:\/\/jp2doc.pl\/it\/#organization","name":"Centro di Documentazione e Studio del Pontificato di Giovanni Paolo II a Roma","url":"https:\/\/jp2doc.pl\/it\/","logo":{"@type":"ImageObject","inLanguage":"it-IT","@id":"https:\/\/jp2doc.pl\/it\/#\/schema\/logo\/image\/","url":"https:\/\/jp2doc.pl\/it\/wp-content\/uploads\/sites\/3\/2017\/03\/cropped-logo.png","contentUrl":"https:\/\/jp2doc.pl\/it\/wp-content\/uploads\/sites\/3\/2017\/03\/cropped-logo.png","width":115,"height":115,"caption":"Centro di Documentazione e Studio del Pontificato di Giovanni Paolo II a Roma"},"image":{"@id":"https:\/\/jp2doc.pl\/it\/#\/schema\/logo\/image\/"}},{"@type":"Person","@id":"https:\/\/jp2doc.pl\/it\/#\/schema\/person\/6110109e80abb51f6fac4824777eabfe","name":"juliasercanka","image":{"@type":"ImageObject","inLanguage":"it-IT","@id":"https:\/\/jp2doc.pl\/it\/#\/schema\/person\/image\/","url":"https:\/\/secure.gravatar.com\/avatar\/266a66e864556e22d55d61b6b10c97fab9060767b738564bcd109f3997e372bc?s=96&d=mm&r=g","contentUrl":"https:\/\/secure.gravatar.com\/avatar\/266a66e864556e22d55d61b6b10c97fab9060767b738564bcd109f3997e372bc?s=96&d=mm&r=g","caption":"juliasercanka"},"url":"https:\/\/jp2doc.pl\/it\/author\/juliasercanka\/"}]}},"_links":{"self":[{"href":"https:\/\/jp2doc.pl\/it\/wp-json\/wp\/v2\/posts\/1989","targetHints":{"allow":["GET"]}}],"collection":[{"href":"https:\/\/jp2doc.pl\/it\/wp-json\/wp\/v2\/posts"}],"about":[{"href":"https:\/\/jp2doc.pl\/it\/wp-json\/wp\/v2\/types\/post"}],"author":[{"embeddable":true,"href":"https:\/\/jp2doc.pl\/it\/wp-json\/wp\/v2\/users\/5"}],"replies":[{"embeddable":true,"href":"https:\/\/jp2doc.pl\/it\/wp-json\/wp\/v2\/comments?post=1989"}],"version-history":[{"count":1,"href":"https:\/\/jp2doc.pl\/it\/wp-json\/wp\/v2\/posts\/1989\/revisions"}],"predecessor-version":[{"id":1991,"href":"https:\/\/jp2doc.pl\/it\/wp-json\/wp\/v2\/posts\/1989\/revisions\/1991"}],"wp:featuredmedia":[{"embeddable":true,"href":"https:\/\/jp2doc.pl\/it\/wp-json\/wp\/v2\/media\/1990"}],"wp:attachment":[{"href":"https:\/\/jp2doc.pl\/it\/wp-json\/wp\/v2\/media?parent=1989"}],"wp:term":[{"taxonomy":"category","embeddable":true,"href":"https:\/\/jp2doc.pl\/it\/wp-json\/wp\/v2\/categories?post=1989"},{"taxonomy":"post_tag","embeddable":true,"href":"https:\/\/jp2doc.pl\/it\/wp-json\/wp\/v2\/tags?post=1989"}],"curies":[{"name":"wp","href":"https:\/\/api.w.org\/{rel}","templated":true}]}}