{"id":2131,"date":"2018-09-22T16:47:33","date_gmt":"2018-09-22T14:47:33","guid":{"rendered":"https:\/\/jp2doc.pl\/it\/?p=2131"},"modified":"2018-09-22T16:47:33","modified_gmt":"2018-09-22T14:47:33","slug":"grandi-nellumilta-del-servizio","status":"publish","type":"post","link":"https:\/\/jp2doc.pl\/it\/2018\/09\/22\/grandi-nellumilta-del-servizio\/","title":{"rendered":"Grandi nell\u2019umilt\u00e0 del servizio"},"content":{"rendered":"<p>Rif.: <em>Sap 2,12-20; Sal 53; Gc 3,16-4,3; Mc 9,30-37<\/em><\/p>\n<p>Il libro della Sapienza esamina l\u2019eterno conflitto tra il bene e il male, tra cattivi e buoni. Questi ultimi sono di impiccio e rimprovero per i primi che ne decidono la persecuzione e la condanna. Il profilo di Cristo emerge decisamente. Buono ed Innocente fu perseguitato e condannato ad \u201cuna morte infamante\u201d Ma la condanna del giusto non \u00e8 solo una chiara ingiustizia frutto della gelosia e dei peggiori sentimenti che albergano nel cuore dell\u2019uomo, ma una sfida a Dio:<\/p>\n<blockquote><p>\u201cse infatti\u00a0 il giusto \u00e8 figlio di Dio, egli verr\u00e0 in suo aiuto e lo liberer\u00e0\u201d.<\/p><\/blockquote>\n<p>Ci si aspetta un intervento spettacolare, si pretende che Dio prenda provvedimenti perch\u00e9 lo si \u00e8 provocato e perci\u00f2 piegato, in un certo senso, al proprio volere&#8230; Il brano ci riporta le voci beffarde che si levarono ai piedi della croce: \u201cHa confidato in Dio; lo liberi lui ora, se gli vuol bene\u201d (Mt 27,43) . E di Croce si parla nuovamente anche nel Vangelo di questa domenica, Ges\u00f9 \u201cistruisce i discepoli\u201d sulla sua prossima morte e risurrezione: \u00e8 il secondo annuncio della Passione ma, essi non comprendono e hanno timore di chiedere ulteriori spiegazioni; cos\u00ec mentre Cristo parla della sua Passione i discepoli discutono su chi sia il pi\u00f9 grande tra loro.<\/p>\n<p>Nella seconda lettura, tratta dalla Lettera di s. Giacomo, l\u2019apostolo fa risalire la causa \u201cdi ogni sorta di cattive azioni\u201d alle insane passioni che agitano il cuore dell\u2019uomo, prime fra tutte la gelosia e l\u2019invidia, che si contrappongono alla \u201csapienza che viene dall\u2019alto\u201d, l\u2019unica che porti alla giustizia e alla pace.<\/p>\n<p>Come si \u00e8 visto, ciascuna delle letture di questa domenica contiene al suo interno grandi contrasti: giustizia ed empiet\u00e0 nella prima lettura, sapienza divina e umane passioni nella seconda, mentre il Vangelo oppone al secondo annuncio della Passione il silenzio e la discussione degli Apostoli su chi sia il pi\u00f9 grande fra loro.<\/p>\n<p>Il tema di fondo della liturgia \u00e8 dunque da ricercare nella contrapposizione tra sapienza divina pura, incontaminata, libera, che tutto conosce e ama e le passioni umane capaci di offuscare mente e cuore. Il groviglio di sentimenti che si agita nel cuore dell\u2019uomo conduce alla ricerca del proprio interesse e dell\u2019affermazione egoista del proprio \u201cio\u201d. Ancora una volta, perci\u00f2 ci sorprende l\u2019invito di Ges\u00f9 \u201cse uno vuol essere il primo sia l\u2019ultimo di tutti e il servo di tutti\u201d: monito severo all\u2019egoismo e alla vanagloria. Un capovolgimento di valori che si offre alla nostra riflessione, un\u2019esortazione che ci spinge a disporci in umilt\u00e0 e obbedienza, ricordandoci che la vera sapienza non consiste nel fare la nostra volont\u00e0, ma quella del Padre. Servire Cristo non \u00e8 una questione di prestigio o affermazione personale, ma solo di docilit\u00e0 a Dio che, al di l\u00e0 dei nostri meriti e delle nostre aspirazioni, ci chiama a svolgere l\u2019umile servizio di disponibilit\u00e0 ai fratelli. San Paolo individua nel corpo umano varie membra e ciascuna con una funzione diversa ma nessuna di esse \u00e8 meno nobile di un\u2019altra, al contrario tutte sono ugualmente utili al benessere generale. La vera sapienza \u00e8 dunque la stessa che spinse Cristo a spogliarsi della sua gloria e a donarsi perch\u00e9 in lui fatto Uomo ogni uomo ritrovasse la dignit\u00e0 di figlio di Dio.<\/p>\n<p><strong>L.R.<\/strong><\/p>\n","protected":false},"excerpt":{"rendered":"<p>XXV Domenica del Tempo Ordinario<\/p>\n","protected":false},"author":5,"featured_media":2132,"comment_status":"open","ping_status":"open","sticky":false,"template":"","format":"standard","meta":{"_acf_changed":false,"_exactmetrics_skip_tracking":false,"_exactmetrics_sitenote_active":false,"_exactmetrics_sitenote_note":"","_exactmetrics_sitenote_category":0,"footnotes":""},"categories":[4,13,14],"tags":[212,64,82,148,211],"class_list":["post-2131","post","type-post","status-publish","format-standard","has-post-thumbnail","hentry","category-blog","category-strona-glowna-najnowsze","category-strona-glowna-slider","tag-conosce","tag-gesu","tag-lisetta_romano","tag-passione","tag-servire"],"acf":[],"yoast_head":"<!-- This site is optimized with the Yoast SEO plugin v26.2 - https:\/\/yoast.com\/wordpress\/plugins\/seo\/ -->\n<title>Grandi nell\u2019umilt\u00e0 del servizio - Centro di Documentazione e Studio del Pontificato di Giovanni Paolo II a Roma<\/title>\n<meta name=\"robots\" content=\"index, follow, max-snippet:-1, max-image-preview:large, max-video-preview:-1\" \/>\n<link rel=\"canonical\" href=\"https:\/\/jp2doc.pl\/it\/2018\/09\/22\/grandi-nellumilta-del-servizio\/\" \/>\n<meta property=\"og:locale\" content=\"it_IT\" \/>\n<meta property=\"og:type\" content=\"article\" \/>\n<meta property=\"og:title\" content=\"Grandi nell\u2019umilt\u00e0 del servizio - Centro di Documentazione e Studio del Pontificato di Giovanni Paolo II a Roma\" \/>\n<meta property=\"og:description\" content=\"XXV Domenica del Tempo Ordinario\" \/>\n<meta property=\"og:url\" content=\"https:\/\/jp2doc.pl\/it\/2018\/09\/22\/grandi-nellumilta-del-servizio\/\" \/>\n<meta property=\"og:site_name\" content=\"Centro di Documentazione e Studio del Pontificato di Giovanni Paolo II a Roma\" \/>\n<meta property=\"article:published_time\" content=\"2018-09-22T14:47:33+00:00\" \/>\n<meta property=\"og:image\" content=\"https:\/\/jp2doc.pl\/it\/wp-content\/uploads\/sites\/3\/2018\/09\/20180612-barnimages-003.jpg\" \/>\n\t<meta property=\"og:image:width\" content=\"1320\" \/>\n\t<meta property=\"og:image:height\" content=\"880\" \/>\n\t<meta property=\"og:image:type\" content=\"image\/jpeg\" \/>\n<meta name=\"author\" content=\"juliasercanka\" \/>\n<meta name=\"twitter:card\" content=\"summary_large_image\" \/>\n<meta name=\"twitter:label1\" content=\"Scritto da\" \/>\n\t<meta name=\"twitter:data1\" content=\"juliasercanka\" \/>\n\t<meta name=\"twitter:label2\" content=\"Tempo di lettura stimato\" \/>\n\t<meta name=\"twitter:data2\" content=\"3 minuti\" \/>\n<script type=\"application\/ld+json\" class=\"yoast-schema-graph\">{\"@context\":\"https:\/\/schema.org\",\"@graph\":[{\"@type\":\"Article\",\"@id\":\"https:\/\/jp2doc.pl\/it\/2018\/09\/22\/grandi-nellumilta-del-servizio\/#article\",\"isPartOf\":{\"@id\":\"https:\/\/jp2doc.pl\/it\/2018\/09\/22\/grandi-nellumilta-del-servizio\/\"},\"author\":{\"name\":\"juliasercanka\",\"@id\":\"https:\/\/jp2doc.pl\/it\/#\/schema\/person\/6110109e80abb51f6fac4824777eabfe\"},\"headline\":\"Grandi nell\u2019umilt\u00e0 del servizio\",\"datePublished\":\"2018-09-22T14:47:33+00:00\",\"mainEntityOfPage\":{\"@id\":\"https:\/\/jp2doc.pl\/it\/2018\/09\/22\/grandi-nellumilta-del-servizio\/\"},\"wordCount\":555,\"commentCount\":0,\"publisher\":{\"@id\":\"https:\/\/jp2doc.pl\/it\/#organization\"},\"image\":{\"@id\":\"https:\/\/jp2doc.pl\/it\/2018\/09\/22\/grandi-nellumilta-del-servizio\/#primaryimage\"},\"thumbnailUrl\":\"https:\/\/jp2doc.pl\/it\/wp-content\/uploads\/sites\/3\/2018\/09\/20180612-barnimages-003.jpg\",\"keywords\":[\"conosce\",\"Ges\u00f9\",\"Lisetta_Romano\",\"passione\",\"servire\"],\"articleSection\":[\"Blog\",\"Strona g\u0142\u00f3wna - najnowsze\",\"Strona g\u0142\u00f3wna - slider\"],\"inLanguage\":\"it-IT\",\"potentialAction\":[{\"@type\":\"CommentAction\",\"name\":\"Comment\",\"target\":[\"https:\/\/jp2doc.pl\/it\/2018\/09\/22\/grandi-nellumilta-del-servizio\/#respond\"]}]},{\"@type\":\"WebPage\",\"@id\":\"https:\/\/jp2doc.pl\/it\/2018\/09\/22\/grandi-nellumilta-del-servizio\/\",\"url\":\"https:\/\/jp2doc.pl\/it\/2018\/09\/22\/grandi-nellumilta-del-servizio\/\",\"name\":\"Grandi nell\u2019umilt\u00e0 del servizio - Centro di Documentazione e Studio del Pontificato di Giovanni Paolo II a Roma\",\"isPartOf\":{\"@id\":\"https:\/\/jp2doc.pl\/it\/#website\"},\"primaryImageOfPage\":{\"@id\":\"https:\/\/jp2doc.pl\/it\/2018\/09\/22\/grandi-nellumilta-del-servizio\/#primaryimage\"},\"image\":{\"@id\":\"https:\/\/jp2doc.pl\/it\/2018\/09\/22\/grandi-nellumilta-del-servizio\/#primaryimage\"},\"thumbnailUrl\":\"https:\/\/jp2doc.pl\/it\/wp-content\/uploads\/sites\/3\/2018\/09\/20180612-barnimages-003.jpg\",\"datePublished\":\"2018-09-22T14:47:33+00:00\",\"breadcrumb\":{\"@id\":\"https:\/\/jp2doc.pl\/it\/2018\/09\/22\/grandi-nellumilta-del-servizio\/#breadcrumb\"},\"inLanguage\":\"it-IT\",\"potentialAction\":[{\"@type\":\"ReadAction\",\"target\":[\"https:\/\/jp2doc.pl\/it\/2018\/09\/22\/grandi-nellumilta-del-servizio\/\"]}]},{\"@type\":\"ImageObject\",\"inLanguage\":\"it-IT\",\"@id\":\"https:\/\/jp2doc.pl\/it\/2018\/09\/22\/grandi-nellumilta-del-servizio\/#primaryimage\",\"url\":\"https:\/\/jp2doc.pl\/it\/wp-content\/uploads\/sites\/3\/2018\/09\/20180612-barnimages-003.jpg\",\"contentUrl\":\"https:\/\/jp2doc.pl\/it\/wp-content\/uploads\/sites\/3\/2018\/09\/20180612-barnimages-003.jpg\",\"width\":1320,\"height\":880},{\"@type\":\"BreadcrumbList\",\"@id\":\"https:\/\/jp2doc.pl\/it\/2018\/09\/22\/grandi-nellumilta-del-servizio\/#breadcrumb\",\"itemListElement\":[{\"@type\":\"ListItem\",\"position\":1,\"name\":\"Home\",\"item\":\"https:\/\/jp2doc.pl\/it\/\"},{\"@type\":\"ListItem\",\"position\":2,\"name\":\"Grandi nell\u2019umilt\u00e0 del servizio\"}]},{\"@type\":\"WebSite\",\"@id\":\"https:\/\/jp2doc.pl\/it\/#website\",\"url\":\"https:\/\/jp2doc.pl\/it\/\",\"name\":\"Centro di Documentazione e Studio del Pontificato di Giovanni Paolo II a Roma\",\"description\":\"\",\"publisher\":{\"@id\":\"https:\/\/jp2doc.pl\/it\/#organization\"},\"potentialAction\":[{\"@type\":\"SearchAction\",\"target\":{\"@type\":\"EntryPoint\",\"urlTemplate\":\"https:\/\/jp2doc.pl\/it\/?s={search_term_string}\"},\"query-input\":{\"@type\":\"PropertyValueSpecification\",\"valueRequired\":true,\"valueName\":\"search_term_string\"}}],\"inLanguage\":\"it-IT\"},{\"@type\":\"Organization\",\"@id\":\"https:\/\/jp2doc.pl\/it\/#organization\",\"name\":\"Centro di Documentazione e Studio del Pontificato di Giovanni Paolo II a Roma\",\"url\":\"https:\/\/jp2doc.pl\/it\/\",\"logo\":{\"@type\":\"ImageObject\",\"inLanguage\":\"it-IT\",\"@id\":\"https:\/\/jp2doc.pl\/it\/#\/schema\/logo\/image\/\",\"url\":\"https:\/\/jp2doc.pl\/it\/wp-content\/uploads\/sites\/3\/2017\/03\/cropped-logo.png\",\"contentUrl\":\"https:\/\/jp2doc.pl\/it\/wp-content\/uploads\/sites\/3\/2017\/03\/cropped-logo.png\",\"width\":115,\"height\":115,\"caption\":\"Centro di Documentazione e Studio del Pontificato di Giovanni Paolo II a Roma\"},\"image\":{\"@id\":\"https:\/\/jp2doc.pl\/it\/#\/schema\/logo\/image\/\"}},{\"@type\":\"Person\",\"@id\":\"https:\/\/jp2doc.pl\/it\/#\/schema\/person\/6110109e80abb51f6fac4824777eabfe\",\"name\":\"juliasercanka\",\"image\":{\"@type\":\"ImageObject\",\"inLanguage\":\"it-IT\",\"@id\":\"https:\/\/jp2doc.pl\/it\/#\/schema\/person\/image\/\",\"url\":\"https:\/\/secure.gravatar.com\/avatar\/266a66e864556e22d55d61b6b10c97fab9060767b738564bcd109f3997e372bc?s=96&d=mm&r=g\",\"contentUrl\":\"https:\/\/secure.gravatar.com\/avatar\/266a66e864556e22d55d61b6b10c97fab9060767b738564bcd109f3997e372bc?s=96&d=mm&r=g\",\"caption\":\"juliasercanka\"},\"url\":\"https:\/\/jp2doc.pl\/it\/author\/juliasercanka\/\"}]}<\/script>\n<!-- \/ Yoast SEO plugin. -->","yoast_head_json":{"title":"Grandi nell\u2019umilt\u00e0 del servizio - Centro di Documentazione e Studio del Pontificato di Giovanni Paolo II a Roma","robots":{"index":"index","follow":"follow","max-snippet":"max-snippet:-1","max-image-preview":"max-image-preview:large","max-video-preview":"max-video-preview:-1"},"canonical":"https:\/\/jp2doc.pl\/it\/2018\/09\/22\/grandi-nellumilta-del-servizio\/","og_locale":"it_IT","og_type":"article","og_title":"Grandi nell\u2019umilt\u00e0 del servizio - Centro di Documentazione e Studio del Pontificato di Giovanni Paolo II a Roma","og_description":"XXV Domenica del Tempo Ordinario","og_url":"https:\/\/jp2doc.pl\/it\/2018\/09\/22\/grandi-nellumilta-del-servizio\/","og_site_name":"Centro di Documentazione e Studio del Pontificato di Giovanni Paolo II a Roma","article_published_time":"2018-09-22T14:47:33+00:00","og_image":[{"width":1320,"height":880,"url":"https:\/\/jp2doc.pl\/it\/wp-content\/uploads\/sites\/3\/2018\/09\/20180612-barnimages-003.jpg","type":"image\/jpeg"}],"author":"juliasercanka","twitter_card":"summary_large_image","twitter_misc":{"Scritto da":"juliasercanka","Tempo di lettura stimato":"3 minuti"},"schema":{"@context":"https:\/\/schema.org","@graph":[{"@type":"Article","@id":"https:\/\/jp2doc.pl\/it\/2018\/09\/22\/grandi-nellumilta-del-servizio\/#article","isPartOf":{"@id":"https:\/\/jp2doc.pl\/it\/2018\/09\/22\/grandi-nellumilta-del-servizio\/"},"author":{"name":"juliasercanka","@id":"https:\/\/jp2doc.pl\/it\/#\/schema\/person\/6110109e80abb51f6fac4824777eabfe"},"headline":"Grandi nell\u2019umilt\u00e0 del servizio","datePublished":"2018-09-22T14:47:33+00:00","mainEntityOfPage":{"@id":"https:\/\/jp2doc.pl\/it\/2018\/09\/22\/grandi-nellumilta-del-servizio\/"},"wordCount":555,"commentCount":0,"publisher":{"@id":"https:\/\/jp2doc.pl\/it\/#organization"},"image":{"@id":"https:\/\/jp2doc.pl\/it\/2018\/09\/22\/grandi-nellumilta-del-servizio\/#primaryimage"},"thumbnailUrl":"https:\/\/jp2doc.pl\/it\/wp-content\/uploads\/sites\/3\/2018\/09\/20180612-barnimages-003.jpg","keywords":["conosce","Ges\u00f9","Lisetta_Romano","passione","servire"],"articleSection":["Blog","Strona g\u0142\u00f3wna - najnowsze","Strona g\u0142\u00f3wna - slider"],"inLanguage":"it-IT","potentialAction":[{"@type":"CommentAction","name":"Comment","target":["https:\/\/jp2doc.pl\/it\/2018\/09\/22\/grandi-nellumilta-del-servizio\/#respond"]}]},{"@type":"WebPage","@id":"https:\/\/jp2doc.pl\/it\/2018\/09\/22\/grandi-nellumilta-del-servizio\/","url":"https:\/\/jp2doc.pl\/it\/2018\/09\/22\/grandi-nellumilta-del-servizio\/","name":"Grandi nell\u2019umilt\u00e0 del servizio - Centro di Documentazione e Studio del Pontificato di Giovanni Paolo II a Roma","isPartOf":{"@id":"https:\/\/jp2doc.pl\/it\/#website"},"primaryImageOfPage":{"@id":"https:\/\/jp2doc.pl\/it\/2018\/09\/22\/grandi-nellumilta-del-servizio\/#primaryimage"},"image":{"@id":"https:\/\/jp2doc.pl\/it\/2018\/09\/22\/grandi-nellumilta-del-servizio\/#primaryimage"},"thumbnailUrl":"https:\/\/jp2doc.pl\/it\/wp-content\/uploads\/sites\/3\/2018\/09\/20180612-barnimages-003.jpg","datePublished":"2018-09-22T14:47:33+00:00","breadcrumb":{"@id":"https:\/\/jp2doc.pl\/it\/2018\/09\/22\/grandi-nellumilta-del-servizio\/#breadcrumb"},"inLanguage":"it-IT","potentialAction":[{"@type":"ReadAction","target":["https:\/\/jp2doc.pl\/it\/2018\/09\/22\/grandi-nellumilta-del-servizio\/"]}]},{"@type":"ImageObject","inLanguage":"it-IT","@id":"https:\/\/jp2doc.pl\/it\/2018\/09\/22\/grandi-nellumilta-del-servizio\/#primaryimage","url":"https:\/\/jp2doc.pl\/it\/wp-content\/uploads\/sites\/3\/2018\/09\/20180612-barnimages-003.jpg","contentUrl":"https:\/\/jp2doc.pl\/it\/wp-content\/uploads\/sites\/3\/2018\/09\/20180612-barnimages-003.jpg","width":1320,"height":880},{"@type":"BreadcrumbList","@id":"https:\/\/jp2doc.pl\/it\/2018\/09\/22\/grandi-nellumilta-del-servizio\/#breadcrumb","itemListElement":[{"@type":"ListItem","position":1,"name":"Home","item":"https:\/\/jp2doc.pl\/it\/"},{"@type":"ListItem","position":2,"name":"Grandi nell\u2019umilt\u00e0 del servizio"}]},{"@type":"WebSite","@id":"https:\/\/jp2doc.pl\/it\/#website","url":"https:\/\/jp2doc.pl\/it\/","name":"Centro di Documentazione e Studio del Pontificato di Giovanni Paolo II a Roma","description":"","publisher":{"@id":"https:\/\/jp2doc.pl\/it\/#organization"},"potentialAction":[{"@type":"SearchAction","target":{"@type":"EntryPoint","urlTemplate":"https:\/\/jp2doc.pl\/it\/?s={search_term_string}"},"query-input":{"@type":"PropertyValueSpecification","valueRequired":true,"valueName":"search_term_string"}}],"inLanguage":"it-IT"},{"@type":"Organization","@id":"https:\/\/jp2doc.pl\/it\/#organization","name":"Centro di Documentazione e Studio del Pontificato di Giovanni Paolo II a Roma","url":"https:\/\/jp2doc.pl\/it\/","logo":{"@type":"ImageObject","inLanguage":"it-IT","@id":"https:\/\/jp2doc.pl\/it\/#\/schema\/logo\/image\/","url":"https:\/\/jp2doc.pl\/it\/wp-content\/uploads\/sites\/3\/2017\/03\/cropped-logo.png","contentUrl":"https:\/\/jp2doc.pl\/it\/wp-content\/uploads\/sites\/3\/2017\/03\/cropped-logo.png","width":115,"height":115,"caption":"Centro di Documentazione e Studio del Pontificato di Giovanni Paolo II a Roma"},"image":{"@id":"https:\/\/jp2doc.pl\/it\/#\/schema\/logo\/image\/"}},{"@type":"Person","@id":"https:\/\/jp2doc.pl\/it\/#\/schema\/person\/6110109e80abb51f6fac4824777eabfe","name":"juliasercanka","image":{"@type":"ImageObject","inLanguage":"it-IT","@id":"https:\/\/jp2doc.pl\/it\/#\/schema\/person\/image\/","url":"https:\/\/secure.gravatar.com\/avatar\/266a66e864556e22d55d61b6b10c97fab9060767b738564bcd109f3997e372bc?s=96&d=mm&r=g","contentUrl":"https:\/\/secure.gravatar.com\/avatar\/266a66e864556e22d55d61b6b10c97fab9060767b738564bcd109f3997e372bc?s=96&d=mm&r=g","caption":"juliasercanka"},"url":"https:\/\/jp2doc.pl\/it\/author\/juliasercanka\/"}]}},"_links":{"self":[{"href":"https:\/\/jp2doc.pl\/it\/wp-json\/wp\/v2\/posts\/2131","targetHints":{"allow":["GET"]}}],"collection":[{"href":"https:\/\/jp2doc.pl\/it\/wp-json\/wp\/v2\/posts"}],"about":[{"href":"https:\/\/jp2doc.pl\/it\/wp-json\/wp\/v2\/types\/post"}],"author":[{"embeddable":true,"href":"https:\/\/jp2doc.pl\/it\/wp-json\/wp\/v2\/users\/5"}],"replies":[{"embeddable":true,"href":"https:\/\/jp2doc.pl\/it\/wp-json\/wp\/v2\/comments?post=2131"}],"version-history":[{"count":1,"href":"https:\/\/jp2doc.pl\/it\/wp-json\/wp\/v2\/posts\/2131\/revisions"}],"predecessor-version":[{"id":2133,"href":"https:\/\/jp2doc.pl\/it\/wp-json\/wp\/v2\/posts\/2131\/revisions\/2133"}],"wp:featuredmedia":[{"embeddable":true,"href":"https:\/\/jp2doc.pl\/it\/wp-json\/wp\/v2\/media\/2132"}],"wp:attachment":[{"href":"https:\/\/jp2doc.pl\/it\/wp-json\/wp\/v2\/media?parent=2131"}],"wp:term":[{"taxonomy":"category","embeddable":true,"href":"https:\/\/jp2doc.pl\/it\/wp-json\/wp\/v2\/categories?post=2131"},{"taxonomy":"post_tag","embeddable":true,"href":"https:\/\/jp2doc.pl\/it\/wp-json\/wp\/v2\/tags?post=2131"}],"curies":[{"name":"wp","href":"https:\/\/api.w.org\/{rel}","templated":true}]}}