{"id":2134,"date":"2018-09-29T18:26:59","date_gmt":"2018-09-29T16:26:59","guid":{"rendered":"https:\/\/jp2doc.pl\/it\/?p=2134"},"modified":"2018-09-29T18:28:46","modified_gmt":"2018-09-29T16:28:46","slug":"ogni-uomo-sia-ricco-del-tuo-dono","status":"publish","type":"post","link":"https:\/\/jp2doc.pl\/it\/2018\/09\/29\/ogni-uomo-sia-ricco-del-tuo-dono\/","title":{"rendered":"Ogni uomo sia ricco del tuo dono\u00a0\u00a0\u00a0\u00a0\u00a0\u00a0"},"content":{"rendered":"<p>Rif.: <em>Nm 11,25-29; Sal 18; Gc 5,1-6; Mc 9,37-42.45.47-48<\/em><\/p>\n<p>Mos\u00e8 aveva scelto settanta uomini che lo aiutassero a giudicare le questioni ordinarie del popolo, eccoli ora tutti alla presenza del Signore che effonde su di loro il suo Spirito per renderli idonei al loro compito. Ma altri due che, pur essendo stati scelti erano rimasti nell\u2019accampamento, profetizzano al pari degli altri. Giosu\u00e8 se ne lamenta con Mos\u00e9 e questi gli risponde: \u201cE\u2019 il Signore che d\u00e0 loro il suo spirito\u201d.<\/p>\n<p>Simili a quelle di Mos\u00e8 sono le parole di Ges\u00f9 a Giovanni e ai Dodici che hanno vietato ad un tale di scacciare demoni in nome di Cristo \u201cperch\u00e9 non era dei nostri\u201d<em>.\u00a0<\/em>\u201cNon glielo proibite\u201d risponde Ges\u00f9: \u201cnon c\u2019\u00e8 nessuno che faccia un miracolo nel mio nome e subito dopo possa parlare male di me\u201d<em>.<\/em> Profetizzare e fare miracoli, infatti, non dipende dagli uomini ma da Dio che agisce in essi. Il primo, grande insegnamento delle Scritture di questa domenica \u00e8, dunque, l\u2019imprevedibilit\u00e0 dello Spirito che, sfuggendo ad ogni umano progetto, non si lascia ostacolare da un accampamento n\u00e9 rinchiudere all\u2019interno di un gruppo per quanto vicino a Cristo.<\/p>\n<p>Lo Spirito \u00e8 come il vento, dir\u00e0 Ges\u00f9 a Nicodemo, se ne sente il sibilo ma nessuno pu\u00f2 sapere da dove venga e dove vada. (Gv 3,8). Dio quindi si riserva la sovrana libert\u00e0 di donarlo quando, come e a chi crede. Questo avviene non per una casuale preferenza ma, per l\u2019incontenibile, tenero amore che Dio nutre per tutti gli uomini; non volendo infatti che nessuno sia escluso dalla sua conoscenza, Egli dona a tutti l\u2019occasione e la capacit\u00e0 di conoscerlo al di l\u00e0 della miscredenza o della religione professata.<\/p>\n<p>Essere vicini a Cristo, far parte di un gruppo o di un associazione religiosa non autorizza nessuno a dirsi proprietario di Dio, il credente al contrario, come indica il Vangelo, \u00e8 colui che si consegna a Dio con la semplicit\u00e0 di un bambino che, bisognoso di essere educato ed istruito, si fida dei propri genitori e ne accetta coccole e castighi. Come il bimbo il credente sa di appartenere a Dio, ma di non averne l\u2019esclusiva, Egli \u00e8 di tutti e tutti gli appartengono, cosi come il pap\u00e0 e la mamma appartengono in egual modo a tutti i loro figli. Le Letture ci guidano ad una sola conclusione: non \u00e8 l\u2019uomo a decidere dell\u2019azione di Dio, ma \u00e8 Dio, con il suo Spirito, a guidare il cuore dell\u2019uomo e il corso della storia affinch\u00e9 ad ognuno sia data la possibilit\u00e0 di conoscerlo, di amarlo, di collaborare alla sua opera, al di l\u00e0 di qualsiasi appartenenza etnica o religiosa. L\u2019uomo veramente religioso \u00e8 colui che, trascinato dallo Spirito, vive dello stesso Amore e della stessa divina libert\u00e0!<\/p>\n<p>L\u2019uomo veramente religioso \u00e8 colui che in nome della propria libert\u00e0 \u00e8 pronto a tagliare via da s\u00e9 ogni cosa che gli impedisca di volare alto e vivere della stessa vita di Dio, fosse anche la propria mano o il piede o l\u2019occhio.<\/p>\n<p>L\u2019uomo veramente religioso \u00e8 colui che considera la transitoriet\u00e0 e deperibilit\u00e0 di ogni bene terreno (cfr. II Lett.); egli sa che la ricchezza, accumulata a scapito dei pi\u00f9 poveri, diverr\u00e0 un pesante fardello di accuse di cui rendere conto a Dio.<\/p>\n<p>Consapevole di essere continuamente in tentazione la Chiesa umilmente si rivolge al Padre:<\/p>\n<blockquote><p>O Dio, effondi il tuo Spirito \u2026 perch\u00e9 ogni uomo sia ricco del tuo dono, e a tutti i popoli della terra siano annunziate le meraviglie del tuo amore. (Colletta II)<\/p><\/blockquote>\n<p><strong>L.R.<\/strong><\/p>\n","protected":false},"excerpt":{"rendered":"<p>XXVI Domenica del Tempo Ordinario<\/p>\n","protected":false},"author":5,"featured_media":2135,"comment_status":"open","ping_status":"open","sticky":false,"template":"","format":"standard","meta":{"_acf_changed":false,"_exactmetrics_skip_tracking":false,"_exactmetrics_sitenote_active":false,"_exactmetrics_sitenote_note":"","_exactmetrics_sitenote_category":0,"footnotes":""},"categories":[4,13,14],"tags":[64,214,213,67],"class_list":["post-2134","post","type-post","status-publish","format-standard","has-post-thumbnail","hentry","category-blog","category-strona-glowna-najnowsze","category-strona-glowna-slider","tag-gesu","tag-religioso","tag-spirito","tag-uomo"],"acf":[],"yoast_head":"<!-- This site is optimized with the Yoast SEO plugin v26.2 - https:\/\/yoast.com\/wordpress\/plugins\/seo\/ -->\n<title>Ogni uomo sia ricco del tuo dono\u00a0\u00a0\u00a0\u00a0\u00a0\u00a0 - Centro di Documentazione e Studio del Pontificato di Giovanni Paolo II a Roma<\/title>\n<meta name=\"robots\" content=\"index, follow, max-snippet:-1, max-image-preview:large, max-video-preview:-1\" \/>\n<link rel=\"canonical\" href=\"https:\/\/jp2doc.pl\/it\/2018\/09\/29\/ogni-uomo-sia-ricco-del-tuo-dono\/\" \/>\n<meta property=\"og:locale\" content=\"it_IT\" \/>\n<meta property=\"og:type\" content=\"article\" \/>\n<meta property=\"og:title\" content=\"Ogni uomo sia ricco del tuo dono\u00a0\u00a0\u00a0\u00a0\u00a0\u00a0 - Centro di Documentazione e Studio del Pontificato di Giovanni Paolo II a Roma\" \/>\n<meta property=\"og:description\" content=\"XXVI Domenica del Tempo Ordinario\" \/>\n<meta property=\"og:url\" content=\"https:\/\/jp2doc.pl\/it\/2018\/09\/29\/ogni-uomo-sia-ricco-del-tuo-dono\/\" \/>\n<meta property=\"og:site_name\" content=\"Centro di Documentazione e Studio del Pontificato di Giovanni Paolo II a Roma\" \/>\n<meta property=\"article:published_time\" content=\"2018-09-29T16:26:59+00:00\" \/>\n<meta property=\"article:modified_time\" content=\"2018-09-29T16:28:46+00:00\" \/>\n<meta property=\"og:image\" content=\"https:\/\/jp2doc.pl\/it\/wp-content\/uploads\/sites\/3\/2018\/09\/freely-amaury-gutierrez-82011.jpg\" \/>\n\t<meta property=\"og:image:width\" content=\"1771\" \/>\n\t<meta property=\"og:image:height\" content=\"874\" \/>\n\t<meta property=\"og:image:type\" content=\"image\/jpeg\" \/>\n<meta name=\"author\" content=\"juliasercanka\" \/>\n<meta name=\"twitter:card\" content=\"summary_large_image\" \/>\n<meta name=\"twitter:label1\" content=\"Scritto da\" \/>\n\t<meta name=\"twitter:data1\" content=\"juliasercanka\" \/>\n\t<meta name=\"twitter:label2\" content=\"Tempo di lettura stimato\" \/>\n\t<meta name=\"twitter:data2\" content=\"3 minuti\" \/>\n<script type=\"application\/ld+json\" class=\"yoast-schema-graph\">{\"@context\":\"https:\/\/schema.org\",\"@graph\":[{\"@type\":\"Article\",\"@id\":\"https:\/\/jp2doc.pl\/it\/2018\/09\/29\/ogni-uomo-sia-ricco-del-tuo-dono\/#article\",\"isPartOf\":{\"@id\":\"https:\/\/jp2doc.pl\/it\/2018\/09\/29\/ogni-uomo-sia-ricco-del-tuo-dono\/\"},\"author\":{\"name\":\"juliasercanka\",\"@id\":\"https:\/\/jp2doc.pl\/it\/#\/schema\/person\/6110109e80abb51f6fac4824777eabfe\"},\"headline\":\"Ogni uomo sia ricco del tuo dono\u00a0\u00a0\u00a0\u00a0\u00a0\u00a0\",\"datePublished\":\"2018-09-29T16:26:59+00:00\",\"dateModified\":\"2018-09-29T16:28:46+00:00\",\"mainEntityOfPage\":{\"@id\":\"https:\/\/jp2doc.pl\/it\/2018\/09\/29\/ogni-uomo-sia-ricco-del-tuo-dono\/\"},\"wordCount\":594,\"commentCount\":0,\"publisher\":{\"@id\":\"https:\/\/jp2doc.pl\/it\/#organization\"},\"image\":{\"@id\":\"https:\/\/jp2doc.pl\/it\/2018\/09\/29\/ogni-uomo-sia-ricco-del-tuo-dono\/#primaryimage\"},\"thumbnailUrl\":\"https:\/\/jp2doc.pl\/it\/wp-content\/uploads\/sites\/3\/2018\/09\/freely-amaury-gutierrez-82011.jpg\",\"keywords\":[\"Ges\u00f9\",\"religioso\",\"Spirito\",\"Uomo\"],\"articleSection\":[\"Blog\",\"Strona g\u0142\u00f3wna - najnowsze\",\"Strona g\u0142\u00f3wna - slider\"],\"inLanguage\":\"it-IT\",\"potentialAction\":[{\"@type\":\"CommentAction\",\"name\":\"Comment\",\"target\":[\"https:\/\/jp2doc.pl\/it\/2018\/09\/29\/ogni-uomo-sia-ricco-del-tuo-dono\/#respond\"]}]},{\"@type\":\"WebPage\",\"@id\":\"https:\/\/jp2doc.pl\/it\/2018\/09\/29\/ogni-uomo-sia-ricco-del-tuo-dono\/\",\"url\":\"https:\/\/jp2doc.pl\/it\/2018\/09\/29\/ogni-uomo-sia-ricco-del-tuo-dono\/\",\"name\":\"Ogni uomo sia ricco del tuo dono\u00a0\u00a0\u00a0\u00a0\u00a0\u00a0 - Centro di Documentazione e Studio del Pontificato di Giovanni Paolo II a Roma\",\"isPartOf\":{\"@id\":\"https:\/\/jp2doc.pl\/it\/#website\"},\"primaryImageOfPage\":{\"@id\":\"https:\/\/jp2doc.pl\/it\/2018\/09\/29\/ogni-uomo-sia-ricco-del-tuo-dono\/#primaryimage\"},\"image\":{\"@id\":\"https:\/\/jp2doc.pl\/it\/2018\/09\/29\/ogni-uomo-sia-ricco-del-tuo-dono\/#primaryimage\"},\"thumbnailUrl\":\"https:\/\/jp2doc.pl\/it\/wp-content\/uploads\/sites\/3\/2018\/09\/freely-amaury-gutierrez-82011.jpg\",\"datePublished\":\"2018-09-29T16:26:59+00:00\",\"dateModified\":\"2018-09-29T16:28:46+00:00\",\"breadcrumb\":{\"@id\":\"https:\/\/jp2doc.pl\/it\/2018\/09\/29\/ogni-uomo-sia-ricco-del-tuo-dono\/#breadcrumb\"},\"inLanguage\":\"it-IT\",\"potentialAction\":[{\"@type\":\"ReadAction\",\"target\":[\"https:\/\/jp2doc.pl\/it\/2018\/09\/29\/ogni-uomo-sia-ricco-del-tuo-dono\/\"]}]},{\"@type\":\"ImageObject\",\"inLanguage\":\"it-IT\",\"@id\":\"https:\/\/jp2doc.pl\/it\/2018\/09\/29\/ogni-uomo-sia-ricco-del-tuo-dono\/#primaryimage\",\"url\":\"https:\/\/jp2doc.pl\/it\/wp-content\/uploads\/sites\/3\/2018\/09\/freely-amaury-gutierrez-82011.jpg\",\"contentUrl\":\"https:\/\/jp2doc.pl\/it\/wp-content\/uploads\/sites\/3\/2018\/09\/freely-amaury-gutierrez-82011.jpg\",\"width\":1771,\"height\":874},{\"@type\":\"BreadcrumbList\",\"@id\":\"https:\/\/jp2doc.pl\/it\/2018\/09\/29\/ogni-uomo-sia-ricco-del-tuo-dono\/#breadcrumb\",\"itemListElement\":[{\"@type\":\"ListItem\",\"position\":1,\"name\":\"Home\",\"item\":\"https:\/\/jp2doc.pl\/it\/\"},{\"@type\":\"ListItem\",\"position\":2,\"name\":\"Ogni uomo sia ricco del tuo dono\u00a0\u00a0\u00a0\u00a0\u00a0\u00a0\"}]},{\"@type\":\"WebSite\",\"@id\":\"https:\/\/jp2doc.pl\/it\/#website\",\"url\":\"https:\/\/jp2doc.pl\/it\/\",\"name\":\"Centro di Documentazione e Studio del Pontificato di Giovanni Paolo II a Roma\",\"description\":\"\",\"publisher\":{\"@id\":\"https:\/\/jp2doc.pl\/it\/#organization\"},\"potentialAction\":[{\"@type\":\"SearchAction\",\"target\":{\"@type\":\"EntryPoint\",\"urlTemplate\":\"https:\/\/jp2doc.pl\/it\/?s={search_term_string}\"},\"query-input\":{\"@type\":\"PropertyValueSpecification\",\"valueRequired\":true,\"valueName\":\"search_term_string\"}}],\"inLanguage\":\"it-IT\"},{\"@type\":\"Organization\",\"@id\":\"https:\/\/jp2doc.pl\/it\/#organization\",\"name\":\"Centro di Documentazione e Studio del Pontificato di Giovanni Paolo II a Roma\",\"url\":\"https:\/\/jp2doc.pl\/it\/\",\"logo\":{\"@type\":\"ImageObject\",\"inLanguage\":\"it-IT\",\"@id\":\"https:\/\/jp2doc.pl\/it\/#\/schema\/logo\/image\/\",\"url\":\"https:\/\/jp2doc.pl\/it\/wp-content\/uploads\/sites\/3\/2017\/03\/cropped-logo.png\",\"contentUrl\":\"https:\/\/jp2doc.pl\/it\/wp-content\/uploads\/sites\/3\/2017\/03\/cropped-logo.png\",\"width\":115,\"height\":115,\"caption\":\"Centro di Documentazione e Studio del Pontificato di Giovanni Paolo II a Roma\"},\"image\":{\"@id\":\"https:\/\/jp2doc.pl\/it\/#\/schema\/logo\/image\/\"}},{\"@type\":\"Person\",\"@id\":\"https:\/\/jp2doc.pl\/it\/#\/schema\/person\/6110109e80abb51f6fac4824777eabfe\",\"name\":\"juliasercanka\",\"image\":{\"@type\":\"ImageObject\",\"inLanguage\":\"it-IT\",\"@id\":\"https:\/\/jp2doc.pl\/it\/#\/schema\/person\/image\/\",\"url\":\"https:\/\/secure.gravatar.com\/avatar\/266a66e864556e22d55d61b6b10c97fab9060767b738564bcd109f3997e372bc?s=96&d=mm&r=g\",\"contentUrl\":\"https:\/\/secure.gravatar.com\/avatar\/266a66e864556e22d55d61b6b10c97fab9060767b738564bcd109f3997e372bc?s=96&d=mm&r=g\",\"caption\":\"juliasercanka\"},\"url\":\"https:\/\/jp2doc.pl\/it\/author\/juliasercanka\/\"}]}<\/script>\n<!-- \/ Yoast SEO plugin. -->","yoast_head_json":{"title":"Ogni uomo sia ricco del tuo dono\u00a0\u00a0\u00a0\u00a0\u00a0\u00a0 - Centro di Documentazione e Studio del Pontificato di Giovanni Paolo II a Roma","robots":{"index":"index","follow":"follow","max-snippet":"max-snippet:-1","max-image-preview":"max-image-preview:large","max-video-preview":"max-video-preview:-1"},"canonical":"https:\/\/jp2doc.pl\/it\/2018\/09\/29\/ogni-uomo-sia-ricco-del-tuo-dono\/","og_locale":"it_IT","og_type":"article","og_title":"Ogni uomo sia ricco del tuo dono\u00a0\u00a0\u00a0\u00a0\u00a0\u00a0 - Centro di Documentazione e Studio del Pontificato di Giovanni Paolo II a Roma","og_description":"XXVI Domenica del Tempo Ordinario","og_url":"https:\/\/jp2doc.pl\/it\/2018\/09\/29\/ogni-uomo-sia-ricco-del-tuo-dono\/","og_site_name":"Centro di Documentazione e Studio del Pontificato di Giovanni Paolo II a Roma","article_published_time":"2018-09-29T16:26:59+00:00","article_modified_time":"2018-09-29T16:28:46+00:00","og_image":[{"width":1771,"height":874,"url":"https:\/\/jp2doc.pl\/it\/wp-content\/uploads\/sites\/3\/2018\/09\/freely-amaury-gutierrez-82011.jpg","type":"image\/jpeg"}],"author":"juliasercanka","twitter_card":"summary_large_image","twitter_misc":{"Scritto da":"juliasercanka","Tempo di lettura stimato":"3 minuti"},"schema":{"@context":"https:\/\/schema.org","@graph":[{"@type":"Article","@id":"https:\/\/jp2doc.pl\/it\/2018\/09\/29\/ogni-uomo-sia-ricco-del-tuo-dono\/#article","isPartOf":{"@id":"https:\/\/jp2doc.pl\/it\/2018\/09\/29\/ogni-uomo-sia-ricco-del-tuo-dono\/"},"author":{"name":"juliasercanka","@id":"https:\/\/jp2doc.pl\/it\/#\/schema\/person\/6110109e80abb51f6fac4824777eabfe"},"headline":"Ogni uomo sia ricco del tuo dono\u00a0\u00a0\u00a0\u00a0\u00a0\u00a0","datePublished":"2018-09-29T16:26:59+00:00","dateModified":"2018-09-29T16:28:46+00:00","mainEntityOfPage":{"@id":"https:\/\/jp2doc.pl\/it\/2018\/09\/29\/ogni-uomo-sia-ricco-del-tuo-dono\/"},"wordCount":594,"commentCount":0,"publisher":{"@id":"https:\/\/jp2doc.pl\/it\/#organization"},"image":{"@id":"https:\/\/jp2doc.pl\/it\/2018\/09\/29\/ogni-uomo-sia-ricco-del-tuo-dono\/#primaryimage"},"thumbnailUrl":"https:\/\/jp2doc.pl\/it\/wp-content\/uploads\/sites\/3\/2018\/09\/freely-amaury-gutierrez-82011.jpg","keywords":["Ges\u00f9","religioso","Spirito","Uomo"],"articleSection":["Blog","Strona g\u0142\u00f3wna - najnowsze","Strona g\u0142\u00f3wna - slider"],"inLanguage":"it-IT","potentialAction":[{"@type":"CommentAction","name":"Comment","target":["https:\/\/jp2doc.pl\/it\/2018\/09\/29\/ogni-uomo-sia-ricco-del-tuo-dono\/#respond"]}]},{"@type":"WebPage","@id":"https:\/\/jp2doc.pl\/it\/2018\/09\/29\/ogni-uomo-sia-ricco-del-tuo-dono\/","url":"https:\/\/jp2doc.pl\/it\/2018\/09\/29\/ogni-uomo-sia-ricco-del-tuo-dono\/","name":"Ogni uomo sia ricco del tuo dono\u00a0\u00a0\u00a0\u00a0\u00a0\u00a0 - Centro di Documentazione e Studio del Pontificato di Giovanni Paolo II a Roma","isPartOf":{"@id":"https:\/\/jp2doc.pl\/it\/#website"},"primaryImageOfPage":{"@id":"https:\/\/jp2doc.pl\/it\/2018\/09\/29\/ogni-uomo-sia-ricco-del-tuo-dono\/#primaryimage"},"image":{"@id":"https:\/\/jp2doc.pl\/it\/2018\/09\/29\/ogni-uomo-sia-ricco-del-tuo-dono\/#primaryimage"},"thumbnailUrl":"https:\/\/jp2doc.pl\/it\/wp-content\/uploads\/sites\/3\/2018\/09\/freely-amaury-gutierrez-82011.jpg","datePublished":"2018-09-29T16:26:59+00:00","dateModified":"2018-09-29T16:28:46+00:00","breadcrumb":{"@id":"https:\/\/jp2doc.pl\/it\/2018\/09\/29\/ogni-uomo-sia-ricco-del-tuo-dono\/#breadcrumb"},"inLanguage":"it-IT","potentialAction":[{"@type":"ReadAction","target":["https:\/\/jp2doc.pl\/it\/2018\/09\/29\/ogni-uomo-sia-ricco-del-tuo-dono\/"]}]},{"@type":"ImageObject","inLanguage":"it-IT","@id":"https:\/\/jp2doc.pl\/it\/2018\/09\/29\/ogni-uomo-sia-ricco-del-tuo-dono\/#primaryimage","url":"https:\/\/jp2doc.pl\/it\/wp-content\/uploads\/sites\/3\/2018\/09\/freely-amaury-gutierrez-82011.jpg","contentUrl":"https:\/\/jp2doc.pl\/it\/wp-content\/uploads\/sites\/3\/2018\/09\/freely-amaury-gutierrez-82011.jpg","width":1771,"height":874},{"@type":"BreadcrumbList","@id":"https:\/\/jp2doc.pl\/it\/2018\/09\/29\/ogni-uomo-sia-ricco-del-tuo-dono\/#breadcrumb","itemListElement":[{"@type":"ListItem","position":1,"name":"Home","item":"https:\/\/jp2doc.pl\/it\/"},{"@type":"ListItem","position":2,"name":"Ogni uomo sia ricco del tuo dono\u00a0\u00a0\u00a0\u00a0\u00a0\u00a0"}]},{"@type":"WebSite","@id":"https:\/\/jp2doc.pl\/it\/#website","url":"https:\/\/jp2doc.pl\/it\/","name":"Centro di Documentazione e Studio del Pontificato di Giovanni Paolo II a Roma","description":"","publisher":{"@id":"https:\/\/jp2doc.pl\/it\/#organization"},"potentialAction":[{"@type":"SearchAction","target":{"@type":"EntryPoint","urlTemplate":"https:\/\/jp2doc.pl\/it\/?s={search_term_string}"},"query-input":{"@type":"PropertyValueSpecification","valueRequired":true,"valueName":"search_term_string"}}],"inLanguage":"it-IT"},{"@type":"Organization","@id":"https:\/\/jp2doc.pl\/it\/#organization","name":"Centro di Documentazione e Studio del Pontificato di Giovanni Paolo II a Roma","url":"https:\/\/jp2doc.pl\/it\/","logo":{"@type":"ImageObject","inLanguage":"it-IT","@id":"https:\/\/jp2doc.pl\/it\/#\/schema\/logo\/image\/","url":"https:\/\/jp2doc.pl\/it\/wp-content\/uploads\/sites\/3\/2017\/03\/cropped-logo.png","contentUrl":"https:\/\/jp2doc.pl\/it\/wp-content\/uploads\/sites\/3\/2017\/03\/cropped-logo.png","width":115,"height":115,"caption":"Centro di Documentazione e Studio del Pontificato di Giovanni Paolo II a Roma"},"image":{"@id":"https:\/\/jp2doc.pl\/it\/#\/schema\/logo\/image\/"}},{"@type":"Person","@id":"https:\/\/jp2doc.pl\/it\/#\/schema\/person\/6110109e80abb51f6fac4824777eabfe","name":"juliasercanka","image":{"@type":"ImageObject","inLanguage":"it-IT","@id":"https:\/\/jp2doc.pl\/it\/#\/schema\/person\/image\/","url":"https:\/\/secure.gravatar.com\/avatar\/266a66e864556e22d55d61b6b10c97fab9060767b738564bcd109f3997e372bc?s=96&d=mm&r=g","contentUrl":"https:\/\/secure.gravatar.com\/avatar\/266a66e864556e22d55d61b6b10c97fab9060767b738564bcd109f3997e372bc?s=96&d=mm&r=g","caption":"juliasercanka"},"url":"https:\/\/jp2doc.pl\/it\/author\/juliasercanka\/"}]}},"_links":{"self":[{"href":"https:\/\/jp2doc.pl\/it\/wp-json\/wp\/v2\/posts\/2134","targetHints":{"allow":["GET"]}}],"collection":[{"href":"https:\/\/jp2doc.pl\/it\/wp-json\/wp\/v2\/posts"}],"about":[{"href":"https:\/\/jp2doc.pl\/it\/wp-json\/wp\/v2\/types\/post"}],"author":[{"embeddable":true,"href":"https:\/\/jp2doc.pl\/it\/wp-json\/wp\/v2\/users\/5"}],"replies":[{"embeddable":true,"href":"https:\/\/jp2doc.pl\/it\/wp-json\/wp\/v2\/comments?post=2134"}],"version-history":[{"count":2,"href":"https:\/\/jp2doc.pl\/it\/wp-json\/wp\/v2\/posts\/2134\/revisions"}],"predecessor-version":[{"id":2137,"href":"https:\/\/jp2doc.pl\/it\/wp-json\/wp\/v2\/posts\/2134\/revisions\/2137"}],"wp:featuredmedia":[{"embeddable":true,"href":"https:\/\/jp2doc.pl\/it\/wp-json\/wp\/v2\/media\/2135"}],"wp:attachment":[{"href":"https:\/\/jp2doc.pl\/it\/wp-json\/wp\/v2\/media?parent=2134"}],"wp:term":[{"taxonomy":"category","embeddable":true,"href":"https:\/\/jp2doc.pl\/it\/wp-json\/wp\/v2\/categories?post=2134"},{"taxonomy":"post_tag","embeddable":true,"href":"https:\/\/jp2doc.pl\/it\/wp-json\/wp\/v2\/tags?post=2134"}],"curies":[{"name":"wp","href":"https:\/\/api.w.org\/{rel}","templated":true}]}}