{"id":2139,"date":"2018-10-06T17:56:01","date_gmt":"2018-10-06T15:56:01","guid":{"rendered":"https:\/\/jp2doc.pl\/it\/?p=2139"},"modified":"2018-10-06T17:56:01","modified_gmt":"2018-10-06T15:56:01","slug":"non-piu-due-una-sola-carne","status":"publish","type":"post","link":"https:\/\/jp2doc.pl\/it\/2018\/10\/06\/non-piu-due-una-sola-carne\/","title":{"rendered":"Non pi\u00f9 due, ma una sola carne"},"content":{"rendered":"<p>Rif: <em>Gn 2,18-24; Sal 127\/128,1-6; Eb 2,9-11; Mc 10,2-16<\/em><\/p>\n<p>La liturgia vuole riportarci alle \u201cprime origini\u201d quando la Legge e la Parola di Dio non erano state ancora adombrate dall\u2019incomprensione e dalla durezza del cuore umano. Un viaggio alla riscoperta delle radici dunque che inizia chiedendosi cosa Dio voglia dire effettivamente e quale sia il suo primo progetto. Ci viene incontro la prima lettura che si apre sullo scenario degli albori della Creazione, quando nell\u2019armonia del Cosmo appena creato, la voce di Adamo risuona per dare un nome ad ogni cosa e ad ogni essere vivente, divenendone cos\u00ec il padrone e dominatore. Ma Dio guarda perplesso la sua creatura e vede che nulla gli pu\u00f2 essere confrontato, nello splendore del Creato Adamo \u00e8 tragicamente solo, \u00e8 necessario offrirgli un essere a lui simile che gli sia di aiuto. La creazione della donna nasce innanzitutto dalla necessit\u00e0 di essere uno per l\u2019altro aiuto, non contrapposti, ma l\u2019uno riflesso dell\u2019altra e nell\u2019altra. Ecco il prodigio. E Adamo esulta, mentre guarda ammirato la donna che Dio gli pone accanto, egli ha finalmente trovato una creatura simile a lui nella natura, nella sostanza e nella dignit\u00e0, nata dalla sua stessa vita, plasmata come lui dalle mani dell\u2019Altissimo eppure tanto diversa. A lei dedica il suo canto d\u2019amore, il primo della storia:<\/p>\n<blockquote><p>\u201cQuesta volta essa \u00e8 carne della mia carne, e osso delle mia ossa\u201d.<\/p><\/blockquote>\n<p>Una la loro origine l\u2019unit\u00e0 il loro destino, Adamo ed Eva sono complementari l\u2019uno all\u2019altra tanto da potersi fondere fino a generare dalla loro unione un altro essere vivente e ancora un altro e cos\u00ec via fino a moltiplicare nel tempo la vita ricevuta in dono. L\u2019uno per l\u2019altra, cos\u00ec voluti dal Creatore che benedice e rende feconde le prime nozze della storia. Nel Salmo, la famiglia, nell\u2019intreccio dei compiti, delle relazioni e degli affetti, appare quale essa \u00e8: una benedizione! Cio\u00e8 un atto divino, prima che umano, un dono divino che si rinnova nella fatica e nell\u2019intimit\u00e0 della casa, che si perpetua in ogni figlio, un dono che si inserisce nell\u2019armonia e nella bellezza della natura, dalla quale il salmista trae l\u2019immagine della vite feconda (la sposa) e dei virgulti d\u2019olivo (i figli). Vita e amore sono i doni che Adamo ed Eva ricevettero all\u2019alba dei tempi e compresero che la loro vita era fatta per l\u2019amore e che dall\u2019amore sarebbe nata la vita, ma\u00a0 perch\u00e9 questo accadesse era indispensabile rimanere uniti.<\/p>\n<p>Ci\u00f2 che normalmente sfugge \u00e8 che l\u2019unione matrimoniale \u00e8 \u201cnecessariamente\u201d indissolubile, essa infatti riflette nel suo scambio d\u2019amore l\u2019amore eterno, fedele ed indissolubile del Creatore per il suo popolo e per tutta l\u2019umanit\u00e0.<\/p>\n<p>I profeti, infatti, hanno cantato pi\u00f9 e pi\u00f9 volte l\u2019amore di Dio usando l\u2019immagine dello sposo che con accenti accorati richiama la sposa all\u2019antico amore della giovinezza, uno sposo che non si lascia piegare dal rifiuto e dall\u2019adulterio che minaccia e perdona, ma che ama, ama, ama fino al punto di assumere la stessa natura di quella sposa amata e ribelle fino a farsi \u201ccarne della sua carne\u201d.<\/p>\n<p><strong>L.R.<\/strong><\/p>\n","protected":false},"excerpt":{"rendered":"<p>XXVII Domenica del Tempo Ordinario<\/p>\n","protected":false},"author":5,"featured_media":2140,"comment_status":"open","ping_status":"open","sticky":false,"template":"","format":"standard","meta":{"_acf_changed":false,"_exactmetrics_skip_tracking":false,"_exactmetrics_sitenote_active":false,"_exactmetrics_sitenote_note":"","_exactmetrics_sitenote_category":0,"footnotes":""},"categories":[4,13,14],"tags":[216,215,95,217,82,67],"class_list":["post-2139","post","type-post","status-publish","format-standard","has-post-thumbnail","hentry","category-blog","category-strona-glowna-najnowsze","category-strona-glowna-slider","tag-adamo","tag-creazione","tag-donna","tag-eva","tag-lisetta_romano","tag-uomo"],"acf":[],"yoast_head":"<!-- This site is optimized with the Yoast SEO plugin v26.2 - https:\/\/yoast.com\/wordpress\/plugins\/seo\/ -->\n<title>Non pi\u00f9 due, ma una sola carne - Centro di Documentazione e Studio del Pontificato di Giovanni Paolo II a Roma<\/title>\n<meta name=\"robots\" content=\"index, follow, max-snippet:-1, max-image-preview:large, max-video-preview:-1\" \/>\n<link rel=\"canonical\" href=\"https:\/\/jp2doc.pl\/it\/2018\/10\/06\/non-piu-due-una-sola-carne\/\" \/>\n<meta property=\"og:locale\" content=\"it_IT\" \/>\n<meta property=\"og:type\" content=\"article\" \/>\n<meta property=\"og:title\" content=\"Non pi\u00f9 due, ma una sola carne - Centro di Documentazione e Studio del Pontificato di Giovanni Paolo II a Roma\" \/>\n<meta property=\"og:description\" content=\"XXVII Domenica del Tempo Ordinario\" \/>\n<meta property=\"og:url\" content=\"https:\/\/jp2doc.pl\/it\/2018\/10\/06\/non-piu-due-una-sola-carne\/\" \/>\n<meta property=\"og:site_name\" content=\"Centro di Documentazione e Studio del Pontificato di Giovanni Paolo II a Roma\" \/>\n<meta property=\"article:published_time\" content=\"2018-10-06T15:56:01+00:00\" \/>\n<meta property=\"og:image\" content=\"https:\/\/jp2doc.pl\/it\/wp-content\/uploads\/sites\/3\/2018\/10\/yoann-boyer-156510-unsplash.jpg\" \/>\n\t<meta property=\"og:image:width\" content=\"1980\" \/>\n\t<meta property=\"og:image:height\" content=\"1320\" \/>\n\t<meta property=\"og:image:type\" content=\"image\/jpeg\" \/>\n<meta name=\"author\" content=\"juliasercanka\" \/>\n<meta name=\"twitter:card\" content=\"summary_large_image\" \/>\n<meta name=\"twitter:label1\" content=\"Scritto da\" \/>\n\t<meta name=\"twitter:data1\" content=\"juliasercanka\" \/>\n\t<meta name=\"twitter:label2\" content=\"Tempo di lettura stimato\" \/>\n\t<meta name=\"twitter:data2\" content=\"3 minuti\" \/>\n<script type=\"application\/ld+json\" class=\"yoast-schema-graph\">{\"@context\":\"https:\/\/schema.org\",\"@graph\":[{\"@type\":\"Article\",\"@id\":\"https:\/\/jp2doc.pl\/it\/2018\/10\/06\/non-piu-due-una-sola-carne\/#article\",\"isPartOf\":{\"@id\":\"https:\/\/jp2doc.pl\/it\/2018\/10\/06\/non-piu-due-una-sola-carne\/\"},\"author\":{\"name\":\"juliasercanka\",\"@id\":\"https:\/\/jp2doc.pl\/it\/#\/schema\/person\/6110109e80abb51f6fac4824777eabfe\"},\"headline\":\"Non pi\u00f9 due, ma una sola carne\",\"datePublished\":\"2018-10-06T15:56:01+00:00\",\"mainEntityOfPage\":{\"@id\":\"https:\/\/jp2doc.pl\/it\/2018\/10\/06\/non-piu-due-una-sola-carne\/\"},\"wordCount\":536,\"commentCount\":0,\"publisher\":{\"@id\":\"https:\/\/jp2doc.pl\/it\/#organization\"},\"image\":{\"@id\":\"https:\/\/jp2doc.pl\/it\/2018\/10\/06\/non-piu-due-una-sola-carne\/#primaryimage\"},\"thumbnailUrl\":\"https:\/\/jp2doc.pl\/it\/wp-content\/uploads\/sites\/3\/2018\/10\/yoann-boyer-156510-unsplash.jpg\",\"keywords\":[\"Adamo\",\"creazione\",\"donna\",\"Eva\",\"Lisetta_Romano\",\"Uomo\"],\"articleSection\":[\"Blog\",\"Strona g\u0142\u00f3wna - najnowsze\",\"Strona g\u0142\u00f3wna - slider\"],\"inLanguage\":\"it-IT\",\"potentialAction\":[{\"@type\":\"CommentAction\",\"name\":\"Comment\",\"target\":[\"https:\/\/jp2doc.pl\/it\/2018\/10\/06\/non-piu-due-una-sola-carne\/#respond\"]}]},{\"@type\":\"WebPage\",\"@id\":\"https:\/\/jp2doc.pl\/it\/2018\/10\/06\/non-piu-due-una-sola-carne\/\",\"url\":\"https:\/\/jp2doc.pl\/it\/2018\/10\/06\/non-piu-due-una-sola-carne\/\",\"name\":\"Non pi\u00f9 due, ma una sola carne - Centro di Documentazione e Studio del Pontificato di Giovanni Paolo II a Roma\",\"isPartOf\":{\"@id\":\"https:\/\/jp2doc.pl\/it\/#website\"},\"primaryImageOfPage\":{\"@id\":\"https:\/\/jp2doc.pl\/it\/2018\/10\/06\/non-piu-due-una-sola-carne\/#primaryimage\"},\"image\":{\"@id\":\"https:\/\/jp2doc.pl\/it\/2018\/10\/06\/non-piu-due-una-sola-carne\/#primaryimage\"},\"thumbnailUrl\":\"https:\/\/jp2doc.pl\/it\/wp-content\/uploads\/sites\/3\/2018\/10\/yoann-boyer-156510-unsplash.jpg\",\"datePublished\":\"2018-10-06T15:56:01+00:00\",\"breadcrumb\":{\"@id\":\"https:\/\/jp2doc.pl\/it\/2018\/10\/06\/non-piu-due-una-sola-carne\/#breadcrumb\"},\"inLanguage\":\"it-IT\",\"potentialAction\":[{\"@type\":\"ReadAction\",\"target\":[\"https:\/\/jp2doc.pl\/it\/2018\/10\/06\/non-piu-due-una-sola-carne\/\"]}]},{\"@type\":\"ImageObject\",\"inLanguage\":\"it-IT\",\"@id\":\"https:\/\/jp2doc.pl\/it\/2018\/10\/06\/non-piu-due-una-sola-carne\/#primaryimage\",\"url\":\"https:\/\/jp2doc.pl\/it\/wp-content\/uploads\/sites\/3\/2018\/10\/yoann-boyer-156510-unsplash.jpg\",\"contentUrl\":\"https:\/\/jp2doc.pl\/it\/wp-content\/uploads\/sites\/3\/2018\/10\/yoann-boyer-156510-unsplash.jpg\",\"width\":1980,\"height\":1320},{\"@type\":\"BreadcrumbList\",\"@id\":\"https:\/\/jp2doc.pl\/it\/2018\/10\/06\/non-piu-due-una-sola-carne\/#breadcrumb\",\"itemListElement\":[{\"@type\":\"ListItem\",\"position\":1,\"name\":\"Home\",\"item\":\"https:\/\/jp2doc.pl\/it\/\"},{\"@type\":\"ListItem\",\"position\":2,\"name\":\"Non pi\u00f9 due, ma una sola carne\"}]},{\"@type\":\"WebSite\",\"@id\":\"https:\/\/jp2doc.pl\/it\/#website\",\"url\":\"https:\/\/jp2doc.pl\/it\/\",\"name\":\"Centro di Documentazione e Studio del Pontificato di Giovanni Paolo II a Roma\",\"description\":\"\",\"publisher\":{\"@id\":\"https:\/\/jp2doc.pl\/it\/#organization\"},\"potentialAction\":[{\"@type\":\"SearchAction\",\"target\":{\"@type\":\"EntryPoint\",\"urlTemplate\":\"https:\/\/jp2doc.pl\/it\/?s={search_term_string}\"},\"query-input\":{\"@type\":\"PropertyValueSpecification\",\"valueRequired\":true,\"valueName\":\"search_term_string\"}}],\"inLanguage\":\"it-IT\"},{\"@type\":\"Organization\",\"@id\":\"https:\/\/jp2doc.pl\/it\/#organization\",\"name\":\"Centro di Documentazione e Studio del Pontificato di Giovanni Paolo II a Roma\",\"url\":\"https:\/\/jp2doc.pl\/it\/\",\"logo\":{\"@type\":\"ImageObject\",\"inLanguage\":\"it-IT\",\"@id\":\"https:\/\/jp2doc.pl\/it\/#\/schema\/logo\/image\/\",\"url\":\"https:\/\/jp2doc.pl\/it\/wp-content\/uploads\/sites\/3\/2017\/03\/cropped-logo.png\",\"contentUrl\":\"https:\/\/jp2doc.pl\/it\/wp-content\/uploads\/sites\/3\/2017\/03\/cropped-logo.png\",\"width\":115,\"height\":115,\"caption\":\"Centro di Documentazione e Studio del Pontificato di Giovanni Paolo II a Roma\"},\"image\":{\"@id\":\"https:\/\/jp2doc.pl\/it\/#\/schema\/logo\/image\/\"}},{\"@type\":\"Person\",\"@id\":\"https:\/\/jp2doc.pl\/it\/#\/schema\/person\/6110109e80abb51f6fac4824777eabfe\",\"name\":\"juliasercanka\",\"image\":{\"@type\":\"ImageObject\",\"inLanguage\":\"it-IT\",\"@id\":\"https:\/\/jp2doc.pl\/it\/#\/schema\/person\/image\/\",\"url\":\"https:\/\/secure.gravatar.com\/avatar\/266a66e864556e22d55d61b6b10c97fab9060767b738564bcd109f3997e372bc?s=96&d=mm&r=g\",\"contentUrl\":\"https:\/\/secure.gravatar.com\/avatar\/266a66e864556e22d55d61b6b10c97fab9060767b738564bcd109f3997e372bc?s=96&d=mm&r=g\",\"caption\":\"juliasercanka\"},\"url\":\"https:\/\/jp2doc.pl\/it\/author\/juliasercanka\/\"}]}<\/script>\n<!-- \/ Yoast SEO plugin. -->","yoast_head_json":{"title":"Non pi\u00f9 due, ma una sola carne - Centro di Documentazione e Studio del Pontificato di Giovanni Paolo II a Roma","robots":{"index":"index","follow":"follow","max-snippet":"max-snippet:-1","max-image-preview":"max-image-preview:large","max-video-preview":"max-video-preview:-1"},"canonical":"https:\/\/jp2doc.pl\/it\/2018\/10\/06\/non-piu-due-una-sola-carne\/","og_locale":"it_IT","og_type":"article","og_title":"Non pi\u00f9 due, ma una sola carne - Centro di Documentazione e Studio del Pontificato di Giovanni Paolo II a Roma","og_description":"XXVII Domenica del Tempo Ordinario","og_url":"https:\/\/jp2doc.pl\/it\/2018\/10\/06\/non-piu-due-una-sola-carne\/","og_site_name":"Centro di Documentazione e Studio del Pontificato di Giovanni Paolo II a Roma","article_published_time":"2018-10-06T15:56:01+00:00","og_image":[{"width":1980,"height":1320,"url":"https:\/\/jp2doc.pl\/it\/wp-content\/uploads\/sites\/3\/2018\/10\/yoann-boyer-156510-unsplash.jpg","type":"image\/jpeg"}],"author":"juliasercanka","twitter_card":"summary_large_image","twitter_misc":{"Scritto da":"juliasercanka","Tempo di lettura stimato":"3 minuti"},"schema":{"@context":"https:\/\/schema.org","@graph":[{"@type":"Article","@id":"https:\/\/jp2doc.pl\/it\/2018\/10\/06\/non-piu-due-una-sola-carne\/#article","isPartOf":{"@id":"https:\/\/jp2doc.pl\/it\/2018\/10\/06\/non-piu-due-una-sola-carne\/"},"author":{"name":"juliasercanka","@id":"https:\/\/jp2doc.pl\/it\/#\/schema\/person\/6110109e80abb51f6fac4824777eabfe"},"headline":"Non pi\u00f9 due, ma una sola carne","datePublished":"2018-10-06T15:56:01+00:00","mainEntityOfPage":{"@id":"https:\/\/jp2doc.pl\/it\/2018\/10\/06\/non-piu-due-una-sola-carne\/"},"wordCount":536,"commentCount":0,"publisher":{"@id":"https:\/\/jp2doc.pl\/it\/#organization"},"image":{"@id":"https:\/\/jp2doc.pl\/it\/2018\/10\/06\/non-piu-due-una-sola-carne\/#primaryimage"},"thumbnailUrl":"https:\/\/jp2doc.pl\/it\/wp-content\/uploads\/sites\/3\/2018\/10\/yoann-boyer-156510-unsplash.jpg","keywords":["Adamo","creazione","donna","Eva","Lisetta_Romano","Uomo"],"articleSection":["Blog","Strona g\u0142\u00f3wna - najnowsze","Strona g\u0142\u00f3wna - slider"],"inLanguage":"it-IT","potentialAction":[{"@type":"CommentAction","name":"Comment","target":["https:\/\/jp2doc.pl\/it\/2018\/10\/06\/non-piu-due-una-sola-carne\/#respond"]}]},{"@type":"WebPage","@id":"https:\/\/jp2doc.pl\/it\/2018\/10\/06\/non-piu-due-una-sola-carne\/","url":"https:\/\/jp2doc.pl\/it\/2018\/10\/06\/non-piu-due-una-sola-carne\/","name":"Non pi\u00f9 due, ma una sola carne - Centro di Documentazione e Studio del Pontificato di Giovanni Paolo II a Roma","isPartOf":{"@id":"https:\/\/jp2doc.pl\/it\/#website"},"primaryImageOfPage":{"@id":"https:\/\/jp2doc.pl\/it\/2018\/10\/06\/non-piu-due-una-sola-carne\/#primaryimage"},"image":{"@id":"https:\/\/jp2doc.pl\/it\/2018\/10\/06\/non-piu-due-una-sola-carne\/#primaryimage"},"thumbnailUrl":"https:\/\/jp2doc.pl\/it\/wp-content\/uploads\/sites\/3\/2018\/10\/yoann-boyer-156510-unsplash.jpg","datePublished":"2018-10-06T15:56:01+00:00","breadcrumb":{"@id":"https:\/\/jp2doc.pl\/it\/2018\/10\/06\/non-piu-due-una-sola-carne\/#breadcrumb"},"inLanguage":"it-IT","potentialAction":[{"@type":"ReadAction","target":["https:\/\/jp2doc.pl\/it\/2018\/10\/06\/non-piu-due-una-sola-carne\/"]}]},{"@type":"ImageObject","inLanguage":"it-IT","@id":"https:\/\/jp2doc.pl\/it\/2018\/10\/06\/non-piu-due-una-sola-carne\/#primaryimage","url":"https:\/\/jp2doc.pl\/it\/wp-content\/uploads\/sites\/3\/2018\/10\/yoann-boyer-156510-unsplash.jpg","contentUrl":"https:\/\/jp2doc.pl\/it\/wp-content\/uploads\/sites\/3\/2018\/10\/yoann-boyer-156510-unsplash.jpg","width":1980,"height":1320},{"@type":"BreadcrumbList","@id":"https:\/\/jp2doc.pl\/it\/2018\/10\/06\/non-piu-due-una-sola-carne\/#breadcrumb","itemListElement":[{"@type":"ListItem","position":1,"name":"Home","item":"https:\/\/jp2doc.pl\/it\/"},{"@type":"ListItem","position":2,"name":"Non pi\u00f9 due, ma una sola carne"}]},{"@type":"WebSite","@id":"https:\/\/jp2doc.pl\/it\/#website","url":"https:\/\/jp2doc.pl\/it\/","name":"Centro di Documentazione e Studio del Pontificato di Giovanni Paolo II a Roma","description":"","publisher":{"@id":"https:\/\/jp2doc.pl\/it\/#organization"},"potentialAction":[{"@type":"SearchAction","target":{"@type":"EntryPoint","urlTemplate":"https:\/\/jp2doc.pl\/it\/?s={search_term_string}"},"query-input":{"@type":"PropertyValueSpecification","valueRequired":true,"valueName":"search_term_string"}}],"inLanguage":"it-IT"},{"@type":"Organization","@id":"https:\/\/jp2doc.pl\/it\/#organization","name":"Centro di Documentazione e Studio del Pontificato di Giovanni Paolo II a Roma","url":"https:\/\/jp2doc.pl\/it\/","logo":{"@type":"ImageObject","inLanguage":"it-IT","@id":"https:\/\/jp2doc.pl\/it\/#\/schema\/logo\/image\/","url":"https:\/\/jp2doc.pl\/it\/wp-content\/uploads\/sites\/3\/2017\/03\/cropped-logo.png","contentUrl":"https:\/\/jp2doc.pl\/it\/wp-content\/uploads\/sites\/3\/2017\/03\/cropped-logo.png","width":115,"height":115,"caption":"Centro di Documentazione e Studio del Pontificato di Giovanni Paolo II a Roma"},"image":{"@id":"https:\/\/jp2doc.pl\/it\/#\/schema\/logo\/image\/"}},{"@type":"Person","@id":"https:\/\/jp2doc.pl\/it\/#\/schema\/person\/6110109e80abb51f6fac4824777eabfe","name":"juliasercanka","image":{"@type":"ImageObject","inLanguage":"it-IT","@id":"https:\/\/jp2doc.pl\/it\/#\/schema\/person\/image\/","url":"https:\/\/secure.gravatar.com\/avatar\/266a66e864556e22d55d61b6b10c97fab9060767b738564bcd109f3997e372bc?s=96&d=mm&r=g","contentUrl":"https:\/\/secure.gravatar.com\/avatar\/266a66e864556e22d55d61b6b10c97fab9060767b738564bcd109f3997e372bc?s=96&d=mm&r=g","caption":"juliasercanka"},"url":"https:\/\/jp2doc.pl\/it\/author\/juliasercanka\/"}]}},"_links":{"self":[{"href":"https:\/\/jp2doc.pl\/it\/wp-json\/wp\/v2\/posts\/2139","targetHints":{"allow":["GET"]}}],"collection":[{"href":"https:\/\/jp2doc.pl\/it\/wp-json\/wp\/v2\/posts"}],"about":[{"href":"https:\/\/jp2doc.pl\/it\/wp-json\/wp\/v2\/types\/post"}],"author":[{"embeddable":true,"href":"https:\/\/jp2doc.pl\/it\/wp-json\/wp\/v2\/users\/5"}],"replies":[{"embeddable":true,"href":"https:\/\/jp2doc.pl\/it\/wp-json\/wp\/v2\/comments?post=2139"}],"version-history":[{"count":1,"href":"https:\/\/jp2doc.pl\/it\/wp-json\/wp\/v2\/posts\/2139\/revisions"}],"predecessor-version":[{"id":2141,"href":"https:\/\/jp2doc.pl\/it\/wp-json\/wp\/v2\/posts\/2139\/revisions\/2141"}],"wp:featuredmedia":[{"embeddable":true,"href":"https:\/\/jp2doc.pl\/it\/wp-json\/wp\/v2\/media\/2140"}],"wp:attachment":[{"href":"https:\/\/jp2doc.pl\/it\/wp-json\/wp\/v2\/media?parent=2139"}],"wp:term":[{"taxonomy":"category","embeddable":true,"href":"https:\/\/jp2doc.pl\/it\/wp-json\/wp\/v2\/categories?post=2139"},{"taxonomy":"post_tag","embeddable":true,"href":"https:\/\/jp2doc.pl\/it\/wp-json\/wp\/v2\/tags?post=2139"}],"curies":[{"name":"wp","href":"https:\/\/api.w.org\/{rel}","templated":true}]}}