{"id":2214,"date":"2019-01-21T09:52:05","date_gmt":"2019-01-21T08:52:05","guid":{"rendered":"https:\/\/jp2doc.pl\/it\/?p=2214"},"modified":"2019-01-21T09:52:05","modified_gmt":"2019-01-21T08:52:05","slug":"legati-intimamente-dallo-spirito-santo","status":"publish","type":"post","link":"https:\/\/jp2doc.pl\/it\/2019\/01\/21\/legati-intimamente-dallo-spirito-santo\/","title":{"rendered":"Legati intimamente dallo Spirito Santo"},"content":{"rendered":"<p>Siamo nella settimana di preghiera per l\u2019unit\u00e0 dei cristiani che si concluder\u00e0, come ogni anno, il 25 gennaio, giorno che ricorda la conversione di s. Paolo, detto l\u2019Apostolo delle genti, perch\u00e9 la sua predicazione era diretta soprattutto ai pagani. Ed \u00e8 s. Paolo che ci parla dell\u2019unit\u00e0 della Chiesa e dei cristiani, legati intimamente tra loro dallo Spirito Santo.<\/p>\n<p>Viviamo in un tempo in cui si parla molto della Chiesa, mettendo l\u2019accento, pi\u00f9 sulle sue debolezze umane che sulla sua santit\u00e0. Questo perch\u00e9 dai pi\u00f9 la Chiesa \u00e8 considerata come un\u2019organizzazione umana, come una corporazione che unisce diversi soggetti ed istituzioni, pi\u00f9 che come un\u2019istituzione voluta dal Signore Ges\u00f9, animata dallo Spirito Santo nella quale \u201cDio opera tutto in tutti\u201d. San Paolo parla della Chiesa come di un organismo vivo nel quale ogni credente \u00e8 un membro legato all\u2019altro come sono legate fra loro le membra del corpo umano. La Chiesa non \u00e8 una societ\u00e0 a responsabilit\u00e0 limitata, ma il Corpo di Cristo, dove ogni membro \u00e8 responsabile della salute e del benessere di tutte le altre membra. Ges\u00f9 infatti si \u00e8 fatto uomo per unirci tutti a s\u00e9 per mezzo del Battesimo che ci incorpora a Cristo e alla Chiesa.<\/p>\n<p>Come vi \u00e8 diversit\u00e0 fra le membra del corpo umano, cos\u00ec vi \u00e8 differenza fra uomo e uomo, ciascuno\u00a0 con la sua propria identit\u00e0, ognuno un diverso compito da svolgere all\u2019interno della societ\u00e0. Ma nessuno lavora e vive per se stesso e basta, cos\u00ec vediamo che la mamma \u00e8 chiamata a vivere per i figli, il padre a sostenerli, i nonni a viziarli e a trasmettere le tradizioni e a conservare la memoria della famiglia. Cos\u00ec all\u2019interno della Chiesa vi sono diversi carismi, diversi ministeri, diverse attivit\u00e0, ma tutto \u00e8 unito, santificato e vivificato dallo Spirito Santo. Lo Spirito unisce sono gli uomini che dividono perch\u00e9 non hanno riconosciuto lo Spirito e non sono stati obbedienti alla sua voce. Eppure la Chiesa \u00e8 divisa nel suo interno, vi \u00e8 la Chiesa ortodossa, le Chiese protestanti e noi cattolici.<\/p>\n<p>All\u2019inizio del XX secolo i missionari che lavoravano nei paesi lontani, dissero che era molto difficile essere credibili quando si annunciava un solo Cristo e poi mostrarsi divisi da altri cristiani. Nasce cos\u00ec il movimento ecumenico che si propone di riunire tutti i credenti in Cristo, superando con il dialogo e la carit\u00e0 ogni divisione o pregiudizio reciproco.<\/p>\n<p>E\u2019 necessario innanzitutto risalire alle cause che hanno portato a dividere cristiano da cristiano, comprenderle e superarle alla luce della fede e del Vangelo.<\/p>\n<p>Questo \u00e8 per lo pi\u00f9 compito di leader religiosi, ma il compito di ogni cristiano \u00e8 di incontrarsi per conoscersi meglio e per pregare insieme affinch\u00e9 vi sia un solo ovile sotto un solo pastore che \u00e8 Cristo Signore.<\/p>\n<p>Ricordiamo infatti che proprio Ges\u00f9, durante l&#8217;Ultima Cena, preg\u00f2 affinch\u00e9 i suoi discepoli fossero uniti fino a formare una cosa sola perch\u00e9 il mondo credesse alla loro testimonianza.<\/p>\n<p>Il cammino ecumenico non \u00e8 dunque una cosa opzionale, ma il compito lasciatoci da Ges\u00f9. Nella seconda met\u00e0 del secolo scorso c&#8217;erano grandi aspettative riguardanti la possibile unione fra la Chiesa cattolica e le altre Chiese, ma questo non si \u00e8 ancora verificato ed appare ancor oggi difficile a causa del forte relativismo religioso che non d\u00e0 importanza a ci\u00f2 che si crede n\u00e9 a quale Chiesa si appartenga.<\/p>\n<p>L\u2019altro ostacolo \u00e8 costituito dal fatto che ogni Chiesa pensa di essere l\u2019unica chiesa di Cristo e cos\u00ec gli ortodossi non riconoscono il primato di Pietro e i protestanti negano alcuni sacramenti. Al di l\u00e0 di queste differenze che, anche se importanti, potrebbero essere superate con il dialogo e la buona volont\u00e0, c\u2019\u00e8 da dire che ogni credente pu\u00f2 imparare da un appartenente ad altra chiesa. Cos\u00ec i cattolici possono imparare dai protestanti la dedizione alla Scrittura e dagli ortodossi la bellezza della liturgia vissuta come opera dello Spirito Santo.<\/p>\n<p>San Paolo ci richiama con forza all\u2019unit\u00e0 ricordando che come all\u2019interno della Trinit\u00e0 non c\u2019\u00e8 divisione, cos\u00ec non ci pu\u00f2 essere divisione all\u2019interno della Chiesa che Dio stesso ha istituito, voluto e santificato.<\/p>\n<p><strong>Don Andrzej Dobrzy<\/strong><strong>\u0144ski<\/strong><\/p>\n","protected":false},"excerpt":{"rendered":"<p>Settimana di Preghiera per l\u2019Unit\u00e0<\/p>\n","protected":false},"author":5,"featured_media":2215,"comment_status":"open","ping_status":"open","sticky":false,"template":"","format":"standard","meta":{"_acf_changed":false,"_exactmetrics_skip_tracking":false,"_exactmetrics_sitenote_active":false,"_exactmetrics_sitenote_note":"","_exactmetrics_sitenote_category":0,"footnotes":""},"categories":[2,13,14],"tags":[31,133,240,235,239,40],"class_list":["post-2214","post","type-post","status-publish","format-standard","has-post-thumbnail","hentry","category-articoli","category-strona-glowna-najnowsze","category-strona-glowna-slider","tag-chiesa","tag-dobrzynski","tag-paolo","tag-spirito-santo","tag-unita","tag-vangelo"],"acf":[],"yoast_head":"<!-- This site is optimized with the Yoast SEO plugin v26.2 - https:\/\/yoast.com\/wordpress\/plugins\/seo\/ -->\n<title>Legati intimamente dallo Spirito Santo - Centro di Documentazione e Studio del Pontificato di Giovanni Paolo II a Roma<\/title>\n<meta name=\"robots\" content=\"index, follow, max-snippet:-1, max-image-preview:large, max-video-preview:-1\" \/>\n<link rel=\"canonical\" href=\"https:\/\/jp2doc.pl\/it\/2019\/01\/21\/legati-intimamente-dallo-spirito-santo\/\" \/>\n<meta property=\"og:locale\" content=\"it_IT\" \/>\n<meta property=\"og:type\" content=\"article\" \/>\n<meta property=\"og:title\" content=\"Legati intimamente dallo Spirito Santo - Centro di Documentazione e Studio del Pontificato di Giovanni Paolo II a Roma\" \/>\n<meta property=\"og:description\" content=\"Settimana di Preghiera per l\u2019Unit\u00e0\" \/>\n<meta property=\"og:url\" content=\"https:\/\/jp2doc.pl\/it\/2019\/01\/21\/legati-intimamente-dallo-spirito-santo\/\" \/>\n<meta property=\"og:site_name\" content=\"Centro di Documentazione e Studio del Pontificato di Giovanni Paolo II a Roma\" \/>\n<meta property=\"article:published_time\" content=\"2019-01-21T08:52:05+00:00\" \/>\n<meta property=\"og:image\" content=\"https:\/\/jp2doc.pl\/it\/wp-content\/uploads\/sites\/3\/2019\/01\/foto_264_1-Copia1.jpg\" \/>\n\t<meta property=\"og:image:width\" content=\"653\" \/>\n\t<meta property=\"og:image:height\" content=\"358\" \/>\n\t<meta property=\"og:image:type\" content=\"image\/jpeg\" \/>\n<meta name=\"author\" content=\"juliasercanka\" \/>\n<meta name=\"twitter:card\" content=\"summary_large_image\" \/>\n<meta name=\"twitter:label1\" content=\"Scritto da\" \/>\n\t<meta name=\"twitter:data1\" content=\"juliasercanka\" \/>\n\t<meta name=\"twitter:label2\" content=\"Tempo di lettura stimato\" \/>\n\t<meta name=\"twitter:data2\" content=\"3 minuti\" \/>\n<script type=\"application\/ld+json\" class=\"yoast-schema-graph\">{\"@context\":\"https:\/\/schema.org\",\"@graph\":[{\"@type\":\"Article\",\"@id\":\"https:\/\/jp2doc.pl\/it\/2019\/01\/21\/legati-intimamente-dallo-spirito-santo\/#article\",\"isPartOf\":{\"@id\":\"https:\/\/jp2doc.pl\/it\/2019\/01\/21\/legati-intimamente-dallo-spirito-santo\/\"},\"author\":{\"name\":\"juliasercanka\",\"@id\":\"https:\/\/jp2doc.pl\/it\/#\/schema\/person\/6110109e80abb51f6fac4824777eabfe\"},\"headline\":\"Legati intimamente dallo Spirito Santo\",\"datePublished\":\"2019-01-21T08:52:05+00:00\",\"mainEntityOfPage\":{\"@id\":\"https:\/\/jp2doc.pl\/it\/2019\/01\/21\/legati-intimamente-dallo-spirito-santo\/\"},\"wordCount\":687,\"commentCount\":0,\"publisher\":{\"@id\":\"https:\/\/jp2doc.pl\/it\/#organization\"},\"image\":{\"@id\":\"https:\/\/jp2doc.pl\/it\/2019\/01\/21\/legati-intimamente-dallo-spirito-santo\/#primaryimage\"},\"thumbnailUrl\":\"https:\/\/jp2doc.pl\/it\/wp-content\/uploads\/sites\/3\/2019\/01\/foto_264_1-Copia1.jpg\",\"keywords\":[\"chiesa\",\"dobrzynski\",\"Paolo\",\"Spirito Santo\",\"unit\u00e0\",\"vangelo\"],\"articleSection\":[\"Articoli\",\"Strona g\u0142\u00f3wna - najnowsze\",\"Strona g\u0142\u00f3wna - slider\"],\"inLanguage\":\"it-IT\",\"potentialAction\":[{\"@type\":\"CommentAction\",\"name\":\"Comment\",\"target\":[\"https:\/\/jp2doc.pl\/it\/2019\/01\/21\/legati-intimamente-dallo-spirito-santo\/#respond\"]}]},{\"@type\":\"WebPage\",\"@id\":\"https:\/\/jp2doc.pl\/it\/2019\/01\/21\/legati-intimamente-dallo-spirito-santo\/\",\"url\":\"https:\/\/jp2doc.pl\/it\/2019\/01\/21\/legati-intimamente-dallo-spirito-santo\/\",\"name\":\"Legati intimamente dallo Spirito Santo - Centro di Documentazione e Studio del Pontificato di Giovanni Paolo II a Roma\",\"isPartOf\":{\"@id\":\"https:\/\/jp2doc.pl\/it\/#website\"},\"primaryImageOfPage\":{\"@id\":\"https:\/\/jp2doc.pl\/it\/2019\/01\/21\/legati-intimamente-dallo-spirito-santo\/#primaryimage\"},\"image\":{\"@id\":\"https:\/\/jp2doc.pl\/it\/2019\/01\/21\/legati-intimamente-dallo-spirito-santo\/#primaryimage\"},\"thumbnailUrl\":\"https:\/\/jp2doc.pl\/it\/wp-content\/uploads\/sites\/3\/2019\/01\/foto_264_1-Copia1.jpg\",\"datePublished\":\"2019-01-21T08:52:05+00:00\",\"breadcrumb\":{\"@id\":\"https:\/\/jp2doc.pl\/it\/2019\/01\/21\/legati-intimamente-dallo-spirito-santo\/#breadcrumb\"},\"inLanguage\":\"it-IT\",\"potentialAction\":[{\"@type\":\"ReadAction\",\"target\":[\"https:\/\/jp2doc.pl\/it\/2019\/01\/21\/legati-intimamente-dallo-spirito-santo\/\"]}]},{\"@type\":\"ImageObject\",\"inLanguage\":\"it-IT\",\"@id\":\"https:\/\/jp2doc.pl\/it\/2019\/01\/21\/legati-intimamente-dallo-spirito-santo\/#primaryimage\",\"url\":\"https:\/\/jp2doc.pl\/it\/wp-content\/uploads\/sites\/3\/2019\/01\/foto_264_1-Copia1.jpg\",\"contentUrl\":\"https:\/\/jp2doc.pl\/it\/wp-content\/uploads\/sites\/3\/2019\/01\/foto_264_1-Copia1.jpg\",\"width\":653,\"height\":358},{\"@type\":\"BreadcrumbList\",\"@id\":\"https:\/\/jp2doc.pl\/it\/2019\/01\/21\/legati-intimamente-dallo-spirito-santo\/#breadcrumb\",\"itemListElement\":[{\"@type\":\"ListItem\",\"position\":1,\"name\":\"Home\",\"item\":\"https:\/\/jp2doc.pl\/it\/\"},{\"@type\":\"ListItem\",\"position\":2,\"name\":\"Legati intimamente dallo Spirito Santo\"}]},{\"@type\":\"WebSite\",\"@id\":\"https:\/\/jp2doc.pl\/it\/#website\",\"url\":\"https:\/\/jp2doc.pl\/it\/\",\"name\":\"Centro di Documentazione e Studio del Pontificato di Giovanni Paolo II a Roma\",\"description\":\"\",\"publisher\":{\"@id\":\"https:\/\/jp2doc.pl\/it\/#organization\"},\"potentialAction\":[{\"@type\":\"SearchAction\",\"target\":{\"@type\":\"EntryPoint\",\"urlTemplate\":\"https:\/\/jp2doc.pl\/it\/?s={search_term_string}\"},\"query-input\":{\"@type\":\"PropertyValueSpecification\",\"valueRequired\":true,\"valueName\":\"search_term_string\"}}],\"inLanguage\":\"it-IT\"},{\"@type\":\"Organization\",\"@id\":\"https:\/\/jp2doc.pl\/it\/#organization\",\"name\":\"Centro di Documentazione e Studio del Pontificato di Giovanni Paolo II a Roma\",\"url\":\"https:\/\/jp2doc.pl\/it\/\",\"logo\":{\"@type\":\"ImageObject\",\"inLanguage\":\"it-IT\",\"@id\":\"https:\/\/jp2doc.pl\/it\/#\/schema\/logo\/image\/\",\"url\":\"https:\/\/jp2doc.pl\/it\/wp-content\/uploads\/sites\/3\/2017\/03\/cropped-logo.png\",\"contentUrl\":\"https:\/\/jp2doc.pl\/it\/wp-content\/uploads\/sites\/3\/2017\/03\/cropped-logo.png\",\"width\":115,\"height\":115,\"caption\":\"Centro di Documentazione e Studio del Pontificato di Giovanni Paolo II a Roma\"},\"image\":{\"@id\":\"https:\/\/jp2doc.pl\/it\/#\/schema\/logo\/image\/\"}},{\"@type\":\"Person\",\"@id\":\"https:\/\/jp2doc.pl\/it\/#\/schema\/person\/6110109e80abb51f6fac4824777eabfe\",\"name\":\"juliasercanka\",\"image\":{\"@type\":\"ImageObject\",\"inLanguage\":\"it-IT\",\"@id\":\"https:\/\/jp2doc.pl\/it\/#\/schema\/person\/image\/\",\"url\":\"https:\/\/secure.gravatar.com\/avatar\/266a66e864556e22d55d61b6b10c97fab9060767b738564bcd109f3997e372bc?s=96&d=mm&r=g\",\"contentUrl\":\"https:\/\/secure.gravatar.com\/avatar\/266a66e864556e22d55d61b6b10c97fab9060767b738564bcd109f3997e372bc?s=96&d=mm&r=g\",\"caption\":\"juliasercanka\"},\"url\":\"https:\/\/jp2doc.pl\/it\/author\/juliasercanka\/\"}]}<\/script>\n<!-- \/ Yoast SEO plugin. -->","yoast_head_json":{"title":"Legati intimamente dallo Spirito Santo - Centro di Documentazione e Studio del Pontificato di Giovanni Paolo II a Roma","robots":{"index":"index","follow":"follow","max-snippet":"max-snippet:-1","max-image-preview":"max-image-preview:large","max-video-preview":"max-video-preview:-1"},"canonical":"https:\/\/jp2doc.pl\/it\/2019\/01\/21\/legati-intimamente-dallo-spirito-santo\/","og_locale":"it_IT","og_type":"article","og_title":"Legati intimamente dallo Spirito Santo - Centro di Documentazione e Studio del Pontificato di Giovanni Paolo II a Roma","og_description":"Settimana di Preghiera per l\u2019Unit\u00e0","og_url":"https:\/\/jp2doc.pl\/it\/2019\/01\/21\/legati-intimamente-dallo-spirito-santo\/","og_site_name":"Centro di Documentazione e Studio del Pontificato di Giovanni Paolo II a Roma","article_published_time":"2019-01-21T08:52:05+00:00","og_image":[{"width":653,"height":358,"url":"https:\/\/jp2doc.pl\/it\/wp-content\/uploads\/sites\/3\/2019\/01\/foto_264_1-Copia1.jpg","type":"image\/jpeg"}],"author":"juliasercanka","twitter_card":"summary_large_image","twitter_misc":{"Scritto da":"juliasercanka","Tempo di lettura stimato":"3 minuti"},"schema":{"@context":"https:\/\/schema.org","@graph":[{"@type":"Article","@id":"https:\/\/jp2doc.pl\/it\/2019\/01\/21\/legati-intimamente-dallo-spirito-santo\/#article","isPartOf":{"@id":"https:\/\/jp2doc.pl\/it\/2019\/01\/21\/legati-intimamente-dallo-spirito-santo\/"},"author":{"name":"juliasercanka","@id":"https:\/\/jp2doc.pl\/it\/#\/schema\/person\/6110109e80abb51f6fac4824777eabfe"},"headline":"Legati intimamente dallo Spirito Santo","datePublished":"2019-01-21T08:52:05+00:00","mainEntityOfPage":{"@id":"https:\/\/jp2doc.pl\/it\/2019\/01\/21\/legati-intimamente-dallo-spirito-santo\/"},"wordCount":687,"commentCount":0,"publisher":{"@id":"https:\/\/jp2doc.pl\/it\/#organization"},"image":{"@id":"https:\/\/jp2doc.pl\/it\/2019\/01\/21\/legati-intimamente-dallo-spirito-santo\/#primaryimage"},"thumbnailUrl":"https:\/\/jp2doc.pl\/it\/wp-content\/uploads\/sites\/3\/2019\/01\/foto_264_1-Copia1.jpg","keywords":["chiesa","dobrzynski","Paolo","Spirito Santo","unit\u00e0","vangelo"],"articleSection":["Articoli","Strona g\u0142\u00f3wna - najnowsze","Strona g\u0142\u00f3wna - slider"],"inLanguage":"it-IT","potentialAction":[{"@type":"CommentAction","name":"Comment","target":["https:\/\/jp2doc.pl\/it\/2019\/01\/21\/legati-intimamente-dallo-spirito-santo\/#respond"]}]},{"@type":"WebPage","@id":"https:\/\/jp2doc.pl\/it\/2019\/01\/21\/legati-intimamente-dallo-spirito-santo\/","url":"https:\/\/jp2doc.pl\/it\/2019\/01\/21\/legati-intimamente-dallo-spirito-santo\/","name":"Legati intimamente dallo Spirito Santo - Centro di Documentazione e Studio del Pontificato di Giovanni Paolo II a Roma","isPartOf":{"@id":"https:\/\/jp2doc.pl\/it\/#website"},"primaryImageOfPage":{"@id":"https:\/\/jp2doc.pl\/it\/2019\/01\/21\/legati-intimamente-dallo-spirito-santo\/#primaryimage"},"image":{"@id":"https:\/\/jp2doc.pl\/it\/2019\/01\/21\/legati-intimamente-dallo-spirito-santo\/#primaryimage"},"thumbnailUrl":"https:\/\/jp2doc.pl\/it\/wp-content\/uploads\/sites\/3\/2019\/01\/foto_264_1-Copia1.jpg","datePublished":"2019-01-21T08:52:05+00:00","breadcrumb":{"@id":"https:\/\/jp2doc.pl\/it\/2019\/01\/21\/legati-intimamente-dallo-spirito-santo\/#breadcrumb"},"inLanguage":"it-IT","potentialAction":[{"@type":"ReadAction","target":["https:\/\/jp2doc.pl\/it\/2019\/01\/21\/legati-intimamente-dallo-spirito-santo\/"]}]},{"@type":"ImageObject","inLanguage":"it-IT","@id":"https:\/\/jp2doc.pl\/it\/2019\/01\/21\/legati-intimamente-dallo-spirito-santo\/#primaryimage","url":"https:\/\/jp2doc.pl\/it\/wp-content\/uploads\/sites\/3\/2019\/01\/foto_264_1-Copia1.jpg","contentUrl":"https:\/\/jp2doc.pl\/it\/wp-content\/uploads\/sites\/3\/2019\/01\/foto_264_1-Copia1.jpg","width":653,"height":358},{"@type":"BreadcrumbList","@id":"https:\/\/jp2doc.pl\/it\/2019\/01\/21\/legati-intimamente-dallo-spirito-santo\/#breadcrumb","itemListElement":[{"@type":"ListItem","position":1,"name":"Home","item":"https:\/\/jp2doc.pl\/it\/"},{"@type":"ListItem","position":2,"name":"Legati intimamente dallo Spirito Santo"}]},{"@type":"WebSite","@id":"https:\/\/jp2doc.pl\/it\/#website","url":"https:\/\/jp2doc.pl\/it\/","name":"Centro di Documentazione e Studio del Pontificato di Giovanni Paolo II a Roma","description":"","publisher":{"@id":"https:\/\/jp2doc.pl\/it\/#organization"},"potentialAction":[{"@type":"SearchAction","target":{"@type":"EntryPoint","urlTemplate":"https:\/\/jp2doc.pl\/it\/?s={search_term_string}"},"query-input":{"@type":"PropertyValueSpecification","valueRequired":true,"valueName":"search_term_string"}}],"inLanguage":"it-IT"},{"@type":"Organization","@id":"https:\/\/jp2doc.pl\/it\/#organization","name":"Centro di Documentazione e Studio del Pontificato di Giovanni Paolo II a Roma","url":"https:\/\/jp2doc.pl\/it\/","logo":{"@type":"ImageObject","inLanguage":"it-IT","@id":"https:\/\/jp2doc.pl\/it\/#\/schema\/logo\/image\/","url":"https:\/\/jp2doc.pl\/it\/wp-content\/uploads\/sites\/3\/2017\/03\/cropped-logo.png","contentUrl":"https:\/\/jp2doc.pl\/it\/wp-content\/uploads\/sites\/3\/2017\/03\/cropped-logo.png","width":115,"height":115,"caption":"Centro di Documentazione e Studio del Pontificato di Giovanni Paolo II a Roma"},"image":{"@id":"https:\/\/jp2doc.pl\/it\/#\/schema\/logo\/image\/"}},{"@type":"Person","@id":"https:\/\/jp2doc.pl\/it\/#\/schema\/person\/6110109e80abb51f6fac4824777eabfe","name":"juliasercanka","image":{"@type":"ImageObject","inLanguage":"it-IT","@id":"https:\/\/jp2doc.pl\/it\/#\/schema\/person\/image\/","url":"https:\/\/secure.gravatar.com\/avatar\/266a66e864556e22d55d61b6b10c97fab9060767b738564bcd109f3997e372bc?s=96&d=mm&r=g","contentUrl":"https:\/\/secure.gravatar.com\/avatar\/266a66e864556e22d55d61b6b10c97fab9060767b738564bcd109f3997e372bc?s=96&d=mm&r=g","caption":"juliasercanka"},"url":"https:\/\/jp2doc.pl\/it\/author\/juliasercanka\/"}]}},"_links":{"self":[{"href":"https:\/\/jp2doc.pl\/it\/wp-json\/wp\/v2\/posts\/2214","targetHints":{"allow":["GET"]}}],"collection":[{"href":"https:\/\/jp2doc.pl\/it\/wp-json\/wp\/v2\/posts"}],"about":[{"href":"https:\/\/jp2doc.pl\/it\/wp-json\/wp\/v2\/types\/post"}],"author":[{"embeddable":true,"href":"https:\/\/jp2doc.pl\/it\/wp-json\/wp\/v2\/users\/5"}],"replies":[{"embeddable":true,"href":"https:\/\/jp2doc.pl\/it\/wp-json\/wp\/v2\/comments?post=2214"}],"version-history":[{"count":2,"href":"https:\/\/jp2doc.pl\/it\/wp-json\/wp\/v2\/posts\/2214\/revisions"}],"predecessor-version":[{"id":2217,"href":"https:\/\/jp2doc.pl\/it\/wp-json\/wp\/v2\/posts\/2214\/revisions\/2217"}],"wp:featuredmedia":[{"embeddable":true,"href":"https:\/\/jp2doc.pl\/it\/wp-json\/wp\/v2\/media\/2215"}],"wp:attachment":[{"href":"https:\/\/jp2doc.pl\/it\/wp-json\/wp\/v2\/media?parent=2214"}],"wp:term":[{"taxonomy":"category","embeddable":true,"href":"https:\/\/jp2doc.pl\/it\/wp-json\/wp\/v2\/categories?post=2214"},{"taxonomy":"post_tag","embeddable":true,"href":"https:\/\/jp2doc.pl\/it\/wp-json\/wp\/v2\/tags?post=2214"}],"curies":[{"name":"wp","href":"https:\/\/api.w.org\/{rel}","templated":true}]}}