{"id":2278,"date":"2019-04-20T15:24:44","date_gmt":"2019-04-20T13:24:44","guid":{"rendered":"https:\/\/jp2doc.pl\/it\/?p=2278"},"modified":"2019-04-20T15:24:44","modified_gmt":"2019-04-20T13:24:44","slug":"dio-avvolto-di-luce-come-di-un-manto","status":"publish","type":"post","link":"https:\/\/jp2doc.pl\/it\/2019\/04\/20\/dio-avvolto-di-luce-come-di-un-manto\/","title":{"rendered":"Dio, avvolto di luce come di un manto"},"content":{"rendered":"<p><em>Letture della Veglia e del giorno di Pasqua<\/em><\/p>\n<p>Nel buio della Chiesa risplende improvvisa la luce del Cero pasquale, simbolo della luce che \u00e8 Cristo stesso, simbolo della vita che risplende nelle tenebre della morte, simbolo della Resurrezione che vince e distrugge la morte. Inizia cos\u00ec la Veglia pasquale, Madre di tutte le veglie, nella quale la Liturgia ci riporta alla Creazione, grande opera di Dio che da quel momento veglia sull\u2019umanit\u00e0 preparando per essa un\u2019opera ancor pi\u00f9 grande e meravigliosa: la Redenzione.<\/p>\n<p>Mistero, mistero grande, assoluto e che sia un mistero non penetrabile dalla mente umana lo dimostra proprio il Vangelo di questa Santa Veglia pieno com\u2019\u00e8 di luci e di ombre. La luce dell\u2019alba infatti lotta ancora con la notte quando le donne corrono a preparare un cadavere e si trovano dinanzi due uomini in bianche vesti che annunciano loro: \u201cPerch\u00e9 cercate tra i morti colui che \u00e8 vivo? Non \u00e8 qui \u00e8 risorto\u201d Nel luogo della morte \u00e8 esplosa la vita, il sepolcro, nella sua vuotezza, mostra alle donne un prodigio inconcepibile: il cadavere, non pi\u00f9 tale, ora vive. Esse ricordano che Cristo lo aveva rivelato e \u2013 con l\u2019intuito che solo l\u2019amore concede\u00a0 &#8211; credono e corrono a darne annuncio agli Apostoli. Ad esse non prestano fede e le loro parole sono ritenute un vaneggiamento. Pietro per\u00f2 corre al sepolcro, vedendolo vuoto, rimane perplesso ma ancora non crede. E\u2019 l\u2019inizio di una storia che si ripete ancora oggi, \u00e8 lo scontro perenne tra fede e ragione, tra chi crede e chi no. Sapendo che Ges\u00f9 \u00e8 vivo le donne terminano la loro veglia di dolore e attendono sperando di rivederlo. Gli apostoli invece si chiudono, hanno ancora paura, ci\u00f2 che \u00e8 avvenuto non ha una spiegazione ed \u00e8 troppo difficile da credere, attendono senza sapere cosa. Non osano nemmeno sperare perch\u00e9 senza fede non si pu\u00f2 sperare.<\/p>\n<p>Solo l\u2019apostolo Giovanni \u00a0ha fede, gli \u00e8 bastato infatti vedere il sepolcro vuoto per credere nella resurrezione, in lui parla l\u2019amore che il Maestro gli ha ispirato, il suo cuore precede la ragione e lo spinge a fidarsi di una parola, di uno sguardo, di un ricordo. L\u2019annuncio della Risurrezione \u00e8 come una luce che chiede di penetrare nel cuore per crescere e propagarsi, deve trovare un\u2019anima spalancata per illuminare la delusione, l&#8217;angoscia, la sofferenza e la morte con i colori della fede e della speranza.<\/p>\n<p>La Pasqua = \u201candare oltre\u201d, segna anche il passaggio dall\u2019incredulit\u00e0 alla fede, dalla delusione alla gioia. In una liturgia ricchissima, ripercorriamo le grandi tappe della Storia Sacra: dalla Creazione all\u2019Esodo, dai Profeti al Sepolcro, dalla Risurrezione alla prima predicazione di Pietro. Prima per\u00f2 c\u2019\u00e8 l\u2019accensione del Cero pasquale che nel fondo buio della Chiesa brilla, ma il suo chiarore diviene luce che illumina tutta la navata solo quando ognuno accende la propria piccola candela alla sua fiamma; solo quando ciascuno ha donato ad un altro la propria, piccola luce. Pasqua, notte della fratellanza, notte che si illumina solo se ci facciamo portatori della Luce di Cristo, se ci abbandoniamo fiduciosi all\u2019azione di Dio che mai ci abbandona e che \u00e8 pronto a penetrare nella morte per guidarci verso la vita. Pasqua, notte di luce, di fede, di speranza, notte in cui preghiamo cantando: Ges\u00f9, figlio del Dio vivente, ascolta la nostra supplica e sentiamo di essere stati esauditi. Un nuovo giorno sta gi\u00e0 sorgendo: &#8221; E&#8217; il giorno del Signore&#8221;.<\/p>\n<p>A Lui, Luce da Luce, chiediamo di illuminare la nostra vita, di penetrare nel buio del peccato e della morte, di venirci incontro come ai discepoli di Emmaus, di riscaldare il nostro cuore con la sua parola, di \u201crestare con noi\u201d quando le tenebre del tramonto si addensano e l\u2019anima spaurita cerca rifugio, a Lui chiediamo la fede per \u00a0riconoscerlo vivo e presente quando si dona a noi nel Pane eucaristico (v. Vangelo della messa vespertina).<\/p>\n<p><strong>L.R.<\/strong><\/p>\n<p>&nbsp;<\/p>\n","protected":false},"excerpt":{"rendered":"<p>Domenica di Pasqua<\/p>\n","protected":false},"author":5,"featured_media":2279,"comment_status":"open","ping_status":"open","sticky":false,"template":"","format":"standard","meta":{"_acf_changed":false,"_exactmetrics_skip_tracking":false,"_exactmetrics_sitenote_active":false,"_exactmetrics_sitenote_note":"","_exactmetrics_sitenote_category":0,"footnotes":""},"categories":[4,13,14],"tags":[31,30,82,195,258,158,161],"class_list":["post-2278","post","type-post","status-publish","format-standard","has-post-thumbnail","hentry","category-blog","category-strona-glowna-najnowsze","category-strona-glowna-slider","tag-chiesa","tag-cristo","tag-lisetta_romano","tag-pane","tag-parole","tag-pasqua","tag-veglia"],"acf":[],"yoast_head":"<!-- This site is optimized with the Yoast SEO plugin v26.2 - https:\/\/yoast.com\/wordpress\/plugins\/seo\/ -->\n<title>Dio, avvolto di luce come di un manto - Centro di Documentazione e Studio del Pontificato di Giovanni Paolo II a Roma<\/title>\n<meta name=\"robots\" content=\"index, follow, max-snippet:-1, max-image-preview:large, max-video-preview:-1\" \/>\n<link rel=\"canonical\" href=\"https:\/\/jp2doc.pl\/it\/2019\/04\/20\/dio-avvolto-di-luce-come-di-un-manto\/\" \/>\n<meta property=\"og:locale\" content=\"it_IT\" \/>\n<meta property=\"og:type\" content=\"article\" \/>\n<meta property=\"og:title\" content=\"Dio, avvolto di luce come di un manto - Centro di Documentazione e Studio del Pontificato di Giovanni Paolo II a Roma\" \/>\n<meta property=\"og:description\" content=\"Domenica di Pasqua\" \/>\n<meta property=\"og:url\" content=\"https:\/\/jp2doc.pl\/it\/2019\/04\/20\/dio-avvolto-di-luce-come-di-un-manto\/\" \/>\n<meta property=\"og:site_name\" content=\"Centro di Documentazione e Studio del Pontificato di Giovanni Paolo II a Roma\" \/>\n<meta property=\"article:published_time\" content=\"2019-04-20T13:24:44+00:00\" \/>\n<meta property=\"og:image\" content=\"https:\/\/jp2doc.pl\/it\/wp-content\/uploads\/sites\/3\/2019\/04\/bruno-van-der-kraan-596107-unsplash.jpg\" \/>\n\t<meta property=\"og:image:width\" content=\"4906\" \/>\n\t<meta property=\"og:image:height\" content=\"3258\" \/>\n\t<meta property=\"og:image:type\" content=\"image\/jpeg\" \/>\n<meta name=\"author\" content=\"juliasercanka\" \/>\n<meta name=\"twitter:card\" content=\"summary_large_image\" \/>\n<meta name=\"twitter:label1\" content=\"Scritto da\" \/>\n\t<meta name=\"twitter:data1\" content=\"juliasercanka\" \/>\n\t<meta name=\"twitter:label2\" content=\"Tempo di lettura stimato\" \/>\n\t<meta name=\"twitter:data2\" content=\"3 minuti\" \/>\n<script type=\"application\/ld+json\" class=\"yoast-schema-graph\">{\"@context\":\"https:\/\/schema.org\",\"@graph\":[{\"@type\":\"Article\",\"@id\":\"https:\/\/jp2doc.pl\/it\/2019\/04\/20\/dio-avvolto-di-luce-come-di-un-manto\/#article\",\"isPartOf\":{\"@id\":\"https:\/\/jp2doc.pl\/it\/2019\/04\/20\/dio-avvolto-di-luce-come-di-un-manto\/\"},\"author\":{\"name\":\"juliasercanka\",\"@id\":\"https:\/\/jp2doc.pl\/it\/#\/schema\/person\/6110109e80abb51f6fac4824777eabfe\"},\"headline\":\"Dio, avvolto di luce come di un manto\",\"datePublished\":\"2019-04-20T13:24:44+00:00\",\"mainEntityOfPage\":{\"@id\":\"https:\/\/jp2doc.pl\/it\/2019\/04\/20\/dio-avvolto-di-luce-come-di-un-manto\/\"},\"wordCount\":655,\"commentCount\":0,\"publisher\":{\"@id\":\"https:\/\/jp2doc.pl\/it\/#organization\"},\"image\":{\"@id\":\"https:\/\/jp2doc.pl\/it\/2019\/04\/20\/dio-avvolto-di-luce-come-di-un-manto\/#primaryimage\"},\"thumbnailUrl\":\"https:\/\/jp2doc.pl\/it\/wp-content\/uploads\/sites\/3\/2019\/04\/bruno-van-der-kraan-596107-unsplash.jpg\",\"keywords\":[\"chiesa\",\"cristo\",\"Lisetta_Romano\",\"pane\",\"parole\",\"pasqua\",\"Veglia\"],\"articleSection\":[\"Blog\",\"Strona g\u0142\u00f3wna - najnowsze\",\"Strona g\u0142\u00f3wna - slider\"],\"inLanguage\":\"it-IT\",\"potentialAction\":[{\"@type\":\"CommentAction\",\"name\":\"Comment\",\"target\":[\"https:\/\/jp2doc.pl\/it\/2019\/04\/20\/dio-avvolto-di-luce-come-di-un-manto\/#respond\"]}]},{\"@type\":\"WebPage\",\"@id\":\"https:\/\/jp2doc.pl\/it\/2019\/04\/20\/dio-avvolto-di-luce-come-di-un-manto\/\",\"url\":\"https:\/\/jp2doc.pl\/it\/2019\/04\/20\/dio-avvolto-di-luce-come-di-un-manto\/\",\"name\":\"Dio, avvolto di luce come di un manto - Centro di Documentazione e Studio del Pontificato di Giovanni Paolo II a Roma\",\"isPartOf\":{\"@id\":\"https:\/\/jp2doc.pl\/it\/#website\"},\"primaryImageOfPage\":{\"@id\":\"https:\/\/jp2doc.pl\/it\/2019\/04\/20\/dio-avvolto-di-luce-come-di-un-manto\/#primaryimage\"},\"image\":{\"@id\":\"https:\/\/jp2doc.pl\/it\/2019\/04\/20\/dio-avvolto-di-luce-come-di-un-manto\/#primaryimage\"},\"thumbnailUrl\":\"https:\/\/jp2doc.pl\/it\/wp-content\/uploads\/sites\/3\/2019\/04\/bruno-van-der-kraan-596107-unsplash.jpg\",\"datePublished\":\"2019-04-20T13:24:44+00:00\",\"breadcrumb\":{\"@id\":\"https:\/\/jp2doc.pl\/it\/2019\/04\/20\/dio-avvolto-di-luce-come-di-un-manto\/#breadcrumb\"},\"inLanguage\":\"it-IT\",\"potentialAction\":[{\"@type\":\"ReadAction\",\"target\":[\"https:\/\/jp2doc.pl\/it\/2019\/04\/20\/dio-avvolto-di-luce-come-di-un-manto\/\"]}]},{\"@type\":\"ImageObject\",\"inLanguage\":\"it-IT\",\"@id\":\"https:\/\/jp2doc.pl\/it\/2019\/04\/20\/dio-avvolto-di-luce-come-di-un-manto\/#primaryimage\",\"url\":\"https:\/\/jp2doc.pl\/it\/wp-content\/uploads\/sites\/3\/2019\/04\/bruno-van-der-kraan-596107-unsplash.jpg\",\"contentUrl\":\"https:\/\/jp2doc.pl\/it\/wp-content\/uploads\/sites\/3\/2019\/04\/bruno-van-der-kraan-596107-unsplash.jpg\",\"width\":4906,\"height\":3258},{\"@type\":\"BreadcrumbList\",\"@id\":\"https:\/\/jp2doc.pl\/it\/2019\/04\/20\/dio-avvolto-di-luce-come-di-un-manto\/#breadcrumb\",\"itemListElement\":[{\"@type\":\"ListItem\",\"position\":1,\"name\":\"Home\",\"item\":\"https:\/\/jp2doc.pl\/it\/\"},{\"@type\":\"ListItem\",\"position\":2,\"name\":\"Dio, avvolto di luce come di un manto\"}]},{\"@type\":\"WebSite\",\"@id\":\"https:\/\/jp2doc.pl\/it\/#website\",\"url\":\"https:\/\/jp2doc.pl\/it\/\",\"name\":\"Centro di Documentazione e Studio del Pontificato di Giovanni Paolo II a Roma\",\"description\":\"\",\"publisher\":{\"@id\":\"https:\/\/jp2doc.pl\/it\/#organization\"},\"potentialAction\":[{\"@type\":\"SearchAction\",\"target\":{\"@type\":\"EntryPoint\",\"urlTemplate\":\"https:\/\/jp2doc.pl\/it\/?s={search_term_string}\"},\"query-input\":{\"@type\":\"PropertyValueSpecification\",\"valueRequired\":true,\"valueName\":\"search_term_string\"}}],\"inLanguage\":\"it-IT\"},{\"@type\":\"Organization\",\"@id\":\"https:\/\/jp2doc.pl\/it\/#organization\",\"name\":\"Centro di Documentazione e Studio del Pontificato di Giovanni Paolo II a Roma\",\"url\":\"https:\/\/jp2doc.pl\/it\/\",\"logo\":{\"@type\":\"ImageObject\",\"inLanguage\":\"it-IT\",\"@id\":\"https:\/\/jp2doc.pl\/it\/#\/schema\/logo\/image\/\",\"url\":\"https:\/\/jp2doc.pl\/it\/wp-content\/uploads\/sites\/3\/2017\/03\/cropped-logo.png\",\"contentUrl\":\"https:\/\/jp2doc.pl\/it\/wp-content\/uploads\/sites\/3\/2017\/03\/cropped-logo.png\",\"width\":115,\"height\":115,\"caption\":\"Centro di Documentazione e Studio del Pontificato di Giovanni Paolo II a Roma\"},\"image\":{\"@id\":\"https:\/\/jp2doc.pl\/it\/#\/schema\/logo\/image\/\"}},{\"@type\":\"Person\",\"@id\":\"https:\/\/jp2doc.pl\/it\/#\/schema\/person\/6110109e80abb51f6fac4824777eabfe\",\"name\":\"juliasercanka\",\"image\":{\"@type\":\"ImageObject\",\"inLanguage\":\"it-IT\",\"@id\":\"https:\/\/jp2doc.pl\/it\/#\/schema\/person\/image\/\",\"url\":\"https:\/\/secure.gravatar.com\/avatar\/266a66e864556e22d55d61b6b10c97fab9060767b738564bcd109f3997e372bc?s=96&d=mm&r=g\",\"contentUrl\":\"https:\/\/secure.gravatar.com\/avatar\/266a66e864556e22d55d61b6b10c97fab9060767b738564bcd109f3997e372bc?s=96&d=mm&r=g\",\"caption\":\"juliasercanka\"},\"url\":\"https:\/\/jp2doc.pl\/it\/author\/juliasercanka\/\"}]}<\/script>\n<!-- \/ Yoast SEO plugin. -->","yoast_head_json":{"title":"Dio, avvolto di luce come di un manto - Centro di Documentazione e Studio del Pontificato di Giovanni Paolo II a Roma","robots":{"index":"index","follow":"follow","max-snippet":"max-snippet:-1","max-image-preview":"max-image-preview:large","max-video-preview":"max-video-preview:-1"},"canonical":"https:\/\/jp2doc.pl\/it\/2019\/04\/20\/dio-avvolto-di-luce-come-di-un-manto\/","og_locale":"it_IT","og_type":"article","og_title":"Dio, avvolto di luce come di un manto - Centro di Documentazione e Studio del Pontificato di Giovanni Paolo II a Roma","og_description":"Domenica di Pasqua","og_url":"https:\/\/jp2doc.pl\/it\/2019\/04\/20\/dio-avvolto-di-luce-come-di-un-manto\/","og_site_name":"Centro di Documentazione e Studio del Pontificato di Giovanni Paolo II a Roma","article_published_time":"2019-04-20T13:24:44+00:00","og_image":[{"width":4906,"height":3258,"url":"https:\/\/jp2doc.pl\/it\/wp-content\/uploads\/sites\/3\/2019\/04\/bruno-van-der-kraan-596107-unsplash.jpg","type":"image\/jpeg"}],"author":"juliasercanka","twitter_card":"summary_large_image","twitter_misc":{"Scritto da":"juliasercanka","Tempo di lettura stimato":"3 minuti"},"schema":{"@context":"https:\/\/schema.org","@graph":[{"@type":"Article","@id":"https:\/\/jp2doc.pl\/it\/2019\/04\/20\/dio-avvolto-di-luce-come-di-un-manto\/#article","isPartOf":{"@id":"https:\/\/jp2doc.pl\/it\/2019\/04\/20\/dio-avvolto-di-luce-come-di-un-manto\/"},"author":{"name":"juliasercanka","@id":"https:\/\/jp2doc.pl\/it\/#\/schema\/person\/6110109e80abb51f6fac4824777eabfe"},"headline":"Dio, avvolto di luce come di un manto","datePublished":"2019-04-20T13:24:44+00:00","mainEntityOfPage":{"@id":"https:\/\/jp2doc.pl\/it\/2019\/04\/20\/dio-avvolto-di-luce-come-di-un-manto\/"},"wordCount":655,"commentCount":0,"publisher":{"@id":"https:\/\/jp2doc.pl\/it\/#organization"},"image":{"@id":"https:\/\/jp2doc.pl\/it\/2019\/04\/20\/dio-avvolto-di-luce-come-di-un-manto\/#primaryimage"},"thumbnailUrl":"https:\/\/jp2doc.pl\/it\/wp-content\/uploads\/sites\/3\/2019\/04\/bruno-van-der-kraan-596107-unsplash.jpg","keywords":["chiesa","cristo","Lisetta_Romano","pane","parole","pasqua","Veglia"],"articleSection":["Blog","Strona g\u0142\u00f3wna - najnowsze","Strona g\u0142\u00f3wna - slider"],"inLanguage":"it-IT","potentialAction":[{"@type":"CommentAction","name":"Comment","target":["https:\/\/jp2doc.pl\/it\/2019\/04\/20\/dio-avvolto-di-luce-come-di-un-manto\/#respond"]}]},{"@type":"WebPage","@id":"https:\/\/jp2doc.pl\/it\/2019\/04\/20\/dio-avvolto-di-luce-come-di-un-manto\/","url":"https:\/\/jp2doc.pl\/it\/2019\/04\/20\/dio-avvolto-di-luce-come-di-un-manto\/","name":"Dio, avvolto di luce come di un manto - Centro di Documentazione e Studio del Pontificato di Giovanni Paolo II a Roma","isPartOf":{"@id":"https:\/\/jp2doc.pl\/it\/#website"},"primaryImageOfPage":{"@id":"https:\/\/jp2doc.pl\/it\/2019\/04\/20\/dio-avvolto-di-luce-come-di-un-manto\/#primaryimage"},"image":{"@id":"https:\/\/jp2doc.pl\/it\/2019\/04\/20\/dio-avvolto-di-luce-come-di-un-manto\/#primaryimage"},"thumbnailUrl":"https:\/\/jp2doc.pl\/it\/wp-content\/uploads\/sites\/3\/2019\/04\/bruno-van-der-kraan-596107-unsplash.jpg","datePublished":"2019-04-20T13:24:44+00:00","breadcrumb":{"@id":"https:\/\/jp2doc.pl\/it\/2019\/04\/20\/dio-avvolto-di-luce-come-di-un-manto\/#breadcrumb"},"inLanguage":"it-IT","potentialAction":[{"@type":"ReadAction","target":["https:\/\/jp2doc.pl\/it\/2019\/04\/20\/dio-avvolto-di-luce-come-di-un-manto\/"]}]},{"@type":"ImageObject","inLanguage":"it-IT","@id":"https:\/\/jp2doc.pl\/it\/2019\/04\/20\/dio-avvolto-di-luce-come-di-un-manto\/#primaryimage","url":"https:\/\/jp2doc.pl\/it\/wp-content\/uploads\/sites\/3\/2019\/04\/bruno-van-der-kraan-596107-unsplash.jpg","contentUrl":"https:\/\/jp2doc.pl\/it\/wp-content\/uploads\/sites\/3\/2019\/04\/bruno-van-der-kraan-596107-unsplash.jpg","width":4906,"height":3258},{"@type":"BreadcrumbList","@id":"https:\/\/jp2doc.pl\/it\/2019\/04\/20\/dio-avvolto-di-luce-come-di-un-manto\/#breadcrumb","itemListElement":[{"@type":"ListItem","position":1,"name":"Home","item":"https:\/\/jp2doc.pl\/it\/"},{"@type":"ListItem","position":2,"name":"Dio, avvolto di luce come di un manto"}]},{"@type":"WebSite","@id":"https:\/\/jp2doc.pl\/it\/#website","url":"https:\/\/jp2doc.pl\/it\/","name":"Centro di Documentazione e Studio del Pontificato di Giovanni Paolo II a Roma","description":"","publisher":{"@id":"https:\/\/jp2doc.pl\/it\/#organization"},"potentialAction":[{"@type":"SearchAction","target":{"@type":"EntryPoint","urlTemplate":"https:\/\/jp2doc.pl\/it\/?s={search_term_string}"},"query-input":{"@type":"PropertyValueSpecification","valueRequired":true,"valueName":"search_term_string"}}],"inLanguage":"it-IT"},{"@type":"Organization","@id":"https:\/\/jp2doc.pl\/it\/#organization","name":"Centro di Documentazione e Studio del Pontificato di Giovanni Paolo II a Roma","url":"https:\/\/jp2doc.pl\/it\/","logo":{"@type":"ImageObject","inLanguage":"it-IT","@id":"https:\/\/jp2doc.pl\/it\/#\/schema\/logo\/image\/","url":"https:\/\/jp2doc.pl\/it\/wp-content\/uploads\/sites\/3\/2017\/03\/cropped-logo.png","contentUrl":"https:\/\/jp2doc.pl\/it\/wp-content\/uploads\/sites\/3\/2017\/03\/cropped-logo.png","width":115,"height":115,"caption":"Centro di Documentazione e Studio del Pontificato di Giovanni Paolo II a Roma"},"image":{"@id":"https:\/\/jp2doc.pl\/it\/#\/schema\/logo\/image\/"}},{"@type":"Person","@id":"https:\/\/jp2doc.pl\/it\/#\/schema\/person\/6110109e80abb51f6fac4824777eabfe","name":"juliasercanka","image":{"@type":"ImageObject","inLanguage":"it-IT","@id":"https:\/\/jp2doc.pl\/it\/#\/schema\/person\/image\/","url":"https:\/\/secure.gravatar.com\/avatar\/266a66e864556e22d55d61b6b10c97fab9060767b738564bcd109f3997e372bc?s=96&d=mm&r=g","contentUrl":"https:\/\/secure.gravatar.com\/avatar\/266a66e864556e22d55d61b6b10c97fab9060767b738564bcd109f3997e372bc?s=96&d=mm&r=g","caption":"juliasercanka"},"url":"https:\/\/jp2doc.pl\/it\/author\/juliasercanka\/"}]}},"_links":{"self":[{"href":"https:\/\/jp2doc.pl\/it\/wp-json\/wp\/v2\/posts\/2278","targetHints":{"allow":["GET"]}}],"collection":[{"href":"https:\/\/jp2doc.pl\/it\/wp-json\/wp\/v2\/posts"}],"about":[{"href":"https:\/\/jp2doc.pl\/it\/wp-json\/wp\/v2\/types\/post"}],"author":[{"embeddable":true,"href":"https:\/\/jp2doc.pl\/it\/wp-json\/wp\/v2\/users\/5"}],"replies":[{"embeddable":true,"href":"https:\/\/jp2doc.pl\/it\/wp-json\/wp\/v2\/comments?post=2278"}],"version-history":[{"count":2,"href":"https:\/\/jp2doc.pl\/it\/wp-json\/wp\/v2\/posts\/2278\/revisions"}],"predecessor-version":[{"id":2281,"href":"https:\/\/jp2doc.pl\/it\/wp-json\/wp\/v2\/posts\/2278\/revisions\/2281"}],"wp:featuredmedia":[{"embeddable":true,"href":"https:\/\/jp2doc.pl\/it\/wp-json\/wp\/v2\/media\/2279"}],"wp:attachment":[{"href":"https:\/\/jp2doc.pl\/it\/wp-json\/wp\/v2\/media?parent=2278"}],"wp:term":[{"taxonomy":"category","embeddable":true,"href":"https:\/\/jp2doc.pl\/it\/wp-json\/wp\/v2\/categories?post=2278"},{"taxonomy":"post_tag","embeddable":true,"href":"https:\/\/jp2doc.pl\/it\/wp-json\/wp\/v2\/tags?post=2278"}],"curies":[{"name":"wp","href":"https:\/\/api.w.org\/{rel}","templated":true}]}}