{"id":2375,"date":"2019-08-10T17:02:07","date_gmt":"2019-08-10T15:02:07","guid":{"rendered":"https:\/\/jp2doc.pl\/it\/?p=2375"},"modified":"2019-08-10T17:02:07","modified_gmt":"2019-08-10T15:02:07","slug":"fede-e-speranza-nellattesa-di-dio","status":"publish","type":"post","link":"https:\/\/jp2doc.pl\/it\/2019\/08\/10\/fede-e-speranza-nellattesa-di-dio\/","title":{"rendered":"Fede e speranza nell\u2019attesa di Dio"},"content":{"rendered":"<p>Rif.: Sap 18,6-9; Sal 32; Eb 11,1-19; Lc 12,32-48<\/p>\n<p>La Liturgia di questa domenica si sofferma sulle virt\u00f9 cardinali della fede e della speranza: fede in Dio e speranza nella sua promessa di salvezza.<\/p>\n<p>La prima lettura ci riporta alla lunga notte del riscatto, all\u2019inizio del grande Esodo, quando la fede dei padri, cos\u00ec forte da attendere la salvezza con fraterno spirito di preghiera e di condivisione, fu premiata. In continuit\u00e0 con essa la lettera agli Ebrei (II lett.) ci rimanda alla fede di Abramo e di Sara che si mantennero fedeli anche quando gli accadimenti e le situazioni sembravano andare contro ci\u00f2 che Dio stesso aveva promesso.<\/p>\n<p>Come quando fu pronto a sacrificare il suo unico figlio, proprio quello che avrebbe dovuto dargli la numerosa discendenza, appena Dio lo richiese. Inoltre Abramo fu un \u201cmigrante\u201d per vocazione, Dio infatti lo invit\u00f2 a lasciare la sua terra, la sua casa ed andare altrove perch\u00e9 il suo cuore fosse libero da ogni legame di interesse o di attaccamento a qualcosa.<\/p>\n<p>In questo continuo errare Abramo, in qualunque terra andasse, si sent\u00ec \u201cstraniero\u201d e \u201cpellegrino\u201d e comprese che la vera terra promessa \u00e8 quella celeste, l\u00e0 dove Dio attende gli uomini. Abramo \u00e8 perci\u00f2 giustamente considerato il prototipo dell\u2019uomo di fede. Fede che \u00e8 \u201cfondamento di ci\u00f2 che si spera e prova di ci\u00f2 che non si vede\u201d.<\/p>\n<p>E\u2019 il Vangelo ad illuminare questa frase della lettera agli ebrei. La fede infatti \u00e8 alla base della nostra speranza. Il servo fedele di cui parla la parabola si comporta bene perch\u00e9 crede nel ritorno del padrone e sperando lo attende, anzi \u00e8 cos\u00ec sicuro del suo ritorno da comportarsi come se questi fosse gi\u00e0 presente.<\/p>\n<p>L\u2019insegnamento che ne deriva si applica anche a noi oggi chiamati a sentirci \u201cpellegrini e stranieri\u201d su questa terra che non ci appartiene, come non appartiene a questo fuggevole tempo la nostra vita. Essa infatti si svolge nell\u2019attesa di Cristo che di sicuro torner\u00e0 come ha promesso. E\u2019 in Lui che la nostra vita trover\u00e0 compimento e fine nel frattempo, per\u00f2, \u00e8 necessario rimanere fedeli a Dio, rinunciando al male, come abbiamo promesso nel nostro Battesimo.<\/p>\n<p>Il Regno \u00e8 il luogo teologico in cui le promesse di fedelt\u00e0 di Dio e dell\u2019uomo si fondono e si compiono, \u00e8 il momento dell\u2019eterno incontro con Dio per il quale vale la pena di attendere, di rimanere fedeli, di correre pronti al suo arrivo improvviso.<\/p>\n<p>Anche in questa domenica la Liturgia ci invita a distogliere lo sguardo dal transitorio per fissare lo sguardo \u201class\u00f9 dov\u2019\u00e8 Cristo seduto alla destra di Dio\u201d, poich\u00e9 quando meno ce lo aspettiamo la nostra vita ci verr\u00e0 \u201crichiesta\u201d. Siamo infatti chiamati a \u201cridarla\u201d perch\u00e9 essa non ci appartiene: noi siamo amministratori della nostra vita. Di essa dobbiamo rendere conto, anzi siamo chiamati a far fruttare nel bene tutti i doni che Dio ci elargito: \u201c<em>a chi fu affidato molto, sar\u00e0 chiesto molto di pi\u00f9\u201d <\/em><\/p>\n<p>Il vecchio Catechismo recitava <em>\u201cL\u2019uomo \u00e8 stato creato per conoscere, amare e servire Dio in questa vita e goderlo, poi, nell\u2019altra in Paradiso\u201d.<\/em>\u00a0Esso sembra ormai antiquato e fuori moda, preferiamo rivolgere la nostra attenzione e cura, a ci\u00f2 che &#8211; pur essendo fugace &#8211; ci d\u00e0 l\u2019illusione di essere fondamentale.<\/p>\n<p>In questo tempo di vacanze e di spensieratezza, quando maggiore \u00e8 il pericolo di essere travolti dalla superficialit\u00e0, la Liturgia ci ricorda con amore che la felicit\u00e0 eterna \u00e8 talmente grande. Vale la pena per essa di abbandonare qualsiasi tesoro che non potremo portare con noi e attendere fiduciosi il ritorno di Colui che sempre bussa alla nostra porta e attende discretamente di essere invitato ad entrare!<\/p>\n<p><em>\u201cEcco sto alla porta e busso. Se qualcuno ascolta la mia voce e mi apre la porta, io verr\u00f2 da lui e cener\u00f2 con lui ed egli con me\u201d<\/em>(Ap 3,20).<\/p>\n<p>LR<\/p>\n<p>Photo by <strong><a href=\"https:\/\/www.pexels.com\/@d-ng-nhan-324384?utm_content=attributionCopyText&amp;utm_medium=referral&amp;utm_source=pexels\">D\u01b0\u01a1ng Nh\u00e2n <\/a><\/strong>from <strong><a href=\"https:\/\/www.pexels.com\/photo\/woman-standing-near-open-door-about-to-step-outside-2297663\/?utm_content=attributionCopyText&amp;utm_medium=referral&amp;utm_source=pexels\">Pexels<\/a><\/strong><\/p>\n","protected":false},"excerpt":{"rendered":"<p>XIX Domenica del Tempo Ordinario<\/p>\n","protected":false},"author":6,"featured_media":2376,"comment_status":"open","ping_status":"open","sticky":false,"template":"","format":"standard","meta":{"_acf_changed":false,"_exactmetrics_skip_tracking":false,"_exactmetrics_sitenote_active":false,"_exactmetrics_sitenote_note":"","_exactmetrics_sitenote_category":0,"footnotes":""},"categories":[4,13,14],"tags":[],"class_list":["post-2375","post","type-post","status-publish","format-standard","has-post-thumbnail","hentry","category-blog","category-strona-glowna-najnowsze","category-strona-glowna-slider"],"acf":[],"yoast_head":"<!-- This site is optimized with the Yoast SEO plugin v26.2 - https:\/\/yoast.com\/wordpress\/plugins\/seo\/ -->\n<title>Fede e speranza nell\u2019attesa di Dio - Centro di Documentazione e Studio del Pontificato di Giovanni Paolo II a Roma<\/title>\n<meta name=\"robots\" content=\"index, follow, max-snippet:-1, max-image-preview:large, max-video-preview:-1\" \/>\n<link rel=\"canonical\" href=\"https:\/\/jp2doc.pl\/it\/2019\/08\/10\/fede-e-speranza-nellattesa-di-dio\/\" \/>\n<meta property=\"og:locale\" content=\"it_IT\" \/>\n<meta property=\"og:type\" content=\"article\" \/>\n<meta property=\"og:title\" content=\"Fede e speranza nell\u2019attesa di Dio - Centro di Documentazione e Studio del Pontificato di Giovanni Paolo II a Roma\" \/>\n<meta property=\"og:description\" content=\"XIX Domenica del Tempo Ordinario\" \/>\n<meta property=\"og:url\" content=\"https:\/\/jp2doc.pl\/it\/2019\/08\/10\/fede-e-speranza-nellattesa-di-dio\/\" \/>\n<meta property=\"og:site_name\" content=\"Centro di Documentazione e Studio del Pontificato di Giovanni Paolo II a Roma\" \/>\n<meta property=\"article:published_time\" content=\"2019-08-10T15:02:07+00:00\" \/>\n<meta property=\"og:image\" content=\"https:\/\/jp2doc.pl\/it\/wp-content\/uploads\/sites\/3\/2019\/08\/alone-asia-cabin-2297663.jpg\" \/>\n\t<meta property=\"og:image:width\" content=\"1280\" \/>\n\t<meta property=\"og:image:height\" content=\"853\" \/>\n\t<meta property=\"og:image:type\" content=\"image\/jpeg\" \/>\n<meta name=\"author\" content=\"adobrzynski\" \/>\n<meta name=\"twitter:card\" content=\"summary_large_image\" \/>\n<meta name=\"twitter:label1\" content=\"Scritto da\" \/>\n\t<meta name=\"twitter:data1\" content=\"adobrzynski\" \/>\n\t<meta name=\"twitter:label2\" content=\"Tempo di lettura stimato\" \/>\n\t<meta name=\"twitter:data2\" content=\"3 minuti\" \/>\n<script type=\"application\/ld+json\" class=\"yoast-schema-graph\">{\"@context\":\"https:\/\/schema.org\",\"@graph\":[{\"@type\":\"Article\",\"@id\":\"https:\/\/jp2doc.pl\/it\/2019\/08\/10\/fede-e-speranza-nellattesa-di-dio\/#article\",\"isPartOf\":{\"@id\":\"https:\/\/jp2doc.pl\/it\/2019\/08\/10\/fede-e-speranza-nellattesa-di-dio\/\"},\"author\":{\"name\":\"adobrzynski\",\"@id\":\"https:\/\/jp2doc.pl\/it\/#\/schema\/person\/f1a6804b6b9f176835bf67cba35c4212\"},\"headline\":\"Fede e speranza nell\u2019attesa di Dio\",\"datePublished\":\"2019-08-10T15:02:07+00:00\",\"mainEntityOfPage\":{\"@id\":\"https:\/\/jp2doc.pl\/it\/2019\/08\/10\/fede-e-speranza-nellattesa-di-dio\/\"},\"wordCount\":649,\"commentCount\":0,\"publisher\":{\"@id\":\"https:\/\/jp2doc.pl\/it\/#organization\"},\"image\":{\"@id\":\"https:\/\/jp2doc.pl\/it\/2019\/08\/10\/fede-e-speranza-nellattesa-di-dio\/#primaryimage\"},\"thumbnailUrl\":\"https:\/\/jp2doc.pl\/it\/wp-content\/uploads\/sites\/3\/2019\/08\/alone-asia-cabin-2297663.jpg\",\"articleSection\":[\"Blog\",\"Strona g\u0142\u00f3wna - najnowsze\",\"Strona g\u0142\u00f3wna - slider\"],\"inLanguage\":\"it-IT\",\"potentialAction\":[{\"@type\":\"CommentAction\",\"name\":\"Comment\",\"target\":[\"https:\/\/jp2doc.pl\/it\/2019\/08\/10\/fede-e-speranza-nellattesa-di-dio\/#respond\"]}]},{\"@type\":\"WebPage\",\"@id\":\"https:\/\/jp2doc.pl\/it\/2019\/08\/10\/fede-e-speranza-nellattesa-di-dio\/\",\"url\":\"https:\/\/jp2doc.pl\/it\/2019\/08\/10\/fede-e-speranza-nellattesa-di-dio\/\",\"name\":\"Fede e speranza nell\u2019attesa di Dio - Centro di Documentazione e Studio del Pontificato di Giovanni Paolo II a Roma\",\"isPartOf\":{\"@id\":\"https:\/\/jp2doc.pl\/it\/#website\"},\"primaryImageOfPage\":{\"@id\":\"https:\/\/jp2doc.pl\/it\/2019\/08\/10\/fede-e-speranza-nellattesa-di-dio\/#primaryimage\"},\"image\":{\"@id\":\"https:\/\/jp2doc.pl\/it\/2019\/08\/10\/fede-e-speranza-nellattesa-di-dio\/#primaryimage\"},\"thumbnailUrl\":\"https:\/\/jp2doc.pl\/it\/wp-content\/uploads\/sites\/3\/2019\/08\/alone-asia-cabin-2297663.jpg\",\"datePublished\":\"2019-08-10T15:02:07+00:00\",\"breadcrumb\":{\"@id\":\"https:\/\/jp2doc.pl\/it\/2019\/08\/10\/fede-e-speranza-nellattesa-di-dio\/#breadcrumb\"},\"inLanguage\":\"it-IT\",\"potentialAction\":[{\"@type\":\"ReadAction\",\"target\":[\"https:\/\/jp2doc.pl\/it\/2019\/08\/10\/fede-e-speranza-nellattesa-di-dio\/\"]}]},{\"@type\":\"ImageObject\",\"inLanguage\":\"it-IT\",\"@id\":\"https:\/\/jp2doc.pl\/it\/2019\/08\/10\/fede-e-speranza-nellattesa-di-dio\/#primaryimage\",\"url\":\"https:\/\/jp2doc.pl\/it\/wp-content\/uploads\/sites\/3\/2019\/08\/alone-asia-cabin-2297663.jpg\",\"contentUrl\":\"https:\/\/jp2doc.pl\/it\/wp-content\/uploads\/sites\/3\/2019\/08\/alone-asia-cabin-2297663.jpg\",\"width\":1280,\"height\":853},{\"@type\":\"BreadcrumbList\",\"@id\":\"https:\/\/jp2doc.pl\/it\/2019\/08\/10\/fede-e-speranza-nellattesa-di-dio\/#breadcrumb\",\"itemListElement\":[{\"@type\":\"ListItem\",\"position\":1,\"name\":\"Home\",\"item\":\"https:\/\/jp2doc.pl\/it\/\"},{\"@type\":\"ListItem\",\"position\":2,\"name\":\"Fede e speranza nell\u2019attesa di Dio\"}]},{\"@type\":\"WebSite\",\"@id\":\"https:\/\/jp2doc.pl\/it\/#website\",\"url\":\"https:\/\/jp2doc.pl\/it\/\",\"name\":\"Centro di Documentazione e Studio del Pontificato di Giovanni Paolo II a Roma\",\"description\":\"\",\"publisher\":{\"@id\":\"https:\/\/jp2doc.pl\/it\/#organization\"},\"potentialAction\":[{\"@type\":\"SearchAction\",\"target\":{\"@type\":\"EntryPoint\",\"urlTemplate\":\"https:\/\/jp2doc.pl\/it\/?s={search_term_string}\"},\"query-input\":{\"@type\":\"PropertyValueSpecification\",\"valueRequired\":true,\"valueName\":\"search_term_string\"}}],\"inLanguage\":\"it-IT\"},{\"@type\":\"Organization\",\"@id\":\"https:\/\/jp2doc.pl\/it\/#organization\",\"name\":\"Centro di Documentazione e Studio del Pontificato di Giovanni Paolo II a Roma\",\"url\":\"https:\/\/jp2doc.pl\/it\/\",\"logo\":{\"@type\":\"ImageObject\",\"inLanguage\":\"it-IT\",\"@id\":\"https:\/\/jp2doc.pl\/it\/#\/schema\/logo\/image\/\",\"url\":\"https:\/\/jp2doc.pl\/it\/wp-content\/uploads\/sites\/3\/2017\/03\/cropped-logo.png\",\"contentUrl\":\"https:\/\/jp2doc.pl\/it\/wp-content\/uploads\/sites\/3\/2017\/03\/cropped-logo.png\",\"width\":115,\"height\":115,\"caption\":\"Centro di Documentazione e Studio del Pontificato di Giovanni Paolo II a Roma\"},\"image\":{\"@id\":\"https:\/\/jp2doc.pl\/it\/#\/schema\/logo\/image\/\"}},{\"@type\":\"Person\",\"@id\":\"https:\/\/jp2doc.pl\/it\/#\/schema\/person\/f1a6804b6b9f176835bf67cba35c4212\",\"name\":\"adobrzynski\",\"image\":{\"@type\":\"ImageObject\",\"inLanguage\":\"it-IT\",\"@id\":\"https:\/\/jp2doc.pl\/it\/#\/schema\/person\/image\/\",\"url\":\"https:\/\/secure.gravatar.com\/avatar\/6e7eb2a67f64535320a8aa3d72bc5f83c9e81f3ad1797c6abee2e7c78ed2252a?s=96&d=mm&r=g\",\"contentUrl\":\"https:\/\/secure.gravatar.com\/avatar\/6e7eb2a67f64535320a8aa3d72bc5f83c9e81f3ad1797c6abee2e7c78ed2252a?s=96&d=mm&r=g\",\"caption\":\"adobrzynski\"},\"url\":\"https:\/\/jp2doc.pl\/it\/author\/adobrzynski\/\"}]}<\/script>\n<!-- \/ Yoast SEO plugin. -->","yoast_head_json":{"title":"Fede e speranza nell\u2019attesa di Dio - Centro di Documentazione e Studio del Pontificato di Giovanni Paolo II a Roma","robots":{"index":"index","follow":"follow","max-snippet":"max-snippet:-1","max-image-preview":"max-image-preview:large","max-video-preview":"max-video-preview:-1"},"canonical":"https:\/\/jp2doc.pl\/it\/2019\/08\/10\/fede-e-speranza-nellattesa-di-dio\/","og_locale":"it_IT","og_type":"article","og_title":"Fede e speranza nell\u2019attesa di Dio - Centro di Documentazione e Studio del Pontificato di Giovanni Paolo II a Roma","og_description":"XIX Domenica del Tempo Ordinario","og_url":"https:\/\/jp2doc.pl\/it\/2019\/08\/10\/fede-e-speranza-nellattesa-di-dio\/","og_site_name":"Centro di Documentazione e Studio del Pontificato di Giovanni Paolo II a Roma","article_published_time":"2019-08-10T15:02:07+00:00","og_image":[{"width":1280,"height":853,"url":"https:\/\/jp2doc.pl\/it\/wp-content\/uploads\/sites\/3\/2019\/08\/alone-asia-cabin-2297663.jpg","type":"image\/jpeg"}],"author":"adobrzynski","twitter_card":"summary_large_image","twitter_misc":{"Scritto da":"adobrzynski","Tempo di lettura stimato":"3 minuti"},"schema":{"@context":"https:\/\/schema.org","@graph":[{"@type":"Article","@id":"https:\/\/jp2doc.pl\/it\/2019\/08\/10\/fede-e-speranza-nellattesa-di-dio\/#article","isPartOf":{"@id":"https:\/\/jp2doc.pl\/it\/2019\/08\/10\/fede-e-speranza-nellattesa-di-dio\/"},"author":{"name":"adobrzynski","@id":"https:\/\/jp2doc.pl\/it\/#\/schema\/person\/f1a6804b6b9f176835bf67cba35c4212"},"headline":"Fede e speranza nell\u2019attesa di Dio","datePublished":"2019-08-10T15:02:07+00:00","mainEntityOfPage":{"@id":"https:\/\/jp2doc.pl\/it\/2019\/08\/10\/fede-e-speranza-nellattesa-di-dio\/"},"wordCount":649,"commentCount":0,"publisher":{"@id":"https:\/\/jp2doc.pl\/it\/#organization"},"image":{"@id":"https:\/\/jp2doc.pl\/it\/2019\/08\/10\/fede-e-speranza-nellattesa-di-dio\/#primaryimage"},"thumbnailUrl":"https:\/\/jp2doc.pl\/it\/wp-content\/uploads\/sites\/3\/2019\/08\/alone-asia-cabin-2297663.jpg","articleSection":["Blog","Strona g\u0142\u00f3wna - najnowsze","Strona g\u0142\u00f3wna - slider"],"inLanguage":"it-IT","potentialAction":[{"@type":"CommentAction","name":"Comment","target":["https:\/\/jp2doc.pl\/it\/2019\/08\/10\/fede-e-speranza-nellattesa-di-dio\/#respond"]}]},{"@type":"WebPage","@id":"https:\/\/jp2doc.pl\/it\/2019\/08\/10\/fede-e-speranza-nellattesa-di-dio\/","url":"https:\/\/jp2doc.pl\/it\/2019\/08\/10\/fede-e-speranza-nellattesa-di-dio\/","name":"Fede e speranza nell\u2019attesa di Dio - Centro di Documentazione e Studio del Pontificato di Giovanni Paolo II a Roma","isPartOf":{"@id":"https:\/\/jp2doc.pl\/it\/#website"},"primaryImageOfPage":{"@id":"https:\/\/jp2doc.pl\/it\/2019\/08\/10\/fede-e-speranza-nellattesa-di-dio\/#primaryimage"},"image":{"@id":"https:\/\/jp2doc.pl\/it\/2019\/08\/10\/fede-e-speranza-nellattesa-di-dio\/#primaryimage"},"thumbnailUrl":"https:\/\/jp2doc.pl\/it\/wp-content\/uploads\/sites\/3\/2019\/08\/alone-asia-cabin-2297663.jpg","datePublished":"2019-08-10T15:02:07+00:00","breadcrumb":{"@id":"https:\/\/jp2doc.pl\/it\/2019\/08\/10\/fede-e-speranza-nellattesa-di-dio\/#breadcrumb"},"inLanguage":"it-IT","potentialAction":[{"@type":"ReadAction","target":["https:\/\/jp2doc.pl\/it\/2019\/08\/10\/fede-e-speranza-nellattesa-di-dio\/"]}]},{"@type":"ImageObject","inLanguage":"it-IT","@id":"https:\/\/jp2doc.pl\/it\/2019\/08\/10\/fede-e-speranza-nellattesa-di-dio\/#primaryimage","url":"https:\/\/jp2doc.pl\/it\/wp-content\/uploads\/sites\/3\/2019\/08\/alone-asia-cabin-2297663.jpg","contentUrl":"https:\/\/jp2doc.pl\/it\/wp-content\/uploads\/sites\/3\/2019\/08\/alone-asia-cabin-2297663.jpg","width":1280,"height":853},{"@type":"BreadcrumbList","@id":"https:\/\/jp2doc.pl\/it\/2019\/08\/10\/fede-e-speranza-nellattesa-di-dio\/#breadcrumb","itemListElement":[{"@type":"ListItem","position":1,"name":"Home","item":"https:\/\/jp2doc.pl\/it\/"},{"@type":"ListItem","position":2,"name":"Fede e speranza nell\u2019attesa di Dio"}]},{"@type":"WebSite","@id":"https:\/\/jp2doc.pl\/it\/#website","url":"https:\/\/jp2doc.pl\/it\/","name":"Centro di Documentazione e Studio del Pontificato di Giovanni Paolo II a Roma","description":"","publisher":{"@id":"https:\/\/jp2doc.pl\/it\/#organization"},"potentialAction":[{"@type":"SearchAction","target":{"@type":"EntryPoint","urlTemplate":"https:\/\/jp2doc.pl\/it\/?s={search_term_string}"},"query-input":{"@type":"PropertyValueSpecification","valueRequired":true,"valueName":"search_term_string"}}],"inLanguage":"it-IT"},{"@type":"Organization","@id":"https:\/\/jp2doc.pl\/it\/#organization","name":"Centro di Documentazione e Studio del Pontificato di Giovanni Paolo II a Roma","url":"https:\/\/jp2doc.pl\/it\/","logo":{"@type":"ImageObject","inLanguage":"it-IT","@id":"https:\/\/jp2doc.pl\/it\/#\/schema\/logo\/image\/","url":"https:\/\/jp2doc.pl\/it\/wp-content\/uploads\/sites\/3\/2017\/03\/cropped-logo.png","contentUrl":"https:\/\/jp2doc.pl\/it\/wp-content\/uploads\/sites\/3\/2017\/03\/cropped-logo.png","width":115,"height":115,"caption":"Centro di Documentazione e Studio del Pontificato di Giovanni Paolo II a Roma"},"image":{"@id":"https:\/\/jp2doc.pl\/it\/#\/schema\/logo\/image\/"}},{"@type":"Person","@id":"https:\/\/jp2doc.pl\/it\/#\/schema\/person\/f1a6804b6b9f176835bf67cba35c4212","name":"adobrzynski","image":{"@type":"ImageObject","inLanguage":"it-IT","@id":"https:\/\/jp2doc.pl\/it\/#\/schema\/person\/image\/","url":"https:\/\/secure.gravatar.com\/avatar\/6e7eb2a67f64535320a8aa3d72bc5f83c9e81f3ad1797c6abee2e7c78ed2252a?s=96&d=mm&r=g","contentUrl":"https:\/\/secure.gravatar.com\/avatar\/6e7eb2a67f64535320a8aa3d72bc5f83c9e81f3ad1797c6abee2e7c78ed2252a?s=96&d=mm&r=g","caption":"adobrzynski"},"url":"https:\/\/jp2doc.pl\/it\/author\/adobrzynski\/"}]}},"_links":{"self":[{"href":"https:\/\/jp2doc.pl\/it\/wp-json\/wp\/v2\/posts\/2375","targetHints":{"allow":["GET"]}}],"collection":[{"href":"https:\/\/jp2doc.pl\/it\/wp-json\/wp\/v2\/posts"}],"about":[{"href":"https:\/\/jp2doc.pl\/it\/wp-json\/wp\/v2\/types\/post"}],"author":[{"embeddable":true,"href":"https:\/\/jp2doc.pl\/it\/wp-json\/wp\/v2\/users\/6"}],"replies":[{"embeddable":true,"href":"https:\/\/jp2doc.pl\/it\/wp-json\/wp\/v2\/comments?post=2375"}],"version-history":[{"count":1,"href":"https:\/\/jp2doc.pl\/it\/wp-json\/wp\/v2\/posts\/2375\/revisions"}],"predecessor-version":[{"id":2377,"href":"https:\/\/jp2doc.pl\/it\/wp-json\/wp\/v2\/posts\/2375\/revisions\/2377"}],"wp:featuredmedia":[{"embeddable":true,"href":"https:\/\/jp2doc.pl\/it\/wp-json\/wp\/v2\/media\/2376"}],"wp:attachment":[{"href":"https:\/\/jp2doc.pl\/it\/wp-json\/wp\/v2\/media?parent=2375"}],"wp:term":[{"taxonomy":"category","embeddable":true,"href":"https:\/\/jp2doc.pl\/it\/wp-json\/wp\/v2\/categories?post=2375"},{"taxonomy":"post_tag","embeddable":true,"href":"https:\/\/jp2doc.pl\/it\/wp-json\/wp\/v2\/tags?post=2375"}],"curies":[{"name":"wp","href":"https:\/\/api.w.org\/{rel}","templated":true}]}}