{"id":2378,"date":"2019-08-14T17:14:40","date_gmt":"2019-08-14T15:14:40","guid":{"rendered":"https:\/\/jp2doc.pl\/it\/?p=2378"},"modified":"2019-08-14T17:17:15","modified_gmt":"2019-08-14T15:17:15","slug":"una-visione-di-gloria-nel-pieno-dellestate","status":"publish","type":"post","link":"https:\/\/jp2doc.pl\/it\/2019\/08\/14\/una-visione-di-gloria-nel-pieno-dellestate\/","title":{"rendered":"Una visione di gloria nel pieno dell\u2019estate"},"content":{"rendered":"<p>La Liturgia della Vigila e quella della solennit\u00e0 dell\u2019Assunzione, celebrano il mistero di Maria che, superando la morte, \u00e8 passata da questa terra al cielo. Una realt\u00e0 che costituisce uno dei dogmi della nostra fede e che si fonda sulla Resurrezione e Ascensione di Ges\u00f9: il destino del Figlio di Dio diventa anche il destino della sua Benedetta Madre che lo ha portato in grembo e gli ha donato la sua carne ed il suo sangue. Per questo motivo il santo papa Giovanni Paolo II vide in Maria la radice dell\u2019Eucaristia perch\u00e9 nutrendoci della Carne e del Sangue di Cristo noi ci nutriamo indirettamente anche della carne e del sangue di Maria che lo gener\u00f2.<\/p>\n<p>Alla stregua di Cristo, dunque, anche il corpo di Maria, per il mistero avvenuto in Lei, viene considerato sacro e santo. Esso rappresenta il punto di incontro fra il cielo e la terra, fra Dio che genera e il Figlio nato dal suo grembo di Vergine. Ella custod\u00ec in s\u00e9 un Tesoro ineguagliabile, molto pi\u00f9 prezioso di quello custodito nell\u2019Arca dell\u2019Alleanza di cui ci parla la Prima Lettura nella Messa della Vigilia.<\/p>\n<p>Arca nella quale la Chiesa vede il simbolo di Maria: come Maria infatti che nel suo grembo custod\u00ec Ges\u00f9 cibo spirituale, nell\u2019Arca era conservata la manna che cib\u00f2 gli ebrei nel deserto. L\u2019Arca veniva trasportata da un luogo all\u2019altro perch\u00e9 fosse monito e ricordo della cura di Dio per il popolo, cos\u00ec Maria guida e segue ogni credente ricordando con la sua presenza il mistero della salvezza. Nell\u2019Arca inoltre erano custodite le Tavole della Legge che esprimevano i comandamenti e la volont\u00e0 di Dio.<\/p>\n<p>Cos\u00ec Maria accett\u00f2 e custod\u00ec in s\u00e9 la volont\u00e0 di Dio che la volle Madre e Vergine, e gener\u00f2 Colui che della volont\u00e0 di Dio fece la sua missione ed il suo cibo: Ges\u00f9 Cristo nostro Signore. Da Betlemme alla Croce Maria segu\u00ec il Figlio ed \u00e8 dunque giusto che lo seguisse anche nel suo destino di gloria e il corpo che lo gener\u00f2 fosse dove \u00e8 ora il suo corpo di Uomo alla destra del Padre, nell\u2019alto dei cieli.<\/p>\n<p>Una visione di gloria si apre dinanzi ai nostri occhi, nel pieno dell\u2019estate, fra il caldo asfissiante e il rumore assordante delle spiagge, Maria si erge, silenziosa, al centro del cielo spingendoci a guardare in alto oltre le cose, ricordandoci che il nostro destino sar\u00e0 simile al suo: ella \u00e8 creatura come noi. Il cielo non si conquista con le nostre sole forze, ci \u00e8 donato dalla bont\u00e0 divina: a noi la volont\u00e0 di coglierlo come frutto maturo di una bont\u00e0 senza limiti, di una misericordia che \u201cvuole\u201d la nostra salvezza, di un perdono pronto ad asciugare ogni lacrima di pentimento.<\/p>\n<p>Dio, che ci ha donato Maria come Madre e Rifugio, Rimedio e Consigliera, Conforto e Guida, ascolti la sua preghiera di intercessione e ci doni la salvezza.<\/p>\n<p><em>Nel silenzio del cuore<\/em><\/p>\n<p><em>Accogliesti il Figlio di Dio, <\/em><\/p>\n<p><em>nel silenzio della notte <\/em><\/p>\n<p><em>lo partoristi al mondo,<\/em><\/p>\n<p><em>nel silenzio di uno straziante dolore <\/em><\/p>\n<p><em>lo guardasti morire<\/em><\/p>\n<p><em>e, con silenziosa gioia, <\/em><\/p>\n<p><em>lo ricevesti risorto.<\/em><\/p>\n<p><em>Nel silenzio della preghiera<\/em><\/p>\n<p><em>nuovamente lo Spirito <\/em><\/p>\n<p><em>ti rese feconda, Madre della Chiesa,<\/em><\/p>\n<p><em>per generare nuovi figli al Figlio.<\/em><\/p>\n<p><em>Nel silenzio del sonno<\/em><\/p>\n<p><em>da questo mondo partisti<\/em><\/p>\n<p><em>perch\u00e9 non fosse corrotto<\/em><\/p>\n<p><em>il tuo corpo che, ora, in cielo, <\/em><\/p>\n<p><em>glorioso risplende.<\/em><\/p>\n<p><em>Al tuo silenzio si unisce il mio,<\/em><\/p>\n<p><em>e, incapace di parlare, a te sollevo lo sguardo,<\/em><\/p>\n<p><em>sapendo che la mia preghiera senza parole<\/em><\/p>\n<p><em>ugualmente ti raggiunge <\/em><\/p>\n<p><em>e intendi il mio muto dire<\/em><\/p>\n<p><em>gravido di pianto e<\/em><\/p>\n<p><em>di sentimenti inespressi,<\/em><\/p>\n<p><em>di richieste che non so esprimere.<\/em><\/p>\n<p><em>Tu Madre per\u00f2 ascolta e con tenera piet\u00e0<\/em><\/p>\n<p><em>il mio passo malfermo sostieni,<\/em><\/p>\n<p><em>la mia sofferenza allevia,<\/em><\/p>\n<p><em>per il mio peccato intercedi,<\/em><\/p>\n<p><em>dona amore alla mia aridit\u00e0,<\/em><\/p>\n<p><em>fede alla mia vita.<\/em><\/p>\n<p><em>Dando parole al mio mutismo prega per me,<\/em><\/p>\n<p><em>nell\u2019ora estrema a me vieni,<\/em><\/p>\n<p><em>Dolce Compagna, a me ti affianca<\/em><\/p>\n<p><em>\u00a0e a Dio conduci il mio passo stanco. Amen<\/em><\/p>\n<p>(Lisetta)<\/p>\n<div class=\"level__left\">\n<div class=\"level__item\">\n<div class=\"js-copy-attribute-content rd__p rd__p--no-margin\">Photo by <strong><a href=\"https:\/\/www.pexels.com\/@djordje-petrovic-590080?utm_content=attributionCopyText&amp;utm_medium=referral&amp;utm_source=pexels\">Djordje Petrovic <\/a><\/strong>from <strong><a href=\"https:\/\/www.pexels.com\/photo\/body-of-water-beside-green-trees-2793048\/?utm_content=attributionCopyText&amp;utm_medium=referral&amp;utm_source=pexels\">Pexels<\/a><\/strong><\/div>\n<\/div>\n<\/div>\n<div class=\"level__right\">\n<div class=\"level__item\"><\/div>\n<\/div>\n","protected":false},"excerpt":{"rendered":"<p>Assunzione della Beata Vergine Maria<\/p>\n","protected":false},"author":6,"featured_media":2379,"comment_status":"open","ping_status":"open","sticky":false,"template":"","format":"standard","meta":{"_acf_changed":false,"_exactmetrics_skip_tracking":false,"_exactmetrics_sitenote_active":false,"_exactmetrics_sitenote_note":"","_exactmetrics_sitenote_category":0,"footnotes":""},"categories":[4,13,14],"tags":[277,40],"class_list":["post-2378","post","type-post","status-publish","format-standard","has-post-thumbnail","hentry","category-blog","category-strona-glowna-najnowsze","category-strona-glowna-slider","tag-assunzione-bm","tag-vangelo"],"acf":[],"yoast_head":"<!-- This site is optimized with the Yoast SEO plugin v26.2 - https:\/\/yoast.com\/wordpress\/plugins\/seo\/ -->\n<title>Una visione di gloria nel pieno dell\u2019estate - Centro di Documentazione e Studio del Pontificato di Giovanni Paolo II a Roma<\/title>\n<meta name=\"description\" content=\"L&#039;assunzione di Maria al cielo in anima e corpo \u00e8 per noi, pellegrini sulla terra, un segno di consolazione e di sicura speranza. In lei tutta la comunit\u00e0 cristiana ha una potente avocata.\" \/>\n<meta name=\"robots\" content=\"index, follow, max-snippet:-1, max-image-preview:large, max-video-preview:-1\" \/>\n<link rel=\"canonical\" href=\"https:\/\/jp2doc.pl\/it\/2019\/08\/14\/una-visione-di-gloria-nel-pieno-dellestate\/\" \/>\n<meta property=\"og:locale\" content=\"it_IT\" \/>\n<meta property=\"og:type\" content=\"article\" \/>\n<meta property=\"og:title\" content=\"Una visione di gloria nel pieno dell\u2019estate - Centro di Documentazione e Studio del Pontificato di Giovanni Paolo II a Roma\" \/>\n<meta property=\"og:description\" content=\"L&#039;assunzione di Maria al cielo in anima e corpo \u00e8 per noi, pellegrini sulla terra, un segno di consolazione e di sicura speranza. In lei tutta la comunit\u00e0 cristiana ha una potente avocata.\" \/>\n<meta property=\"og:url\" content=\"https:\/\/jp2doc.pl\/it\/2019\/08\/14\/una-visione-di-gloria-nel-pieno-dellestate\/\" \/>\n<meta property=\"og:site_name\" content=\"Centro di Documentazione e Studio del Pontificato di Giovanni Paolo II a Roma\" \/>\n<meta property=\"article:published_time\" content=\"2019-08-14T15:14:40+00:00\" \/>\n<meta property=\"article:modified_time\" content=\"2019-08-14T15:17:15+00:00\" \/>\n<meta property=\"og:image\" content=\"https:\/\/jp2doc.pl\/it\/wp-content\/uploads\/sites\/3\/2019\/08\/architecture-building-cathedral-2793048.jpg\" \/>\n\t<meta property=\"og:image:width\" content=\"1280\" \/>\n\t<meta property=\"og:image:height\" content=\"1919\" \/>\n\t<meta property=\"og:image:type\" content=\"image\/jpeg\" \/>\n<meta name=\"author\" content=\"adobrzynski\" \/>\n<meta name=\"twitter:card\" content=\"summary_large_image\" \/>\n<meta name=\"twitter:label1\" content=\"Scritto da\" \/>\n\t<meta name=\"twitter:data1\" content=\"adobrzynski\" \/>\n\t<meta name=\"twitter:label2\" content=\"Tempo di lettura stimato\" \/>\n\t<meta name=\"twitter:data2\" content=\"3 minuti\" \/>\n<script type=\"application\/ld+json\" class=\"yoast-schema-graph\">{\"@context\":\"https:\/\/schema.org\",\"@graph\":[{\"@type\":\"Article\",\"@id\":\"https:\/\/jp2doc.pl\/it\/2019\/08\/14\/una-visione-di-gloria-nel-pieno-dellestate\/#article\",\"isPartOf\":{\"@id\":\"https:\/\/jp2doc.pl\/it\/2019\/08\/14\/una-visione-di-gloria-nel-pieno-dellestate\/\"},\"author\":{\"name\":\"adobrzynski\",\"@id\":\"https:\/\/jp2doc.pl\/it\/#\/schema\/person\/f1a6804b6b9f176835bf67cba35c4212\"},\"headline\":\"Una visione di gloria nel pieno dell\u2019estate\",\"datePublished\":\"2019-08-14T15:14:40+00:00\",\"dateModified\":\"2019-08-14T15:17:15+00:00\",\"mainEntityOfPage\":{\"@id\":\"https:\/\/jp2doc.pl\/it\/2019\/08\/14\/una-visione-di-gloria-nel-pieno-dellestate\/\"},\"wordCount\":677,\"commentCount\":0,\"publisher\":{\"@id\":\"https:\/\/jp2doc.pl\/it\/#organization\"},\"image\":{\"@id\":\"https:\/\/jp2doc.pl\/it\/2019\/08\/14\/una-visione-di-gloria-nel-pieno-dellestate\/#primaryimage\"},\"thumbnailUrl\":\"https:\/\/jp2doc.pl\/it\/wp-content\/uploads\/sites\/3\/2019\/08\/architecture-building-cathedral-2793048.jpg\",\"keywords\":[\"Assunzione BM\",\"vangelo\"],\"articleSection\":[\"Blog\",\"Strona g\u0142\u00f3wna - najnowsze\",\"Strona g\u0142\u00f3wna - slider\"],\"inLanguage\":\"it-IT\",\"potentialAction\":[{\"@type\":\"CommentAction\",\"name\":\"Comment\",\"target\":[\"https:\/\/jp2doc.pl\/it\/2019\/08\/14\/una-visione-di-gloria-nel-pieno-dellestate\/#respond\"]}]},{\"@type\":\"WebPage\",\"@id\":\"https:\/\/jp2doc.pl\/it\/2019\/08\/14\/una-visione-di-gloria-nel-pieno-dellestate\/\",\"url\":\"https:\/\/jp2doc.pl\/it\/2019\/08\/14\/una-visione-di-gloria-nel-pieno-dellestate\/\",\"name\":\"Una visione di gloria nel pieno dell\u2019estate - Centro di Documentazione e Studio del Pontificato di Giovanni Paolo II a Roma\",\"isPartOf\":{\"@id\":\"https:\/\/jp2doc.pl\/it\/#website\"},\"primaryImageOfPage\":{\"@id\":\"https:\/\/jp2doc.pl\/it\/2019\/08\/14\/una-visione-di-gloria-nel-pieno-dellestate\/#primaryimage\"},\"image\":{\"@id\":\"https:\/\/jp2doc.pl\/it\/2019\/08\/14\/una-visione-di-gloria-nel-pieno-dellestate\/#primaryimage\"},\"thumbnailUrl\":\"https:\/\/jp2doc.pl\/it\/wp-content\/uploads\/sites\/3\/2019\/08\/architecture-building-cathedral-2793048.jpg\",\"datePublished\":\"2019-08-14T15:14:40+00:00\",\"dateModified\":\"2019-08-14T15:17:15+00:00\",\"description\":\"L'assunzione di Maria al cielo in anima e corpo \u00e8 per noi, pellegrini sulla terra, un segno di consolazione e di sicura speranza. In lei tutta la comunit\u00e0 cristiana ha una potente avocata.\",\"breadcrumb\":{\"@id\":\"https:\/\/jp2doc.pl\/it\/2019\/08\/14\/una-visione-di-gloria-nel-pieno-dellestate\/#breadcrumb\"},\"inLanguage\":\"it-IT\",\"potentialAction\":[{\"@type\":\"ReadAction\",\"target\":[\"https:\/\/jp2doc.pl\/it\/2019\/08\/14\/una-visione-di-gloria-nel-pieno-dellestate\/\"]}]},{\"@type\":\"ImageObject\",\"inLanguage\":\"it-IT\",\"@id\":\"https:\/\/jp2doc.pl\/it\/2019\/08\/14\/una-visione-di-gloria-nel-pieno-dellestate\/#primaryimage\",\"url\":\"https:\/\/jp2doc.pl\/it\/wp-content\/uploads\/sites\/3\/2019\/08\/architecture-building-cathedral-2793048.jpg\",\"contentUrl\":\"https:\/\/jp2doc.pl\/it\/wp-content\/uploads\/sites\/3\/2019\/08\/architecture-building-cathedral-2793048.jpg\",\"width\":1280,\"height\":1919},{\"@type\":\"BreadcrumbList\",\"@id\":\"https:\/\/jp2doc.pl\/it\/2019\/08\/14\/una-visione-di-gloria-nel-pieno-dellestate\/#breadcrumb\",\"itemListElement\":[{\"@type\":\"ListItem\",\"position\":1,\"name\":\"Home\",\"item\":\"https:\/\/jp2doc.pl\/it\/\"},{\"@type\":\"ListItem\",\"position\":2,\"name\":\"Una visione di gloria nel pieno dell\u2019estate\"}]},{\"@type\":\"WebSite\",\"@id\":\"https:\/\/jp2doc.pl\/it\/#website\",\"url\":\"https:\/\/jp2doc.pl\/it\/\",\"name\":\"Centro di Documentazione e Studio del Pontificato di Giovanni Paolo II a Roma\",\"description\":\"\",\"publisher\":{\"@id\":\"https:\/\/jp2doc.pl\/it\/#organization\"},\"potentialAction\":[{\"@type\":\"SearchAction\",\"target\":{\"@type\":\"EntryPoint\",\"urlTemplate\":\"https:\/\/jp2doc.pl\/it\/?s={search_term_string}\"},\"query-input\":{\"@type\":\"PropertyValueSpecification\",\"valueRequired\":true,\"valueName\":\"search_term_string\"}}],\"inLanguage\":\"it-IT\"},{\"@type\":\"Organization\",\"@id\":\"https:\/\/jp2doc.pl\/it\/#organization\",\"name\":\"Centro di Documentazione e Studio del Pontificato di Giovanni Paolo II a Roma\",\"url\":\"https:\/\/jp2doc.pl\/it\/\",\"logo\":{\"@type\":\"ImageObject\",\"inLanguage\":\"it-IT\",\"@id\":\"https:\/\/jp2doc.pl\/it\/#\/schema\/logo\/image\/\",\"url\":\"https:\/\/jp2doc.pl\/it\/wp-content\/uploads\/sites\/3\/2017\/03\/cropped-logo.png\",\"contentUrl\":\"https:\/\/jp2doc.pl\/it\/wp-content\/uploads\/sites\/3\/2017\/03\/cropped-logo.png\",\"width\":115,\"height\":115,\"caption\":\"Centro di Documentazione e Studio del Pontificato di Giovanni Paolo II a Roma\"},\"image\":{\"@id\":\"https:\/\/jp2doc.pl\/it\/#\/schema\/logo\/image\/\"}},{\"@type\":\"Person\",\"@id\":\"https:\/\/jp2doc.pl\/it\/#\/schema\/person\/f1a6804b6b9f176835bf67cba35c4212\",\"name\":\"adobrzynski\",\"image\":{\"@type\":\"ImageObject\",\"inLanguage\":\"it-IT\",\"@id\":\"https:\/\/jp2doc.pl\/it\/#\/schema\/person\/image\/\",\"url\":\"https:\/\/secure.gravatar.com\/avatar\/6e7eb2a67f64535320a8aa3d72bc5f83c9e81f3ad1797c6abee2e7c78ed2252a?s=96&d=mm&r=g\",\"contentUrl\":\"https:\/\/secure.gravatar.com\/avatar\/6e7eb2a67f64535320a8aa3d72bc5f83c9e81f3ad1797c6abee2e7c78ed2252a?s=96&d=mm&r=g\",\"caption\":\"adobrzynski\"},\"url\":\"https:\/\/jp2doc.pl\/it\/author\/adobrzynski\/\"}]}<\/script>\n<!-- \/ Yoast SEO plugin. -->","yoast_head_json":{"title":"Una visione di gloria nel pieno dell\u2019estate - Centro di Documentazione e Studio del Pontificato di Giovanni Paolo II a Roma","description":"L'assunzione di Maria al cielo in anima e corpo \u00e8 per noi, pellegrini sulla terra, un segno di consolazione e di sicura speranza. In lei tutta la comunit\u00e0 cristiana ha una potente avocata.","robots":{"index":"index","follow":"follow","max-snippet":"max-snippet:-1","max-image-preview":"max-image-preview:large","max-video-preview":"max-video-preview:-1"},"canonical":"https:\/\/jp2doc.pl\/it\/2019\/08\/14\/una-visione-di-gloria-nel-pieno-dellestate\/","og_locale":"it_IT","og_type":"article","og_title":"Una visione di gloria nel pieno dell\u2019estate - Centro di Documentazione e Studio del Pontificato di Giovanni Paolo II a Roma","og_description":"L'assunzione di Maria al cielo in anima e corpo \u00e8 per noi, pellegrini sulla terra, un segno di consolazione e di sicura speranza. In lei tutta la comunit\u00e0 cristiana ha una potente avocata.","og_url":"https:\/\/jp2doc.pl\/it\/2019\/08\/14\/una-visione-di-gloria-nel-pieno-dellestate\/","og_site_name":"Centro di Documentazione e Studio del Pontificato di Giovanni Paolo II a Roma","article_published_time":"2019-08-14T15:14:40+00:00","article_modified_time":"2019-08-14T15:17:15+00:00","og_image":[{"width":1280,"height":1919,"url":"https:\/\/jp2doc.pl\/it\/wp-content\/uploads\/sites\/3\/2019\/08\/architecture-building-cathedral-2793048.jpg","type":"image\/jpeg"}],"author":"adobrzynski","twitter_card":"summary_large_image","twitter_misc":{"Scritto da":"adobrzynski","Tempo di lettura stimato":"3 minuti"},"schema":{"@context":"https:\/\/schema.org","@graph":[{"@type":"Article","@id":"https:\/\/jp2doc.pl\/it\/2019\/08\/14\/una-visione-di-gloria-nel-pieno-dellestate\/#article","isPartOf":{"@id":"https:\/\/jp2doc.pl\/it\/2019\/08\/14\/una-visione-di-gloria-nel-pieno-dellestate\/"},"author":{"name":"adobrzynski","@id":"https:\/\/jp2doc.pl\/it\/#\/schema\/person\/f1a6804b6b9f176835bf67cba35c4212"},"headline":"Una visione di gloria nel pieno dell\u2019estate","datePublished":"2019-08-14T15:14:40+00:00","dateModified":"2019-08-14T15:17:15+00:00","mainEntityOfPage":{"@id":"https:\/\/jp2doc.pl\/it\/2019\/08\/14\/una-visione-di-gloria-nel-pieno-dellestate\/"},"wordCount":677,"commentCount":0,"publisher":{"@id":"https:\/\/jp2doc.pl\/it\/#organization"},"image":{"@id":"https:\/\/jp2doc.pl\/it\/2019\/08\/14\/una-visione-di-gloria-nel-pieno-dellestate\/#primaryimage"},"thumbnailUrl":"https:\/\/jp2doc.pl\/it\/wp-content\/uploads\/sites\/3\/2019\/08\/architecture-building-cathedral-2793048.jpg","keywords":["Assunzione BM","vangelo"],"articleSection":["Blog","Strona g\u0142\u00f3wna - najnowsze","Strona g\u0142\u00f3wna - slider"],"inLanguage":"it-IT","potentialAction":[{"@type":"CommentAction","name":"Comment","target":["https:\/\/jp2doc.pl\/it\/2019\/08\/14\/una-visione-di-gloria-nel-pieno-dellestate\/#respond"]}]},{"@type":"WebPage","@id":"https:\/\/jp2doc.pl\/it\/2019\/08\/14\/una-visione-di-gloria-nel-pieno-dellestate\/","url":"https:\/\/jp2doc.pl\/it\/2019\/08\/14\/una-visione-di-gloria-nel-pieno-dellestate\/","name":"Una visione di gloria nel pieno dell\u2019estate - Centro di Documentazione e Studio del Pontificato di Giovanni Paolo II a Roma","isPartOf":{"@id":"https:\/\/jp2doc.pl\/it\/#website"},"primaryImageOfPage":{"@id":"https:\/\/jp2doc.pl\/it\/2019\/08\/14\/una-visione-di-gloria-nel-pieno-dellestate\/#primaryimage"},"image":{"@id":"https:\/\/jp2doc.pl\/it\/2019\/08\/14\/una-visione-di-gloria-nel-pieno-dellestate\/#primaryimage"},"thumbnailUrl":"https:\/\/jp2doc.pl\/it\/wp-content\/uploads\/sites\/3\/2019\/08\/architecture-building-cathedral-2793048.jpg","datePublished":"2019-08-14T15:14:40+00:00","dateModified":"2019-08-14T15:17:15+00:00","description":"L'assunzione di Maria al cielo in anima e corpo \u00e8 per noi, pellegrini sulla terra, un segno di consolazione e di sicura speranza. In lei tutta la comunit\u00e0 cristiana ha una potente avocata.","breadcrumb":{"@id":"https:\/\/jp2doc.pl\/it\/2019\/08\/14\/una-visione-di-gloria-nel-pieno-dellestate\/#breadcrumb"},"inLanguage":"it-IT","potentialAction":[{"@type":"ReadAction","target":["https:\/\/jp2doc.pl\/it\/2019\/08\/14\/una-visione-di-gloria-nel-pieno-dellestate\/"]}]},{"@type":"ImageObject","inLanguage":"it-IT","@id":"https:\/\/jp2doc.pl\/it\/2019\/08\/14\/una-visione-di-gloria-nel-pieno-dellestate\/#primaryimage","url":"https:\/\/jp2doc.pl\/it\/wp-content\/uploads\/sites\/3\/2019\/08\/architecture-building-cathedral-2793048.jpg","contentUrl":"https:\/\/jp2doc.pl\/it\/wp-content\/uploads\/sites\/3\/2019\/08\/architecture-building-cathedral-2793048.jpg","width":1280,"height":1919},{"@type":"BreadcrumbList","@id":"https:\/\/jp2doc.pl\/it\/2019\/08\/14\/una-visione-di-gloria-nel-pieno-dellestate\/#breadcrumb","itemListElement":[{"@type":"ListItem","position":1,"name":"Home","item":"https:\/\/jp2doc.pl\/it\/"},{"@type":"ListItem","position":2,"name":"Una visione di gloria nel pieno dell\u2019estate"}]},{"@type":"WebSite","@id":"https:\/\/jp2doc.pl\/it\/#website","url":"https:\/\/jp2doc.pl\/it\/","name":"Centro di Documentazione e Studio del Pontificato di Giovanni Paolo II a Roma","description":"","publisher":{"@id":"https:\/\/jp2doc.pl\/it\/#organization"},"potentialAction":[{"@type":"SearchAction","target":{"@type":"EntryPoint","urlTemplate":"https:\/\/jp2doc.pl\/it\/?s={search_term_string}"},"query-input":{"@type":"PropertyValueSpecification","valueRequired":true,"valueName":"search_term_string"}}],"inLanguage":"it-IT"},{"@type":"Organization","@id":"https:\/\/jp2doc.pl\/it\/#organization","name":"Centro di Documentazione e Studio del Pontificato di Giovanni Paolo II a Roma","url":"https:\/\/jp2doc.pl\/it\/","logo":{"@type":"ImageObject","inLanguage":"it-IT","@id":"https:\/\/jp2doc.pl\/it\/#\/schema\/logo\/image\/","url":"https:\/\/jp2doc.pl\/it\/wp-content\/uploads\/sites\/3\/2017\/03\/cropped-logo.png","contentUrl":"https:\/\/jp2doc.pl\/it\/wp-content\/uploads\/sites\/3\/2017\/03\/cropped-logo.png","width":115,"height":115,"caption":"Centro di Documentazione e Studio del Pontificato di Giovanni Paolo II a Roma"},"image":{"@id":"https:\/\/jp2doc.pl\/it\/#\/schema\/logo\/image\/"}},{"@type":"Person","@id":"https:\/\/jp2doc.pl\/it\/#\/schema\/person\/f1a6804b6b9f176835bf67cba35c4212","name":"adobrzynski","image":{"@type":"ImageObject","inLanguage":"it-IT","@id":"https:\/\/jp2doc.pl\/it\/#\/schema\/person\/image\/","url":"https:\/\/secure.gravatar.com\/avatar\/6e7eb2a67f64535320a8aa3d72bc5f83c9e81f3ad1797c6abee2e7c78ed2252a?s=96&d=mm&r=g","contentUrl":"https:\/\/secure.gravatar.com\/avatar\/6e7eb2a67f64535320a8aa3d72bc5f83c9e81f3ad1797c6abee2e7c78ed2252a?s=96&d=mm&r=g","caption":"adobrzynski"},"url":"https:\/\/jp2doc.pl\/it\/author\/adobrzynski\/"}]}},"_links":{"self":[{"href":"https:\/\/jp2doc.pl\/it\/wp-json\/wp\/v2\/posts\/2378","targetHints":{"allow":["GET"]}}],"collection":[{"href":"https:\/\/jp2doc.pl\/it\/wp-json\/wp\/v2\/posts"}],"about":[{"href":"https:\/\/jp2doc.pl\/it\/wp-json\/wp\/v2\/types\/post"}],"author":[{"embeddable":true,"href":"https:\/\/jp2doc.pl\/it\/wp-json\/wp\/v2\/users\/6"}],"replies":[{"embeddable":true,"href":"https:\/\/jp2doc.pl\/it\/wp-json\/wp\/v2\/comments?post=2378"}],"version-history":[{"count":1,"href":"https:\/\/jp2doc.pl\/it\/wp-json\/wp\/v2\/posts\/2378\/revisions"}],"predecessor-version":[{"id":2380,"href":"https:\/\/jp2doc.pl\/it\/wp-json\/wp\/v2\/posts\/2378\/revisions\/2380"}],"wp:featuredmedia":[{"embeddable":true,"href":"https:\/\/jp2doc.pl\/it\/wp-json\/wp\/v2\/media\/2379"}],"wp:attachment":[{"href":"https:\/\/jp2doc.pl\/it\/wp-json\/wp\/v2\/media?parent=2378"}],"wp:term":[{"taxonomy":"category","embeddable":true,"href":"https:\/\/jp2doc.pl\/it\/wp-json\/wp\/v2\/categories?post=2378"},{"taxonomy":"post_tag","embeddable":true,"href":"https:\/\/jp2doc.pl\/it\/wp-json\/wp\/v2\/tags?post=2378"}],"curies":[{"name":"wp","href":"https:\/\/api.w.org\/{rel}","templated":true}]}}