{"id":2411,"date":"2019-10-12T22:45:12","date_gmt":"2019-10-12T20:45:12","guid":{"rendered":"https:\/\/jp2doc.pl\/it\/?p=2411"},"modified":"2019-10-12T22:45:12","modified_gmt":"2019-10-12T20:45:12","slug":"la-gratitudine-apice-della-fede","status":"publish","type":"post","link":"https:\/\/jp2doc.pl\/it\/2019\/10\/12\/la-gratitudine-apice-della-fede\/","title":{"rendered":"La gratitudine apice della fede"},"content":{"rendered":"<p><em>Rif.: 2Re 5, 14-17; Sal 97\/98, 1-4; 2Tim 2, 8-13; Lc 17, 11-19<\/em><\/p>\n<p>La preghiera di Colletta ci mette in guardia: evitiamo di cercare Dio solo per la salute del corpo, Egli infatti \u00e8 disposto a darci ben pi\u00f9 di una provvisoria guarigione che, prima o poi comunque, non ci evita la morte. Oltre il corpo c\u2019\u00e8 l\u2019anima ed \u00e8 questa che pu\u00f2 innalzarci a Dio portandoci alla sua conoscenza .<\/p>\n<p>E\u2019 infatti nella conoscenza, nella sperimentazione di Dio che la fede affonda la sue radici: ne troviamo traccia gi\u00e0 dalla Prima Lettura dove si narra la guarigione del re Na\u00e0man che, lebbroso, si rivolge ad Eliseo per essere guarito.<\/p>\n<p>Il profeta non si comporta come uno sciamano, non compie riti, non si agita, non danza, non grida, anzi manda un servo a dirgli di bagnarsi sette volte nel Giordano. Trovandosi guarito Na\u00e0man esclama: \u201cOra so che non c\u2019\u00e8 Dio su tutta la terra se non in Israele\u201d. E\u2019 attraverso le opere di Dio che l\u2019uomo arriva alla conoscenza di Dio e da questa alla \u201criconoscenza\u201d. Questa ulteriore progressione spinge a \u201ctornare\u201d (ricompare il leitmotiv del \u201critorno\u201d o \u201cconversione\u201d) e ad instaurare con Dio un rapporto di gratitudine che ne canta la bont\u00e0, la misericordia, la compassione: \u201cCantate al Signore un canto nuovo perch\u00e9 ha compiuto meraviglie\u201d \u00e8 la riconoscente preghiera del salmista.<\/p>\n<p>Opere che Cristo \u00e8 venuto a rendere evidenti e tangibili come \u00e8 narrato nel brano odierno. Dieci lebbrosi, tenendosi distanti, secondo le prescrizioni dell\u2019epoca, invocano la guarigione. La condizione del lebbroso era infatti penosa, oltre alle sofferenze infatti, egli era soggetto al pubblico disprezzo e disonore perch\u00e9 ritenuto punito da Dio per i propri peccati. Obbligato ad andare in giro con vesti lacere, simbolo della lacerazione da Dio e dalla comunit\u00e0, egli era letteralmente un emarginato, uno \u201cscomunicato\u201d costretto a dichiarare gridando la propria condizione di \u201cimpuro\u201d.<\/p>\n<p>Ges\u00f9 apparentemente sembra non avere per loro una particolare cura e ordina di recarsi dal sacerdote affinch\u00e9 verifichi la loro condizione e, dichiarandoli sanati, li riammetta in seno alla comunit\u00e0 religiosa e sociale. Mentre essi camminano si ritrovano guariti ed uno solo, un samaritano, considerato straniero e nemico, torna indietro a ringraziare Dio nella persona di Cristo, infatti gli si prostra davanti e lo ringrazia. Non sono stati guariti tutti? Si chiede Cristo. Continua cos\u00ec la riflessione sulla fede che ci spinge a domandarci quando essa pu\u00f2 dirsi veramente tale. Fede \u00e8 quel bisogno di rivolgersi ad una potenza superiore affinch\u00e9 risolva problemi e malattie e poi basta cos\u00ec? O non \u00e8 piuttosto acquisire la consapevolezza che Dio ascolta ed interpellato si fa ancor pi\u00f9 vicino all\u2019uomo? Allora la fede vera \u00e8 quella che ci fa passare dalla richiesta al ringraziamento e ci fa riconoscere in Cristo colui che il Padre ha inviato per darci molto pi\u00f9 della guarigione fisica: la salvezza eterna. Fede \u00e8 prostrarsi con il lebbroso per rendere grazie, \u00e8 unirsi a Cristo che ha fatto di tutta la sua vita un \u201crendimento di grazie\u201d anche quando il suo corpo sofferente veniva offerto e donato per la nostra salvezza. La fede ci fa partecipare al sacrificio eucaristico come al \u201csupremo rendimento di grazie\u201d a Dio per Cristo, con Cristo e in Cristo.<\/p>\n<p>Fede \u00e8 ringraziare per gli innumerevoli doni ricevuti quali la vita, la bellezza che ci circonda e l\u2019arte che la esprime, l\u2019amore e la musica che lo canta, le persone che incontriamo perch\u00e9 ognuna ci arricchisce di esperienza e di sentimenti. Fede \u00e8 ringraziare anche per il dolore e la malattia che ci permette di misurare la nostra debolezza, che ci fa avere bisogno degli altri insegnandoci che nella vita si d\u00e0 ma si riceve anche ed in questo equilibrio in cui si alternano gioie e dolori scorre il nostro tempo terreno, tempo della fede e della speranza, tempo della conoscenza di Dio che ci viene incontro. Tempo del nostro grazie riconoscente!<\/p>\n<p><strong>L.R.<\/strong><\/p>\n<p><em>Fot. Brennan Wolf\/Unsplash.com<\/em><\/p>\n","protected":false},"excerpt":{"rendered":"<p>XXVIII Domenica del Tempo Ordinario<\/p>\n","protected":false},"author":5,"featured_media":2412,"comment_status":"open","ping_status":"open","sticky":false,"template":"","format":"standard","meta":{"_acf_changed":false,"_exactmetrics_skip_tracking":false,"_exactmetrics_sitenote_active":false,"_exactmetrics_sitenote_note":"","_exactmetrics_sitenote_category":0,"footnotes":""},"categories":[4,13,14],"tags":[36,285,82,207],"class_list":["post-2411","post","type-post","status-publish","format-standard","has-post-thumbnail","hentry","category-blog","category-strona-glowna-najnowsze","category-strona-glowna-slider","tag-fede","tag-lebbra","tag-lisetta_romano","tag-vita"],"acf":[],"yoast_head":"<!-- This site is optimized with the Yoast SEO plugin v26.2 - https:\/\/yoast.com\/wordpress\/plugins\/seo\/ -->\n<title>La gratitudine apice della fede - Centro di Documentazione e Studio del Pontificato di Giovanni Paolo II a Roma<\/title>\n<meta name=\"robots\" content=\"index, follow, max-snippet:-1, max-image-preview:large, max-video-preview:-1\" \/>\n<link rel=\"canonical\" href=\"https:\/\/jp2doc.pl\/it\/2019\/10\/12\/la-gratitudine-apice-della-fede\/\" \/>\n<meta property=\"og:locale\" content=\"it_IT\" \/>\n<meta property=\"og:type\" content=\"article\" \/>\n<meta property=\"og:title\" content=\"La gratitudine apice della fede - Centro di Documentazione e Studio del Pontificato di Giovanni Paolo II a Roma\" \/>\n<meta property=\"og:description\" content=\"XXVIII Domenica del Tempo Ordinario\" \/>\n<meta property=\"og:url\" content=\"https:\/\/jp2doc.pl\/it\/2019\/10\/12\/la-gratitudine-apice-della-fede\/\" \/>\n<meta property=\"og:site_name\" content=\"Centro di Documentazione e Studio del Pontificato di Giovanni Paolo II a Roma\" \/>\n<meta property=\"article:published_time\" content=\"2019-10-12T20:45:12+00:00\" \/>\n<meta property=\"og:image\" content=\"https:\/\/jp2doc.pl\/it\/wp-content\/uploads\/sites\/3\/2019\/10\/brennan-wolf-wJm9AmG_nYo-unsplash.jpg\" \/>\n\t<meta property=\"og:image:width\" content=\"1440\" \/>\n\t<meta property=\"og:image:height\" content=\"960\" \/>\n\t<meta property=\"og:image:type\" content=\"image\/jpeg\" \/>\n<meta name=\"author\" content=\"juliasercanka\" \/>\n<meta name=\"twitter:card\" content=\"summary_large_image\" \/>\n<meta name=\"twitter:label1\" content=\"Scritto da\" \/>\n\t<meta name=\"twitter:data1\" content=\"juliasercanka\" \/>\n\t<meta name=\"twitter:label2\" content=\"Tempo di lettura stimato\" \/>\n\t<meta name=\"twitter:data2\" content=\"3 minuti\" \/>\n<script type=\"application\/ld+json\" class=\"yoast-schema-graph\">{\"@context\":\"https:\/\/schema.org\",\"@graph\":[{\"@type\":\"Article\",\"@id\":\"https:\/\/jp2doc.pl\/it\/2019\/10\/12\/la-gratitudine-apice-della-fede\/#article\",\"isPartOf\":{\"@id\":\"https:\/\/jp2doc.pl\/it\/2019\/10\/12\/la-gratitudine-apice-della-fede\/\"},\"author\":{\"name\":\"juliasercanka\",\"@id\":\"https:\/\/jp2doc.pl\/it\/#\/schema\/person\/6110109e80abb51f6fac4824777eabfe\"},\"headline\":\"La gratitudine apice della fede\",\"datePublished\":\"2019-10-12T20:45:12+00:00\",\"mainEntityOfPage\":{\"@id\":\"https:\/\/jp2doc.pl\/it\/2019\/10\/12\/la-gratitudine-apice-della-fede\/\"},\"wordCount\":650,\"commentCount\":0,\"publisher\":{\"@id\":\"https:\/\/jp2doc.pl\/it\/#organization\"},\"image\":{\"@id\":\"https:\/\/jp2doc.pl\/it\/2019\/10\/12\/la-gratitudine-apice-della-fede\/#primaryimage\"},\"thumbnailUrl\":\"https:\/\/jp2doc.pl\/it\/wp-content\/uploads\/sites\/3\/2019\/10\/brennan-wolf-wJm9AmG_nYo-unsplash.jpg\",\"keywords\":[\"fede\",\"lebbra\",\"Lisetta_Romano\",\"vita\"],\"articleSection\":[\"Blog\",\"Strona g\u0142\u00f3wna - najnowsze\",\"Strona g\u0142\u00f3wna - slider\"],\"inLanguage\":\"it-IT\",\"potentialAction\":[{\"@type\":\"CommentAction\",\"name\":\"Comment\",\"target\":[\"https:\/\/jp2doc.pl\/it\/2019\/10\/12\/la-gratitudine-apice-della-fede\/#respond\"]}]},{\"@type\":\"WebPage\",\"@id\":\"https:\/\/jp2doc.pl\/it\/2019\/10\/12\/la-gratitudine-apice-della-fede\/\",\"url\":\"https:\/\/jp2doc.pl\/it\/2019\/10\/12\/la-gratitudine-apice-della-fede\/\",\"name\":\"La gratitudine apice della fede - Centro di Documentazione e Studio del Pontificato di Giovanni Paolo II a Roma\",\"isPartOf\":{\"@id\":\"https:\/\/jp2doc.pl\/it\/#website\"},\"primaryImageOfPage\":{\"@id\":\"https:\/\/jp2doc.pl\/it\/2019\/10\/12\/la-gratitudine-apice-della-fede\/#primaryimage\"},\"image\":{\"@id\":\"https:\/\/jp2doc.pl\/it\/2019\/10\/12\/la-gratitudine-apice-della-fede\/#primaryimage\"},\"thumbnailUrl\":\"https:\/\/jp2doc.pl\/it\/wp-content\/uploads\/sites\/3\/2019\/10\/brennan-wolf-wJm9AmG_nYo-unsplash.jpg\",\"datePublished\":\"2019-10-12T20:45:12+00:00\",\"breadcrumb\":{\"@id\":\"https:\/\/jp2doc.pl\/it\/2019\/10\/12\/la-gratitudine-apice-della-fede\/#breadcrumb\"},\"inLanguage\":\"it-IT\",\"potentialAction\":[{\"@type\":\"ReadAction\",\"target\":[\"https:\/\/jp2doc.pl\/it\/2019\/10\/12\/la-gratitudine-apice-della-fede\/\"]}]},{\"@type\":\"ImageObject\",\"inLanguage\":\"it-IT\",\"@id\":\"https:\/\/jp2doc.pl\/it\/2019\/10\/12\/la-gratitudine-apice-della-fede\/#primaryimage\",\"url\":\"https:\/\/jp2doc.pl\/it\/wp-content\/uploads\/sites\/3\/2019\/10\/brennan-wolf-wJm9AmG_nYo-unsplash.jpg\",\"contentUrl\":\"https:\/\/jp2doc.pl\/it\/wp-content\/uploads\/sites\/3\/2019\/10\/brennan-wolf-wJm9AmG_nYo-unsplash.jpg\",\"width\":1440,\"height\":960},{\"@type\":\"BreadcrumbList\",\"@id\":\"https:\/\/jp2doc.pl\/it\/2019\/10\/12\/la-gratitudine-apice-della-fede\/#breadcrumb\",\"itemListElement\":[{\"@type\":\"ListItem\",\"position\":1,\"name\":\"Home\",\"item\":\"https:\/\/jp2doc.pl\/it\/\"},{\"@type\":\"ListItem\",\"position\":2,\"name\":\"La gratitudine apice della fede\"}]},{\"@type\":\"WebSite\",\"@id\":\"https:\/\/jp2doc.pl\/it\/#website\",\"url\":\"https:\/\/jp2doc.pl\/it\/\",\"name\":\"Centro di Documentazione e Studio del Pontificato di Giovanni Paolo II a Roma\",\"description\":\"\",\"publisher\":{\"@id\":\"https:\/\/jp2doc.pl\/it\/#organization\"},\"potentialAction\":[{\"@type\":\"SearchAction\",\"target\":{\"@type\":\"EntryPoint\",\"urlTemplate\":\"https:\/\/jp2doc.pl\/it\/?s={search_term_string}\"},\"query-input\":{\"@type\":\"PropertyValueSpecification\",\"valueRequired\":true,\"valueName\":\"search_term_string\"}}],\"inLanguage\":\"it-IT\"},{\"@type\":\"Organization\",\"@id\":\"https:\/\/jp2doc.pl\/it\/#organization\",\"name\":\"Centro di Documentazione e Studio del Pontificato di Giovanni Paolo II a Roma\",\"url\":\"https:\/\/jp2doc.pl\/it\/\",\"logo\":{\"@type\":\"ImageObject\",\"inLanguage\":\"it-IT\",\"@id\":\"https:\/\/jp2doc.pl\/it\/#\/schema\/logo\/image\/\",\"url\":\"https:\/\/jp2doc.pl\/it\/wp-content\/uploads\/sites\/3\/2017\/03\/cropped-logo.png\",\"contentUrl\":\"https:\/\/jp2doc.pl\/it\/wp-content\/uploads\/sites\/3\/2017\/03\/cropped-logo.png\",\"width\":115,\"height\":115,\"caption\":\"Centro di Documentazione e Studio del Pontificato di Giovanni Paolo II a Roma\"},\"image\":{\"@id\":\"https:\/\/jp2doc.pl\/it\/#\/schema\/logo\/image\/\"}},{\"@type\":\"Person\",\"@id\":\"https:\/\/jp2doc.pl\/it\/#\/schema\/person\/6110109e80abb51f6fac4824777eabfe\",\"name\":\"juliasercanka\",\"image\":{\"@type\":\"ImageObject\",\"inLanguage\":\"it-IT\",\"@id\":\"https:\/\/jp2doc.pl\/it\/#\/schema\/person\/image\/\",\"url\":\"https:\/\/secure.gravatar.com\/avatar\/266a66e864556e22d55d61b6b10c97fab9060767b738564bcd109f3997e372bc?s=96&d=mm&r=g\",\"contentUrl\":\"https:\/\/secure.gravatar.com\/avatar\/266a66e864556e22d55d61b6b10c97fab9060767b738564bcd109f3997e372bc?s=96&d=mm&r=g\",\"caption\":\"juliasercanka\"},\"url\":\"https:\/\/jp2doc.pl\/it\/author\/juliasercanka\/\"}]}<\/script>\n<!-- \/ Yoast SEO plugin. -->","yoast_head_json":{"title":"La gratitudine apice della fede - Centro di Documentazione e Studio del Pontificato di Giovanni Paolo II a Roma","robots":{"index":"index","follow":"follow","max-snippet":"max-snippet:-1","max-image-preview":"max-image-preview:large","max-video-preview":"max-video-preview:-1"},"canonical":"https:\/\/jp2doc.pl\/it\/2019\/10\/12\/la-gratitudine-apice-della-fede\/","og_locale":"it_IT","og_type":"article","og_title":"La gratitudine apice della fede - Centro di Documentazione e Studio del Pontificato di Giovanni Paolo II a Roma","og_description":"XXVIII Domenica del Tempo Ordinario","og_url":"https:\/\/jp2doc.pl\/it\/2019\/10\/12\/la-gratitudine-apice-della-fede\/","og_site_name":"Centro di Documentazione e Studio del Pontificato di Giovanni Paolo II a Roma","article_published_time":"2019-10-12T20:45:12+00:00","og_image":[{"width":1440,"height":960,"url":"https:\/\/jp2doc.pl\/it\/wp-content\/uploads\/sites\/3\/2019\/10\/brennan-wolf-wJm9AmG_nYo-unsplash.jpg","type":"image\/jpeg"}],"author":"juliasercanka","twitter_card":"summary_large_image","twitter_misc":{"Scritto da":"juliasercanka","Tempo di lettura stimato":"3 minuti"},"schema":{"@context":"https:\/\/schema.org","@graph":[{"@type":"Article","@id":"https:\/\/jp2doc.pl\/it\/2019\/10\/12\/la-gratitudine-apice-della-fede\/#article","isPartOf":{"@id":"https:\/\/jp2doc.pl\/it\/2019\/10\/12\/la-gratitudine-apice-della-fede\/"},"author":{"name":"juliasercanka","@id":"https:\/\/jp2doc.pl\/it\/#\/schema\/person\/6110109e80abb51f6fac4824777eabfe"},"headline":"La gratitudine apice della fede","datePublished":"2019-10-12T20:45:12+00:00","mainEntityOfPage":{"@id":"https:\/\/jp2doc.pl\/it\/2019\/10\/12\/la-gratitudine-apice-della-fede\/"},"wordCount":650,"commentCount":0,"publisher":{"@id":"https:\/\/jp2doc.pl\/it\/#organization"},"image":{"@id":"https:\/\/jp2doc.pl\/it\/2019\/10\/12\/la-gratitudine-apice-della-fede\/#primaryimage"},"thumbnailUrl":"https:\/\/jp2doc.pl\/it\/wp-content\/uploads\/sites\/3\/2019\/10\/brennan-wolf-wJm9AmG_nYo-unsplash.jpg","keywords":["fede","lebbra","Lisetta_Romano","vita"],"articleSection":["Blog","Strona g\u0142\u00f3wna - najnowsze","Strona g\u0142\u00f3wna - slider"],"inLanguage":"it-IT","potentialAction":[{"@type":"CommentAction","name":"Comment","target":["https:\/\/jp2doc.pl\/it\/2019\/10\/12\/la-gratitudine-apice-della-fede\/#respond"]}]},{"@type":"WebPage","@id":"https:\/\/jp2doc.pl\/it\/2019\/10\/12\/la-gratitudine-apice-della-fede\/","url":"https:\/\/jp2doc.pl\/it\/2019\/10\/12\/la-gratitudine-apice-della-fede\/","name":"La gratitudine apice della fede - Centro di Documentazione e Studio del Pontificato di Giovanni Paolo II a Roma","isPartOf":{"@id":"https:\/\/jp2doc.pl\/it\/#website"},"primaryImageOfPage":{"@id":"https:\/\/jp2doc.pl\/it\/2019\/10\/12\/la-gratitudine-apice-della-fede\/#primaryimage"},"image":{"@id":"https:\/\/jp2doc.pl\/it\/2019\/10\/12\/la-gratitudine-apice-della-fede\/#primaryimage"},"thumbnailUrl":"https:\/\/jp2doc.pl\/it\/wp-content\/uploads\/sites\/3\/2019\/10\/brennan-wolf-wJm9AmG_nYo-unsplash.jpg","datePublished":"2019-10-12T20:45:12+00:00","breadcrumb":{"@id":"https:\/\/jp2doc.pl\/it\/2019\/10\/12\/la-gratitudine-apice-della-fede\/#breadcrumb"},"inLanguage":"it-IT","potentialAction":[{"@type":"ReadAction","target":["https:\/\/jp2doc.pl\/it\/2019\/10\/12\/la-gratitudine-apice-della-fede\/"]}]},{"@type":"ImageObject","inLanguage":"it-IT","@id":"https:\/\/jp2doc.pl\/it\/2019\/10\/12\/la-gratitudine-apice-della-fede\/#primaryimage","url":"https:\/\/jp2doc.pl\/it\/wp-content\/uploads\/sites\/3\/2019\/10\/brennan-wolf-wJm9AmG_nYo-unsplash.jpg","contentUrl":"https:\/\/jp2doc.pl\/it\/wp-content\/uploads\/sites\/3\/2019\/10\/brennan-wolf-wJm9AmG_nYo-unsplash.jpg","width":1440,"height":960},{"@type":"BreadcrumbList","@id":"https:\/\/jp2doc.pl\/it\/2019\/10\/12\/la-gratitudine-apice-della-fede\/#breadcrumb","itemListElement":[{"@type":"ListItem","position":1,"name":"Home","item":"https:\/\/jp2doc.pl\/it\/"},{"@type":"ListItem","position":2,"name":"La gratitudine apice della fede"}]},{"@type":"WebSite","@id":"https:\/\/jp2doc.pl\/it\/#website","url":"https:\/\/jp2doc.pl\/it\/","name":"Centro di Documentazione e Studio del Pontificato di Giovanni Paolo II a Roma","description":"","publisher":{"@id":"https:\/\/jp2doc.pl\/it\/#organization"},"potentialAction":[{"@type":"SearchAction","target":{"@type":"EntryPoint","urlTemplate":"https:\/\/jp2doc.pl\/it\/?s={search_term_string}"},"query-input":{"@type":"PropertyValueSpecification","valueRequired":true,"valueName":"search_term_string"}}],"inLanguage":"it-IT"},{"@type":"Organization","@id":"https:\/\/jp2doc.pl\/it\/#organization","name":"Centro di Documentazione e Studio del Pontificato di Giovanni Paolo II a Roma","url":"https:\/\/jp2doc.pl\/it\/","logo":{"@type":"ImageObject","inLanguage":"it-IT","@id":"https:\/\/jp2doc.pl\/it\/#\/schema\/logo\/image\/","url":"https:\/\/jp2doc.pl\/it\/wp-content\/uploads\/sites\/3\/2017\/03\/cropped-logo.png","contentUrl":"https:\/\/jp2doc.pl\/it\/wp-content\/uploads\/sites\/3\/2017\/03\/cropped-logo.png","width":115,"height":115,"caption":"Centro di Documentazione e Studio del Pontificato di Giovanni Paolo II a Roma"},"image":{"@id":"https:\/\/jp2doc.pl\/it\/#\/schema\/logo\/image\/"}},{"@type":"Person","@id":"https:\/\/jp2doc.pl\/it\/#\/schema\/person\/6110109e80abb51f6fac4824777eabfe","name":"juliasercanka","image":{"@type":"ImageObject","inLanguage":"it-IT","@id":"https:\/\/jp2doc.pl\/it\/#\/schema\/person\/image\/","url":"https:\/\/secure.gravatar.com\/avatar\/266a66e864556e22d55d61b6b10c97fab9060767b738564bcd109f3997e372bc?s=96&d=mm&r=g","contentUrl":"https:\/\/secure.gravatar.com\/avatar\/266a66e864556e22d55d61b6b10c97fab9060767b738564bcd109f3997e372bc?s=96&d=mm&r=g","caption":"juliasercanka"},"url":"https:\/\/jp2doc.pl\/it\/author\/juliasercanka\/"}]}},"_links":{"self":[{"href":"https:\/\/jp2doc.pl\/it\/wp-json\/wp\/v2\/posts\/2411","targetHints":{"allow":["GET"]}}],"collection":[{"href":"https:\/\/jp2doc.pl\/it\/wp-json\/wp\/v2\/posts"}],"about":[{"href":"https:\/\/jp2doc.pl\/it\/wp-json\/wp\/v2\/types\/post"}],"author":[{"embeddable":true,"href":"https:\/\/jp2doc.pl\/it\/wp-json\/wp\/v2\/users\/5"}],"replies":[{"embeddable":true,"href":"https:\/\/jp2doc.pl\/it\/wp-json\/wp\/v2\/comments?post=2411"}],"version-history":[{"count":1,"href":"https:\/\/jp2doc.pl\/it\/wp-json\/wp\/v2\/posts\/2411\/revisions"}],"predecessor-version":[{"id":2413,"href":"https:\/\/jp2doc.pl\/it\/wp-json\/wp\/v2\/posts\/2411\/revisions\/2413"}],"wp:featuredmedia":[{"embeddable":true,"href":"https:\/\/jp2doc.pl\/it\/wp-json\/wp\/v2\/media\/2412"}],"wp:attachment":[{"href":"https:\/\/jp2doc.pl\/it\/wp-json\/wp\/v2\/media?parent=2411"}],"wp:term":[{"taxonomy":"category","embeddable":true,"href":"https:\/\/jp2doc.pl\/it\/wp-json\/wp\/v2\/categories?post=2411"},{"taxonomy":"post_tag","embeddable":true,"href":"https:\/\/jp2doc.pl\/it\/wp-json\/wp\/v2\/tags?post=2411"}],"curies":[{"name":"wp","href":"https:\/\/api.w.org\/{rel}","templated":true}]}}