{"id":2415,"date":"2019-10-19T09:45:26","date_gmt":"2019-10-19T07:45:26","guid":{"rendered":"https:\/\/jp2doc.pl\/it\/?p=2415"},"modified":"2019-10-26T23:21:22","modified_gmt":"2019-10-26T21:21:22","slug":"la-preghiera-espressione-della-fede","status":"publish","type":"post","link":"https:\/\/jp2doc.pl\/it\/2019\/10\/19\/la-preghiera-espressione-della-fede\/","title":{"rendered":"La preghiera: espressione della fede"},"content":{"rendered":"<p><em>Rif.: Es 17, 8-13a; Sal 120, 1-8; 2Tm 3, 14-4, 2; Lc 18, 1-8<\/em><\/p>\n<p>La lunga catechesi sulla fede approda nel tema della preghiera e le letture ce ne offrono due esempi: quella di Mos\u00e8 che, senza parole, tende le braccia al cielo e quella assillante e importuna della vedova che chiede giustizia. Cosa accomuna questi due atteggiamenti cos\u00ec distanti tra loro? Quella di Mos\u00e8 infatti \u00e8 una preghiera che non ha bisogno di parole: egli sta ritto sulla cima del monte con le braccia alzate in una tensione quasi \u201cfisica\u201d verso il cielo; l\u2019altra, quella della vedova, invece \u00e8 fatta di parole che continuamente chiedono la stessa cosa: giustizia, giustizia, giustizia, fino a sfinire il giudice che, ormai stanco di quella ostinazione, la accontenta. Entrambe sono accolte, entrambe ottengono il risultato sperato, questo ci dice che non ci sono regole che indichino un modo di pregare pi\u00f9 efficace di un\u2019altro se non la perseveranza. Lo afferma infatti la stessa premessa evangelica: \u201cGes\u00f9 diceva ai suoi discepoli una parabola sulla necessit\u00e0 di pregare sempre, senza stancarsi mai\u201d. Quando Mos\u00e8 infatti, preso dalla stanchezza, abbassava le braccia Israele perdeva la battaglia e se la vedova si fosse stancata di andare dal giudice ogni giorno egli, che era disonesto, non avrebbe aderito alla sua richiesta. I personaggi, le situazioni e i modi diversi ci dicono innanzitutto che la preghiera \u00e8 un\u2019espressione del tutto personale che acquista un forma esteriore a secondo del proprio modo di essere. Essa scaturisce dall\u2019intimo bisogno di Dio e diventa il luogo spirituale nel quale Dio ascolta l\u2019uomo e l\u2019uomo parla con Dio presentandogli la propria vita e le proprie necessit\u00e0. Preghiera \u00e8 il luogo dove la fede che ci fa rivolgere a Dio si trasforma nella speranza di essere benevolmente accolti, dove scopriamo di avere bisogno dei nostri fratelli cos\u00ec come Mos\u00e8, sul colle, ebbe bisogno di essere sostenuto nella sua debolezza. Preghiera \u00e8 combattimento contro la tentazione di poter fare da soli, \u00e8 lotta contro la pigrizia e la disperazione, \u00e8 comunione con i fratelli, \u00e8 attesa vigile dell\u2019avvento di Dio. La preghiera \u00e8 efficace quando giorno per giorno si rinnova, acquista vigore se \u00e8 sostenuta da una fede forte che sa attendere senza lasciarsi vincere dal dubbio, senza cercare altri dei da servire e onorare.<\/p>\n<p>La frase conclusiva di Ges\u00f9 \u201cMa il Figlio dell\u2019uomo, quando verr\u00e0, trover\u00e0 la fede sulla terra?\u201d ci dice per\u00f2 che la preghiera deve essere animata dalla fede. Senza la fede infatti la preghiera diventa una sterile formula pari ad uno scongiuro e la liturgia una drammatica e vuota rappresentazione. Se non c\u2019\u00e8 la fede non c\u2019\u00e8 colloquio, non c\u2019\u00e8 incontro e Colui che attende \u201calla nostra porta e bussa\u201d rimane un qualunque sconosciuto che ci rifiutiamo di accogliere.<\/p>\n<p>La preghiera \u201cspalanca le porte a Cristo\u201d perch\u00e9 venga ad abitare in noi, in quel luogo sconosciuto e buio che \u00e8 il nostro cuore e senza la fede che la anima la preghiera diventa il solitario vaniloquio di un insensato.<\/p>\n<blockquote><p>Signore venuto a cercarmi<\/p>\n<p>fa\u2019 che io mi lasci trovare da Te.<\/p>\n<p>Signore venuto a salvarmi<\/p>\n<p>fa\u2019 che io non opponga resistenza al tuo aiuto.<\/p>\n<p>Signore che dall\u2019alto<\/p>\n<p>scruti le profondit\u00e0 del mio cuore<\/p>\n<p>fa\u2019 che io non mi nasconda<\/p>\n<p>al tuo sguardo.<\/p>\n<p>Signore che sei venuto ad amarmi<\/p>\n<p>fa\u2019 che anch\u2019io ti ami<\/p>\n<p>e amandoti ti attenda,<\/p>\n<p>attendendoti ancor pi\u00f9 ti ami.<\/p><\/blockquote>\n<p>L.R.<\/p>\n<p>Fot. Jenny Marvin\/Unsplash.com<\/p>\n<p>&nbsp;<\/p>\n<p>&nbsp;<\/p>\n","protected":false},"excerpt":{"rendered":"<p>XXIX Domenica del Tempo Ordinario<\/p>\n","protected":false},"author":5,"featured_media":2416,"comment_status":"open","ping_status":"open","sticky":false,"template":"","format":"standard","meta":{"_acf_changed":false,"_exactmetrics_skip_tracking":false,"_exactmetrics_sitenote_active":false,"_exactmetrics_sitenote_note":"","_exactmetrics_sitenote_category":0,"footnotes":""},"categories":[4,13,14],"tags":[287,86,286,288],"class_list":["post-2415","post","type-post","status-publish","format-standard","has-post-thumbnail","hentry","category-blog","category-strona-glowna-najnowsze","category-strona-glowna-slider","tag-ami","tag-lisetta-romano","tag-preghiera","tag-sguaro"],"acf":[],"yoast_head":"<!-- This site is optimized with the Yoast SEO plugin v26.2 - https:\/\/yoast.com\/wordpress\/plugins\/seo\/ -->\n<title>La preghiera: espressione della fede - Centro di Documentazione e Studio del Pontificato di Giovanni Paolo II a Roma<\/title>\n<meta name=\"robots\" content=\"index, follow, max-snippet:-1, max-image-preview:large, max-video-preview:-1\" \/>\n<link rel=\"canonical\" href=\"https:\/\/jp2doc.pl\/it\/2019\/10\/19\/la-preghiera-espressione-della-fede\/\" \/>\n<meta property=\"og:locale\" content=\"it_IT\" \/>\n<meta property=\"og:type\" content=\"article\" \/>\n<meta property=\"og:title\" content=\"La preghiera: espressione della fede - Centro di Documentazione e Studio del Pontificato di Giovanni Paolo II a Roma\" \/>\n<meta property=\"og:description\" content=\"XXIX Domenica del Tempo Ordinario\" \/>\n<meta property=\"og:url\" content=\"https:\/\/jp2doc.pl\/it\/2019\/10\/19\/la-preghiera-espressione-della-fede\/\" \/>\n<meta property=\"og:site_name\" content=\"Centro di Documentazione e Studio del Pontificato di Giovanni Paolo II a Roma\" \/>\n<meta property=\"article:published_time\" content=\"2019-10-19T07:45:26+00:00\" \/>\n<meta property=\"article:modified_time\" content=\"2019-10-26T21:21:22+00:00\" \/>\n<meta property=\"og:image\" content=\"https:\/\/jp2doc.pl\/it\/wp-content\/uploads\/sites\/3\/2019\/10\/jenny-marvin-tDjCxzRBk64-unsplash.jpg\" \/>\n\t<meta property=\"og:image:width\" content=\"1629\" \/>\n\t<meta property=\"og:image:height\" content=\"1086\" \/>\n\t<meta property=\"og:image:type\" content=\"image\/jpeg\" \/>\n<meta name=\"author\" content=\"juliasercanka\" \/>\n<meta name=\"twitter:card\" content=\"summary_large_image\" \/>\n<meta name=\"twitter:label1\" content=\"Scritto da\" \/>\n\t<meta name=\"twitter:data1\" content=\"juliasercanka\" \/>\n\t<meta name=\"twitter:label2\" content=\"Tempo di lettura stimato\" \/>\n\t<meta name=\"twitter:data2\" content=\"3 minuti\" \/>\n<script type=\"application\/ld+json\" class=\"yoast-schema-graph\">{\"@context\":\"https:\/\/schema.org\",\"@graph\":[{\"@type\":\"Article\",\"@id\":\"https:\/\/jp2doc.pl\/it\/2019\/10\/19\/la-preghiera-espressione-della-fede\/#article\",\"isPartOf\":{\"@id\":\"https:\/\/jp2doc.pl\/it\/2019\/10\/19\/la-preghiera-espressione-della-fede\/\"},\"author\":{\"name\":\"juliasercanka\",\"@id\":\"https:\/\/jp2doc.pl\/it\/#\/schema\/person\/6110109e80abb51f6fac4824777eabfe\"},\"headline\":\"La preghiera: espressione della fede\",\"datePublished\":\"2019-10-19T07:45:26+00:00\",\"dateModified\":\"2019-10-26T21:21:22+00:00\",\"mainEntityOfPage\":{\"@id\":\"https:\/\/jp2doc.pl\/it\/2019\/10\/19\/la-preghiera-espressione-della-fede\/\"},\"wordCount\":570,\"commentCount\":0,\"publisher\":{\"@id\":\"https:\/\/jp2doc.pl\/it\/#organization\"},\"image\":{\"@id\":\"https:\/\/jp2doc.pl\/it\/2019\/10\/19\/la-preghiera-espressione-della-fede\/#primaryimage\"},\"thumbnailUrl\":\"https:\/\/jp2doc.pl\/it\/wp-content\/uploads\/sites\/3\/2019\/10\/jenny-marvin-tDjCxzRBk64-unsplash.jpg\",\"keywords\":[\"ami\",\"Lisetta Romano\",\"preghiera\",\"sguaro\"],\"articleSection\":[\"Blog\",\"Strona g\u0142\u00f3wna - najnowsze\",\"Strona g\u0142\u00f3wna - slider\"],\"inLanguage\":\"it-IT\",\"potentialAction\":[{\"@type\":\"CommentAction\",\"name\":\"Comment\",\"target\":[\"https:\/\/jp2doc.pl\/it\/2019\/10\/19\/la-preghiera-espressione-della-fede\/#respond\"]}]},{\"@type\":\"WebPage\",\"@id\":\"https:\/\/jp2doc.pl\/it\/2019\/10\/19\/la-preghiera-espressione-della-fede\/\",\"url\":\"https:\/\/jp2doc.pl\/it\/2019\/10\/19\/la-preghiera-espressione-della-fede\/\",\"name\":\"La preghiera: espressione della fede - Centro di Documentazione e Studio del Pontificato di Giovanni Paolo II a Roma\",\"isPartOf\":{\"@id\":\"https:\/\/jp2doc.pl\/it\/#website\"},\"primaryImageOfPage\":{\"@id\":\"https:\/\/jp2doc.pl\/it\/2019\/10\/19\/la-preghiera-espressione-della-fede\/#primaryimage\"},\"image\":{\"@id\":\"https:\/\/jp2doc.pl\/it\/2019\/10\/19\/la-preghiera-espressione-della-fede\/#primaryimage\"},\"thumbnailUrl\":\"https:\/\/jp2doc.pl\/it\/wp-content\/uploads\/sites\/3\/2019\/10\/jenny-marvin-tDjCxzRBk64-unsplash.jpg\",\"datePublished\":\"2019-10-19T07:45:26+00:00\",\"dateModified\":\"2019-10-26T21:21:22+00:00\",\"breadcrumb\":{\"@id\":\"https:\/\/jp2doc.pl\/it\/2019\/10\/19\/la-preghiera-espressione-della-fede\/#breadcrumb\"},\"inLanguage\":\"it-IT\",\"potentialAction\":[{\"@type\":\"ReadAction\",\"target\":[\"https:\/\/jp2doc.pl\/it\/2019\/10\/19\/la-preghiera-espressione-della-fede\/\"]}]},{\"@type\":\"ImageObject\",\"inLanguage\":\"it-IT\",\"@id\":\"https:\/\/jp2doc.pl\/it\/2019\/10\/19\/la-preghiera-espressione-della-fede\/#primaryimage\",\"url\":\"https:\/\/jp2doc.pl\/it\/wp-content\/uploads\/sites\/3\/2019\/10\/jenny-marvin-tDjCxzRBk64-unsplash.jpg\",\"contentUrl\":\"https:\/\/jp2doc.pl\/it\/wp-content\/uploads\/sites\/3\/2019\/10\/jenny-marvin-tDjCxzRBk64-unsplash.jpg\",\"width\":1629,\"height\":1086},{\"@type\":\"BreadcrumbList\",\"@id\":\"https:\/\/jp2doc.pl\/it\/2019\/10\/19\/la-preghiera-espressione-della-fede\/#breadcrumb\",\"itemListElement\":[{\"@type\":\"ListItem\",\"position\":1,\"name\":\"Home\",\"item\":\"https:\/\/jp2doc.pl\/it\/\"},{\"@type\":\"ListItem\",\"position\":2,\"name\":\"La preghiera: espressione della fede\"}]},{\"@type\":\"WebSite\",\"@id\":\"https:\/\/jp2doc.pl\/it\/#website\",\"url\":\"https:\/\/jp2doc.pl\/it\/\",\"name\":\"Centro di Documentazione e Studio del Pontificato di Giovanni Paolo II a Roma\",\"description\":\"\",\"publisher\":{\"@id\":\"https:\/\/jp2doc.pl\/it\/#organization\"},\"potentialAction\":[{\"@type\":\"SearchAction\",\"target\":{\"@type\":\"EntryPoint\",\"urlTemplate\":\"https:\/\/jp2doc.pl\/it\/?s={search_term_string}\"},\"query-input\":{\"@type\":\"PropertyValueSpecification\",\"valueRequired\":true,\"valueName\":\"search_term_string\"}}],\"inLanguage\":\"it-IT\"},{\"@type\":\"Organization\",\"@id\":\"https:\/\/jp2doc.pl\/it\/#organization\",\"name\":\"Centro di Documentazione e Studio del Pontificato di Giovanni Paolo II a Roma\",\"url\":\"https:\/\/jp2doc.pl\/it\/\",\"logo\":{\"@type\":\"ImageObject\",\"inLanguage\":\"it-IT\",\"@id\":\"https:\/\/jp2doc.pl\/it\/#\/schema\/logo\/image\/\",\"url\":\"https:\/\/jp2doc.pl\/it\/wp-content\/uploads\/sites\/3\/2017\/03\/cropped-logo.png\",\"contentUrl\":\"https:\/\/jp2doc.pl\/it\/wp-content\/uploads\/sites\/3\/2017\/03\/cropped-logo.png\",\"width\":115,\"height\":115,\"caption\":\"Centro di Documentazione e Studio del Pontificato di Giovanni Paolo II a Roma\"},\"image\":{\"@id\":\"https:\/\/jp2doc.pl\/it\/#\/schema\/logo\/image\/\"}},{\"@type\":\"Person\",\"@id\":\"https:\/\/jp2doc.pl\/it\/#\/schema\/person\/6110109e80abb51f6fac4824777eabfe\",\"name\":\"juliasercanka\",\"image\":{\"@type\":\"ImageObject\",\"inLanguage\":\"it-IT\",\"@id\":\"https:\/\/jp2doc.pl\/it\/#\/schema\/person\/image\/\",\"url\":\"https:\/\/secure.gravatar.com\/avatar\/266a66e864556e22d55d61b6b10c97fab9060767b738564bcd109f3997e372bc?s=96&d=mm&r=g\",\"contentUrl\":\"https:\/\/secure.gravatar.com\/avatar\/266a66e864556e22d55d61b6b10c97fab9060767b738564bcd109f3997e372bc?s=96&d=mm&r=g\",\"caption\":\"juliasercanka\"},\"url\":\"https:\/\/jp2doc.pl\/it\/author\/juliasercanka\/\"}]}<\/script>\n<!-- \/ Yoast SEO plugin. -->","yoast_head_json":{"title":"La preghiera: espressione della fede - Centro di Documentazione e Studio del Pontificato di Giovanni Paolo II a Roma","robots":{"index":"index","follow":"follow","max-snippet":"max-snippet:-1","max-image-preview":"max-image-preview:large","max-video-preview":"max-video-preview:-1"},"canonical":"https:\/\/jp2doc.pl\/it\/2019\/10\/19\/la-preghiera-espressione-della-fede\/","og_locale":"it_IT","og_type":"article","og_title":"La preghiera: espressione della fede - Centro di Documentazione e Studio del Pontificato di Giovanni Paolo II a Roma","og_description":"XXIX Domenica del Tempo Ordinario","og_url":"https:\/\/jp2doc.pl\/it\/2019\/10\/19\/la-preghiera-espressione-della-fede\/","og_site_name":"Centro di Documentazione e Studio del Pontificato di Giovanni Paolo II a Roma","article_published_time":"2019-10-19T07:45:26+00:00","article_modified_time":"2019-10-26T21:21:22+00:00","og_image":[{"width":1629,"height":1086,"url":"https:\/\/jp2doc.pl\/it\/wp-content\/uploads\/sites\/3\/2019\/10\/jenny-marvin-tDjCxzRBk64-unsplash.jpg","type":"image\/jpeg"}],"author":"juliasercanka","twitter_card":"summary_large_image","twitter_misc":{"Scritto da":"juliasercanka","Tempo di lettura stimato":"3 minuti"},"schema":{"@context":"https:\/\/schema.org","@graph":[{"@type":"Article","@id":"https:\/\/jp2doc.pl\/it\/2019\/10\/19\/la-preghiera-espressione-della-fede\/#article","isPartOf":{"@id":"https:\/\/jp2doc.pl\/it\/2019\/10\/19\/la-preghiera-espressione-della-fede\/"},"author":{"name":"juliasercanka","@id":"https:\/\/jp2doc.pl\/it\/#\/schema\/person\/6110109e80abb51f6fac4824777eabfe"},"headline":"La preghiera: espressione della fede","datePublished":"2019-10-19T07:45:26+00:00","dateModified":"2019-10-26T21:21:22+00:00","mainEntityOfPage":{"@id":"https:\/\/jp2doc.pl\/it\/2019\/10\/19\/la-preghiera-espressione-della-fede\/"},"wordCount":570,"commentCount":0,"publisher":{"@id":"https:\/\/jp2doc.pl\/it\/#organization"},"image":{"@id":"https:\/\/jp2doc.pl\/it\/2019\/10\/19\/la-preghiera-espressione-della-fede\/#primaryimage"},"thumbnailUrl":"https:\/\/jp2doc.pl\/it\/wp-content\/uploads\/sites\/3\/2019\/10\/jenny-marvin-tDjCxzRBk64-unsplash.jpg","keywords":["ami","Lisetta Romano","preghiera","sguaro"],"articleSection":["Blog","Strona g\u0142\u00f3wna - najnowsze","Strona g\u0142\u00f3wna - slider"],"inLanguage":"it-IT","potentialAction":[{"@type":"CommentAction","name":"Comment","target":["https:\/\/jp2doc.pl\/it\/2019\/10\/19\/la-preghiera-espressione-della-fede\/#respond"]}]},{"@type":"WebPage","@id":"https:\/\/jp2doc.pl\/it\/2019\/10\/19\/la-preghiera-espressione-della-fede\/","url":"https:\/\/jp2doc.pl\/it\/2019\/10\/19\/la-preghiera-espressione-della-fede\/","name":"La preghiera: espressione della fede - Centro di Documentazione e Studio del Pontificato di Giovanni Paolo II a Roma","isPartOf":{"@id":"https:\/\/jp2doc.pl\/it\/#website"},"primaryImageOfPage":{"@id":"https:\/\/jp2doc.pl\/it\/2019\/10\/19\/la-preghiera-espressione-della-fede\/#primaryimage"},"image":{"@id":"https:\/\/jp2doc.pl\/it\/2019\/10\/19\/la-preghiera-espressione-della-fede\/#primaryimage"},"thumbnailUrl":"https:\/\/jp2doc.pl\/it\/wp-content\/uploads\/sites\/3\/2019\/10\/jenny-marvin-tDjCxzRBk64-unsplash.jpg","datePublished":"2019-10-19T07:45:26+00:00","dateModified":"2019-10-26T21:21:22+00:00","breadcrumb":{"@id":"https:\/\/jp2doc.pl\/it\/2019\/10\/19\/la-preghiera-espressione-della-fede\/#breadcrumb"},"inLanguage":"it-IT","potentialAction":[{"@type":"ReadAction","target":["https:\/\/jp2doc.pl\/it\/2019\/10\/19\/la-preghiera-espressione-della-fede\/"]}]},{"@type":"ImageObject","inLanguage":"it-IT","@id":"https:\/\/jp2doc.pl\/it\/2019\/10\/19\/la-preghiera-espressione-della-fede\/#primaryimage","url":"https:\/\/jp2doc.pl\/it\/wp-content\/uploads\/sites\/3\/2019\/10\/jenny-marvin-tDjCxzRBk64-unsplash.jpg","contentUrl":"https:\/\/jp2doc.pl\/it\/wp-content\/uploads\/sites\/3\/2019\/10\/jenny-marvin-tDjCxzRBk64-unsplash.jpg","width":1629,"height":1086},{"@type":"BreadcrumbList","@id":"https:\/\/jp2doc.pl\/it\/2019\/10\/19\/la-preghiera-espressione-della-fede\/#breadcrumb","itemListElement":[{"@type":"ListItem","position":1,"name":"Home","item":"https:\/\/jp2doc.pl\/it\/"},{"@type":"ListItem","position":2,"name":"La preghiera: espressione della fede"}]},{"@type":"WebSite","@id":"https:\/\/jp2doc.pl\/it\/#website","url":"https:\/\/jp2doc.pl\/it\/","name":"Centro di Documentazione e Studio del Pontificato di Giovanni Paolo II a Roma","description":"","publisher":{"@id":"https:\/\/jp2doc.pl\/it\/#organization"},"potentialAction":[{"@type":"SearchAction","target":{"@type":"EntryPoint","urlTemplate":"https:\/\/jp2doc.pl\/it\/?s={search_term_string}"},"query-input":{"@type":"PropertyValueSpecification","valueRequired":true,"valueName":"search_term_string"}}],"inLanguage":"it-IT"},{"@type":"Organization","@id":"https:\/\/jp2doc.pl\/it\/#organization","name":"Centro di Documentazione e Studio del Pontificato di Giovanni Paolo II a Roma","url":"https:\/\/jp2doc.pl\/it\/","logo":{"@type":"ImageObject","inLanguage":"it-IT","@id":"https:\/\/jp2doc.pl\/it\/#\/schema\/logo\/image\/","url":"https:\/\/jp2doc.pl\/it\/wp-content\/uploads\/sites\/3\/2017\/03\/cropped-logo.png","contentUrl":"https:\/\/jp2doc.pl\/it\/wp-content\/uploads\/sites\/3\/2017\/03\/cropped-logo.png","width":115,"height":115,"caption":"Centro di Documentazione e Studio del Pontificato di Giovanni Paolo II a Roma"},"image":{"@id":"https:\/\/jp2doc.pl\/it\/#\/schema\/logo\/image\/"}},{"@type":"Person","@id":"https:\/\/jp2doc.pl\/it\/#\/schema\/person\/6110109e80abb51f6fac4824777eabfe","name":"juliasercanka","image":{"@type":"ImageObject","inLanguage":"it-IT","@id":"https:\/\/jp2doc.pl\/it\/#\/schema\/person\/image\/","url":"https:\/\/secure.gravatar.com\/avatar\/266a66e864556e22d55d61b6b10c97fab9060767b738564bcd109f3997e372bc?s=96&d=mm&r=g","contentUrl":"https:\/\/secure.gravatar.com\/avatar\/266a66e864556e22d55d61b6b10c97fab9060767b738564bcd109f3997e372bc?s=96&d=mm&r=g","caption":"juliasercanka"},"url":"https:\/\/jp2doc.pl\/it\/author\/juliasercanka\/"}]}},"_links":{"self":[{"href":"https:\/\/jp2doc.pl\/it\/wp-json\/wp\/v2\/posts\/2415","targetHints":{"allow":["GET"]}}],"collection":[{"href":"https:\/\/jp2doc.pl\/it\/wp-json\/wp\/v2\/posts"}],"about":[{"href":"https:\/\/jp2doc.pl\/it\/wp-json\/wp\/v2\/types\/post"}],"author":[{"embeddable":true,"href":"https:\/\/jp2doc.pl\/it\/wp-json\/wp\/v2\/users\/5"}],"replies":[{"embeddable":true,"href":"https:\/\/jp2doc.pl\/it\/wp-json\/wp\/v2\/comments?post=2415"}],"version-history":[{"count":4,"href":"https:\/\/jp2doc.pl\/it\/wp-json\/wp\/v2\/posts\/2415\/revisions"}],"predecessor-version":[{"id":2427,"href":"https:\/\/jp2doc.pl\/it\/wp-json\/wp\/v2\/posts\/2415\/revisions\/2427"}],"wp:featuredmedia":[{"embeddable":true,"href":"https:\/\/jp2doc.pl\/it\/wp-json\/wp\/v2\/media\/2416"}],"wp:attachment":[{"href":"https:\/\/jp2doc.pl\/it\/wp-json\/wp\/v2\/media?parent=2415"}],"wp:term":[{"taxonomy":"category","embeddable":true,"href":"https:\/\/jp2doc.pl\/it\/wp-json\/wp\/v2\/categories?post=2415"},{"taxonomy":"post_tag","embeddable":true,"href":"https:\/\/jp2doc.pl\/it\/wp-json\/wp\/v2\/tags?post=2415"}],"curies":[{"name":"wp","href":"https:\/\/api.w.org\/{rel}","templated":true}]}}