{"id":2638,"date":"2021-06-19T18:42:18","date_gmt":"2021-06-19T16:42:18","guid":{"rendered":"https:\/\/jp2doc.pl\/it\/?p=2638"},"modified":"2021-06-19T18:42:19","modified_gmt":"2021-06-19T16:42:19","slug":"dove-ce-fede-non-ce-paura","status":"publish","type":"post","link":"https:\/\/jp2doc.pl\/it\/2021\/06\/19\/dove-ce-fede-non-ce-paura\/","title":{"rendered":"Dove c\u2019\u00e8 fede, non c\u2019\u00e8  paura"},"content":{"rendered":"\n<p>Il compito dei cristiani \u00e8 quello di nutrire ed aumentare la propria fede che \u00e8 fiducia incondizionata in Dio e in Cristo suo Figlio. La fede infatti rende serena la vita ed ha il potere di scacciare via ogni paura. Il vangelo di questa domenica \u00e8 immagine della nostra vita quotidiana e dei nostri comportamenti: la tempesta, la paura, le grida, la sorpresa, la calma, ecc. Ci sono persone di grande fede che dormono serene in ogni situazione come Ges\u00f9, ma altre, ed \u00e8 la maggioranza, che di fronte a qualcosa di imprevisto, come gli apostoli, gridano: \u00abMaestro, non t\u2019importa che siamo perduti?\u00bb (Mc 4,38).<\/p>\n\n\n\n<p>Si tratta forse di una reazione naturale poich\u00e9 quando c\u2019\u00e8 la tempesta ci si sente inevitabilmente perduti. Questo per\u00f2 \u00e8 un modo di pensare molto pericoloso in quanto mostra solo un risultato negativo. La paura&nbsp; infatti ci agita interiormente pi\u00f9 di quanto la tempesta non agiti le forze naturali. Ges\u00f9, per\u00f2 ci mostra che la vita ha sempre un\u2019altra possibilit\u00e0, quella della calma e della salvezza. Davanti alla tempesta, infatti, semplicemente comanda: \u00abTaci, calmati!\u00bb (Mc 4,39). S\u00ec, \u00abTaci, calmati!\u00bb. Dalle parole di Ges\u00f9 possiamo imparare che di fronte ad ogni sfida della vita, quando la tempesta infuria le uniche parole da dire sono: \u00abTaci, calmati!\u00bb. Poich\u00e9 non abbiamo la possibilit\u00e0 di calmare le furie della natura, il comando \u00e8 da rivolgere a noi. Ripetendolo come un mantra calmeremo noi stessi e la nostra agitazione. Solo dopo aver dominato la tempesta che \u00e8 in noi, avremo la forza e la soluzione per dominare gli eventi avversi.<\/p>\n\n\n\n<p>A supporto di quanto detto abbiamo esempi famosi: Albert Einstein (1879- 1955), formul\u00f2 <em>la teoria della relativit\u00e0<\/em> nel sonno, cio\u00e8 in una situazione di riposo, tranquillit\u00e0 e rilassatezza assoluti. Rhonda Byrne,&nbsp; scrittrice australiana, decise di&nbsp; girare la versione &nbsp;cinematografica del suo libro \u201cil Segreto\u201d e per questo si indebit\u00f2 fino al collo. Solo per\u00f2, quando ritrovava la forza di tranquillizzarsi, con sua grande sorpresa,&nbsp; le capitava di ricevere grandi somme per un qualcosa che aveva fatto e per il quale non aveva ancora ricevuto pagamento.<\/p>\n\n\n\n<p>La figura di Ges\u00f9 si erge potente e tranquillizzante, le sue parole: \u201cTaci calmati!\u201d, ci ricordano che quando Lui \u00e8 con noi, in noi, nulla pu\u00f2 e deve farci paura. Le tempeste saranno molte e si avvicenderanno nella nostra vita, ma la sua parola eterna continuer\u00e0, potente ed efficace, a ridare serenit\u00e0 e speranza, la barca in cui c\u2019\u00e8 Lui non andr\u00e0 alla deriva, nessun\u2019onda potr\u00e0 capovolgerla. Il compito del cristiano, come detto all\u2019inizio, \u00e8 nutrire una fede incrollabile nella presenza di Cristo con noi ed in noi.&nbsp;<\/p>\n\n\n\n<p>Quante volte, il santo Padre S. Giovanni Paolo II ha esortato i fedeli: \u201cnon abbiate paura\u201d, perch\u00e9 la paura \u00e8 contro la fede. Tuttavia, la fede \u00e8 la medicina pi\u00f9 efficace per scacciare via ogni paura. Dove c\u2019\u00e8&nbsp; fede, non c\u2019\u00e8 &nbsp;paura. Ges\u00f9 ha detto infatti: \u00abse avrete fede pari a un granellino di senapa, potrete dire a questo monte: spostati da qui a l\u00e0, ed esso si sposter\u00e0, e niente vi sar\u00e0 impossibile\u00bb. (Mt 17,20).<\/p>\n\n\n\n<p>Con la fede allora \u00e8 possibile dominare ogni agitazione, tenere lontana ogni tempesta, ogni volta che sopraggiunge una contrariet\u00e0 possiamo fare le nostre le parole di Ges\u00f9: \u201ctaci, calmati\u201d e quando finalmente ci sentiremo sicuri e avremo riacquistato fiducia potremo dire a noi stessi: \u00abrimanga con noi, grazie!\u00bb. In questo modo, pian piano, crescer\u00e0 la nostra fede e diminuir\u00e0 la paura. &nbsp;Ecco il nostro esercizio spirituale!<\/p>\n\n\n\n<p>La fede, che viene da Ges\u00f9 e cresce rimanendo con Ges\u00f9, diverr\u00e0 il sostegno, il remo che ci permette di condurre la barca della vita da una riva all\u2019altra. &nbsp;<\/p>\n\n\n\n<p>Un giorno, quando in noi\u00a0rimarr\u00e0 solo la fede ed ogni paura sar\u00e0 allontanata, la nostra vita sar\u00e0 finalmente \u00a0pi\u00f9 bella e serena, simile all\u2019immagine del paradiso terrestre. \u00abIo sono la luce del mondo; chi segue me, non camminer\u00e0 nelle tenebre, ma avr\u00e0 la luce della vita \u00bb (Gv 8, 12).<\/p>\n\n\n\n<p><strong>Sophia Lilin Wu<\/strong> \u2013 studentessa della Pontifica Universit\u00e0 Gregoriana, membro di Laycentre<\/p>\n\n\n\n<p><em>Fot. Barth Bailey\/Unsplash.com<\/em><\/p>\n","protected":false},"excerpt":{"rendered":"<p>XII Domenica del Tempo Ordinario<\/p>\n","protected":false},"author":5,"featured_media":2639,"comment_status":"open","ping_status":"open","sticky":false,"template":"","format":"standard","meta":{"_acf_changed":false,"_exactmetrics_skip_tracking":false,"_exactmetrics_sitenote_active":false,"_exactmetrics_sitenote_note":"","_exactmetrics_sitenote_category":0,"footnotes":""},"categories":[4,13,14],"tags":[],"class_list":["post-2638","post","type-post","status-publish","format-standard","has-post-thumbnail","hentry","category-blog","category-strona-glowna-najnowsze","category-strona-glowna-slider"],"acf":[],"yoast_head":"<!-- This site is optimized with the Yoast SEO plugin v26.2 - https:\/\/yoast.com\/wordpress\/plugins\/seo\/ -->\n<title>Dove c\u2019\u00e8 fede, non c\u2019\u00e8 paura - Centro di Documentazione e Studio del Pontificato di Giovanni Paolo II a Roma<\/title>\n<meta name=\"robots\" content=\"index, follow, max-snippet:-1, max-image-preview:large, max-video-preview:-1\" \/>\n<link rel=\"canonical\" href=\"https:\/\/jp2doc.pl\/it\/2021\/06\/19\/dove-ce-fede-non-ce-paura\/\" \/>\n<meta property=\"og:locale\" content=\"it_IT\" \/>\n<meta property=\"og:type\" content=\"article\" \/>\n<meta property=\"og:title\" content=\"Dove c\u2019\u00e8 fede, non c\u2019\u00e8 paura - Centro di Documentazione e Studio del Pontificato di Giovanni Paolo II a Roma\" \/>\n<meta property=\"og:description\" content=\"XII Domenica del Tempo Ordinario\" \/>\n<meta property=\"og:url\" content=\"https:\/\/jp2doc.pl\/it\/2021\/06\/19\/dove-ce-fede-non-ce-paura\/\" \/>\n<meta property=\"og:site_name\" content=\"Centro di Documentazione e Studio del Pontificato di Giovanni Paolo II a Roma\" \/>\n<meta property=\"article:published_time\" content=\"2021-06-19T16:42:18+00:00\" \/>\n<meta property=\"article:modified_time\" content=\"2021-06-19T16:42:19+00:00\" \/>\n<meta property=\"og:image\" content=\"https:\/\/jp2doc.pl\/it\/wp-content\/uploads\/sites\/3\/2021\/06\/barth-bailey-UyfuXn4vu_4-unsplash.jpg\" \/>\n\t<meta property=\"og:image:width\" content=\"1920\" \/>\n\t<meta property=\"og:image:height\" content=\"1213\" \/>\n\t<meta property=\"og:image:type\" content=\"image\/jpeg\" \/>\n<meta name=\"author\" content=\"juliasercanka\" \/>\n<meta name=\"twitter:card\" content=\"summary_large_image\" \/>\n<meta name=\"twitter:label1\" content=\"Scritto da\" \/>\n\t<meta name=\"twitter:data1\" content=\"juliasercanka\" \/>\n\t<meta name=\"twitter:label2\" content=\"Tempo di lettura stimato\" \/>\n\t<meta name=\"twitter:data2\" content=\"3 minuti\" \/>\n<script type=\"application\/ld+json\" class=\"yoast-schema-graph\">{\"@context\":\"https:\/\/schema.org\",\"@graph\":[{\"@type\":\"Article\",\"@id\":\"https:\/\/jp2doc.pl\/it\/2021\/06\/19\/dove-ce-fede-non-ce-paura\/#article\",\"isPartOf\":{\"@id\":\"https:\/\/jp2doc.pl\/it\/2021\/06\/19\/dove-ce-fede-non-ce-paura\/\"},\"author\":{\"name\":\"juliasercanka\",\"@id\":\"https:\/\/jp2doc.pl\/it\/#\/schema\/person\/6110109e80abb51f6fac4824777eabfe\"},\"headline\":\"Dove c\u2019\u00e8 fede, non c\u2019\u00e8 paura\",\"datePublished\":\"2021-06-19T16:42:18+00:00\",\"dateModified\":\"2021-06-19T16:42:19+00:00\",\"mainEntityOfPage\":{\"@id\":\"https:\/\/jp2doc.pl\/it\/2021\/06\/19\/dove-ce-fede-non-ce-paura\/\"},\"wordCount\":674,\"commentCount\":0,\"publisher\":{\"@id\":\"https:\/\/jp2doc.pl\/it\/#organization\"},\"image\":{\"@id\":\"https:\/\/jp2doc.pl\/it\/2021\/06\/19\/dove-ce-fede-non-ce-paura\/#primaryimage\"},\"thumbnailUrl\":\"https:\/\/jp2doc.pl\/it\/wp-content\/uploads\/sites\/3\/2021\/06\/barth-bailey-UyfuXn4vu_4-unsplash.jpg\",\"articleSection\":[\"Blog\",\"Strona g\u0142\u00f3wna - najnowsze\",\"Strona g\u0142\u00f3wna - slider\"],\"inLanguage\":\"it-IT\",\"potentialAction\":[{\"@type\":\"CommentAction\",\"name\":\"Comment\",\"target\":[\"https:\/\/jp2doc.pl\/it\/2021\/06\/19\/dove-ce-fede-non-ce-paura\/#respond\"]}]},{\"@type\":\"WebPage\",\"@id\":\"https:\/\/jp2doc.pl\/it\/2021\/06\/19\/dove-ce-fede-non-ce-paura\/\",\"url\":\"https:\/\/jp2doc.pl\/it\/2021\/06\/19\/dove-ce-fede-non-ce-paura\/\",\"name\":\"Dove c\u2019\u00e8 fede, non c\u2019\u00e8 paura - Centro di Documentazione e Studio del Pontificato di Giovanni Paolo II a Roma\",\"isPartOf\":{\"@id\":\"https:\/\/jp2doc.pl\/it\/#website\"},\"primaryImageOfPage\":{\"@id\":\"https:\/\/jp2doc.pl\/it\/2021\/06\/19\/dove-ce-fede-non-ce-paura\/#primaryimage\"},\"image\":{\"@id\":\"https:\/\/jp2doc.pl\/it\/2021\/06\/19\/dove-ce-fede-non-ce-paura\/#primaryimage\"},\"thumbnailUrl\":\"https:\/\/jp2doc.pl\/it\/wp-content\/uploads\/sites\/3\/2021\/06\/barth-bailey-UyfuXn4vu_4-unsplash.jpg\",\"datePublished\":\"2021-06-19T16:42:18+00:00\",\"dateModified\":\"2021-06-19T16:42:19+00:00\",\"breadcrumb\":{\"@id\":\"https:\/\/jp2doc.pl\/it\/2021\/06\/19\/dove-ce-fede-non-ce-paura\/#breadcrumb\"},\"inLanguage\":\"it-IT\",\"potentialAction\":[{\"@type\":\"ReadAction\",\"target\":[\"https:\/\/jp2doc.pl\/it\/2021\/06\/19\/dove-ce-fede-non-ce-paura\/\"]}]},{\"@type\":\"ImageObject\",\"inLanguage\":\"it-IT\",\"@id\":\"https:\/\/jp2doc.pl\/it\/2021\/06\/19\/dove-ce-fede-non-ce-paura\/#primaryimage\",\"url\":\"https:\/\/jp2doc.pl\/it\/wp-content\/uploads\/sites\/3\/2021\/06\/barth-bailey-UyfuXn4vu_4-unsplash.jpg\",\"contentUrl\":\"https:\/\/jp2doc.pl\/it\/wp-content\/uploads\/sites\/3\/2021\/06\/barth-bailey-UyfuXn4vu_4-unsplash.jpg\",\"width\":1920,\"height\":1213},{\"@type\":\"BreadcrumbList\",\"@id\":\"https:\/\/jp2doc.pl\/it\/2021\/06\/19\/dove-ce-fede-non-ce-paura\/#breadcrumb\",\"itemListElement\":[{\"@type\":\"ListItem\",\"position\":1,\"name\":\"Home\",\"item\":\"https:\/\/jp2doc.pl\/it\/\"},{\"@type\":\"ListItem\",\"position\":2,\"name\":\"Dove c\u2019\u00e8 fede, non c\u2019\u00e8 paura\"}]},{\"@type\":\"WebSite\",\"@id\":\"https:\/\/jp2doc.pl\/it\/#website\",\"url\":\"https:\/\/jp2doc.pl\/it\/\",\"name\":\"Centro di Documentazione e Studio del Pontificato di Giovanni Paolo II a Roma\",\"description\":\"\",\"publisher\":{\"@id\":\"https:\/\/jp2doc.pl\/it\/#organization\"},\"potentialAction\":[{\"@type\":\"SearchAction\",\"target\":{\"@type\":\"EntryPoint\",\"urlTemplate\":\"https:\/\/jp2doc.pl\/it\/?s={search_term_string}\"},\"query-input\":{\"@type\":\"PropertyValueSpecification\",\"valueRequired\":true,\"valueName\":\"search_term_string\"}}],\"inLanguage\":\"it-IT\"},{\"@type\":\"Organization\",\"@id\":\"https:\/\/jp2doc.pl\/it\/#organization\",\"name\":\"Centro di Documentazione e Studio del Pontificato di Giovanni Paolo II a Roma\",\"url\":\"https:\/\/jp2doc.pl\/it\/\",\"logo\":{\"@type\":\"ImageObject\",\"inLanguage\":\"it-IT\",\"@id\":\"https:\/\/jp2doc.pl\/it\/#\/schema\/logo\/image\/\",\"url\":\"https:\/\/jp2doc.pl\/it\/wp-content\/uploads\/sites\/3\/2017\/03\/cropped-logo.png\",\"contentUrl\":\"https:\/\/jp2doc.pl\/it\/wp-content\/uploads\/sites\/3\/2017\/03\/cropped-logo.png\",\"width\":115,\"height\":115,\"caption\":\"Centro di Documentazione e Studio del Pontificato di Giovanni Paolo II a Roma\"},\"image\":{\"@id\":\"https:\/\/jp2doc.pl\/it\/#\/schema\/logo\/image\/\"}},{\"@type\":\"Person\",\"@id\":\"https:\/\/jp2doc.pl\/it\/#\/schema\/person\/6110109e80abb51f6fac4824777eabfe\",\"name\":\"juliasercanka\",\"image\":{\"@type\":\"ImageObject\",\"inLanguage\":\"it-IT\",\"@id\":\"https:\/\/jp2doc.pl\/it\/#\/schema\/person\/image\/\",\"url\":\"https:\/\/secure.gravatar.com\/avatar\/266a66e864556e22d55d61b6b10c97fab9060767b738564bcd109f3997e372bc?s=96&d=mm&r=g\",\"contentUrl\":\"https:\/\/secure.gravatar.com\/avatar\/266a66e864556e22d55d61b6b10c97fab9060767b738564bcd109f3997e372bc?s=96&d=mm&r=g\",\"caption\":\"juliasercanka\"},\"url\":\"https:\/\/jp2doc.pl\/it\/author\/juliasercanka\/\"}]}<\/script>\n<!-- \/ Yoast SEO plugin. -->","yoast_head_json":{"title":"Dove c\u2019\u00e8 fede, non c\u2019\u00e8 paura - Centro di Documentazione e Studio del Pontificato di Giovanni Paolo II a Roma","robots":{"index":"index","follow":"follow","max-snippet":"max-snippet:-1","max-image-preview":"max-image-preview:large","max-video-preview":"max-video-preview:-1"},"canonical":"https:\/\/jp2doc.pl\/it\/2021\/06\/19\/dove-ce-fede-non-ce-paura\/","og_locale":"it_IT","og_type":"article","og_title":"Dove c\u2019\u00e8 fede, non c\u2019\u00e8 paura - Centro di Documentazione e Studio del Pontificato di Giovanni Paolo II a Roma","og_description":"XII Domenica del Tempo Ordinario","og_url":"https:\/\/jp2doc.pl\/it\/2021\/06\/19\/dove-ce-fede-non-ce-paura\/","og_site_name":"Centro di Documentazione e Studio del Pontificato di Giovanni Paolo II a Roma","article_published_time":"2021-06-19T16:42:18+00:00","article_modified_time":"2021-06-19T16:42:19+00:00","og_image":[{"width":1920,"height":1213,"url":"https:\/\/jp2doc.pl\/it\/wp-content\/uploads\/sites\/3\/2021\/06\/barth-bailey-UyfuXn4vu_4-unsplash.jpg","type":"image\/jpeg"}],"author":"juliasercanka","twitter_card":"summary_large_image","twitter_misc":{"Scritto da":"juliasercanka","Tempo di lettura stimato":"3 minuti"},"schema":{"@context":"https:\/\/schema.org","@graph":[{"@type":"Article","@id":"https:\/\/jp2doc.pl\/it\/2021\/06\/19\/dove-ce-fede-non-ce-paura\/#article","isPartOf":{"@id":"https:\/\/jp2doc.pl\/it\/2021\/06\/19\/dove-ce-fede-non-ce-paura\/"},"author":{"name":"juliasercanka","@id":"https:\/\/jp2doc.pl\/it\/#\/schema\/person\/6110109e80abb51f6fac4824777eabfe"},"headline":"Dove c\u2019\u00e8 fede, non c\u2019\u00e8 paura","datePublished":"2021-06-19T16:42:18+00:00","dateModified":"2021-06-19T16:42:19+00:00","mainEntityOfPage":{"@id":"https:\/\/jp2doc.pl\/it\/2021\/06\/19\/dove-ce-fede-non-ce-paura\/"},"wordCount":674,"commentCount":0,"publisher":{"@id":"https:\/\/jp2doc.pl\/it\/#organization"},"image":{"@id":"https:\/\/jp2doc.pl\/it\/2021\/06\/19\/dove-ce-fede-non-ce-paura\/#primaryimage"},"thumbnailUrl":"https:\/\/jp2doc.pl\/it\/wp-content\/uploads\/sites\/3\/2021\/06\/barth-bailey-UyfuXn4vu_4-unsplash.jpg","articleSection":["Blog","Strona g\u0142\u00f3wna - najnowsze","Strona g\u0142\u00f3wna - slider"],"inLanguage":"it-IT","potentialAction":[{"@type":"CommentAction","name":"Comment","target":["https:\/\/jp2doc.pl\/it\/2021\/06\/19\/dove-ce-fede-non-ce-paura\/#respond"]}]},{"@type":"WebPage","@id":"https:\/\/jp2doc.pl\/it\/2021\/06\/19\/dove-ce-fede-non-ce-paura\/","url":"https:\/\/jp2doc.pl\/it\/2021\/06\/19\/dove-ce-fede-non-ce-paura\/","name":"Dove c\u2019\u00e8 fede, non c\u2019\u00e8 paura - Centro di Documentazione e Studio del Pontificato di Giovanni Paolo II a Roma","isPartOf":{"@id":"https:\/\/jp2doc.pl\/it\/#website"},"primaryImageOfPage":{"@id":"https:\/\/jp2doc.pl\/it\/2021\/06\/19\/dove-ce-fede-non-ce-paura\/#primaryimage"},"image":{"@id":"https:\/\/jp2doc.pl\/it\/2021\/06\/19\/dove-ce-fede-non-ce-paura\/#primaryimage"},"thumbnailUrl":"https:\/\/jp2doc.pl\/it\/wp-content\/uploads\/sites\/3\/2021\/06\/barth-bailey-UyfuXn4vu_4-unsplash.jpg","datePublished":"2021-06-19T16:42:18+00:00","dateModified":"2021-06-19T16:42:19+00:00","breadcrumb":{"@id":"https:\/\/jp2doc.pl\/it\/2021\/06\/19\/dove-ce-fede-non-ce-paura\/#breadcrumb"},"inLanguage":"it-IT","potentialAction":[{"@type":"ReadAction","target":["https:\/\/jp2doc.pl\/it\/2021\/06\/19\/dove-ce-fede-non-ce-paura\/"]}]},{"@type":"ImageObject","inLanguage":"it-IT","@id":"https:\/\/jp2doc.pl\/it\/2021\/06\/19\/dove-ce-fede-non-ce-paura\/#primaryimage","url":"https:\/\/jp2doc.pl\/it\/wp-content\/uploads\/sites\/3\/2021\/06\/barth-bailey-UyfuXn4vu_4-unsplash.jpg","contentUrl":"https:\/\/jp2doc.pl\/it\/wp-content\/uploads\/sites\/3\/2021\/06\/barth-bailey-UyfuXn4vu_4-unsplash.jpg","width":1920,"height":1213},{"@type":"BreadcrumbList","@id":"https:\/\/jp2doc.pl\/it\/2021\/06\/19\/dove-ce-fede-non-ce-paura\/#breadcrumb","itemListElement":[{"@type":"ListItem","position":1,"name":"Home","item":"https:\/\/jp2doc.pl\/it\/"},{"@type":"ListItem","position":2,"name":"Dove c\u2019\u00e8 fede, non c\u2019\u00e8 paura"}]},{"@type":"WebSite","@id":"https:\/\/jp2doc.pl\/it\/#website","url":"https:\/\/jp2doc.pl\/it\/","name":"Centro di Documentazione e Studio del Pontificato di Giovanni Paolo II a Roma","description":"","publisher":{"@id":"https:\/\/jp2doc.pl\/it\/#organization"},"potentialAction":[{"@type":"SearchAction","target":{"@type":"EntryPoint","urlTemplate":"https:\/\/jp2doc.pl\/it\/?s={search_term_string}"},"query-input":{"@type":"PropertyValueSpecification","valueRequired":true,"valueName":"search_term_string"}}],"inLanguage":"it-IT"},{"@type":"Organization","@id":"https:\/\/jp2doc.pl\/it\/#organization","name":"Centro di Documentazione e Studio del Pontificato di Giovanni Paolo II a Roma","url":"https:\/\/jp2doc.pl\/it\/","logo":{"@type":"ImageObject","inLanguage":"it-IT","@id":"https:\/\/jp2doc.pl\/it\/#\/schema\/logo\/image\/","url":"https:\/\/jp2doc.pl\/it\/wp-content\/uploads\/sites\/3\/2017\/03\/cropped-logo.png","contentUrl":"https:\/\/jp2doc.pl\/it\/wp-content\/uploads\/sites\/3\/2017\/03\/cropped-logo.png","width":115,"height":115,"caption":"Centro di Documentazione e Studio del Pontificato di Giovanni Paolo II a Roma"},"image":{"@id":"https:\/\/jp2doc.pl\/it\/#\/schema\/logo\/image\/"}},{"@type":"Person","@id":"https:\/\/jp2doc.pl\/it\/#\/schema\/person\/6110109e80abb51f6fac4824777eabfe","name":"juliasercanka","image":{"@type":"ImageObject","inLanguage":"it-IT","@id":"https:\/\/jp2doc.pl\/it\/#\/schema\/person\/image\/","url":"https:\/\/secure.gravatar.com\/avatar\/266a66e864556e22d55d61b6b10c97fab9060767b738564bcd109f3997e372bc?s=96&d=mm&r=g","contentUrl":"https:\/\/secure.gravatar.com\/avatar\/266a66e864556e22d55d61b6b10c97fab9060767b738564bcd109f3997e372bc?s=96&d=mm&r=g","caption":"juliasercanka"},"url":"https:\/\/jp2doc.pl\/it\/author\/juliasercanka\/"}]}},"_links":{"self":[{"href":"https:\/\/jp2doc.pl\/it\/wp-json\/wp\/v2\/posts\/2638","targetHints":{"allow":["GET"]}}],"collection":[{"href":"https:\/\/jp2doc.pl\/it\/wp-json\/wp\/v2\/posts"}],"about":[{"href":"https:\/\/jp2doc.pl\/it\/wp-json\/wp\/v2\/types\/post"}],"author":[{"embeddable":true,"href":"https:\/\/jp2doc.pl\/it\/wp-json\/wp\/v2\/users\/5"}],"replies":[{"embeddable":true,"href":"https:\/\/jp2doc.pl\/it\/wp-json\/wp\/v2\/comments?post=2638"}],"version-history":[{"count":1,"href":"https:\/\/jp2doc.pl\/it\/wp-json\/wp\/v2\/posts\/2638\/revisions"}],"predecessor-version":[{"id":2640,"href":"https:\/\/jp2doc.pl\/it\/wp-json\/wp\/v2\/posts\/2638\/revisions\/2640"}],"wp:featuredmedia":[{"embeddable":true,"href":"https:\/\/jp2doc.pl\/it\/wp-json\/wp\/v2\/media\/2639"}],"wp:attachment":[{"href":"https:\/\/jp2doc.pl\/it\/wp-json\/wp\/v2\/media?parent=2638"}],"wp:term":[{"taxonomy":"category","embeddable":true,"href":"https:\/\/jp2doc.pl\/it\/wp-json\/wp\/v2\/categories?post=2638"},{"taxonomy":"post_tag","embeddable":true,"href":"https:\/\/jp2doc.pl\/it\/wp-json\/wp\/v2\/tags?post=2638"}],"curies":[{"name":"wp","href":"https:\/\/api.w.org\/{rel}","templated":true}]}}