{"id":2719,"date":"2021-11-20T09:53:03","date_gmt":"2021-11-20T08:53:03","guid":{"rendered":"https:\/\/jp2doc.pl\/it\/?p=2719"},"modified":"2021-11-20T09:53:05","modified_gmt":"2021-11-20T08:53:05","slug":"io-sono-lalfa-e-lomega","status":"publish","type":"post","link":"https:\/\/jp2doc.pl\/it\/2021\/11\/20\/io-sono-lalfa-e-lomega\/","title":{"rendered":"\u201cIo sono l\u2019Alfa e l\u2019Omega&#8230;\u201d"},"content":{"rendered":"\n<p>Siamo giunti al termine di questo anno liturgico con la solennit\u00e0 di Cristo Re dell\u2019Universo, che ci prepara all\u2019avvento della sua venuta; di fronte a quel bambino, piccolo e umile, nato e deposto in una mangiatoia, alla domanda che si sono posti i pastori, Erode con i dottori della legge, \u201cchi \u00e8 costui?\u201d, ci viene offerta una risposta &nbsp;dalla parola che abbiamo ascoltato: \u201c\u00e8 Cristo, re dell\u2019universo\u201d.<\/p>\n\n\n\n<p>Abbiamo a che fare con la parola \u201cre\u201d che subito ci fa pensare a qualcuno che ha potere, autorit\u00e0, assoluta, di vita o di morte sui suoi sudditi, ma limitata al suo territorio o stato. Totalmente diversa \u00e8 quella di Ges\u00f9: mentre tra il re e il popolo c\u2019\u00e8 un rapporto gerarchico, possiamo dire verticale con il re al vertice e il popolo in fondo fino agli ultimi, quella di Ges\u00f9 \u00e8 una regalit\u00e0 che va oltre i nostri schemi, perch\u00e9 \u00e8 \u201cre dell\u2019universo\u201d per dirci che Dio abbraccia tutto, ogni cosa, tutta la creazione, perch\u00e9 tutte le cose sussistono in lui. La prima lettura ci d\u00e0 una visione di un potere che non finir\u00e0 mai, eterno, stabile come Dio \u00e8 dall\u2019eternit\u00e0; \u201c<em>io sono l\u2019Alfa e l\u2019Omega, il primo e l\u2019ultimo<\/em>\u201d per significare che tutto abbraccia e tutto attira a s\u00e9.<\/p>\n\n\n\n<p>Cos\u00ec, in qualche modo viene meno la distanza tra il creatore e la creatura, Dio che si fa uomo, condivide la nostra condizione umana in tutto eccetto il peccato, in questo movimento dall\u2019alto verso l\u2019uomo redento.<\/p>\n\n\n\n<p>Ed \u00e8 questa relazione filiale, familiare con Dio, di cui ne abbiamo un esempio nella seconda lettura, quando dice che \u201c<em>ha fatto di noi un regno, sacerdoti per il suo Dio<\/em>\u201d. E sono tanti altri gli esempi della scrittura che attestano questa comunione: nella parabola dei talenti quando al servo fedele dice: \u201c<em>ti dar\u00f2 potere su molto, prendi parte alla gioia del tuo padrone\u201d<\/em>,oppure nel racconto del giudizio finale, quando dir\u00e0 agli eletti \u201c<em>venite benedetti dal padre mio, ricevete in eredit\u00e0 il regno preparato per voi fin dalla creazione del mondo<\/em>\u201d. Non \u00e8 soltanto entrare nel Regno, ma ricevere qualcosa come quando se ne entra in possesso, come l\u2019eredit\u00e0, di cui si pu\u00f2 disporre, che ci \u00e8 stata donata. Questo linguaggio di Ges\u00f9 ci fa capire che il nostro dimorare con lui nel suo Regno non sar\u00e0 soltanto passivo, ma \u201c<em>Cristo consegner\u00e0 il regno al padre<\/em> <em>anch&#8217;egli, il Figlio, sar\u00e0 sottomesso a Colui perch\u00e9 Dio sia tutto in tutti.<\/em><\/p>\n\n\n\n<p>Allora ci domandiamo, di quale potere dispone Ges\u00f9? Quando dice \u201c<em>a me \u00e8 stato dato ogni potere in cielo in terra<\/em>\u201d, come \u00e8 possibile conciliare questa affermazione con il Vangelo di oggi che ci mostra Ges\u00f9 nel culmine della sua debolezza, nell\u2019ora della passione? Come ci ricordano i due discepoli Giacomo e Giovanni, che chiedono Ges\u00f9 i primi posti, uno a destra e uno a sinistra, la regalit\u00e0 di Ges\u00f9 \u00e8 ben diversa da quella che noi, come i discepoli, possiamo intendere.<\/p>\n\n\n\n<p>Siamo perci\u00f2 chiamati a seguire il suo esempio ricordando che \u201c<em>se perseveriamo, con lui anche regneremo<\/em>\u201d e la via che Ges\u00f9 ci ha tracciato \u00e8 quella del servizio e dell\u2019amore, che ha spinto Ges\u00f9 a donare la sua vita per noi; cos\u00ec anche noi dobbiamo fare per i fratelli, nella via dell\u2019umilt\u00e0, per indicare la sua presenza nel nostro mondo e nel nostro tempo.<\/p>\n\n\n\n<p><strong>P. Michele Messi CP<\/strong><\/p>\n","protected":false},"excerpt":{"rendered":"<p>Solennit\u00e0 di Cristo Re dell&#8217;Universo<\/p>\n","protected":false},"author":5,"featured_media":1859,"comment_status":"open","ping_status":"open","sticky":false,"template":"","format":"standard","meta":{"_acf_changed":false,"_exactmetrics_skip_tracking":false,"_exactmetrics_sitenote_active":false,"_exactmetrics_sitenote_note":"","_exactmetrics_sitenote_category":0,"footnotes":""},"categories":[4,13,14],"tags":[],"class_list":["post-2719","post","type-post","status-publish","format-standard","has-post-thumbnail","hentry","category-blog","category-strona-glowna-najnowsze","category-strona-glowna-slider"],"acf":[],"yoast_head":"<!-- This site is optimized with the Yoast SEO plugin v26.2 - https:\/\/yoast.com\/wordpress\/plugins\/seo\/ -->\n<title>\u201cIo sono l\u2019Alfa e l\u2019Omega...\u201d - Centro di Documentazione e Studio del Pontificato di Giovanni Paolo II a Roma<\/title>\n<meta name=\"robots\" content=\"index, follow, max-snippet:-1, max-image-preview:large, max-video-preview:-1\" \/>\n<link rel=\"canonical\" href=\"https:\/\/jp2doc.pl\/it\/2021\/11\/20\/io-sono-lalfa-e-lomega\/\" \/>\n<meta property=\"og:locale\" content=\"it_IT\" \/>\n<meta property=\"og:type\" content=\"article\" \/>\n<meta property=\"og:title\" content=\"\u201cIo sono l\u2019Alfa e l\u2019Omega...\u201d - Centro di Documentazione e Studio del Pontificato di Giovanni Paolo II a Roma\" \/>\n<meta property=\"og:description\" content=\"Solennit\u00e0 di Cristo Re dell&#039;Universo\" \/>\n<meta property=\"og:url\" content=\"https:\/\/jp2doc.pl\/it\/2021\/11\/20\/io-sono-lalfa-e-lomega\/\" \/>\n<meta property=\"og:site_name\" content=\"Centro di Documentazione e Studio del Pontificato di Giovanni Paolo II a Roma\" \/>\n<meta property=\"article:published_time\" content=\"2021-11-20T08:53:03+00:00\" \/>\n<meta property=\"article:modified_time\" content=\"2021-11-20T08:53:05+00:00\" \/>\n<meta property=\"og:image\" content=\"https:\/\/jp2doc.pl\/it\/wp-content\/uploads\/sites\/3\/2017\/11\/34157821773_a45b25da5f_k.jpg\" \/>\n\t<meta property=\"og:image:width\" content=\"994\" \/>\n\t<meta property=\"og:image:height\" content=\"1000\" \/>\n\t<meta property=\"og:image:type\" content=\"image\/jpeg\" \/>\n<meta name=\"author\" content=\"juliasercanka\" \/>\n<meta name=\"twitter:card\" content=\"summary_large_image\" \/>\n<meta name=\"twitter:label1\" content=\"Scritto da\" \/>\n\t<meta name=\"twitter:data1\" content=\"juliasercanka\" \/>\n\t<meta name=\"twitter:label2\" content=\"Tempo di lettura stimato\" \/>\n\t<meta name=\"twitter:data2\" content=\"3 minuti\" \/>\n<script type=\"application\/ld+json\" class=\"yoast-schema-graph\">{\"@context\":\"https:\/\/schema.org\",\"@graph\":[{\"@type\":\"Article\",\"@id\":\"https:\/\/jp2doc.pl\/it\/2021\/11\/20\/io-sono-lalfa-e-lomega\/#article\",\"isPartOf\":{\"@id\":\"https:\/\/jp2doc.pl\/it\/2021\/11\/20\/io-sono-lalfa-e-lomega\/\"},\"author\":{\"name\":\"juliasercanka\",\"@id\":\"https:\/\/jp2doc.pl\/it\/#\/schema\/person\/6110109e80abb51f6fac4824777eabfe\"},\"headline\":\"\u201cIo sono l\u2019Alfa e l\u2019Omega&#8230;\u201d\",\"datePublished\":\"2021-11-20T08:53:03+00:00\",\"dateModified\":\"2021-11-20T08:53:05+00:00\",\"mainEntityOfPage\":{\"@id\":\"https:\/\/jp2doc.pl\/it\/2021\/11\/20\/io-sono-lalfa-e-lomega\/\"},\"wordCount\":564,\"commentCount\":0,\"publisher\":{\"@id\":\"https:\/\/jp2doc.pl\/it\/#organization\"},\"image\":{\"@id\":\"https:\/\/jp2doc.pl\/it\/2021\/11\/20\/io-sono-lalfa-e-lomega\/#primaryimage\"},\"thumbnailUrl\":\"https:\/\/jp2doc.pl\/it\/wp-content\/uploads\/sites\/3\/2017\/11\/34157821773_a45b25da5f_k.jpg\",\"articleSection\":[\"Blog\",\"Strona g\u0142\u00f3wna - najnowsze\",\"Strona g\u0142\u00f3wna - slider\"],\"inLanguage\":\"it-IT\",\"potentialAction\":[{\"@type\":\"CommentAction\",\"name\":\"Comment\",\"target\":[\"https:\/\/jp2doc.pl\/it\/2021\/11\/20\/io-sono-lalfa-e-lomega\/#respond\"]}]},{\"@type\":\"WebPage\",\"@id\":\"https:\/\/jp2doc.pl\/it\/2021\/11\/20\/io-sono-lalfa-e-lomega\/\",\"url\":\"https:\/\/jp2doc.pl\/it\/2021\/11\/20\/io-sono-lalfa-e-lomega\/\",\"name\":\"\u201cIo sono l\u2019Alfa e l\u2019Omega...\u201d - Centro di Documentazione e Studio del Pontificato di Giovanni Paolo II a Roma\",\"isPartOf\":{\"@id\":\"https:\/\/jp2doc.pl\/it\/#website\"},\"primaryImageOfPage\":{\"@id\":\"https:\/\/jp2doc.pl\/it\/2021\/11\/20\/io-sono-lalfa-e-lomega\/#primaryimage\"},\"image\":{\"@id\":\"https:\/\/jp2doc.pl\/it\/2021\/11\/20\/io-sono-lalfa-e-lomega\/#primaryimage\"},\"thumbnailUrl\":\"https:\/\/jp2doc.pl\/it\/wp-content\/uploads\/sites\/3\/2017\/11\/34157821773_a45b25da5f_k.jpg\",\"datePublished\":\"2021-11-20T08:53:03+00:00\",\"dateModified\":\"2021-11-20T08:53:05+00:00\",\"breadcrumb\":{\"@id\":\"https:\/\/jp2doc.pl\/it\/2021\/11\/20\/io-sono-lalfa-e-lomega\/#breadcrumb\"},\"inLanguage\":\"it-IT\",\"potentialAction\":[{\"@type\":\"ReadAction\",\"target\":[\"https:\/\/jp2doc.pl\/it\/2021\/11\/20\/io-sono-lalfa-e-lomega\/\"]}]},{\"@type\":\"ImageObject\",\"inLanguage\":\"it-IT\",\"@id\":\"https:\/\/jp2doc.pl\/it\/2021\/11\/20\/io-sono-lalfa-e-lomega\/#primaryimage\",\"url\":\"https:\/\/jp2doc.pl\/it\/wp-content\/uploads\/sites\/3\/2017\/11\/34157821773_a45b25da5f_k.jpg\",\"contentUrl\":\"https:\/\/jp2doc.pl\/it\/wp-content\/uploads\/sites\/3\/2017\/11\/34157821773_a45b25da5f_k.jpg\",\"width\":994,\"height\":1000},{\"@type\":\"BreadcrumbList\",\"@id\":\"https:\/\/jp2doc.pl\/it\/2021\/11\/20\/io-sono-lalfa-e-lomega\/#breadcrumb\",\"itemListElement\":[{\"@type\":\"ListItem\",\"position\":1,\"name\":\"Home\",\"item\":\"https:\/\/jp2doc.pl\/it\/\"},{\"@type\":\"ListItem\",\"position\":2,\"name\":\"\u201cIo sono l\u2019Alfa e l\u2019Omega&#8230;\u201d\"}]},{\"@type\":\"WebSite\",\"@id\":\"https:\/\/jp2doc.pl\/it\/#website\",\"url\":\"https:\/\/jp2doc.pl\/it\/\",\"name\":\"Centro di Documentazione e Studio del Pontificato di Giovanni Paolo II a Roma\",\"description\":\"\",\"publisher\":{\"@id\":\"https:\/\/jp2doc.pl\/it\/#organization\"},\"potentialAction\":[{\"@type\":\"SearchAction\",\"target\":{\"@type\":\"EntryPoint\",\"urlTemplate\":\"https:\/\/jp2doc.pl\/it\/?s={search_term_string}\"},\"query-input\":{\"@type\":\"PropertyValueSpecification\",\"valueRequired\":true,\"valueName\":\"search_term_string\"}}],\"inLanguage\":\"it-IT\"},{\"@type\":\"Organization\",\"@id\":\"https:\/\/jp2doc.pl\/it\/#organization\",\"name\":\"Centro di Documentazione e Studio del Pontificato di Giovanni Paolo II a Roma\",\"url\":\"https:\/\/jp2doc.pl\/it\/\",\"logo\":{\"@type\":\"ImageObject\",\"inLanguage\":\"it-IT\",\"@id\":\"https:\/\/jp2doc.pl\/it\/#\/schema\/logo\/image\/\",\"url\":\"https:\/\/jp2doc.pl\/it\/wp-content\/uploads\/sites\/3\/2017\/03\/cropped-logo.png\",\"contentUrl\":\"https:\/\/jp2doc.pl\/it\/wp-content\/uploads\/sites\/3\/2017\/03\/cropped-logo.png\",\"width\":115,\"height\":115,\"caption\":\"Centro di Documentazione e Studio del Pontificato di Giovanni Paolo II a Roma\"},\"image\":{\"@id\":\"https:\/\/jp2doc.pl\/it\/#\/schema\/logo\/image\/\"}},{\"@type\":\"Person\",\"@id\":\"https:\/\/jp2doc.pl\/it\/#\/schema\/person\/6110109e80abb51f6fac4824777eabfe\",\"name\":\"juliasercanka\",\"image\":{\"@type\":\"ImageObject\",\"inLanguage\":\"it-IT\",\"@id\":\"https:\/\/jp2doc.pl\/it\/#\/schema\/person\/image\/\",\"url\":\"https:\/\/secure.gravatar.com\/avatar\/266a66e864556e22d55d61b6b10c97fab9060767b738564bcd109f3997e372bc?s=96&d=mm&r=g\",\"contentUrl\":\"https:\/\/secure.gravatar.com\/avatar\/266a66e864556e22d55d61b6b10c97fab9060767b738564bcd109f3997e372bc?s=96&d=mm&r=g\",\"caption\":\"juliasercanka\"},\"url\":\"https:\/\/jp2doc.pl\/it\/author\/juliasercanka\/\"}]}<\/script>\n<!-- \/ Yoast SEO plugin. -->","yoast_head_json":{"title":"\u201cIo sono l\u2019Alfa e l\u2019Omega...\u201d - Centro di Documentazione e Studio del Pontificato di Giovanni Paolo II a Roma","robots":{"index":"index","follow":"follow","max-snippet":"max-snippet:-1","max-image-preview":"max-image-preview:large","max-video-preview":"max-video-preview:-1"},"canonical":"https:\/\/jp2doc.pl\/it\/2021\/11\/20\/io-sono-lalfa-e-lomega\/","og_locale":"it_IT","og_type":"article","og_title":"\u201cIo sono l\u2019Alfa e l\u2019Omega...\u201d - Centro di Documentazione e Studio del Pontificato di Giovanni Paolo II a Roma","og_description":"Solennit\u00e0 di Cristo Re dell'Universo","og_url":"https:\/\/jp2doc.pl\/it\/2021\/11\/20\/io-sono-lalfa-e-lomega\/","og_site_name":"Centro di Documentazione e Studio del Pontificato di Giovanni Paolo II a Roma","article_published_time":"2021-11-20T08:53:03+00:00","article_modified_time":"2021-11-20T08:53:05+00:00","og_image":[{"width":994,"height":1000,"url":"https:\/\/jp2doc.pl\/it\/wp-content\/uploads\/sites\/3\/2017\/11\/34157821773_a45b25da5f_k.jpg","type":"image\/jpeg"}],"author":"juliasercanka","twitter_card":"summary_large_image","twitter_misc":{"Scritto da":"juliasercanka","Tempo di lettura stimato":"3 minuti"},"schema":{"@context":"https:\/\/schema.org","@graph":[{"@type":"Article","@id":"https:\/\/jp2doc.pl\/it\/2021\/11\/20\/io-sono-lalfa-e-lomega\/#article","isPartOf":{"@id":"https:\/\/jp2doc.pl\/it\/2021\/11\/20\/io-sono-lalfa-e-lomega\/"},"author":{"name":"juliasercanka","@id":"https:\/\/jp2doc.pl\/it\/#\/schema\/person\/6110109e80abb51f6fac4824777eabfe"},"headline":"\u201cIo sono l\u2019Alfa e l\u2019Omega&#8230;\u201d","datePublished":"2021-11-20T08:53:03+00:00","dateModified":"2021-11-20T08:53:05+00:00","mainEntityOfPage":{"@id":"https:\/\/jp2doc.pl\/it\/2021\/11\/20\/io-sono-lalfa-e-lomega\/"},"wordCount":564,"commentCount":0,"publisher":{"@id":"https:\/\/jp2doc.pl\/it\/#organization"},"image":{"@id":"https:\/\/jp2doc.pl\/it\/2021\/11\/20\/io-sono-lalfa-e-lomega\/#primaryimage"},"thumbnailUrl":"https:\/\/jp2doc.pl\/it\/wp-content\/uploads\/sites\/3\/2017\/11\/34157821773_a45b25da5f_k.jpg","articleSection":["Blog","Strona g\u0142\u00f3wna - najnowsze","Strona g\u0142\u00f3wna - slider"],"inLanguage":"it-IT","potentialAction":[{"@type":"CommentAction","name":"Comment","target":["https:\/\/jp2doc.pl\/it\/2021\/11\/20\/io-sono-lalfa-e-lomega\/#respond"]}]},{"@type":"WebPage","@id":"https:\/\/jp2doc.pl\/it\/2021\/11\/20\/io-sono-lalfa-e-lomega\/","url":"https:\/\/jp2doc.pl\/it\/2021\/11\/20\/io-sono-lalfa-e-lomega\/","name":"\u201cIo sono l\u2019Alfa e l\u2019Omega...\u201d - Centro di Documentazione e Studio del Pontificato di Giovanni Paolo II a Roma","isPartOf":{"@id":"https:\/\/jp2doc.pl\/it\/#website"},"primaryImageOfPage":{"@id":"https:\/\/jp2doc.pl\/it\/2021\/11\/20\/io-sono-lalfa-e-lomega\/#primaryimage"},"image":{"@id":"https:\/\/jp2doc.pl\/it\/2021\/11\/20\/io-sono-lalfa-e-lomega\/#primaryimage"},"thumbnailUrl":"https:\/\/jp2doc.pl\/it\/wp-content\/uploads\/sites\/3\/2017\/11\/34157821773_a45b25da5f_k.jpg","datePublished":"2021-11-20T08:53:03+00:00","dateModified":"2021-11-20T08:53:05+00:00","breadcrumb":{"@id":"https:\/\/jp2doc.pl\/it\/2021\/11\/20\/io-sono-lalfa-e-lomega\/#breadcrumb"},"inLanguage":"it-IT","potentialAction":[{"@type":"ReadAction","target":["https:\/\/jp2doc.pl\/it\/2021\/11\/20\/io-sono-lalfa-e-lomega\/"]}]},{"@type":"ImageObject","inLanguage":"it-IT","@id":"https:\/\/jp2doc.pl\/it\/2021\/11\/20\/io-sono-lalfa-e-lomega\/#primaryimage","url":"https:\/\/jp2doc.pl\/it\/wp-content\/uploads\/sites\/3\/2017\/11\/34157821773_a45b25da5f_k.jpg","contentUrl":"https:\/\/jp2doc.pl\/it\/wp-content\/uploads\/sites\/3\/2017\/11\/34157821773_a45b25da5f_k.jpg","width":994,"height":1000},{"@type":"BreadcrumbList","@id":"https:\/\/jp2doc.pl\/it\/2021\/11\/20\/io-sono-lalfa-e-lomega\/#breadcrumb","itemListElement":[{"@type":"ListItem","position":1,"name":"Home","item":"https:\/\/jp2doc.pl\/it\/"},{"@type":"ListItem","position":2,"name":"\u201cIo sono l\u2019Alfa e l\u2019Omega&#8230;\u201d"}]},{"@type":"WebSite","@id":"https:\/\/jp2doc.pl\/it\/#website","url":"https:\/\/jp2doc.pl\/it\/","name":"Centro di Documentazione e Studio del Pontificato di Giovanni Paolo II a Roma","description":"","publisher":{"@id":"https:\/\/jp2doc.pl\/it\/#organization"},"potentialAction":[{"@type":"SearchAction","target":{"@type":"EntryPoint","urlTemplate":"https:\/\/jp2doc.pl\/it\/?s={search_term_string}"},"query-input":{"@type":"PropertyValueSpecification","valueRequired":true,"valueName":"search_term_string"}}],"inLanguage":"it-IT"},{"@type":"Organization","@id":"https:\/\/jp2doc.pl\/it\/#organization","name":"Centro di Documentazione e Studio del Pontificato di Giovanni Paolo II a Roma","url":"https:\/\/jp2doc.pl\/it\/","logo":{"@type":"ImageObject","inLanguage":"it-IT","@id":"https:\/\/jp2doc.pl\/it\/#\/schema\/logo\/image\/","url":"https:\/\/jp2doc.pl\/it\/wp-content\/uploads\/sites\/3\/2017\/03\/cropped-logo.png","contentUrl":"https:\/\/jp2doc.pl\/it\/wp-content\/uploads\/sites\/3\/2017\/03\/cropped-logo.png","width":115,"height":115,"caption":"Centro di Documentazione e Studio del Pontificato di Giovanni Paolo II a Roma"},"image":{"@id":"https:\/\/jp2doc.pl\/it\/#\/schema\/logo\/image\/"}},{"@type":"Person","@id":"https:\/\/jp2doc.pl\/it\/#\/schema\/person\/6110109e80abb51f6fac4824777eabfe","name":"juliasercanka","image":{"@type":"ImageObject","inLanguage":"it-IT","@id":"https:\/\/jp2doc.pl\/it\/#\/schema\/person\/image\/","url":"https:\/\/secure.gravatar.com\/avatar\/266a66e864556e22d55d61b6b10c97fab9060767b738564bcd109f3997e372bc?s=96&d=mm&r=g","contentUrl":"https:\/\/secure.gravatar.com\/avatar\/266a66e864556e22d55d61b6b10c97fab9060767b738564bcd109f3997e372bc?s=96&d=mm&r=g","caption":"juliasercanka"},"url":"https:\/\/jp2doc.pl\/it\/author\/juliasercanka\/"}]}},"_links":{"self":[{"href":"https:\/\/jp2doc.pl\/it\/wp-json\/wp\/v2\/posts\/2719","targetHints":{"allow":["GET"]}}],"collection":[{"href":"https:\/\/jp2doc.pl\/it\/wp-json\/wp\/v2\/posts"}],"about":[{"href":"https:\/\/jp2doc.pl\/it\/wp-json\/wp\/v2\/types\/post"}],"author":[{"embeddable":true,"href":"https:\/\/jp2doc.pl\/it\/wp-json\/wp\/v2\/users\/5"}],"replies":[{"embeddable":true,"href":"https:\/\/jp2doc.pl\/it\/wp-json\/wp\/v2\/comments?post=2719"}],"version-history":[{"count":1,"href":"https:\/\/jp2doc.pl\/it\/wp-json\/wp\/v2\/posts\/2719\/revisions"}],"predecessor-version":[{"id":2720,"href":"https:\/\/jp2doc.pl\/it\/wp-json\/wp\/v2\/posts\/2719\/revisions\/2720"}],"wp:featuredmedia":[{"embeddable":true,"href":"https:\/\/jp2doc.pl\/it\/wp-json\/wp\/v2\/media\/1859"}],"wp:attachment":[{"href":"https:\/\/jp2doc.pl\/it\/wp-json\/wp\/v2\/media?parent=2719"}],"wp:term":[{"taxonomy":"category","embeddable":true,"href":"https:\/\/jp2doc.pl\/it\/wp-json\/wp\/v2\/categories?post=2719"},{"taxonomy":"post_tag","embeddable":true,"href":"https:\/\/jp2doc.pl\/it\/wp-json\/wp\/v2\/tags?post=2719"}],"curies":[{"name":"wp","href":"https:\/\/api.w.org\/{rel}","templated":true}]}}