{"id":2782,"date":"2022-03-26T09:05:54","date_gmt":"2022-03-26T08:05:54","guid":{"rendered":"https:\/\/jp2doc.pl\/it\/?p=2782"},"modified":"2022-03-26T09:05:56","modified_gmt":"2022-03-26T08:05:56","slug":"ritornare-alla-casa-del-padre","status":"publish","type":"post","link":"https:\/\/jp2doc.pl\/it\/2022\/03\/26\/ritornare-alla-casa-del-padre\/","title":{"rendered":"\u201cRitornare alla casa del padre&#8230;\u201d"},"content":{"rendered":"\n<p>La liturgia che abbiamo ascoltato ha il suo cuore, il suo centro nella parabola del padre misericordioso. Gi\u00e0 il titolo, che noi conosciamo anche come \u201cparabola del figliol prodigo\u201d, sposta l\u2019accento sulla figura del padre, nel suo modo di essere, \u201cmisericordioso\u201d, che rappresenta l\u2019essenza di Dio: \u201c<em>Misericordioso e pietoso fino a mille generazioni, che conserva l\u2019ira per quattro generazioni<\/em>\u201d cos\u00ec recita l\u2019Antico Testamento, mettendo in luce la sproporzione tra la misericordia e la condanna.<\/p>\n\n\n\n<p>Gi\u00e0 questa settimana alcune letture facevano presagire l\u2019agire di Dio, come nella parabola del servo malvagio: il padrone condona al suo servo un debito enorme, diecimila talenti, che non sarebbe mai riuscito a pagare; ma poi il servo appena uscito, incontrando un amico che gli doveva cento denari, una piccola cifra, non mette in pratica quella misericordia che aveva ricevuto e lo fa arrestare per ottenere il suo credito. Cos\u00ec i farisei, criticano Ges\u00f9 perch\u00e9 sta con i peccatori, con \u201c<em>coloro che hanno bisogno del medico<\/em>\u201d, non essendo venuto il Messia per chiamare i giusti ma i peccatori, e non mostrano quella misericordia che deve esserci tra fratelli.<\/p>\n\n\n\n<p>Questi esempi e la parabola cha abbiamo ascoltato, ci fanno capire innanzitutto che il cuore di Dio \u00e8 compassionevole verso il peccatore, affinch\u00e9 si converta e viva, per accoglierlo al suo ritorno, perch\u00e9 \u201c<em>c\u2019\u00e8 pi\u00f9 gioia per un solo peccatore che si converte che per novantanove giusti che non hanno bisogno di conversione<\/em>\u201d. Ma il figlio, purtroppo, ne ha combinate \u201cdi tutti i colori\u201d, e come non dar ragione al fratello maggiore che sembra voler dire al padre:&nbsp; \u201cti ha fatto soffrire, ha sperperato tutte le tue sostanze con le prostitute, e sei ancora buono con lui!?\u201d Questo purtroppo \u00e8 un ragionamento, una logica che pu\u00f2 verificarsi anche in noi, di fronte alla ingiustizie umane che ci possono toccare.<\/p>\n\n\n\n<p>Ma di fronte a tutto questo, entrambi i figli, sia il figlio prodigo sia l\u2019altro maggiore, sono costretti a confrontarsi con l\u2019amore del Padre, un amore che supera i loro ragionamenti, che ci rivela l\u2019agire di Dio nei nostri confronti: un amore incondizionato, che&nbsp; non si ferma al male che possiamo aver causato. Un amore che non viene mai meno e prevale su tutte \u201c<em>le storture della nostra vita, i nostri fallimenti, le nostre cadute, sbagli, ferite<\/em>\u201d, e tutto ci\u00f2 trova la massima espressione nei gesti eloquenti del padre: \u201c<em>ebbe compassione, gli corse incontro, gli si gett\u00f2 al collo e lo baci\u00f2<\/em>\u201d.<\/p>\n\n\n\n<p>E qui si aprono due possibilit\u00e0: la prima del figlio prodigo, pi\u00f9 difficile, che richiede l\u2019umilt\u00e0 di un cammino interiore, riconoscere il proprio errore, accettare di aver sbagliato, mettersi in discussione: quello che \u00e8 \u201c<em>ritornare in se stesso<\/em>\u201d, primo passo indispensabile per cominciare poi a \u201c<em>ritornare alla casa del padre<\/em>\u201d. Trovare il coraggio di presentarsi al padre, forse c\u2019era il timore di non essere accolti, cos\u00ec da aggiungere un ulteriore sofferenza: non solo quella di aver perso tutti i beni materiali, ma la paura di perdere anche l\u2019affetto pi\u00f9 importante che gli era rimasto.<\/p>\n\n\n\n<p>No, Dio ci insegna proprio a non avere questa falsa immagine di Lui: perch\u00e9 Dio \u00e8 amore, un amore immutabile, che non viene meno: anche fosse il pi\u00f9 grande peccatore, Dio non smette di amarlo. Ma \u00e8 l\u2019uomo che pu\u00f2 dire no a questo amore, ed \u00e8 quello che accade con il fratello maggiore: ha questa falsa immagine del padre e del fratello, che neanche nomina, dicendo \u201c<em>questo tuo figlio<\/em>\u201d. \u00c8 stato tanti anni con suo padre, ed ora si accorge che non lo conosce, la cosa peggiore \u00e8 che non ha mai sperimentato su di s\u00e9 l\u2019amore che il padre ha sempre avuto verso di lui. E quando l\u2019amore del padre si manifesta verso il figlio minore, che \u201c<em>si era perduto ed \u00e8 ritornato<\/em>\u201d, \u00e8 incapace di capire perch\u00e9 si comporta cos\u00ec: lo vede come un torto nei suoi confronti e uccidere il vitello grasso, fare festa, diventa inconcepibile.<\/p>\n\n\n\n<p>Se questa \u00e8 una parabola, un racconto creato da Ges\u00f9 affinch\u00e9 tutti quelli che lo ascoltavano potessero comprendere l\u2019amore di Dio, noi abbiamo un fatto reale, concreto che attesta inequivocabilmente questo amore, che si spinge all\u2019eccesso, ed \u00e8 nella passione di Ges\u00f9 che \u00e8 morto in croce per noi.<\/p>\n\n\n\n<p>Questa parola che abbiamo ascoltato sia un invito a lasciarci riconciliare con Dio, per fare esperienza dell\u2019amore che Dio ha per ognuno di noi, a non chiuderci in noi stessi, nel nostro orgoglio e autosufficienza, ma a far posto nella nostra vita a Dio, affinch\u00e9 il suo amore possa trovare in noi quella corrispondenza, quell\u2019accoglienza che ci fa entrare in comunione con l\u2019agire di Dio.<\/p>\n\n\n\n<p><strong>Padre Michele Messi<\/strong>, passionsta<\/p>\n\n\n\n<p><em>Fot. Gabriel\/Unsplash.com<\/em><\/p>\n","protected":false},"excerpt":{"rendered":"<p>IV Domenica di Quaresima<\/p>\n","protected":false},"author":5,"featured_media":2202,"comment_status":"open","ping_status":"open","sticky":false,"template":"","format":"standard","meta":{"_acf_changed":false,"_exactmetrics_skip_tracking":false,"_exactmetrics_sitenote_active":false,"_exactmetrics_sitenote_note":"","_exactmetrics_sitenote_category":0,"footnotes":""},"categories":[4,13,14],"tags":[],"class_list":["post-2782","post","type-post","status-publish","format-standard","has-post-thumbnail","hentry","category-blog","category-strona-glowna-najnowsze","category-strona-glowna-slider"],"acf":[],"yoast_head":"<!-- This site is optimized with the Yoast SEO plugin v26.2 - https:\/\/yoast.com\/wordpress\/plugins\/seo\/ -->\n<title>\u201cRitornare alla casa del padre...\u201d - Centro di Documentazione e Studio del Pontificato di Giovanni Paolo II a Roma<\/title>\n<meta name=\"robots\" content=\"index, follow, max-snippet:-1, max-image-preview:large, max-video-preview:-1\" \/>\n<link rel=\"canonical\" href=\"https:\/\/jp2doc.pl\/it\/2022\/03\/26\/ritornare-alla-casa-del-padre\/\" \/>\n<meta property=\"og:locale\" content=\"it_IT\" \/>\n<meta property=\"og:type\" content=\"article\" \/>\n<meta property=\"og:title\" content=\"\u201cRitornare alla casa del padre...\u201d - Centro di Documentazione e Studio del Pontificato di Giovanni Paolo II a Roma\" \/>\n<meta property=\"og:description\" content=\"IV Domenica di Quaresima\" \/>\n<meta property=\"og:url\" content=\"https:\/\/jp2doc.pl\/it\/2022\/03\/26\/ritornare-alla-casa-del-padre\/\" \/>\n<meta property=\"og:site_name\" content=\"Centro di Documentazione e Studio del Pontificato di Giovanni Paolo II a Roma\" \/>\n<meta property=\"article:published_time\" content=\"2022-03-26T08:05:54+00:00\" \/>\n<meta property=\"article:modified_time\" content=\"2022-03-26T08:05:56+00:00\" \/>\n<meta property=\"og:image\" content=\"https:\/\/jp2doc.pl\/it\/wp-content\/uploads\/sites\/3\/2019\/01\/gabriel-741383-unsplash.jpg\" \/>\n\t<meta property=\"og:image:width\" content=\"1079\" \/>\n\t<meta property=\"og:image:height\" content=\"607\" \/>\n\t<meta property=\"og:image:type\" content=\"image\/jpeg\" \/>\n<meta name=\"author\" content=\"juliasercanka\" \/>\n<meta name=\"twitter:card\" content=\"summary_large_image\" \/>\n<meta name=\"twitter:label1\" content=\"Scritto da\" \/>\n\t<meta name=\"twitter:data1\" content=\"juliasercanka\" \/>\n\t<meta name=\"twitter:label2\" content=\"Tempo di lettura stimato\" \/>\n\t<meta name=\"twitter:data2\" content=\"4 minuti\" \/>\n<script type=\"application\/ld+json\" class=\"yoast-schema-graph\">{\"@context\":\"https:\/\/schema.org\",\"@graph\":[{\"@type\":\"Article\",\"@id\":\"https:\/\/jp2doc.pl\/it\/2022\/03\/26\/ritornare-alla-casa-del-padre\/#article\",\"isPartOf\":{\"@id\":\"https:\/\/jp2doc.pl\/it\/2022\/03\/26\/ritornare-alla-casa-del-padre\/\"},\"author\":{\"name\":\"juliasercanka\",\"@id\":\"https:\/\/jp2doc.pl\/it\/#\/schema\/person\/6110109e80abb51f6fac4824777eabfe\"},\"headline\":\"\u201cRitornare alla casa del padre&#8230;\u201d\",\"datePublished\":\"2022-03-26T08:05:54+00:00\",\"dateModified\":\"2022-03-26T08:05:56+00:00\",\"mainEntityOfPage\":{\"@id\":\"https:\/\/jp2doc.pl\/it\/2022\/03\/26\/ritornare-alla-casa-del-padre\/\"},\"wordCount\":782,\"commentCount\":0,\"publisher\":{\"@id\":\"https:\/\/jp2doc.pl\/it\/#organization\"},\"image\":{\"@id\":\"https:\/\/jp2doc.pl\/it\/2022\/03\/26\/ritornare-alla-casa-del-padre\/#primaryimage\"},\"thumbnailUrl\":\"https:\/\/jp2doc.pl\/it\/wp-content\/uploads\/sites\/3\/2019\/01\/gabriel-741383-unsplash.jpg\",\"articleSection\":[\"Blog\",\"Strona g\u0142\u00f3wna - najnowsze\",\"Strona g\u0142\u00f3wna - slider\"],\"inLanguage\":\"it-IT\",\"potentialAction\":[{\"@type\":\"CommentAction\",\"name\":\"Comment\",\"target\":[\"https:\/\/jp2doc.pl\/it\/2022\/03\/26\/ritornare-alla-casa-del-padre\/#respond\"]}]},{\"@type\":\"WebPage\",\"@id\":\"https:\/\/jp2doc.pl\/it\/2022\/03\/26\/ritornare-alla-casa-del-padre\/\",\"url\":\"https:\/\/jp2doc.pl\/it\/2022\/03\/26\/ritornare-alla-casa-del-padre\/\",\"name\":\"\u201cRitornare alla casa del padre...\u201d - Centro di Documentazione e Studio del Pontificato di Giovanni Paolo II a Roma\",\"isPartOf\":{\"@id\":\"https:\/\/jp2doc.pl\/it\/#website\"},\"primaryImageOfPage\":{\"@id\":\"https:\/\/jp2doc.pl\/it\/2022\/03\/26\/ritornare-alla-casa-del-padre\/#primaryimage\"},\"image\":{\"@id\":\"https:\/\/jp2doc.pl\/it\/2022\/03\/26\/ritornare-alla-casa-del-padre\/#primaryimage\"},\"thumbnailUrl\":\"https:\/\/jp2doc.pl\/it\/wp-content\/uploads\/sites\/3\/2019\/01\/gabriel-741383-unsplash.jpg\",\"datePublished\":\"2022-03-26T08:05:54+00:00\",\"dateModified\":\"2022-03-26T08:05:56+00:00\",\"breadcrumb\":{\"@id\":\"https:\/\/jp2doc.pl\/it\/2022\/03\/26\/ritornare-alla-casa-del-padre\/#breadcrumb\"},\"inLanguage\":\"it-IT\",\"potentialAction\":[{\"@type\":\"ReadAction\",\"target\":[\"https:\/\/jp2doc.pl\/it\/2022\/03\/26\/ritornare-alla-casa-del-padre\/\"]}]},{\"@type\":\"ImageObject\",\"inLanguage\":\"it-IT\",\"@id\":\"https:\/\/jp2doc.pl\/it\/2022\/03\/26\/ritornare-alla-casa-del-padre\/#primaryimage\",\"url\":\"https:\/\/jp2doc.pl\/it\/wp-content\/uploads\/sites\/3\/2019\/01\/gabriel-741383-unsplash.jpg\",\"contentUrl\":\"https:\/\/jp2doc.pl\/it\/wp-content\/uploads\/sites\/3\/2019\/01\/gabriel-741383-unsplash.jpg\",\"width\":1079,\"height\":607},{\"@type\":\"BreadcrumbList\",\"@id\":\"https:\/\/jp2doc.pl\/it\/2022\/03\/26\/ritornare-alla-casa-del-padre\/#breadcrumb\",\"itemListElement\":[{\"@type\":\"ListItem\",\"position\":1,\"name\":\"Home\",\"item\":\"https:\/\/jp2doc.pl\/it\/\"},{\"@type\":\"ListItem\",\"position\":2,\"name\":\"\u201cRitornare alla casa del padre&#8230;\u201d\"}]},{\"@type\":\"WebSite\",\"@id\":\"https:\/\/jp2doc.pl\/it\/#website\",\"url\":\"https:\/\/jp2doc.pl\/it\/\",\"name\":\"Centro di Documentazione e Studio del Pontificato di Giovanni Paolo II a Roma\",\"description\":\"\",\"publisher\":{\"@id\":\"https:\/\/jp2doc.pl\/it\/#organization\"},\"potentialAction\":[{\"@type\":\"SearchAction\",\"target\":{\"@type\":\"EntryPoint\",\"urlTemplate\":\"https:\/\/jp2doc.pl\/it\/?s={search_term_string}\"},\"query-input\":{\"@type\":\"PropertyValueSpecification\",\"valueRequired\":true,\"valueName\":\"search_term_string\"}}],\"inLanguage\":\"it-IT\"},{\"@type\":\"Organization\",\"@id\":\"https:\/\/jp2doc.pl\/it\/#organization\",\"name\":\"Centro di Documentazione e Studio del Pontificato di Giovanni Paolo II a Roma\",\"url\":\"https:\/\/jp2doc.pl\/it\/\",\"logo\":{\"@type\":\"ImageObject\",\"inLanguage\":\"it-IT\",\"@id\":\"https:\/\/jp2doc.pl\/it\/#\/schema\/logo\/image\/\",\"url\":\"https:\/\/jp2doc.pl\/it\/wp-content\/uploads\/sites\/3\/2017\/03\/cropped-logo.png\",\"contentUrl\":\"https:\/\/jp2doc.pl\/it\/wp-content\/uploads\/sites\/3\/2017\/03\/cropped-logo.png\",\"width\":115,\"height\":115,\"caption\":\"Centro di Documentazione e Studio del Pontificato di Giovanni Paolo II a Roma\"},\"image\":{\"@id\":\"https:\/\/jp2doc.pl\/it\/#\/schema\/logo\/image\/\"}},{\"@type\":\"Person\",\"@id\":\"https:\/\/jp2doc.pl\/it\/#\/schema\/person\/6110109e80abb51f6fac4824777eabfe\",\"name\":\"juliasercanka\",\"image\":{\"@type\":\"ImageObject\",\"inLanguage\":\"it-IT\",\"@id\":\"https:\/\/jp2doc.pl\/it\/#\/schema\/person\/image\/\",\"url\":\"https:\/\/secure.gravatar.com\/avatar\/266a66e864556e22d55d61b6b10c97fab9060767b738564bcd109f3997e372bc?s=96&d=mm&r=g\",\"contentUrl\":\"https:\/\/secure.gravatar.com\/avatar\/266a66e864556e22d55d61b6b10c97fab9060767b738564bcd109f3997e372bc?s=96&d=mm&r=g\",\"caption\":\"juliasercanka\"},\"url\":\"https:\/\/jp2doc.pl\/it\/author\/juliasercanka\/\"}]}<\/script>\n<!-- \/ Yoast SEO plugin. -->","yoast_head_json":{"title":"\u201cRitornare alla casa del padre...\u201d - Centro di Documentazione e Studio del Pontificato di Giovanni Paolo II a Roma","robots":{"index":"index","follow":"follow","max-snippet":"max-snippet:-1","max-image-preview":"max-image-preview:large","max-video-preview":"max-video-preview:-1"},"canonical":"https:\/\/jp2doc.pl\/it\/2022\/03\/26\/ritornare-alla-casa-del-padre\/","og_locale":"it_IT","og_type":"article","og_title":"\u201cRitornare alla casa del padre...\u201d - Centro di Documentazione e Studio del Pontificato di Giovanni Paolo II a Roma","og_description":"IV Domenica di Quaresima","og_url":"https:\/\/jp2doc.pl\/it\/2022\/03\/26\/ritornare-alla-casa-del-padre\/","og_site_name":"Centro di Documentazione e Studio del Pontificato di Giovanni Paolo II a Roma","article_published_time":"2022-03-26T08:05:54+00:00","article_modified_time":"2022-03-26T08:05:56+00:00","og_image":[{"width":1079,"height":607,"url":"https:\/\/jp2doc.pl\/it\/wp-content\/uploads\/sites\/3\/2019\/01\/gabriel-741383-unsplash.jpg","type":"image\/jpeg"}],"author":"juliasercanka","twitter_card":"summary_large_image","twitter_misc":{"Scritto da":"juliasercanka","Tempo di lettura stimato":"4 minuti"},"schema":{"@context":"https:\/\/schema.org","@graph":[{"@type":"Article","@id":"https:\/\/jp2doc.pl\/it\/2022\/03\/26\/ritornare-alla-casa-del-padre\/#article","isPartOf":{"@id":"https:\/\/jp2doc.pl\/it\/2022\/03\/26\/ritornare-alla-casa-del-padre\/"},"author":{"name":"juliasercanka","@id":"https:\/\/jp2doc.pl\/it\/#\/schema\/person\/6110109e80abb51f6fac4824777eabfe"},"headline":"\u201cRitornare alla casa del padre&#8230;\u201d","datePublished":"2022-03-26T08:05:54+00:00","dateModified":"2022-03-26T08:05:56+00:00","mainEntityOfPage":{"@id":"https:\/\/jp2doc.pl\/it\/2022\/03\/26\/ritornare-alla-casa-del-padre\/"},"wordCount":782,"commentCount":0,"publisher":{"@id":"https:\/\/jp2doc.pl\/it\/#organization"},"image":{"@id":"https:\/\/jp2doc.pl\/it\/2022\/03\/26\/ritornare-alla-casa-del-padre\/#primaryimage"},"thumbnailUrl":"https:\/\/jp2doc.pl\/it\/wp-content\/uploads\/sites\/3\/2019\/01\/gabriel-741383-unsplash.jpg","articleSection":["Blog","Strona g\u0142\u00f3wna - najnowsze","Strona g\u0142\u00f3wna - slider"],"inLanguage":"it-IT","potentialAction":[{"@type":"CommentAction","name":"Comment","target":["https:\/\/jp2doc.pl\/it\/2022\/03\/26\/ritornare-alla-casa-del-padre\/#respond"]}]},{"@type":"WebPage","@id":"https:\/\/jp2doc.pl\/it\/2022\/03\/26\/ritornare-alla-casa-del-padre\/","url":"https:\/\/jp2doc.pl\/it\/2022\/03\/26\/ritornare-alla-casa-del-padre\/","name":"\u201cRitornare alla casa del padre...\u201d - Centro di Documentazione e Studio del Pontificato di Giovanni Paolo II a Roma","isPartOf":{"@id":"https:\/\/jp2doc.pl\/it\/#website"},"primaryImageOfPage":{"@id":"https:\/\/jp2doc.pl\/it\/2022\/03\/26\/ritornare-alla-casa-del-padre\/#primaryimage"},"image":{"@id":"https:\/\/jp2doc.pl\/it\/2022\/03\/26\/ritornare-alla-casa-del-padre\/#primaryimage"},"thumbnailUrl":"https:\/\/jp2doc.pl\/it\/wp-content\/uploads\/sites\/3\/2019\/01\/gabriel-741383-unsplash.jpg","datePublished":"2022-03-26T08:05:54+00:00","dateModified":"2022-03-26T08:05:56+00:00","breadcrumb":{"@id":"https:\/\/jp2doc.pl\/it\/2022\/03\/26\/ritornare-alla-casa-del-padre\/#breadcrumb"},"inLanguage":"it-IT","potentialAction":[{"@type":"ReadAction","target":["https:\/\/jp2doc.pl\/it\/2022\/03\/26\/ritornare-alla-casa-del-padre\/"]}]},{"@type":"ImageObject","inLanguage":"it-IT","@id":"https:\/\/jp2doc.pl\/it\/2022\/03\/26\/ritornare-alla-casa-del-padre\/#primaryimage","url":"https:\/\/jp2doc.pl\/it\/wp-content\/uploads\/sites\/3\/2019\/01\/gabriel-741383-unsplash.jpg","contentUrl":"https:\/\/jp2doc.pl\/it\/wp-content\/uploads\/sites\/3\/2019\/01\/gabriel-741383-unsplash.jpg","width":1079,"height":607},{"@type":"BreadcrumbList","@id":"https:\/\/jp2doc.pl\/it\/2022\/03\/26\/ritornare-alla-casa-del-padre\/#breadcrumb","itemListElement":[{"@type":"ListItem","position":1,"name":"Home","item":"https:\/\/jp2doc.pl\/it\/"},{"@type":"ListItem","position":2,"name":"\u201cRitornare alla casa del padre&#8230;\u201d"}]},{"@type":"WebSite","@id":"https:\/\/jp2doc.pl\/it\/#website","url":"https:\/\/jp2doc.pl\/it\/","name":"Centro di Documentazione e Studio del Pontificato di Giovanni Paolo II a Roma","description":"","publisher":{"@id":"https:\/\/jp2doc.pl\/it\/#organization"},"potentialAction":[{"@type":"SearchAction","target":{"@type":"EntryPoint","urlTemplate":"https:\/\/jp2doc.pl\/it\/?s={search_term_string}"},"query-input":{"@type":"PropertyValueSpecification","valueRequired":true,"valueName":"search_term_string"}}],"inLanguage":"it-IT"},{"@type":"Organization","@id":"https:\/\/jp2doc.pl\/it\/#organization","name":"Centro di Documentazione e Studio del Pontificato di Giovanni Paolo II a Roma","url":"https:\/\/jp2doc.pl\/it\/","logo":{"@type":"ImageObject","inLanguage":"it-IT","@id":"https:\/\/jp2doc.pl\/it\/#\/schema\/logo\/image\/","url":"https:\/\/jp2doc.pl\/it\/wp-content\/uploads\/sites\/3\/2017\/03\/cropped-logo.png","contentUrl":"https:\/\/jp2doc.pl\/it\/wp-content\/uploads\/sites\/3\/2017\/03\/cropped-logo.png","width":115,"height":115,"caption":"Centro di Documentazione e Studio del Pontificato di Giovanni Paolo II a Roma"},"image":{"@id":"https:\/\/jp2doc.pl\/it\/#\/schema\/logo\/image\/"}},{"@type":"Person","@id":"https:\/\/jp2doc.pl\/it\/#\/schema\/person\/6110109e80abb51f6fac4824777eabfe","name":"juliasercanka","image":{"@type":"ImageObject","inLanguage":"it-IT","@id":"https:\/\/jp2doc.pl\/it\/#\/schema\/person\/image\/","url":"https:\/\/secure.gravatar.com\/avatar\/266a66e864556e22d55d61b6b10c97fab9060767b738564bcd109f3997e372bc?s=96&d=mm&r=g","contentUrl":"https:\/\/secure.gravatar.com\/avatar\/266a66e864556e22d55d61b6b10c97fab9060767b738564bcd109f3997e372bc?s=96&d=mm&r=g","caption":"juliasercanka"},"url":"https:\/\/jp2doc.pl\/it\/author\/juliasercanka\/"}]}},"_links":{"self":[{"href":"https:\/\/jp2doc.pl\/it\/wp-json\/wp\/v2\/posts\/2782","targetHints":{"allow":["GET"]}}],"collection":[{"href":"https:\/\/jp2doc.pl\/it\/wp-json\/wp\/v2\/posts"}],"about":[{"href":"https:\/\/jp2doc.pl\/it\/wp-json\/wp\/v2\/types\/post"}],"author":[{"embeddable":true,"href":"https:\/\/jp2doc.pl\/it\/wp-json\/wp\/v2\/users\/5"}],"replies":[{"embeddable":true,"href":"https:\/\/jp2doc.pl\/it\/wp-json\/wp\/v2\/comments?post=2782"}],"version-history":[{"count":1,"href":"https:\/\/jp2doc.pl\/it\/wp-json\/wp\/v2\/posts\/2782\/revisions"}],"predecessor-version":[{"id":2783,"href":"https:\/\/jp2doc.pl\/it\/wp-json\/wp\/v2\/posts\/2782\/revisions\/2783"}],"wp:featuredmedia":[{"embeddable":true,"href":"https:\/\/jp2doc.pl\/it\/wp-json\/wp\/v2\/media\/2202"}],"wp:attachment":[{"href":"https:\/\/jp2doc.pl\/it\/wp-json\/wp\/v2\/media?parent=2782"}],"wp:term":[{"taxonomy":"category","embeddable":true,"href":"https:\/\/jp2doc.pl\/it\/wp-json\/wp\/v2\/categories?post=2782"},{"taxonomy":"post_tag","embeddable":true,"href":"https:\/\/jp2doc.pl\/it\/wp-json\/wp\/v2\/tags?post=2782"}],"curies":[{"name":"wp","href":"https:\/\/api.w.org\/{rel}","templated":true}]}}