{"id":2930,"date":"2022-11-04T12:45:47","date_gmt":"2022-11-04T11:45:47","guid":{"rendered":"https:\/\/jp2doc.pl\/it\/?p=2930"},"modified":"2022-11-04T12:46:41","modified_gmt":"2022-11-04T11:46:41","slug":"affrontando-nuove-sfide-3","status":"publish","type":"post","link":"https:\/\/jp2doc.pl\/it\/2022\/11\/04\/affrontando-nuove-sfide-3\/","title":{"rendered":"Affrontando nuove sfide"},"content":{"rendered":"\n<p>Dopo la parte inaugurale, \u00e8 iniziata la sessione principale, composta da tre interventi: i prelati Stefan Wyl\u0119\u017cek e S\u0142awomir Oder, e padre Andrzej Dobrzy\u0144ski. Monsignor Stefan Wyl\u0119\u017cek, rettore della Missione polacca in Inghilterra e Galles, ha parlato sul tema &#8220;La realizzazione delle idee fondanti della Fondazione Giovanni Paolo II durante il suo pontificato&#8221;. L&#8217;oratore ha sottolineato che l&#8217;istituzione della Fondazione riflette il momento storico associato all&#8217;elezione di Karol Wojtyla a Papa. &#8220;Gli antichi legami tra Roma e la Polonia, la sua storia e la sua cultura hanno ricevuto un nuovo impulso e abbiamo visto che stando a Roma potevamo essere \u00aba casa\u00bb&#8221;. &#8211; ha dichiarato l&#8217;oratore. La Casa Polacca, il Centro di Documentazione e Studio del Pontificato e l&#8217;Istituto Polacco di Cultura Cristiana sono tutte istituzioni della Fondazione che, fin dalla sua istituzione (16 ottobre 1981), hanno rafforzato la presenza della Chiesa polacca a Roma. L&#8217;oratore ha descritto brevemente le attivit\u00e0 di queste istituzioni, ma ha dedicato maggiore attenzione all&#8217;Istituto polacco di cultura cristiana, che ha cessato le sue attivit\u00e0 nel 2003. Ha ricordato i simposi scientifici organizzati, ai quali hanno partecipato note autorit\u00e0 dell&#8217;ambiente culturale. Ha ricordato la lunga e proficua collaborazione con l&#8217;Universit\u00e0 Cattolica di Lublino, grazie alla quale sono stati sviluppati corsi a Roma nell&#8217;ambito dell&#8217;Universit\u00e0 estiva di cultura polacca per giovani polacchi. Ha sottolineato l&#8217;importanza della pubblicazione della serie &#8220;Bullarium Poloniae&#8221; e del programma di borse di studio per gli studiosi polacchi che conducono ricerche e interrogazioni nelle biblioteche e negli archivi della Citt\u00e0 Eterna. L&#8217;oratore ha anche menzionato la creazione di un programma di borse di studio per i giovani dei Paesi dell&#8217;Europa orientale che studiano a Lublino e a Cracovia, al fine di sostenere la creazione di una \u201ccomunit\u00e0 di intellighenzia cattolica\u201d, coinvolta nella vita dei loro Paesi. Concludendo il suo intervento, P. Wyl\u0119\u017cek ha sottolineato che la cerchia di amici della Fondazione \u00e8 una testimonianza del fatto che il bene condiviso ritorna ai donatori, ad esempio sotto forma di varie iniziative, e attira persone di altre nazionalit\u00e0 a gestire congiuntamente i progetti.<\/p>\n\n\n\n<p>Monsignor Slawomir Oder nella sua relazione ha affrontato il tema: &#8220;Di fronte a una grande eredit\u00e0. La canonizzazione di Giovanni Paolo II e la ricezione del suo insegnamento&#8221;. Ha sottolineato che l&#8217;eredit\u00e0 di Giovanni Paolo II &#8220;\u00e8 scritta a pi\u00f9 voci&#8221;, \u00e8 composta da vari fili e collega la persona del Papa, il suo pensiero e la sua opera. Scandagliare e descrivere questo patrimonio richiede molti anni e studi. Tuttavia, si pu\u00f2 sottolineare che una caratteristica di questa eredit\u00e0 \u00e8 il cristocentrismo e il personalismo, che forniscono il quadro di riferimento per la riflessione teologica e filosofica contenuta nelle quattordici encicliche, i cui temi sono stati brevemente illustrati dall&#8217;oratore, e in una serie di altri documenti. L&#8217;oratore ha sottolineato che Giovanni Paolo II ha coniugato un magistero di portata universale con un approccio individuale a ogni persona che incontrava, nella quale percepiva l&#8217;immagine di Dio. Don Oder ha poi fatto riferimento al processo di beatificazione di Giovanni Paolo II, che ha guidato come postulatore. Ha sottolineato che il processo di beatificazione \u00e8 stato condotto secondo il consiglio di Benedetto XVI, &#8220;velocemente ma bene&#8221; e ha permesso di oggettivare l&#8217;esperienza della generazione che ha assistito alla vita di Giovanni Paolo II. Ha sottolineato che durante tutto il processo, i fedeli con cui il postulatore \u00e8 entrato in contatto hanno parlato del Papa come di una persona molto vicina a loro, come un padre, ammirando la sua spiritualit\u00e0, il suo impegno nella predicazione del Vangelo e apprezzando in lui la sincerit\u00e0 umana e la capacit\u00e0 di empatia. Con la beatificazione di Giovanni Paolo II, il 1\u00b0 maggio 2011, \u00e8 iniziata la venerazione delle sue reliquie, che ad oggi \u00e8 molto popolare. Dovrebbe essere combinato con lo studio dell&#8217;insegnamento del Papa. Un punto importante per attingere al suo esempio \u00e8 vedere il ruolo della spiritualit\u00e0 del Santo Padre e la sua preoccupazione per lo sviluppo della vita interiore e morale dei fedeli, perch\u00e9 questo costituisce il cammino di santificazione di ogni cristiano. Giovanni Paolo II sapeva leggere i segni dei tempi. Nell&#8217;era della secolarizzazione, egli vedeva la necessit\u00e0 di ricordare alle persone la dimensione trascendente della vita umana. Una manifestazione particolare \u00e8 la coscienza come bussola delle scelte quotidiane e, allo stesso tempo, come luogo di ascolto della voce di Dio. Padre Oder ha espresso la convinzione che la santit\u00e0 personale di Giovanni Paolo II sia l&#8217;aspetto pi\u00f9 prezioso della sua vita e, per cos\u00ec dire, una porta attraverso la quale si possono raggiungere, col tempo, i vari fili del suo insegnamento.<\/p>\n\n\n\n<p>Il terzo relatore \u00e8 stato don Andrzej Dobrzy\u0144ski, direttore del Centro di Documentazione e Studio del Pontificato di Giovanni Paolo II con sede a Roma, che ha affrontato il tema &#8220;Indicazioni per lo sviluppo della Fondazione Giovanni Paolo II come istituzione vaticana e romana&#8221;. &#8220;Il carattere romano della Fondazione Giovanni Paolo II \u00e8 legato soprattutto a quel genius loci che \u00e8 la Citt\u00e0 Eterna&#8221;, ha affermato il relatore. Ha spiegato che la specificit\u00e0 del ministero del successore di Pietro nella Chiesa \u00e8 quella di &#8220;pensare come un tutto&#8221;, cio\u00e8 di non perdere di vista la totalit\u00e0 della dottrina cattolica, i due millenni di storia cristiana o l&#8217;universalit\u00e0 della Chiesa. Per illustrare questo punto, l&#8217;oratore ha fatto riferimento al discorso di Giovanni Paolo II alla comunit\u00e0 della Fondazione in occasione della sua inaugurazione. In quell&#8217;occasione, il Papa ha sottolineato che la Fondazione dovrebbe essere un &#8220;punto sensibile&#8221; all&#8217;incrocio dei percorsi storici che entrano ed escono da Roma, dove gli aspetti particolari delle diverse culture si intersecano con gli aspetti universali del cristianesimo. La Citt\u00e0 Eterna, in particolare il suo ambiente accademico e l&#8217;Areopago della cultura, \u00e8 il luogo giusto per la Fondazione per sottolineare il carattere universale del pontificato di Giovanni Paolo II. In questo contesto, l&#8217;oratore ha parlato delle attivit\u00e0 del Centro per il Pontificato come istituzione operativa della Fondazione nel campo della ricerca e della divulgazione dell&#8217;eredit\u00e0 di Giovanni Paolo II. Sulla base di molti anni di lavoro, ha mostrato la necessit\u00e0 di una base giuridica per il Centro, in modo che possa cooperare meglio con le istituzioni scientifiche e accademiche. Ha poi sottolineato la necessit\u00e0 di istituire un Consiglio Scientifico del Centro Pontificio e di ampliare la cerchia di scienziati coinvolti in progetti e impegni specifici. Ha inoltre sottolineato che l&#8217;ubicazione del Centro alla periferia di Roma rende molto difficile per i ricercatori e gli studenti raggiungerlo e quindi utilizzarne le collezioni. Ha sottolineato la necessit\u00e0 di creare la sua &#8220;esposizione&#8221; nel centro della citt\u00e0 come punto di riferimento per l&#8217;insegnamento di Giovanni Paolo II e la storia del suo pontificato, e allo stesso tempo costituirebbe un avamposto del pensiero teologico polacco nella Citt\u00e0 Eterna. L&#8217;istituzione di un prestigioso premio legato al pensiero e all&#8217;opera di Giovanni Paolo II contribuirebbe inoltre a dare visibilit\u00e0 e a far fruttare l&#8217;attivit\u00e0 della Fondazione nel campo della cultura e della scienza.<\/p>\n\n\n\n<p>don Andrzej Dobrzy\u0144ski<\/p>\n","protected":false},"excerpt":{"rendered":"<p>Relazione dal simposio di Roma, parte 2<\/p>\n","protected":false},"author":5,"featured_media":2931,"comment_status":"open","ping_status":"open","sticky":false,"template":"","format":"standard","meta":{"_acf_changed":false,"_exactmetrics_skip_tracking":false,"_exactmetrics_sitenote_active":false,"_exactmetrics_sitenote_note":"","_exactmetrics_sitenote_category":0,"footnotes":""},"categories":[2,13,14],"tags":[],"class_list":["post-2930","post","type-post","status-publish","format-standard","has-post-thumbnail","hentry","category-articoli","category-strona-glowna-najnowsze","category-strona-glowna-slider"],"acf":[],"yoast_head":"<!-- This site is optimized with the Yoast SEO plugin v26.2 - https:\/\/yoast.com\/wordpress\/plugins\/seo\/ -->\n<title>Affrontando nuove sfide - Centro di Documentazione e Studio del Pontificato di Giovanni Paolo II a Roma<\/title>\n<meta name=\"robots\" content=\"index, follow, max-snippet:-1, max-image-preview:large, max-video-preview:-1\" \/>\n<link rel=\"canonical\" href=\"https:\/\/jp2doc.pl\/it\/2022\/11\/04\/affrontando-nuove-sfide-3\/\" \/>\n<meta property=\"og:locale\" content=\"it_IT\" \/>\n<meta property=\"og:type\" content=\"article\" \/>\n<meta property=\"og:title\" content=\"Affrontando nuove sfide - Centro di Documentazione e Studio del Pontificato di Giovanni Paolo II a Roma\" \/>\n<meta property=\"og:description\" content=\"Relazione dal simposio di Roma, parte 2\" \/>\n<meta property=\"og:url\" content=\"https:\/\/jp2doc.pl\/it\/2022\/11\/04\/affrontando-nuove-sfide-3\/\" \/>\n<meta property=\"og:site_name\" content=\"Centro di Documentazione e Studio del Pontificato di Giovanni Paolo II a Roma\" \/>\n<meta property=\"article:published_time\" content=\"2022-11-04T11:45:47+00:00\" \/>\n<meta property=\"article:modified_time\" content=\"2022-11-04T11:46:41+00:00\" \/>\n<meta property=\"og:image\" content=\"https:\/\/jp2doc.pl\/it\/wp-content\/uploads\/sites\/3\/2022\/11\/1A2R6836.jpg\" \/>\n\t<meta property=\"og:image:width\" content=\"1176\" \/>\n\t<meta property=\"og:image:height\" content=\"707\" \/>\n\t<meta property=\"og:image:type\" content=\"image\/jpeg\" \/>\n<meta name=\"author\" content=\"juliasercanka\" \/>\n<meta name=\"twitter:card\" content=\"summary_large_image\" \/>\n<meta name=\"twitter:label1\" content=\"Scritto da\" \/>\n\t<meta name=\"twitter:data1\" content=\"juliasercanka\" \/>\n\t<meta name=\"twitter:label2\" content=\"Tempo di lettura stimato\" \/>\n\t<meta name=\"twitter:data2\" content=\"6 minuti\" \/>\n<script type=\"application\/ld+json\" class=\"yoast-schema-graph\">{\"@context\":\"https:\/\/schema.org\",\"@graph\":[{\"@type\":\"Article\",\"@id\":\"https:\/\/jp2doc.pl\/it\/2022\/11\/04\/affrontando-nuove-sfide-3\/#article\",\"isPartOf\":{\"@id\":\"https:\/\/jp2doc.pl\/it\/2022\/11\/04\/affrontando-nuove-sfide-3\/\"},\"author\":{\"name\":\"juliasercanka\",\"@id\":\"https:\/\/jp2doc.pl\/it\/#\/schema\/person\/6110109e80abb51f6fac4824777eabfe\"},\"headline\":\"Affrontando nuove sfide\",\"datePublished\":\"2022-11-04T11:45:47+00:00\",\"dateModified\":\"2022-11-04T11:46:41+00:00\",\"mainEntityOfPage\":{\"@id\":\"https:\/\/jp2doc.pl\/it\/2022\/11\/04\/affrontando-nuove-sfide-3\/\"},\"wordCount\":1174,\"commentCount\":0,\"publisher\":{\"@id\":\"https:\/\/jp2doc.pl\/it\/#organization\"},\"image\":{\"@id\":\"https:\/\/jp2doc.pl\/it\/2022\/11\/04\/affrontando-nuove-sfide-3\/#primaryimage\"},\"thumbnailUrl\":\"https:\/\/jp2doc.pl\/it\/wp-content\/uploads\/sites\/3\/2022\/11\/1A2R6836.jpg\",\"articleSection\":[\"Articoli\",\"Strona g\u0142\u00f3wna - najnowsze\",\"Strona g\u0142\u00f3wna - slider\"],\"inLanguage\":\"it-IT\",\"potentialAction\":[{\"@type\":\"CommentAction\",\"name\":\"Comment\",\"target\":[\"https:\/\/jp2doc.pl\/it\/2022\/11\/04\/affrontando-nuove-sfide-3\/#respond\"]}]},{\"@type\":\"WebPage\",\"@id\":\"https:\/\/jp2doc.pl\/it\/2022\/11\/04\/affrontando-nuove-sfide-3\/\",\"url\":\"https:\/\/jp2doc.pl\/it\/2022\/11\/04\/affrontando-nuove-sfide-3\/\",\"name\":\"Affrontando nuove sfide - Centro di Documentazione e Studio del Pontificato di Giovanni Paolo II a Roma\",\"isPartOf\":{\"@id\":\"https:\/\/jp2doc.pl\/it\/#website\"},\"primaryImageOfPage\":{\"@id\":\"https:\/\/jp2doc.pl\/it\/2022\/11\/04\/affrontando-nuove-sfide-3\/#primaryimage\"},\"image\":{\"@id\":\"https:\/\/jp2doc.pl\/it\/2022\/11\/04\/affrontando-nuove-sfide-3\/#primaryimage\"},\"thumbnailUrl\":\"https:\/\/jp2doc.pl\/it\/wp-content\/uploads\/sites\/3\/2022\/11\/1A2R6836.jpg\",\"datePublished\":\"2022-11-04T11:45:47+00:00\",\"dateModified\":\"2022-11-04T11:46:41+00:00\",\"breadcrumb\":{\"@id\":\"https:\/\/jp2doc.pl\/it\/2022\/11\/04\/affrontando-nuove-sfide-3\/#breadcrumb\"},\"inLanguage\":\"it-IT\",\"potentialAction\":[{\"@type\":\"ReadAction\",\"target\":[\"https:\/\/jp2doc.pl\/it\/2022\/11\/04\/affrontando-nuove-sfide-3\/\"]}]},{\"@type\":\"ImageObject\",\"inLanguage\":\"it-IT\",\"@id\":\"https:\/\/jp2doc.pl\/it\/2022\/11\/04\/affrontando-nuove-sfide-3\/#primaryimage\",\"url\":\"https:\/\/jp2doc.pl\/it\/wp-content\/uploads\/sites\/3\/2022\/11\/1A2R6836.jpg\",\"contentUrl\":\"https:\/\/jp2doc.pl\/it\/wp-content\/uploads\/sites\/3\/2022\/11\/1A2R6836.jpg\",\"width\":1176,\"height\":707,\"caption\":\"23\/09\/2022 Rome. Pontifical Urban University (Urbaniana). Symposium on 40th anniversary of the John Paul II Foundation. Father Federico Lombardi and Mgr Stefan Wylezek, Rector of the Polish Catholic Mission in England and Wales.\"},{\"@type\":\"BreadcrumbList\",\"@id\":\"https:\/\/jp2doc.pl\/it\/2022\/11\/04\/affrontando-nuove-sfide-3\/#breadcrumb\",\"itemListElement\":[{\"@type\":\"ListItem\",\"position\":1,\"name\":\"Home\",\"item\":\"https:\/\/jp2doc.pl\/it\/\"},{\"@type\":\"ListItem\",\"position\":2,\"name\":\"Affrontando nuove sfide\"}]},{\"@type\":\"WebSite\",\"@id\":\"https:\/\/jp2doc.pl\/it\/#website\",\"url\":\"https:\/\/jp2doc.pl\/it\/\",\"name\":\"Centro di Documentazione e Studio del Pontificato di Giovanni Paolo II a Roma\",\"description\":\"\",\"publisher\":{\"@id\":\"https:\/\/jp2doc.pl\/it\/#organization\"},\"potentialAction\":[{\"@type\":\"SearchAction\",\"target\":{\"@type\":\"EntryPoint\",\"urlTemplate\":\"https:\/\/jp2doc.pl\/it\/?s={search_term_string}\"},\"query-input\":{\"@type\":\"PropertyValueSpecification\",\"valueRequired\":true,\"valueName\":\"search_term_string\"}}],\"inLanguage\":\"it-IT\"},{\"@type\":\"Organization\",\"@id\":\"https:\/\/jp2doc.pl\/it\/#organization\",\"name\":\"Centro di Documentazione e Studio del Pontificato di Giovanni Paolo II a Roma\",\"url\":\"https:\/\/jp2doc.pl\/it\/\",\"logo\":{\"@type\":\"ImageObject\",\"inLanguage\":\"it-IT\",\"@id\":\"https:\/\/jp2doc.pl\/it\/#\/schema\/logo\/image\/\",\"url\":\"https:\/\/jp2doc.pl\/it\/wp-content\/uploads\/sites\/3\/2017\/03\/cropped-logo.png\",\"contentUrl\":\"https:\/\/jp2doc.pl\/it\/wp-content\/uploads\/sites\/3\/2017\/03\/cropped-logo.png\",\"width\":115,\"height\":115,\"caption\":\"Centro di Documentazione e Studio del Pontificato di Giovanni Paolo II a Roma\"},\"image\":{\"@id\":\"https:\/\/jp2doc.pl\/it\/#\/schema\/logo\/image\/\"}},{\"@type\":\"Person\",\"@id\":\"https:\/\/jp2doc.pl\/it\/#\/schema\/person\/6110109e80abb51f6fac4824777eabfe\",\"name\":\"juliasercanka\",\"image\":{\"@type\":\"ImageObject\",\"inLanguage\":\"it-IT\",\"@id\":\"https:\/\/jp2doc.pl\/it\/#\/schema\/person\/image\/\",\"url\":\"https:\/\/secure.gravatar.com\/avatar\/266a66e864556e22d55d61b6b10c97fab9060767b738564bcd109f3997e372bc?s=96&d=mm&r=g\",\"contentUrl\":\"https:\/\/secure.gravatar.com\/avatar\/266a66e864556e22d55d61b6b10c97fab9060767b738564bcd109f3997e372bc?s=96&d=mm&r=g\",\"caption\":\"juliasercanka\"},\"url\":\"https:\/\/jp2doc.pl\/it\/author\/juliasercanka\/\"}]}<\/script>\n<!-- \/ Yoast SEO plugin. -->","yoast_head_json":{"title":"Affrontando nuove sfide - Centro di Documentazione e Studio del Pontificato di Giovanni Paolo II a Roma","robots":{"index":"index","follow":"follow","max-snippet":"max-snippet:-1","max-image-preview":"max-image-preview:large","max-video-preview":"max-video-preview:-1"},"canonical":"https:\/\/jp2doc.pl\/it\/2022\/11\/04\/affrontando-nuove-sfide-3\/","og_locale":"it_IT","og_type":"article","og_title":"Affrontando nuove sfide - Centro di Documentazione e Studio del Pontificato di Giovanni Paolo II a Roma","og_description":"Relazione dal simposio di Roma, parte 2","og_url":"https:\/\/jp2doc.pl\/it\/2022\/11\/04\/affrontando-nuove-sfide-3\/","og_site_name":"Centro di Documentazione e Studio del Pontificato di Giovanni Paolo II a Roma","article_published_time":"2022-11-04T11:45:47+00:00","article_modified_time":"2022-11-04T11:46:41+00:00","og_image":[{"width":1176,"height":707,"url":"https:\/\/jp2doc.pl\/it\/wp-content\/uploads\/sites\/3\/2022\/11\/1A2R6836.jpg","type":"image\/jpeg"}],"author":"juliasercanka","twitter_card":"summary_large_image","twitter_misc":{"Scritto da":"juliasercanka","Tempo di lettura stimato":"6 minuti"},"schema":{"@context":"https:\/\/schema.org","@graph":[{"@type":"Article","@id":"https:\/\/jp2doc.pl\/it\/2022\/11\/04\/affrontando-nuove-sfide-3\/#article","isPartOf":{"@id":"https:\/\/jp2doc.pl\/it\/2022\/11\/04\/affrontando-nuove-sfide-3\/"},"author":{"name":"juliasercanka","@id":"https:\/\/jp2doc.pl\/it\/#\/schema\/person\/6110109e80abb51f6fac4824777eabfe"},"headline":"Affrontando nuove sfide","datePublished":"2022-11-04T11:45:47+00:00","dateModified":"2022-11-04T11:46:41+00:00","mainEntityOfPage":{"@id":"https:\/\/jp2doc.pl\/it\/2022\/11\/04\/affrontando-nuove-sfide-3\/"},"wordCount":1174,"commentCount":0,"publisher":{"@id":"https:\/\/jp2doc.pl\/it\/#organization"},"image":{"@id":"https:\/\/jp2doc.pl\/it\/2022\/11\/04\/affrontando-nuove-sfide-3\/#primaryimage"},"thumbnailUrl":"https:\/\/jp2doc.pl\/it\/wp-content\/uploads\/sites\/3\/2022\/11\/1A2R6836.jpg","articleSection":["Articoli","Strona g\u0142\u00f3wna - najnowsze","Strona g\u0142\u00f3wna - slider"],"inLanguage":"it-IT","potentialAction":[{"@type":"CommentAction","name":"Comment","target":["https:\/\/jp2doc.pl\/it\/2022\/11\/04\/affrontando-nuove-sfide-3\/#respond"]}]},{"@type":"WebPage","@id":"https:\/\/jp2doc.pl\/it\/2022\/11\/04\/affrontando-nuove-sfide-3\/","url":"https:\/\/jp2doc.pl\/it\/2022\/11\/04\/affrontando-nuove-sfide-3\/","name":"Affrontando nuove sfide - Centro di Documentazione e Studio del Pontificato di Giovanni Paolo II a Roma","isPartOf":{"@id":"https:\/\/jp2doc.pl\/it\/#website"},"primaryImageOfPage":{"@id":"https:\/\/jp2doc.pl\/it\/2022\/11\/04\/affrontando-nuove-sfide-3\/#primaryimage"},"image":{"@id":"https:\/\/jp2doc.pl\/it\/2022\/11\/04\/affrontando-nuove-sfide-3\/#primaryimage"},"thumbnailUrl":"https:\/\/jp2doc.pl\/it\/wp-content\/uploads\/sites\/3\/2022\/11\/1A2R6836.jpg","datePublished":"2022-11-04T11:45:47+00:00","dateModified":"2022-11-04T11:46:41+00:00","breadcrumb":{"@id":"https:\/\/jp2doc.pl\/it\/2022\/11\/04\/affrontando-nuove-sfide-3\/#breadcrumb"},"inLanguage":"it-IT","potentialAction":[{"@type":"ReadAction","target":["https:\/\/jp2doc.pl\/it\/2022\/11\/04\/affrontando-nuove-sfide-3\/"]}]},{"@type":"ImageObject","inLanguage":"it-IT","@id":"https:\/\/jp2doc.pl\/it\/2022\/11\/04\/affrontando-nuove-sfide-3\/#primaryimage","url":"https:\/\/jp2doc.pl\/it\/wp-content\/uploads\/sites\/3\/2022\/11\/1A2R6836.jpg","contentUrl":"https:\/\/jp2doc.pl\/it\/wp-content\/uploads\/sites\/3\/2022\/11\/1A2R6836.jpg","width":1176,"height":707,"caption":"23\/09\/2022 Rome. Pontifical Urban University (Urbaniana). Symposium on 40th anniversary of the John Paul II Foundation. Father Federico Lombardi and Mgr Stefan Wylezek, Rector of the Polish Catholic Mission in England and Wales."},{"@type":"BreadcrumbList","@id":"https:\/\/jp2doc.pl\/it\/2022\/11\/04\/affrontando-nuove-sfide-3\/#breadcrumb","itemListElement":[{"@type":"ListItem","position":1,"name":"Home","item":"https:\/\/jp2doc.pl\/it\/"},{"@type":"ListItem","position":2,"name":"Affrontando nuove sfide"}]},{"@type":"WebSite","@id":"https:\/\/jp2doc.pl\/it\/#website","url":"https:\/\/jp2doc.pl\/it\/","name":"Centro di Documentazione e Studio del Pontificato di Giovanni Paolo II a Roma","description":"","publisher":{"@id":"https:\/\/jp2doc.pl\/it\/#organization"},"potentialAction":[{"@type":"SearchAction","target":{"@type":"EntryPoint","urlTemplate":"https:\/\/jp2doc.pl\/it\/?s={search_term_string}"},"query-input":{"@type":"PropertyValueSpecification","valueRequired":true,"valueName":"search_term_string"}}],"inLanguage":"it-IT"},{"@type":"Organization","@id":"https:\/\/jp2doc.pl\/it\/#organization","name":"Centro di Documentazione e Studio del Pontificato di Giovanni Paolo II a Roma","url":"https:\/\/jp2doc.pl\/it\/","logo":{"@type":"ImageObject","inLanguage":"it-IT","@id":"https:\/\/jp2doc.pl\/it\/#\/schema\/logo\/image\/","url":"https:\/\/jp2doc.pl\/it\/wp-content\/uploads\/sites\/3\/2017\/03\/cropped-logo.png","contentUrl":"https:\/\/jp2doc.pl\/it\/wp-content\/uploads\/sites\/3\/2017\/03\/cropped-logo.png","width":115,"height":115,"caption":"Centro di Documentazione e Studio del Pontificato di Giovanni Paolo II a Roma"},"image":{"@id":"https:\/\/jp2doc.pl\/it\/#\/schema\/logo\/image\/"}},{"@type":"Person","@id":"https:\/\/jp2doc.pl\/it\/#\/schema\/person\/6110109e80abb51f6fac4824777eabfe","name":"juliasercanka","image":{"@type":"ImageObject","inLanguage":"it-IT","@id":"https:\/\/jp2doc.pl\/it\/#\/schema\/person\/image\/","url":"https:\/\/secure.gravatar.com\/avatar\/266a66e864556e22d55d61b6b10c97fab9060767b738564bcd109f3997e372bc?s=96&d=mm&r=g","contentUrl":"https:\/\/secure.gravatar.com\/avatar\/266a66e864556e22d55d61b6b10c97fab9060767b738564bcd109f3997e372bc?s=96&d=mm&r=g","caption":"juliasercanka"},"url":"https:\/\/jp2doc.pl\/it\/author\/juliasercanka\/"}]}},"_links":{"self":[{"href":"https:\/\/jp2doc.pl\/it\/wp-json\/wp\/v2\/posts\/2930","targetHints":{"allow":["GET"]}}],"collection":[{"href":"https:\/\/jp2doc.pl\/it\/wp-json\/wp\/v2\/posts"}],"about":[{"href":"https:\/\/jp2doc.pl\/it\/wp-json\/wp\/v2\/types\/post"}],"author":[{"embeddable":true,"href":"https:\/\/jp2doc.pl\/it\/wp-json\/wp\/v2\/users\/5"}],"replies":[{"embeddable":true,"href":"https:\/\/jp2doc.pl\/it\/wp-json\/wp\/v2\/comments?post=2930"}],"version-history":[{"count":2,"href":"https:\/\/jp2doc.pl\/it\/wp-json\/wp\/v2\/posts\/2930\/revisions"}],"predecessor-version":[{"id":2934,"href":"https:\/\/jp2doc.pl\/it\/wp-json\/wp\/v2\/posts\/2930\/revisions\/2934"}],"wp:featuredmedia":[{"embeddable":true,"href":"https:\/\/jp2doc.pl\/it\/wp-json\/wp\/v2\/media\/2931"}],"wp:attachment":[{"href":"https:\/\/jp2doc.pl\/it\/wp-json\/wp\/v2\/media?parent=2930"}],"wp:term":[{"taxonomy":"category","embeddable":true,"href":"https:\/\/jp2doc.pl\/it\/wp-json\/wp\/v2\/categories?post=2930"},{"taxonomy":"post_tag","embeddable":true,"href":"https:\/\/jp2doc.pl\/it\/wp-json\/wp\/v2\/tags?post=2930"}],"curies":[{"name":"wp","href":"https:\/\/api.w.org\/{rel}","templated":true}]}}