{"id":2936,"date":"2022-11-05T16:13:39","date_gmt":"2022-11-05T15:13:39","guid":{"rendered":"https:\/\/jp2doc.pl\/it\/?p=2936"},"modified":"2022-11-05T16:13:41","modified_gmt":"2022-11-05T15:13:41","slug":"la-vita-eterna-e-piu-dellimmortalita","status":"publish","type":"post","link":"https:\/\/jp2doc.pl\/it\/2022\/11\/05\/la-vita-eterna-e-piu-dellimmortalita\/","title":{"rendered":"La vita eterna \u00e8 pi\u00f9 dell&#8217;immortalit\u00e0"},"content":{"rendered":"\n<p>I Sadducei erano un gruppo di ebrei che non riconoscevano la risurrezione, volendo dimostrarne l\u2019assurdit\u00e1 e nello stesso tempo mettere alla prova Ges\u00f9 lo interpellano chiamandolo ironicamente \u201cMaestro\u201d Con la loro domanda infatti essi vogliono dimostrare che il suo insegnamento sulla risurrezione \u00e8 incompatibile con la legge lasciata dal patriarca Mos\u00e8.<\/p>\n\n\n\n<p>Essi non riescono a capire che la vita eterna non significa solo la continuazione della vita terrena, chiedono infatti di chi sar\u00e0 moglie, nell\u2019al di l\u00e0, una donna vedova di sette fratelli.<\/p>\n\n\n\n<p>Quale sar\u00e0 il verdetto del tribunale celeste in un caso cos\u00ec complicato.<\/p>\n\n\n\n<p>Ges\u00f9, nella sua risposta, sottolinea che la loro domanda mostra che essi non sanno cosa sia la vita eterna dopo la risurrezione. Cos\u00ec come \u00e8 impossibile versare il mare in un recipiente per quanto grande, \u00e8 impossibile rappresentare cosa sia la vita eterna facendo riferimento solo alle nostre esperienze, percezioni e desideri temporali. La vita eterna non \u00e8 solo l&#8217;abolizione della barriera della mortalit\u00e0. Una persona salvata \u00e8 trasformata, piena di Dio. Diventa &#8220;uguale agli angeli&#8221;. &#8220;Riconosciuti degni di partecipare alla vita futura&#8221; sono i figli di Dio. Appartengono a Dio Padre in virt\u00f9 della grazia della salvezza ricevuta da Cristo. Gi\u00e0 qui sulla terra, uniti a Cristo, apparteniamo a Dio nostro Padre. Dopo la risurrezione, quando vedremo Dio &#8220;faccia a faccia&#8221;, diventeremo come Lui. Egli stesso diventer\u00e0 tutto in tutti. Vivremo per Lui, perch\u00e9 &#8220;Dio non \u00e8 il Dio dei morti, ma dei vivi&#8221;. \u00c8 il Dio di Abramo, di Isacco e di Giacobbe&#8221;.<\/p>\n\n\n\n<p>Questa piena comunione di vita e di amore con Dio si chiama &#8220;paradiso&#8221;. Il Catechismo insegna che &#8220;il cielo \u00e8 la meta ultima e il compimento delle aspirazioni pi\u00f9 profonde dell&#8217;uomo, uno stato di felicit\u00e0 suprema e finale&#8221;.<\/p>\n\n\n\n<p>&nbsp;C&#8217;\u00e8 molta incertezza nelle persone sul domani, sul futuro, soprattutto in questo tempo di guerre e conflitti che potrebbero portare all&#8217;annientamento del mondo&#8230; A maggior ragione la fede nella vita eterna sostiene la speranza.<\/p>\n\n\n\n<p>Crediamo nell&#8217;eternit\u00e0, che \u00e8 il compimento dello scopo ultimo della nostra vita. Crediamo che, uniti a Dio, saremo felici. Anche se a volte la vita sembra un lavoro di Sisifo; &#8220;una pietra che rotola in salita, che rotola di nuovo in discesa&#8221; per la vergogna di noi stessi. La storia della nostra vita non \u00e8 come il tessuto di Penelope, perennemente tessuto e costantemente disfatto. Chi segue Cristo crede che giorno dopo giorno si avvicina alla casa del Padre per vivere con Lui in eterno<\/p>\n\n\n\n<p>Rev. Andrzej Dobrzy\u0144ski<\/p>\n\n\n\n<p><em>Fot. Erwan Hesry\/Unsplash.com<\/em><\/p>\n","protected":false},"excerpt":{"rendered":"<p>XXXII Domenica del tempo Ordinario<\/p>\n","protected":false},"author":5,"featured_media":2571,"comment_status":"open","ping_status":"open","sticky":false,"template":"","format":"standard","meta":{"_acf_changed":false,"_exactmetrics_skip_tracking":false,"_exactmetrics_sitenote_active":false,"_exactmetrics_sitenote_note":"","_exactmetrics_sitenote_category":0,"footnotes":""},"categories":[4,13,14],"tags":[],"class_list":["post-2936","post","type-post","status-publish","format-standard","has-post-thumbnail","hentry","category-blog","category-strona-glowna-najnowsze","category-strona-glowna-slider"],"acf":[],"yoast_head":"<!-- This site is optimized with the Yoast SEO plugin v26.2 - https:\/\/yoast.com\/wordpress\/plugins\/seo\/ -->\n<title>La vita eterna \u00e8 pi\u00f9 dell&#039;immortalit\u00e0 - Centro di Documentazione e Studio del Pontificato di Giovanni Paolo II a Roma<\/title>\n<meta name=\"robots\" content=\"index, follow, max-snippet:-1, max-image-preview:large, max-video-preview:-1\" \/>\n<link rel=\"canonical\" href=\"https:\/\/jp2doc.pl\/it\/2022\/11\/05\/la-vita-eterna-e-piu-dellimmortalita\/\" \/>\n<meta property=\"og:locale\" content=\"it_IT\" \/>\n<meta property=\"og:type\" content=\"article\" \/>\n<meta property=\"og:title\" content=\"La vita eterna \u00e8 pi\u00f9 dell&#039;immortalit\u00e0 - Centro di Documentazione e Studio del Pontificato di Giovanni Paolo II a Roma\" \/>\n<meta property=\"og:description\" content=\"XXXII Domenica del tempo Ordinario\" \/>\n<meta property=\"og:url\" content=\"https:\/\/jp2doc.pl\/it\/2022\/11\/05\/la-vita-eterna-e-piu-dellimmortalita\/\" \/>\n<meta property=\"og:site_name\" content=\"Centro di Documentazione e Studio del Pontificato di Giovanni Paolo II a Roma\" \/>\n<meta property=\"article:published_time\" content=\"2022-11-05T15:13:39+00:00\" \/>\n<meta property=\"article:modified_time\" content=\"2022-11-05T15:13:41+00:00\" \/>\n<meta property=\"og:image\" content=\"https:\/\/jp2doc.pl\/it\/wp-content\/uploads\/sites\/3\/2021\/03\/erwan-hesry-QYYg0KwTGYc-unsplash.jpg\" \/>\n\t<meta property=\"og:image:width\" content=\"1920\" \/>\n\t<meta property=\"og:image:height\" content=\"1280\" \/>\n\t<meta property=\"og:image:type\" content=\"image\/jpeg\" \/>\n<meta name=\"author\" content=\"juliasercanka\" \/>\n<meta name=\"twitter:card\" content=\"summary_large_image\" \/>\n<meta name=\"twitter:label1\" content=\"Scritto da\" \/>\n\t<meta name=\"twitter:data1\" content=\"juliasercanka\" \/>\n\t<meta name=\"twitter:label2\" content=\"Tempo di lettura stimato\" \/>\n\t<meta name=\"twitter:data2\" content=\"2 minuti\" \/>\n<script type=\"application\/ld+json\" class=\"yoast-schema-graph\">{\"@context\":\"https:\/\/schema.org\",\"@graph\":[{\"@type\":\"Article\",\"@id\":\"https:\/\/jp2doc.pl\/it\/2022\/11\/05\/la-vita-eterna-e-piu-dellimmortalita\/#article\",\"isPartOf\":{\"@id\":\"https:\/\/jp2doc.pl\/it\/2022\/11\/05\/la-vita-eterna-e-piu-dellimmortalita\/\"},\"author\":{\"name\":\"juliasercanka\",\"@id\":\"https:\/\/jp2doc.pl\/it\/#\/schema\/person\/6110109e80abb51f6fac4824777eabfe\"},\"headline\":\"La vita eterna \u00e8 pi\u00f9 dell&#8217;immortalit\u00e0\",\"datePublished\":\"2022-11-05T15:13:39+00:00\",\"dateModified\":\"2022-11-05T15:13:41+00:00\",\"mainEntityOfPage\":{\"@id\":\"https:\/\/jp2doc.pl\/it\/2022\/11\/05\/la-vita-eterna-e-piu-dellimmortalita\/\"},\"wordCount\":419,\"commentCount\":0,\"publisher\":{\"@id\":\"https:\/\/jp2doc.pl\/it\/#organization\"},\"image\":{\"@id\":\"https:\/\/jp2doc.pl\/it\/2022\/11\/05\/la-vita-eterna-e-piu-dellimmortalita\/#primaryimage\"},\"thumbnailUrl\":\"https:\/\/jp2doc.pl\/it\/wp-content\/uploads\/sites\/3\/2021\/03\/erwan-hesry-QYYg0KwTGYc-unsplash.jpg\",\"articleSection\":[\"Blog\",\"Strona g\u0142\u00f3wna - najnowsze\",\"Strona g\u0142\u00f3wna - slider\"],\"inLanguage\":\"it-IT\",\"potentialAction\":[{\"@type\":\"CommentAction\",\"name\":\"Comment\",\"target\":[\"https:\/\/jp2doc.pl\/it\/2022\/11\/05\/la-vita-eterna-e-piu-dellimmortalita\/#respond\"]}]},{\"@type\":\"WebPage\",\"@id\":\"https:\/\/jp2doc.pl\/it\/2022\/11\/05\/la-vita-eterna-e-piu-dellimmortalita\/\",\"url\":\"https:\/\/jp2doc.pl\/it\/2022\/11\/05\/la-vita-eterna-e-piu-dellimmortalita\/\",\"name\":\"La vita eterna \u00e8 pi\u00f9 dell'immortalit\u00e0 - Centro di Documentazione e Studio del Pontificato di Giovanni Paolo II a Roma\",\"isPartOf\":{\"@id\":\"https:\/\/jp2doc.pl\/it\/#website\"},\"primaryImageOfPage\":{\"@id\":\"https:\/\/jp2doc.pl\/it\/2022\/11\/05\/la-vita-eterna-e-piu-dellimmortalita\/#primaryimage\"},\"image\":{\"@id\":\"https:\/\/jp2doc.pl\/it\/2022\/11\/05\/la-vita-eterna-e-piu-dellimmortalita\/#primaryimage\"},\"thumbnailUrl\":\"https:\/\/jp2doc.pl\/it\/wp-content\/uploads\/sites\/3\/2021\/03\/erwan-hesry-QYYg0KwTGYc-unsplash.jpg\",\"datePublished\":\"2022-11-05T15:13:39+00:00\",\"dateModified\":\"2022-11-05T15:13:41+00:00\",\"breadcrumb\":{\"@id\":\"https:\/\/jp2doc.pl\/it\/2022\/11\/05\/la-vita-eterna-e-piu-dellimmortalita\/#breadcrumb\"},\"inLanguage\":\"it-IT\",\"potentialAction\":[{\"@type\":\"ReadAction\",\"target\":[\"https:\/\/jp2doc.pl\/it\/2022\/11\/05\/la-vita-eterna-e-piu-dellimmortalita\/\"]}]},{\"@type\":\"ImageObject\",\"inLanguage\":\"it-IT\",\"@id\":\"https:\/\/jp2doc.pl\/it\/2022\/11\/05\/la-vita-eterna-e-piu-dellimmortalita\/#primaryimage\",\"url\":\"https:\/\/jp2doc.pl\/it\/wp-content\/uploads\/sites\/3\/2021\/03\/erwan-hesry-QYYg0KwTGYc-unsplash.jpg\",\"contentUrl\":\"https:\/\/jp2doc.pl\/it\/wp-content\/uploads\/sites\/3\/2021\/03\/erwan-hesry-QYYg0KwTGYc-unsplash.jpg\",\"width\":1920,\"height\":1280},{\"@type\":\"BreadcrumbList\",\"@id\":\"https:\/\/jp2doc.pl\/it\/2022\/11\/05\/la-vita-eterna-e-piu-dellimmortalita\/#breadcrumb\",\"itemListElement\":[{\"@type\":\"ListItem\",\"position\":1,\"name\":\"Home\",\"item\":\"https:\/\/jp2doc.pl\/it\/\"},{\"@type\":\"ListItem\",\"position\":2,\"name\":\"La vita eterna \u00e8 pi\u00f9 dell&#8217;immortalit\u00e0\"}]},{\"@type\":\"WebSite\",\"@id\":\"https:\/\/jp2doc.pl\/it\/#website\",\"url\":\"https:\/\/jp2doc.pl\/it\/\",\"name\":\"Centro di Documentazione e Studio del Pontificato di Giovanni Paolo II a Roma\",\"description\":\"\",\"publisher\":{\"@id\":\"https:\/\/jp2doc.pl\/it\/#organization\"},\"potentialAction\":[{\"@type\":\"SearchAction\",\"target\":{\"@type\":\"EntryPoint\",\"urlTemplate\":\"https:\/\/jp2doc.pl\/it\/?s={search_term_string}\"},\"query-input\":{\"@type\":\"PropertyValueSpecification\",\"valueRequired\":true,\"valueName\":\"search_term_string\"}}],\"inLanguage\":\"it-IT\"},{\"@type\":\"Organization\",\"@id\":\"https:\/\/jp2doc.pl\/it\/#organization\",\"name\":\"Centro di Documentazione e Studio del Pontificato di Giovanni Paolo II a Roma\",\"url\":\"https:\/\/jp2doc.pl\/it\/\",\"logo\":{\"@type\":\"ImageObject\",\"inLanguage\":\"it-IT\",\"@id\":\"https:\/\/jp2doc.pl\/it\/#\/schema\/logo\/image\/\",\"url\":\"https:\/\/jp2doc.pl\/it\/wp-content\/uploads\/sites\/3\/2017\/03\/cropped-logo.png\",\"contentUrl\":\"https:\/\/jp2doc.pl\/it\/wp-content\/uploads\/sites\/3\/2017\/03\/cropped-logo.png\",\"width\":115,\"height\":115,\"caption\":\"Centro di Documentazione e Studio del Pontificato di Giovanni Paolo II a Roma\"},\"image\":{\"@id\":\"https:\/\/jp2doc.pl\/it\/#\/schema\/logo\/image\/\"}},{\"@type\":\"Person\",\"@id\":\"https:\/\/jp2doc.pl\/it\/#\/schema\/person\/6110109e80abb51f6fac4824777eabfe\",\"name\":\"juliasercanka\",\"image\":{\"@type\":\"ImageObject\",\"inLanguage\":\"it-IT\",\"@id\":\"https:\/\/jp2doc.pl\/it\/#\/schema\/person\/image\/\",\"url\":\"https:\/\/secure.gravatar.com\/avatar\/266a66e864556e22d55d61b6b10c97fab9060767b738564bcd109f3997e372bc?s=96&d=mm&r=g\",\"contentUrl\":\"https:\/\/secure.gravatar.com\/avatar\/266a66e864556e22d55d61b6b10c97fab9060767b738564bcd109f3997e372bc?s=96&d=mm&r=g\",\"caption\":\"juliasercanka\"},\"url\":\"https:\/\/jp2doc.pl\/it\/author\/juliasercanka\/\"}]}<\/script>\n<!-- \/ Yoast SEO plugin. -->","yoast_head_json":{"title":"La vita eterna \u00e8 pi\u00f9 dell'immortalit\u00e0 - Centro di Documentazione e Studio del Pontificato di Giovanni Paolo II a Roma","robots":{"index":"index","follow":"follow","max-snippet":"max-snippet:-1","max-image-preview":"max-image-preview:large","max-video-preview":"max-video-preview:-1"},"canonical":"https:\/\/jp2doc.pl\/it\/2022\/11\/05\/la-vita-eterna-e-piu-dellimmortalita\/","og_locale":"it_IT","og_type":"article","og_title":"La vita eterna \u00e8 pi\u00f9 dell'immortalit\u00e0 - Centro di Documentazione e Studio del Pontificato di Giovanni Paolo II a Roma","og_description":"XXXII Domenica del tempo Ordinario","og_url":"https:\/\/jp2doc.pl\/it\/2022\/11\/05\/la-vita-eterna-e-piu-dellimmortalita\/","og_site_name":"Centro di Documentazione e Studio del Pontificato di Giovanni Paolo II a Roma","article_published_time":"2022-11-05T15:13:39+00:00","article_modified_time":"2022-11-05T15:13:41+00:00","og_image":[{"width":1920,"height":1280,"url":"https:\/\/jp2doc.pl\/it\/wp-content\/uploads\/sites\/3\/2021\/03\/erwan-hesry-QYYg0KwTGYc-unsplash.jpg","type":"image\/jpeg"}],"author":"juliasercanka","twitter_card":"summary_large_image","twitter_misc":{"Scritto da":"juliasercanka","Tempo di lettura stimato":"2 minuti"},"schema":{"@context":"https:\/\/schema.org","@graph":[{"@type":"Article","@id":"https:\/\/jp2doc.pl\/it\/2022\/11\/05\/la-vita-eterna-e-piu-dellimmortalita\/#article","isPartOf":{"@id":"https:\/\/jp2doc.pl\/it\/2022\/11\/05\/la-vita-eterna-e-piu-dellimmortalita\/"},"author":{"name":"juliasercanka","@id":"https:\/\/jp2doc.pl\/it\/#\/schema\/person\/6110109e80abb51f6fac4824777eabfe"},"headline":"La vita eterna \u00e8 pi\u00f9 dell&#8217;immortalit\u00e0","datePublished":"2022-11-05T15:13:39+00:00","dateModified":"2022-11-05T15:13:41+00:00","mainEntityOfPage":{"@id":"https:\/\/jp2doc.pl\/it\/2022\/11\/05\/la-vita-eterna-e-piu-dellimmortalita\/"},"wordCount":419,"commentCount":0,"publisher":{"@id":"https:\/\/jp2doc.pl\/it\/#organization"},"image":{"@id":"https:\/\/jp2doc.pl\/it\/2022\/11\/05\/la-vita-eterna-e-piu-dellimmortalita\/#primaryimage"},"thumbnailUrl":"https:\/\/jp2doc.pl\/it\/wp-content\/uploads\/sites\/3\/2021\/03\/erwan-hesry-QYYg0KwTGYc-unsplash.jpg","articleSection":["Blog","Strona g\u0142\u00f3wna - najnowsze","Strona g\u0142\u00f3wna - slider"],"inLanguage":"it-IT","potentialAction":[{"@type":"CommentAction","name":"Comment","target":["https:\/\/jp2doc.pl\/it\/2022\/11\/05\/la-vita-eterna-e-piu-dellimmortalita\/#respond"]}]},{"@type":"WebPage","@id":"https:\/\/jp2doc.pl\/it\/2022\/11\/05\/la-vita-eterna-e-piu-dellimmortalita\/","url":"https:\/\/jp2doc.pl\/it\/2022\/11\/05\/la-vita-eterna-e-piu-dellimmortalita\/","name":"La vita eterna \u00e8 pi\u00f9 dell'immortalit\u00e0 - Centro di Documentazione e Studio del Pontificato di Giovanni Paolo II a Roma","isPartOf":{"@id":"https:\/\/jp2doc.pl\/it\/#website"},"primaryImageOfPage":{"@id":"https:\/\/jp2doc.pl\/it\/2022\/11\/05\/la-vita-eterna-e-piu-dellimmortalita\/#primaryimage"},"image":{"@id":"https:\/\/jp2doc.pl\/it\/2022\/11\/05\/la-vita-eterna-e-piu-dellimmortalita\/#primaryimage"},"thumbnailUrl":"https:\/\/jp2doc.pl\/it\/wp-content\/uploads\/sites\/3\/2021\/03\/erwan-hesry-QYYg0KwTGYc-unsplash.jpg","datePublished":"2022-11-05T15:13:39+00:00","dateModified":"2022-11-05T15:13:41+00:00","breadcrumb":{"@id":"https:\/\/jp2doc.pl\/it\/2022\/11\/05\/la-vita-eterna-e-piu-dellimmortalita\/#breadcrumb"},"inLanguage":"it-IT","potentialAction":[{"@type":"ReadAction","target":["https:\/\/jp2doc.pl\/it\/2022\/11\/05\/la-vita-eterna-e-piu-dellimmortalita\/"]}]},{"@type":"ImageObject","inLanguage":"it-IT","@id":"https:\/\/jp2doc.pl\/it\/2022\/11\/05\/la-vita-eterna-e-piu-dellimmortalita\/#primaryimage","url":"https:\/\/jp2doc.pl\/it\/wp-content\/uploads\/sites\/3\/2021\/03\/erwan-hesry-QYYg0KwTGYc-unsplash.jpg","contentUrl":"https:\/\/jp2doc.pl\/it\/wp-content\/uploads\/sites\/3\/2021\/03\/erwan-hesry-QYYg0KwTGYc-unsplash.jpg","width":1920,"height":1280},{"@type":"BreadcrumbList","@id":"https:\/\/jp2doc.pl\/it\/2022\/11\/05\/la-vita-eterna-e-piu-dellimmortalita\/#breadcrumb","itemListElement":[{"@type":"ListItem","position":1,"name":"Home","item":"https:\/\/jp2doc.pl\/it\/"},{"@type":"ListItem","position":2,"name":"La vita eterna \u00e8 pi\u00f9 dell&#8217;immortalit\u00e0"}]},{"@type":"WebSite","@id":"https:\/\/jp2doc.pl\/it\/#website","url":"https:\/\/jp2doc.pl\/it\/","name":"Centro di Documentazione e Studio del Pontificato di Giovanni Paolo II a Roma","description":"","publisher":{"@id":"https:\/\/jp2doc.pl\/it\/#organization"},"potentialAction":[{"@type":"SearchAction","target":{"@type":"EntryPoint","urlTemplate":"https:\/\/jp2doc.pl\/it\/?s={search_term_string}"},"query-input":{"@type":"PropertyValueSpecification","valueRequired":true,"valueName":"search_term_string"}}],"inLanguage":"it-IT"},{"@type":"Organization","@id":"https:\/\/jp2doc.pl\/it\/#organization","name":"Centro di Documentazione e Studio del Pontificato di Giovanni Paolo II a Roma","url":"https:\/\/jp2doc.pl\/it\/","logo":{"@type":"ImageObject","inLanguage":"it-IT","@id":"https:\/\/jp2doc.pl\/it\/#\/schema\/logo\/image\/","url":"https:\/\/jp2doc.pl\/it\/wp-content\/uploads\/sites\/3\/2017\/03\/cropped-logo.png","contentUrl":"https:\/\/jp2doc.pl\/it\/wp-content\/uploads\/sites\/3\/2017\/03\/cropped-logo.png","width":115,"height":115,"caption":"Centro di Documentazione e Studio del Pontificato di Giovanni Paolo II a Roma"},"image":{"@id":"https:\/\/jp2doc.pl\/it\/#\/schema\/logo\/image\/"}},{"@type":"Person","@id":"https:\/\/jp2doc.pl\/it\/#\/schema\/person\/6110109e80abb51f6fac4824777eabfe","name":"juliasercanka","image":{"@type":"ImageObject","inLanguage":"it-IT","@id":"https:\/\/jp2doc.pl\/it\/#\/schema\/person\/image\/","url":"https:\/\/secure.gravatar.com\/avatar\/266a66e864556e22d55d61b6b10c97fab9060767b738564bcd109f3997e372bc?s=96&d=mm&r=g","contentUrl":"https:\/\/secure.gravatar.com\/avatar\/266a66e864556e22d55d61b6b10c97fab9060767b738564bcd109f3997e372bc?s=96&d=mm&r=g","caption":"juliasercanka"},"url":"https:\/\/jp2doc.pl\/it\/author\/juliasercanka\/"}]}},"_links":{"self":[{"href":"https:\/\/jp2doc.pl\/it\/wp-json\/wp\/v2\/posts\/2936","targetHints":{"allow":["GET"]}}],"collection":[{"href":"https:\/\/jp2doc.pl\/it\/wp-json\/wp\/v2\/posts"}],"about":[{"href":"https:\/\/jp2doc.pl\/it\/wp-json\/wp\/v2\/types\/post"}],"author":[{"embeddable":true,"href":"https:\/\/jp2doc.pl\/it\/wp-json\/wp\/v2\/users\/5"}],"replies":[{"embeddable":true,"href":"https:\/\/jp2doc.pl\/it\/wp-json\/wp\/v2\/comments?post=2936"}],"version-history":[{"count":1,"href":"https:\/\/jp2doc.pl\/it\/wp-json\/wp\/v2\/posts\/2936\/revisions"}],"predecessor-version":[{"id":2937,"href":"https:\/\/jp2doc.pl\/it\/wp-json\/wp\/v2\/posts\/2936\/revisions\/2937"}],"wp:featuredmedia":[{"embeddable":true,"href":"https:\/\/jp2doc.pl\/it\/wp-json\/wp\/v2\/media\/2571"}],"wp:attachment":[{"href":"https:\/\/jp2doc.pl\/it\/wp-json\/wp\/v2\/media?parent=2936"}],"wp:term":[{"taxonomy":"category","embeddable":true,"href":"https:\/\/jp2doc.pl\/it\/wp-json\/wp\/v2\/categories?post=2936"},{"taxonomy":"post_tag","embeddable":true,"href":"https:\/\/jp2doc.pl\/it\/wp-json\/wp\/v2\/tags?post=2936"}],"curies":[{"name":"wp","href":"https:\/\/api.w.org\/{rel}","templated":true}]}}