{"id":2968,"date":"2023-01-04T20:38:34","date_gmt":"2023-01-04T19:38:34","guid":{"rendered":"https:\/\/jp2doc.pl\/it\/?p=2968"},"modified":"2023-01-04T22:35:10","modified_gmt":"2023-01-04T21:35:10","slug":"benedetto-xvi-e-leredita-del-suo-predecessore","status":"publish","type":"post","link":"https:\/\/jp2doc.pl\/it\/2023\/01\/04\/benedetto-xvi-e-leredita-del-suo-predecessore\/","title":{"rendered":"Benedetto XVI e l&#8217;eredit\u00e0 del suo predecessore"},"content":{"rendered":"\n<p>In risposta alla notizia della morte di Benedetto XVI, sono emerse molte dichiarazioni e ricordi del pontefice emerito. Spesso si tratta di riflessioni caratterizzate da un riferimento personale a lui, ai suoi pensieri e alle sue attivit\u00e0. Il Centro di Documentazione e Studio del Pontificato di Giovanni Paolo II ha anche un motivo particolare per fare questa dichiarazione, poich\u00e9 Benedetto XVI, durante il suo pontificato, ha sottolineato il ruolo che la nostra istituzione pu\u00f2 e deve svolgere nel perpetuare, studiare e diffondere l&#8217;eredit\u00e0 di Giovanni Paolo II. Richiamo brevemente queste indicazioni.<\/p>\n\n\n\n<p>Nel suo discorso in occasione del 25\u00b0 anniversario della Fondazione Giovanni Paolo II (23.10.2006), Papa Ratzinger ha sottolineato che la biblioteca e l&#8217;archivio del Centro sono la base per &#8220;ricerche dettagliate e approfondite sull&#8217;eredit\u00e0 spirituale di Giovanni Paolo II&#8221;. Ha aggiunto che svolgere ricerche per la Fondazione dovrebbe essere un attivit\u00e0 di &#8220;primaria importanza&#8221; ed \u00e8 un compito importante che lui, successore del Papa polacco, ha assegnato alla Fondazione Vaticana. Qual \u00e8 lo scopo di questa attivit\u00e0? \u00c8 solo la coltivazione della memoria? No. Benedetto XVI ha sottolineato che, attraverso questa eredit\u00e0, \u00e8 necessario raggiungere i metodi con cui il Vangelo di Cristo deve essere diffuso nel nuovo millennio. \u00c8 una visione molto cristiana, perch\u00e9 i santi o i grandi pensatori della Chiesa non mantengono l&#8217;attenzione su di s\u00e9, ma puntano a Cristo e alla salvezza.<\/p>\n\n\n\n<p>Cinque anni dopo, in un&#8217;analoga occasione di incontro con la Fondazione Giovanni Paolo II (24.10.2011), Benedetto XVI ha pronunciato alcune frasi sul lavoro del Centro, esprimendo la sua fiducia nel fatto che il lavoro quotidiano di ricerca contribuir\u00e0 a rendere la nostra istituzione &#8220;un punto di riferimento sempre pi\u00f9 importante&#8221; per i ricercatori. L&#8217;esperienza scientifica di Papa Ratzinger pu\u00f2 essere vista in questa dichiarazione. Il prestigio di un&#8217;istituzione come la nostra cresce con il lavoro scientifico. Questo, d&#8217;altra parte, dipende da molti fattori, come il numero di personale adeguato, o la capacit\u00e0 dei locali e le risorse finanziarie, ma la passione per la ricerca \u00e8 il fattore principale, e si dimostra in un lavoro scientifico diligente e quotidiano.<\/p>\n\n\n\n<p>Sono particolarmente grato a Papa Benedetto XVI per la sua lettera in occasione del simposio internazionale organizzato nell&#8217;ottobre 2008 dalla Fondazione e dal Centro insieme alla Pontificia Facolt\u00e0 Francescana di Teologia &#8220;Seraphicum&#8221;. L&#8217;evento ha coinciso con l&#8217;800\u00b0 anniversario dell&#8217;approvazione della Regola di San Francesco e con il 30\u00b0 anniversario dell&#8217;elezione di Karol Wojtyla a Papa. Il tema del simposio era &#8220;Il Concilio Vaticano II nel Pontificato di Giovanni Paolo II&#8221;. La lettera di Papa Ratzinger \u00e8 stata un onore per gli organizzatori e i partecipanti, ma mi ha affascinato soprattutto per il suo contenuto e per il collegamento logico dei temi sollevati. Benedetto XVI ha aggiunto a questi temi gi\u00e0 menzionati anche il 50\u00b0 anniversario dell&#8217;elezione di Giovanni XXIII, la figura di San Bonaventura e il Sinodo dei Vescovi sulla Parola di Dio (2008). Tutti questi elementi hanno contribuito all&#8217;eloquenza della lettera, come la composizione musicale di un&#8217;opera che delizia con una sinfonia di suoni.<\/p>\n\n\n\n<p>Devo ammettere che torno spesso su una frase di questa lettera. Benedetto XVI ha scritto: &#8220;Giovanni Paolo II come Papa ha ripreso, praticamente in ogni suo documento e ancor pi\u00f9 nelle sue scelte e azioni, le indicazioni fondamentali del Concilio Vaticano II ecumenico, diventandone testimone autorevole e autentico&#8221;. Ho trovato particolarmente rivelatore sottolineare che non \u00e8 solo il numero di scritti o di riferimenti e citazioni del Concilio, ma anche le azioni e le decisioni che devono essere prese in considerazione quando si esamina il ruolo del Vaticano II nel pontificato di Giovanni Paolo II.<\/p>\n\n\n\n<p>La stretta e sostanziale collaborazione e la successione dei pontificati uniscono Ratzinger e Wojtila, il Papa polacco e il Papa tedesco. Il magistero di Benedetto XVI \u00e8 il contesto pi\u00f9 vicino all&#8217;insegnamento di Giovanni Paolo II, che si riflette anche nella collezione di libri della biblioteca del nostro Centro. Tra i volumi c&#8217;\u00e8 un piccolo libretto intitolato &#8220;La Figlia di Sion&#8221; con una dedica scritta a mano in italiano: &#8220;A Sua Santit\u00e0 Papa Giovanni Paolo II con profonda venerazione dedicato, Joseph Cardinale Ratzinger, Roma, 21 giugno 1995&#8221;. <\/p>\n\n\n\n<figure class=\"wp-block-image size-large is-resized\"><img decoding=\"async\" src=\"https:\/\/jp2doc.pl\/it\/wp-content\/uploads\/sites\/3\/2023\/01\/cccc-1024x936.jpg\" alt=\"\" class=\"wp-image-2969\" height=\"582\" srcset=\"https:\/\/jp2doc.pl\/it\/wp-content\/uploads\/sites\/3\/2023\/01\/cccc-1024x936.jpg 1024w, https:\/\/jp2doc.pl\/it\/wp-content\/uploads\/sites\/3\/2023\/01\/cccc-640x585.jpg 640w, https:\/\/jp2doc.pl\/it\/wp-content\/uploads\/sites\/3\/2023\/01\/cccc-768x702.jpg 768w, https:\/\/jp2doc.pl\/it\/wp-content\/uploads\/sites\/3\/2023\/01\/cccc.jpg 1286w\" sizes=\"(max-width: 1024px) 100vw, 1024px\" \/><\/figure>\n\n\n\n<p>Questa pubblicazione \u00e8 una testimonianza del legame intellettuale che unisce questi due uomini di Chiesa, su cui molto \u00e8 gi\u00e0 stato scritto e detto, e probabilmente pi\u00f9 di un argomento attende ancora di essere studiato ed elaborato in futuro. Inoltre, lo studio dell&#8217;insegnamento dei papi e della storia dei loro pontificati in una prospettiva integrativa sembra essere una cosa molto necessaria.<\/p>\n\n\n\n<figure class=\"wp-block-image size-large is-resized\"><img decoding=\"async\" src=\"https:\/\/jp2doc.pl\/it\/wp-content\/uploads\/sites\/3\/2023\/01\/cccc_rewersgggg-1024x683.jpg\" alt=\"Dal punto di vista del nostro Centro \" class=\"wp-image-2970\" height=\"457\" srcset=\"https:\/\/jp2doc.pl\/it\/wp-content\/uploads\/sites\/3\/2023\/01\/cccc_rewersgggg-1024x683.jpg 1024w, https:\/\/jp2doc.pl\/it\/wp-content\/uploads\/sites\/3\/2023\/01\/cccc_rewersgggg-640x427.jpg 640w, https:\/\/jp2doc.pl\/it\/wp-content\/uploads\/sites\/3\/2023\/01\/cccc_rewersgggg-768x512.jpg 768w, https:\/\/jp2doc.pl\/it\/wp-content\/uploads\/sites\/3\/2023\/01\/cccc_rewersgggg.jpg 1040w\" sizes=\"(max-width: 1024px) 100vw, 1024px\" \/><\/figure>\n\n\n\n<p>\u00c8 significativo che Papa Francesco abbia commissionato proprio questo compito alle fondazioni vaticane. Ha chiesto alla Fondazione Ratzinger-Benedetto XVI di animare tale attivit\u00e0. Ha detto all&#8217;ultima edizione del &#8220;Premio Ratzinger&#8221;: &#8220;Colgo questa occasione per incoraggiare anche la collaborazione con le Fondazioni vaticane intitolate al Beato Giovanni Paolo I e a San Giovanni Paolo II, cosicch\u00e9 la memoria e la vitalit\u00e0 del messaggio di questi tre Pontefici siano promosse in unione di intenti nella comunit\u00e0 ecclesiale\u201d&#8221; (1\u00b0 dicembre 2022). Vale la pena rispondere a questo appello di Papa Francesco, poich\u00e9 esiste il pericolo di una lettura ecclesialmente e teologicamente errata dei pontificati, in cui l&#8217;enfatizzazione delle differenze e l&#8217;articolazione degli opposti porta ingiustificatamente a un offuscamento della continuit\u00e0 della missione papale e a un indebolimento dell&#8217;autorit\u00e0 papale.<\/p>\n\n\n\n<p>Don Andrzej Dobrzy\u0144ski<\/p>\n","protected":false},"excerpt":{"rendered":"<p>Dal punto di vista del nostro Centro <\/p>\n","protected":false},"author":5,"featured_media":2971,"comment_status":"open","ping_status":"open","sticky":false,"template":"","format":"standard","meta":{"_acf_changed":false,"_exactmetrics_skip_tracking":false,"_exactmetrics_sitenote_active":false,"_exactmetrics_sitenote_note":"","_exactmetrics_sitenote_category":0,"footnotes":""},"categories":[2,13,14],"tags":[],"class_list":["post-2968","post","type-post","status-publish","format-standard","has-post-thumbnail","hentry","category-articoli","category-strona-glowna-najnowsze","category-strona-glowna-slider"],"acf":[],"yoast_head":"<!-- This site is optimized with the Yoast SEO plugin v26.2 - https:\/\/yoast.com\/wordpress\/plugins\/seo\/ -->\n<title>Benedetto XVI e l&#039;eredit\u00e0 del suo predecessore - Centro di Documentazione e Studio del Pontificato di Giovanni Paolo II a Roma<\/title>\n<meta name=\"description\" content=\"Dal punto di vista del nostro Centro\" \/>\n<meta name=\"robots\" content=\"index, follow, max-snippet:-1, max-image-preview:large, max-video-preview:-1\" \/>\n<link rel=\"canonical\" href=\"https:\/\/jp2doc.pl\/it\/2023\/01\/04\/benedetto-xvi-e-leredita-del-suo-predecessore\/\" \/>\n<meta property=\"og:locale\" content=\"it_IT\" \/>\n<meta property=\"og:type\" content=\"article\" \/>\n<meta property=\"og:title\" content=\"Benedetto XVI e l&#039;eredit\u00e0 del suo predecessore - Centro di Documentazione e Studio del Pontificato di Giovanni Paolo II a Roma\" \/>\n<meta property=\"og:description\" content=\"Dal punto di vista del nostro Centro\" \/>\n<meta property=\"og:url\" content=\"https:\/\/jp2doc.pl\/it\/2023\/01\/04\/benedetto-xvi-e-leredita-del-suo-predecessore\/\" \/>\n<meta property=\"og:site_name\" content=\"Centro di Documentazione e Studio del Pontificato di Giovanni Paolo II a Roma\" \/>\n<meta property=\"article:published_time\" content=\"2023-01-04T19:38:34+00:00\" \/>\n<meta property=\"article:modified_time\" content=\"2023-01-04T21:35:10+00:00\" \/>\n<meta property=\"og:image\" content=\"https:\/\/jp2doc.pl\/it\/wp-content\/uploads\/sites\/3\/2023\/01\/vvvv.jpg\" \/>\n\t<meta property=\"og:image:width\" content=\"1757\" \/>\n\t<meta property=\"og:image:height\" content=\"1273\" \/>\n\t<meta property=\"og:image:type\" content=\"image\/jpeg\" \/>\n<meta name=\"author\" content=\"juliasercanka\" \/>\n<meta name=\"twitter:card\" content=\"summary_large_image\" \/>\n<meta name=\"twitter:label1\" content=\"Scritto da\" \/>\n\t<meta name=\"twitter:data1\" content=\"juliasercanka\" \/>\n\t<meta name=\"twitter:label2\" content=\"Tempo di lettura stimato\" \/>\n\t<meta name=\"twitter:data2\" content=\"5 minuti\" \/>\n<script type=\"application\/ld+json\" class=\"yoast-schema-graph\">{\"@context\":\"https:\/\/schema.org\",\"@graph\":[{\"@type\":\"Article\",\"@id\":\"https:\/\/jp2doc.pl\/it\/2023\/01\/04\/benedetto-xvi-e-leredita-del-suo-predecessore\/#article\",\"isPartOf\":{\"@id\":\"https:\/\/jp2doc.pl\/it\/2023\/01\/04\/benedetto-xvi-e-leredita-del-suo-predecessore\/\"},\"author\":{\"name\":\"juliasercanka\",\"@id\":\"https:\/\/jp2doc.pl\/it\/#\/schema\/person\/6110109e80abb51f6fac4824777eabfe\"},\"headline\":\"Benedetto XVI e l&#8217;eredit\u00e0 del suo predecessore\",\"datePublished\":\"2023-01-04T19:38:34+00:00\",\"dateModified\":\"2023-01-04T21:35:10+00:00\",\"mainEntityOfPage\":{\"@id\":\"https:\/\/jp2doc.pl\/it\/2023\/01\/04\/benedetto-xvi-e-leredita-del-suo-predecessore\/\"},\"wordCount\":879,\"commentCount\":0,\"publisher\":{\"@id\":\"https:\/\/jp2doc.pl\/it\/#organization\"},\"image\":{\"@id\":\"https:\/\/jp2doc.pl\/it\/2023\/01\/04\/benedetto-xvi-e-leredita-del-suo-predecessore\/#primaryimage\"},\"thumbnailUrl\":\"https:\/\/jp2doc.pl\/it\/wp-content\/uploads\/sites\/3\/2023\/01\/vvvv.jpg\",\"articleSection\":[\"Articoli\",\"Strona g\u0142\u00f3wna - najnowsze\",\"Strona g\u0142\u00f3wna - slider\"],\"inLanguage\":\"it-IT\",\"potentialAction\":[{\"@type\":\"CommentAction\",\"name\":\"Comment\",\"target\":[\"https:\/\/jp2doc.pl\/it\/2023\/01\/04\/benedetto-xvi-e-leredita-del-suo-predecessore\/#respond\"]}]},{\"@type\":\"WebPage\",\"@id\":\"https:\/\/jp2doc.pl\/it\/2023\/01\/04\/benedetto-xvi-e-leredita-del-suo-predecessore\/\",\"url\":\"https:\/\/jp2doc.pl\/it\/2023\/01\/04\/benedetto-xvi-e-leredita-del-suo-predecessore\/\",\"name\":\"Benedetto XVI e l'eredit\u00e0 del suo predecessore - Centro di Documentazione e Studio del Pontificato di Giovanni Paolo II a Roma\",\"isPartOf\":{\"@id\":\"https:\/\/jp2doc.pl\/it\/#website\"},\"primaryImageOfPage\":{\"@id\":\"https:\/\/jp2doc.pl\/it\/2023\/01\/04\/benedetto-xvi-e-leredita-del-suo-predecessore\/#primaryimage\"},\"image\":{\"@id\":\"https:\/\/jp2doc.pl\/it\/2023\/01\/04\/benedetto-xvi-e-leredita-del-suo-predecessore\/#primaryimage\"},\"thumbnailUrl\":\"https:\/\/jp2doc.pl\/it\/wp-content\/uploads\/sites\/3\/2023\/01\/vvvv.jpg\",\"datePublished\":\"2023-01-04T19:38:34+00:00\",\"dateModified\":\"2023-01-04T21:35:10+00:00\",\"description\":\"Dal punto di vista del nostro Centro\",\"breadcrumb\":{\"@id\":\"https:\/\/jp2doc.pl\/it\/2023\/01\/04\/benedetto-xvi-e-leredita-del-suo-predecessore\/#breadcrumb\"},\"inLanguage\":\"it-IT\",\"potentialAction\":[{\"@type\":\"ReadAction\",\"target\":[\"https:\/\/jp2doc.pl\/it\/2023\/01\/04\/benedetto-xvi-e-leredita-del-suo-predecessore\/\"]}]},{\"@type\":\"ImageObject\",\"inLanguage\":\"it-IT\",\"@id\":\"https:\/\/jp2doc.pl\/it\/2023\/01\/04\/benedetto-xvi-e-leredita-del-suo-predecessore\/#primaryimage\",\"url\":\"https:\/\/jp2doc.pl\/it\/wp-content\/uploads\/sites\/3\/2023\/01\/vvvv.jpg\",\"contentUrl\":\"https:\/\/jp2doc.pl\/it\/wp-content\/uploads\/sites\/3\/2023\/01\/vvvv.jpg\",\"width\":1757,\"height\":1273},{\"@type\":\"BreadcrumbList\",\"@id\":\"https:\/\/jp2doc.pl\/it\/2023\/01\/04\/benedetto-xvi-e-leredita-del-suo-predecessore\/#breadcrumb\",\"itemListElement\":[{\"@type\":\"ListItem\",\"position\":1,\"name\":\"Home\",\"item\":\"https:\/\/jp2doc.pl\/it\/\"},{\"@type\":\"ListItem\",\"position\":2,\"name\":\"Benedetto XVI e l&#8217;eredit\u00e0 del suo predecessore\"}]},{\"@type\":\"WebSite\",\"@id\":\"https:\/\/jp2doc.pl\/it\/#website\",\"url\":\"https:\/\/jp2doc.pl\/it\/\",\"name\":\"Centro di Documentazione e Studio del Pontificato di Giovanni Paolo II a Roma\",\"description\":\"\",\"publisher\":{\"@id\":\"https:\/\/jp2doc.pl\/it\/#organization\"},\"potentialAction\":[{\"@type\":\"SearchAction\",\"target\":{\"@type\":\"EntryPoint\",\"urlTemplate\":\"https:\/\/jp2doc.pl\/it\/?s={search_term_string}\"},\"query-input\":{\"@type\":\"PropertyValueSpecification\",\"valueRequired\":true,\"valueName\":\"search_term_string\"}}],\"inLanguage\":\"it-IT\"},{\"@type\":\"Organization\",\"@id\":\"https:\/\/jp2doc.pl\/it\/#organization\",\"name\":\"Centro di Documentazione e Studio del Pontificato di Giovanni Paolo II a Roma\",\"url\":\"https:\/\/jp2doc.pl\/it\/\",\"logo\":{\"@type\":\"ImageObject\",\"inLanguage\":\"it-IT\",\"@id\":\"https:\/\/jp2doc.pl\/it\/#\/schema\/logo\/image\/\",\"url\":\"https:\/\/jp2doc.pl\/it\/wp-content\/uploads\/sites\/3\/2017\/03\/cropped-logo.png\",\"contentUrl\":\"https:\/\/jp2doc.pl\/it\/wp-content\/uploads\/sites\/3\/2017\/03\/cropped-logo.png\",\"width\":115,\"height\":115,\"caption\":\"Centro di Documentazione e Studio del Pontificato di Giovanni Paolo II a Roma\"},\"image\":{\"@id\":\"https:\/\/jp2doc.pl\/it\/#\/schema\/logo\/image\/\"}},{\"@type\":\"Person\",\"@id\":\"https:\/\/jp2doc.pl\/it\/#\/schema\/person\/6110109e80abb51f6fac4824777eabfe\",\"name\":\"juliasercanka\",\"image\":{\"@type\":\"ImageObject\",\"inLanguage\":\"it-IT\",\"@id\":\"https:\/\/jp2doc.pl\/it\/#\/schema\/person\/image\/\",\"url\":\"https:\/\/secure.gravatar.com\/avatar\/266a66e864556e22d55d61b6b10c97fab9060767b738564bcd109f3997e372bc?s=96&d=mm&r=g\",\"contentUrl\":\"https:\/\/secure.gravatar.com\/avatar\/266a66e864556e22d55d61b6b10c97fab9060767b738564bcd109f3997e372bc?s=96&d=mm&r=g\",\"caption\":\"juliasercanka\"},\"url\":\"https:\/\/jp2doc.pl\/it\/author\/juliasercanka\/\"}]}<\/script>\n<!-- \/ Yoast SEO plugin. -->","yoast_head_json":{"title":"Benedetto XVI e l'eredit\u00e0 del suo predecessore - Centro di Documentazione e Studio del Pontificato di Giovanni Paolo II a Roma","description":"Dal punto di vista del nostro Centro","robots":{"index":"index","follow":"follow","max-snippet":"max-snippet:-1","max-image-preview":"max-image-preview:large","max-video-preview":"max-video-preview:-1"},"canonical":"https:\/\/jp2doc.pl\/it\/2023\/01\/04\/benedetto-xvi-e-leredita-del-suo-predecessore\/","og_locale":"it_IT","og_type":"article","og_title":"Benedetto XVI e l'eredit\u00e0 del suo predecessore - Centro di Documentazione e Studio del Pontificato di Giovanni Paolo II a Roma","og_description":"Dal punto di vista del nostro Centro","og_url":"https:\/\/jp2doc.pl\/it\/2023\/01\/04\/benedetto-xvi-e-leredita-del-suo-predecessore\/","og_site_name":"Centro di Documentazione e Studio del Pontificato di Giovanni Paolo II a Roma","article_published_time":"2023-01-04T19:38:34+00:00","article_modified_time":"2023-01-04T21:35:10+00:00","og_image":[{"width":1757,"height":1273,"url":"https:\/\/jp2doc.pl\/it\/wp-content\/uploads\/sites\/3\/2023\/01\/vvvv.jpg","type":"image\/jpeg"}],"author":"juliasercanka","twitter_card":"summary_large_image","twitter_misc":{"Scritto da":"juliasercanka","Tempo di lettura stimato":"5 minuti"},"schema":{"@context":"https:\/\/schema.org","@graph":[{"@type":"Article","@id":"https:\/\/jp2doc.pl\/it\/2023\/01\/04\/benedetto-xvi-e-leredita-del-suo-predecessore\/#article","isPartOf":{"@id":"https:\/\/jp2doc.pl\/it\/2023\/01\/04\/benedetto-xvi-e-leredita-del-suo-predecessore\/"},"author":{"name":"juliasercanka","@id":"https:\/\/jp2doc.pl\/it\/#\/schema\/person\/6110109e80abb51f6fac4824777eabfe"},"headline":"Benedetto XVI e l&#8217;eredit\u00e0 del suo predecessore","datePublished":"2023-01-04T19:38:34+00:00","dateModified":"2023-01-04T21:35:10+00:00","mainEntityOfPage":{"@id":"https:\/\/jp2doc.pl\/it\/2023\/01\/04\/benedetto-xvi-e-leredita-del-suo-predecessore\/"},"wordCount":879,"commentCount":0,"publisher":{"@id":"https:\/\/jp2doc.pl\/it\/#organization"},"image":{"@id":"https:\/\/jp2doc.pl\/it\/2023\/01\/04\/benedetto-xvi-e-leredita-del-suo-predecessore\/#primaryimage"},"thumbnailUrl":"https:\/\/jp2doc.pl\/it\/wp-content\/uploads\/sites\/3\/2023\/01\/vvvv.jpg","articleSection":["Articoli","Strona g\u0142\u00f3wna - najnowsze","Strona g\u0142\u00f3wna - slider"],"inLanguage":"it-IT","potentialAction":[{"@type":"CommentAction","name":"Comment","target":["https:\/\/jp2doc.pl\/it\/2023\/01\/04\/benedetto-xvi-e-leredita-del-suo-predecessore\/#respond"]}]},{"@type":"WebPage","@id":"https:\/\/jp2doc.pl\/it\/2023\/01\/04\/benedetto-xvi-e-leredita-del-suo-predecessore\/","url":"https:\/\/jp2doc.pl\/it\/2023\/01\/04\/benedetto-xvi-e-leredita-del-suo-predecessore\/","name":"Benedetto XVI e l'eredit\u00e0 del suo predecessore - Centro di Documentazione e Studio del Pontificato di Giovanni Paolo II a Roma","isPartOf":{"@id":"https:\/\/jp2doc.pl\/it\/#website"},"primaryImageOfPage":{"@id":"https:\/\/jp2doc.pl\/it\/2023\/01\/04\/benedetto-xvi-e-leredita-del-suo-predecessore\/#primaryimage"},"image":{"@id":"https:\/\/jp2doc.pl\/it\/2023\/01\/04\/benedetto-xvi-e-leredita-del-suo-predecessore\/#primaryimage"},"thumbnailUrl":"https:\/\/jp2doc.pl\/it\/wp-content\/uploads\/sites\/3\/2023\/01\/vvvv.jpg","datePublished":"2023-01-04T19:38:34+00:00","dateModified":"2023-01-04T21:35:10+00:00","description":"Dal punto di vista del nostro Centro","breadcrumb":{"@id":"https:\/\/jp2doc.pl\/it\/2023\/01\/04\/benedetto-xvi-e-leredita-del-suo-predecessore\/#breadcrumb"},"inLanguage":"it-IT","potentialAction":[{"@type":"ReadAction","target":["https:\/\/jp2doc.pl\/it\/2023\/01\/04\/benedetto-xvi-e-leredita-del-suo-predecessore\/"]}]},{"@type":"ImageObject","inLanguage":"it-IT","@id":"https:\/\/jp2doc.pl\/it\/2023\/01\/04\/benedetto-xvi-e-leredita-del-suo-predecessore\/#primaryimage","url":"https:\/\/jp2doc.pl\/it\/wp-content\/uploads\/sites\/3\/2023\/01\/vvvv.jpg","contentUrl":"https:\/\/jp2doc.pl\/it\/wp-content\/uploads\/sites\/3\/2023\/01\/vvvv.jpg","width":1757,"height":1273},{"@type":"BreadcrumbList","@id":"https:\/\/jp2doc.pl\/it\/2023\/01\/04\/benedetto-xvi-e-leredita-del-suo-predecessore\/#breadcrumb","itemListElement":[{"@type":"ListItem","position":1,"name":"Home","item":"https:\/\/jp2doc.pl\/it\/"},{"@type":"ListItem","position":2,"name":"Benedetto XVI e l&#8217;eredit\u00e0 del suo predecessore"}]},{"@type":"WebSite","@id":"https:\/\/jp2doc.pl\/it\/#website","url":"https:\/\/jp2doc.pl\/it\/","name":"Centro di Documentazione e Studio del Pontificato di Giovanni Paolo II a Roma","description":"","publisher":{"@id":"https:\/\/jp2doc.pl\/it\/#organization"},"potentialAction":[{"@type":"SearchAction","target":{"@type":"EntryPoint","urlTemplate":"https:\/\/jp2doc.pl\/it\/?s={search_term_string}"},"query-input":{"@type":"PropertyValueSpecification","valueRequired":true,"valueName":"search_term_string"}}],"inLanguage":"it-IT"},{"@type":"Organization","@id":"https:\/\/jp2doc.pl\/it\/#organization","name":"Centro di Documentazione e Studio del Pontificato di Giovanni Paolo II a Roma","url":"https:\/\/jp2doc.pl\/it\/","logo":{"@type":"ImageObject","inLanguage":"it-IT","@id":"https:\/\/jp2doc.pl\/it\/#\/schema\/logo\/image\/","url":"https:\/\/jp2doc.pl\/it\/wp-content\/uploads\/sites\/3\/2017\/03\/cropped-logo.png","contentUrl":"https:\/\/jp2doc.pl\/it\/wp-content\/uploads\/sites\/3\/2017\/03\/cropped-logo.png","width":115,"height":115,"caption":"Centro di Documentazione e Studio del Pontificato di Giovanni Paolo II a Roma"},"image":{"@id":"https:\/\/jp2doc.pl\/it\/#\/schema\/logo\/image\/"}},{"@type":"Person","@id":"https:\/\/jp2doc.pl\/it\/#\/schema\/person\/6110109e80abb51f6fac4824777eabfe","name":"juliasercanka","image":{"@type":"ImageObject","inLanguage":"it-IT","@id":"https:\/\/jp2doc.pl\/it\/#\/schema\/person\/image\/","url":"https:\/\/secure.gravatar.com\/avatar\/266a66e864556e22d55d61b6b10c97fab9060767b738564bcd109f3997e372bc?s=96&d=mm&r=g","contentUrl":"https:\/\/secure.gravatar.com\/avatar\/266a66e864556e22d55d61b6b10c97fab9060767b738564bcd109f3997e372bc?s=96&d=mm&r=g","caption":"juliasercanka"},"url":"https:\/\/jp2doc.pl\/it\/author\/juliasercanka\/"}]}},"_links":{"self":[{"href":"https:\/\/jp2doc.pl\/it\/wp-json\/wp\/v2\/posts\/2968","targetHints":{"allow":["GET"]}}],"collection":[{"href":"https:\/\/jp2doc.pl\/it\/wp-json\/wp\/v2\/posts"}],"about":[{"href":"https:\/\/jp2doc.pl\/it\/wp-json\/wp\/v2\/types\/post"}],"author":[{"embeddable":true,"href":"https:\/\/jp2doc.pl\/it\/wp-json\/wp\/v2\/users\/5"}],"replies":[{"embeddable":true,"href":"https:\/\/jp2doc.pl\/it\/wp-json\/wp\/v2\/comments?post=2968"}],"version-history":[{"count":3,"href":"https:\/\/jp2doc.pl\/it\/wp-json\/wp\/v2\/posts\/2968\/revisions"}],"predecessor-version":[{"id":2975,"href":"https:\/\/jp2doc.pl\/it\/wp-json\/wp\/v2\/posts\/2968\/revisions\/2975"}],"wp:featuredmedia":[{"embeddable":true,"href":"https:\/\/jp2doc.pl\/it\/wp-json\/wp\/v2\/media\/2971"}],"wp:attachment":[{"href":"https:\/\/jp2doc.pl\/it\/wp-json\/wp\/v2\/media?parent=2968"}],"wp:term":[{"taxonomy":"category","embeddable":true,"href":"https:\/\/jp2doc.pl\/it\/wp-json\/wp\/v2\/categories?post=2968"},{"taxonomy":"post_tag","embeddable":true,"href":"https:\/\/jp2doc.pl\/it\/wp-json\/wp\/v2\/tags?post=2968"}],"curies":[{"name":"wp","href":"https:\/\/api.w.org\/{rel}","templated":true}]}}