{"id":2977,"date":"2023-01-21T23:18:41","date_gmt":"2023-01-21T22:18:41","guid":{"rendered":"https:\/\/jp2doc.pl\/it\/?p=2977"},"modified":"2023-01-21T23:18:42","modified_gmt":"2023-01-21T22:18:42","slug":"la-testimonianza-di-giovanni-battista","status":"publish","type":"post","link":"https:\/\/jp2doc.pl\/it\/2023\/01\/21\/la-testimonianza-di-giovanni-battista\/","title":{"rendered":"La testimonianza di Giovanni Battista"},"content":{"rendered":"\n<p>In questi periodi, il nostro precursore Giovanni Battista \u00e8 un personaggio illuminante. Anche nel Vangelo di questa domenica, racconta la sua testimonianza. Ossia, Giovanni vedeva \u00ablo Spirito discendere come una colomba dal cielo e rimanere su di lui\u00bb; lo capiva subito che Ges\u00f9 \u00e8 quell\u2019\u00abagnello di Dio, colui che toglie il peccato del mondo!\u00bb. Quella testimonianza \u00e8 stimolante, come l\u2019esperienza mistica di San Paolo Apostolo, colui che venne colpito dalla manifestazione di Ges\u00f9 e non pot\u00e9 vedere nulla per tre giorni. In realt\u00e0, tutte le testimonianze sulla fede sono cristologiche, per dire la vera identit\u00e0 di Ges\u00f9 Cristo e il mistero della salvezza. Siccome ciascuno ha la propria storia e il proprio contesto; quindi, la testimonianza personale pu\u00f2 anche esprimersi in diversi modi. Per\u00f2, l\u2019importanza \u00e8 che ognuno di noi davvero possa riflettere sulla sua testimonianza, come Giovanni Battista, perch\u00e9 l\u2019esperienza mistica personale fa parte dell\u2019esperienza mistica umana, laddove il volto di Dio si rende pi\u00f9 vicino.<\/p>\n\n\n\n<p>Dio, rivela s\u00e9 stesso attraverso i profeti, nel tempo di Antico Testamento. Nel Nuovo Testamento, Dio rivela tutto attraverso il suo Figlio unigenito \u2013 Ges\u00f9 Cristo, e ai santi, coloro che sono pi\u00f9 vicini al cuore di Dio, rivela il disegno progettato da Dio, per amore e per la salvezza del mondo. Senza dubbio, Giovanni Battista come precursore, la sua testimonianza precede dalla testimonianza dei discepoli che lo seguivano.<\/p>\n\n\n\n<p>Giovanni, vedendo Ges\u00f9 venire verso di lui, sta vivendo un\u2019illuminazione; perci\u00f2, lui pu\u00f2 capire che Ges\u00f9 \u00e8 l\u2019agnello di Dio. Per gli ebrei, l\u2019agnello di Dio \u00e8 l\u2019agnello pasquale, che significa una liberazione dalla schiavit\u00f9 dall\u2019Egitto attraverso il proprio sacrificio. Quindi, gi\u00e0 dalla testimonianza di Giovanni Battista, abbiamo gi\u00e0 visto la passione di Ges\u00f9. Alla necessit\u00e0 del sacrificio corrispondono i peccati del mondo, ossia la mancanza della fede verso Ges\u00f9. Ad esempio, finora, la maggioranza degli ebrei non credono che Ges\u00f9 sia il Messia, e ogni anno, durante la <em>Pasqua Seder<\/em>, loro ancora cantando ed aspettano la venuta di Messia. Per noi, che siamo cristiani, bench\u00e9 la seconda venuta del Signore sia sicura, non \u00e8 facile ancora credere quello che ancora non si \u00e8 realizzato. La purificazione dei peccati \u00e8 una purificazione dell\u2019incredulit\u00e0.<\/p>\n\n\n\n<p>Quando Giovanni vede lo Spirito come una colomba dal cielo e scende su di Lui, si manifesta pienamente la verit\u00e0 della Trinit\u00e0: Padre, Figlio e Lo Spirito Santo, cio\u00e8 attraverso Ges\u00f9, il cielo e la terra unite, il paradiso incarnato al mondo terreno. Quindi, chi vede Ges\u00f9, gi\u00e0 vive nel paradiso, come il ladro accanto a Ges\u00f9 nella crocifissione; come tutti gli uomini, coloro che hanno recuperato la visita, la salute e la gioia. Dunque, la testimonianza di Giovanni Battista apre una nuova epoca per questo mondo, dove il mondo \u00e8 trasformato dalla venuta di Ges\u00f9, dove il Cielo si avvicina alla terra, affinch\u00e9 abbracci tutta la terra.<\/p>\n\n\n\n<p>\u00abLa nostra autentica missione in questo mondo in cui siamo stati posti non pu\u00f2 essere in alcun caso quella di voltare le spalle alla cose e agli esseri che incontriamo e che attirano il nostro cuore; al contrario, \u00e8 proprio quella di entrare in contatto, attraverso la santificazione del legame che ci unisce a loro, con ci\u00f2 che in essi si manifesta come bellezza, sensazione di benessere, godimento\u00bb \u2013 Martin Buber.<\/p>\n\n\n\n<p><strong>Sophia Lilin Wu<\/strong> \u2013 studentessa della Pontificia Universit\u00e0 Gregoriana, professoressa della Universit\u00e0 degli Studi \u201cGabriele d\u2019Annunzio\u201d Chieti-Pescara.&nbsp;&nbsp;<\/p>\n","protected":false},"excerpt":{"rendered":"<p>II Domenica del Tempo Ordinario <\/p>\n","protected":false},"author":5,"featured_media":1779,"comment_status":"open","ping_status":"open","sticky":false,"template":"","format":"standard","meta":{"_acf_changed":false,"_exactmetrics_skip_tracking":false,"_exactmetrics_sitenote_active":false,"_exactmetrics_sitenote_note":"","_exactmetrics_sitenote_category":0,"footnotes":""},"categories":[4,13,14],"tags":[],"class_list":["post-2977","post","type-post","status-publish","format-standard","has-post-thumbnail","hentry","category-blog","category-strona-glowna-najnowsze","category-strona-glowna-slider"],"acf":[],"yoast_head":"<!-- This site is optimized with the Yoast SEO plugin v26.2 - https:\/\/yoast.com\/wordpress\/plugins\/seo\/ -->\n<title>La testimonianza di Giovanni Battista - Centro di Documentazione e Studio del Pontificato di Giovanni Paolo II a Roma<\/title>\n<meta name=\"robots\" content=\"index, follow, max-snippet:-1, max-image-preview:large, max-video-preview:-1\" \/>\n<link rel=\"canonical\" href=\"https:\/\/jp2doc.pl\/it\/2023\/01\/21\/la-testimonianza-di-giovanni-battista\/\" \/>\n<meta property=\"og:locale\" content=\"it_IT\" \/>\n<meta property=\"og:type\" content=\"article\" \/>\n<meta property=\"og:title\" content=\"La testimonianza di Giovanni Battista - Centro di Documentazione e Studio del Pontificato di Giovanni Paolo II a Roma\" \/>\n<meta property=\"og:description\" content=\"II Domenica del Tempo Ordinario\" \/>\n<meta property=\"og:url\" content=\"https:\/\/jp2doc.pl\/it\/2023\/01\/21\/la-testimonianza-di-giovanni-battista\/\" \/>\n<meta property=\"og:site_name\" content=\"Centro di Documentazione e Studio del Pontificato di Giovanni Paolo II a Roma\" \/>\n<meta property=\"article:published_time\" content=\"2023-01-21T22:18:41+00:00\" \/>\n<meta property=\"article:modified_time\" content=\"2023-01-21T22:18:42+00:00\" \/>\n<meta property=\"og:image\" content=\"https:\/\/jp2doc.pl\/it\/wp-content\/uploads\/sites\/3\/2017\/09\/Obraz-2.jpg\" \/>\n\t<meta property=\"og:image:width\" content=\"1287\" \/>\n\t<meta property=\"og:image:height\" content=\"670\" \/>\n\t<meta property=\"og:image:type\" content=\"image\/jpeg\" \/>\n<meta name=\"author\" content=\"juliasercanka\" \/>\n<meta name=\"twitter:card\" content=\"summary_large_image\" \/>\n<meta name=\"twitter:label1\" content=\"Scritto da\" \/>\n\t<meta name=\"twitter:data1\" content=\"juliasercanka\" \/>\n\t<meta name=\"twitter:label2\" content=\"Tempo di lettura stimato\" \/>\n\t<meta name=\"twitter:data2\" content=\"3 minuti\" \/>\n<script type=\"application\/ld+json\" class=\"yoast-schema-graph\">{\"@context\":\"https:\/\/schema.org\",\"@graph\":[{\"@type\":\"Article\",\"@id\":\"https:\/\/jp2doc.pl\/it\/2023\/01\/21\/la-testimonianza-di-giovanni-battista\/#article\",\"isPartOf\":{\"@id\":\"https:\/\/jp2doc.pl\/it\/2023\/01\/21\/la-testimonianza-di-giovanni-battista\/\"},\"author\":{\"name\":\"juliasercanka\",\"@id\":\"https:\/\/jp2doc.pl\/it\/#\/schema\/person\/6110109e80abb51f6fac4824777eabfe\"},\"headline\":\"La testimonianza di Giovanni Battista\",\"datePublished\":\"2023-01-21T22:18:41+00:00\",\"dateModified\":\"2023-01-21T22:18:42+00:00\",\"mainEntityOfPage\":{\"@id\":\"https:\/\/jp2doc.pl\/it\/2023\/01\/21\/la-testimonianza-di-giovanni-battista\/\"},\"wordCount\":560,\"commentCount\":0,\"publisher\":{\"@id\":\"https:\/\/jp2doc.pl\/it\/#organization\"},\"image\":{\"@id\":\"https:\/\/jp2doc.pl\/it\/2023\/01\/21\/la-testimonianza-di-giovanni-battista\/#primaryimage\"},\"thumbnailUrl\":\"https:\/\/jp2doc.pl\/it\/wp-content\/uploads\/sites\/3\/2017\/09\/Obraz-2.jpg\",\"articleSection\":[\"Blog\",\"Strona g\u0142\u00f3wna - najnowsze\",\"Strona g\u0142\u00f3wna - slider\"],\"inLanguage\":\"it-IT\",\"potentialAction\":[{\"@type\":\"CommentAction\",\"name\":\"Comment\",\"target\":[\"https:\/\/jp2doc.pl\/it\/2023\/01\/21\/la-testimonianza-di-giovanni-battista\/#respond\"]}]},{\"@type\":\"WebPage\",\"@id\":\"https:\/\/jp2doc.pl\/it\/2023\/01\/21\/la-testimonianza-di-giovanni-battista\/\",\"url\":\"https:\/\/jp2doc.pl\/it\/2023\/01\/21\/la-testimonianza-di-giovanni-battista\/\",\"name\":\"La testimonianza di Giovanni Battista - Centro di Documentazione e Studio del Pontificato di Giovanni Paolo II a Roma\",\"isPartOf\":{\"@id\":\"https:\/\/jp2doc.pl\/it\/#website\"},\"primaryImageOfPage\":{\"@id\":\"https:\/\/jp2doc.pl\/it\/2023\/01\/21\/la-testimonianza-di-giovanni-battista\/#primaryimage\"},\"image\":{\"@id\":\"https:\/\/jp2doc.pl\/it\/2023\/01\/21\/la-testimonianza-di-giovanni-battista\/#primaryimage\"},\"thumbnailUrl\":\"https:\/\/jp2doc.pl\/it\/wp-content\/uploads\/sites\/3\/2017\/09\/Obraz-2.jpg\",\"datePublished\":\"2023-01-21T22:18:41+00:00\",\"dateModified\":\"2023-01-21T22:18:42+00:00\",\"breadcrumb\":{\"@id\":\"https:\/\/jp2doc.pl\/it\/2023\/01\/21\/la-testimonianza-di-giovanni-battista\/#breadcrumb\"},\"inLanguage\":\"it-IT\",\"potentialAction\":[{\"@type\":\"ReadAction\",\"target\":[\"https:\/\/jp2doc.pl\/it\/2023\/01\/21\/la-testimonianza-di-giovanni-battista\/\"]}]},{\"@type\":\"ImageObject\",\"inLanguage\":\"it-IT\",\"@id\":\"https:\/\/jp2doc.pl\/it\/2023\/01\/21\/la-testimonianza-di-giovanni-battista\/#primaryimage\",\"url\":\"https:\/\/jp2doc.pl\/it\/wp-content\/uploads\/sites\/3\/2017\/09\/Obraz-2.jpg\",\"contentUrl\":\"https:\/\/jp2doc.pl\/it\/wp-content\/uploads\/sites\/3\/2017\/09\/Obraz-2.jpg\",\"width\":1287,\"height\":670},{\"@type\":\"BreadcrumbList\",\"@id\":\"https:\/\/jp2doc.pl\/it\/2023\/01\/21\/la-testimonianza-di-giovanni-battista\/#breadcrumb\",\"itemListElement\":[{\"@type\":\"ListItem\",\"position\":1,\"name\":\"Home\",\"item\":\"https:\/\/jp2doc.pl\/it\/\"},{\"@type\":\"ListItem\",\"position\":2,\"name\":\"La testimonianza di Giovanni Battista\"}]},{\"@type\":\"WebSite\",\"@id\":\"https:\/\/jp2doc.pl\/it\/#website\",\"url\":\"https:\/\/jp2doc.pl\/it\/\",\"name\":\"Centro di Documentazione e Studio del Pontificato di Giovanni Paolo II a Roma\",\"description\":\"\",\"publisher\":{\"@id\":\"https:\/\/jp2doc.pl\/it\/#organization\"},\"potentialAction\":[{\"@type\":\"SearchAction\",\"target\":{\"@type\":\"EntryPoint\",\"urlTemplate\":\"https:\/\/jp2doc.pl\/it\/?s={search_term_string}\"},\"query-input\":{\"@type\":\"PropertyValueSpecification\",\"valueRequired\":true,\"valueName\":\"search_term_string\"}}],\"inLanguage\":\"it-IT\"},{\"@type\":\"Organization\",\"@id\":\"https:\/\/jp2doc.pl\/it\/#organization\",\"name\":\"Centro di Documentazione e Studio del Pontificato di Giovanni Paolo II a Roma\",\"url\":\"https:\/\/jp2doc.pl\/it\/\",\"logo\":{\"@type\":\"ImageObject\",\"inLanguage\":\"it-IT\",\"@id\":\"https:\/\/jp2doc.pl\/it\/#\/schema\/logo\/image\/\",\"url\":\"https:\/\/jp2doc.pl\/it\/wp-content\/uploads\/sites\/3\/2017\/03\/cropped-logo.png\",\"contentUrl\":\"https:\/\/jp2doc.pl\/it\/wp-content\/uploads\/sites\/3\/2017\/03\/cropped-logo.png\",\"width\":115,\"height\":115,\"caption\":\"Centro di Documentazione e Studio del Pontificato di Giovanni Paolo II a Roma\"},\"image\":{\"@id\":\"https:\/\/jp2doc.pl\/it\/#\/schema\/logo\/image\/\"}},{\"@type\":\"Person\",\"@id\":\"https:\/\/jp2doc.pl\/it\/#\/schema\/person\/6110109e80abb51f6fac4824777eabfe\",\"name\":\"juliasercanka\",\"image\":{\"@type\":\"ImageObject\",\"inLanguage\":\"it-IT\",\"@id\":\"https:\/\/jp2doc.pl\/it\/#\/schema\/person\/image\/\",\"url\":\"https:\/\/secure.gravatar.com\/avatar\/266a66e864556e22d55d61b6b10c97fab9060767b738564bcd109f3997e372bc?s=96&d=mm&r=g\",\"contentUrl\":\"https:\/\/secure.gravatar.com\/avatar\/266a66e864556e22d55d61b6b10c97fab9060767b738564bcd109f3997e372bc?s=96&d=mm&r=g\",\"caption\":\"juliasercanka\"},\"url\":\"https:\/\/jp2doc.pl\/it\/author\/juliasercanka\/\"}]}<\/script>\n<!-- \/ Yoast SEO plugin. -->","yoast_head_json":{"title":"La testimonianza di Giovanni Battista - Centro di Documentazione e Studio del Pontificato di Giovanni Paolo II a Roma","robots":{"index":"index","follow":"follow","max-snippet":"max-snippet:-1","max-image-preview":"max-image-preview:large","max-video-preview":"max-video-preview:-1"},"canonical":"https:\/\/jp2doc.pl\/it\/2023\/01\/21\/la-testimonianza-di-giovanni-battista\/","og_locale":"it_IT","og_type":"article","og_title":"La testimonianza di Giovanni Battista - Centro di Documentazione e Studio del Pontificato di Giovanni Paolo II a Roma","og_description":"II Domenica del Tempo Ordinario","og_url":"https:\/\/jp2doc.pl\/it\/2023\/01\/21\/la-testimonianza-di-giovanni-battista\/","og_site_name":"Centro di Documentazione e Studio del Pontificato di Giovanni Paolo II a Roma","article_published_time":"2023-01-21T22:18:41+00:00","article_modified_time":"2023-01-21T22:18:42+00:00","og_image":[{"width":1287,"height":670,"url":"https:\/\/jp2doc.pl\/it\/wp-content\/uploads\/sites\/3\/2017\/09\/Obraz-2.jpg","type":"image\/jpeg"}],"author":"juliasercanka","twitter_card":"summary_large_image","twitter_misc":{"Scritto da":"juliasercanka","Tempo di lettura stimato":"3 minuti"},"schema":{"@context":"https:\/\/schema.org","@graph":[{"@type":"Article","@id":"https:\/\/jp2doc.pl\/it\/2023\/01\/21\/la-testimonianza-di-giovanni-battista\/#article","isPartOf":{"@id":"https:\/\/jp2doc.pl\/it\/2023\/01\/21\/la-testimonianza-di-giovanni-battista\/"},"author":{"name":"juliasercanka","@id":"https:\/\/jp2doc.pl\/it\/#\/schema\/person\/6110109e80abb51f6fac4824777eabfe"},"headline":"La testimonianza di Giovanni Battista","datePublished":"2023-01-21T22:18:41+00:00","dateModified":"2023-01-21T22:18:42+00:00","mainEntityOfPage":{"@id":"https:\/\/jp2doc.pl\/it\/2023\/01\/21\/la-testimonianza-di-giovanni-battista\/"},"wordCount":560,"commentCount":0,"publisher":{"@id":"https:\/\/jp2doc.pl\/it\/#organization"},"image":{"@id":"https:\/\/jp2doc.pl\/it\/2023\/01\/21\/la-testimonianza-di-giovanni-battista\/#primaryimage"},"thumbnailUrl":"https:\/\/jp2doc.pl\/it\/wp-content\/uploads\/sites\/3\/2017\/09\/Obraz-2.jpg","articleSection":["Blog","Strona g\u0142\u00f3wna - najnowsze","Strona g\u0142\u00f3wna - slider"],"inLanguage":"it-IT","potentialAction":[{"@type":"CommentAction","name":"Comment","target":["https:\/\/jp2doc.pl\/it\/2023\/01\/21\/la-testimonianza-di-giovanni-battista\/#respond"]}]},{"@type":"WebPage","@id":"https:\/\/jp2doc.pl\/it\/2023\/01\/21\/la-testimonianza-di-giovanni-battista\/","url":"https:\/\/jp2doc.pl\/it\/2023\/01\/21\/la-testimonianza-di-giovanni-battista\/","name":"La testimonianza di Giovanni Battista - Centro di Documentazione e Studio del Pontificato di Giovanni Paolo II a Roma","isPartOf":{"@id":"https:\/\/jp2doc.pl\/it\/#website"},"primaryImageOfPage":{"@id":"https:\/\/jp2doc.pl\/it\/2023\/01\/21\/la-testimonianza-di-giovanni-battista\/#primaryimage"},"image":{"@id":"https:\/\/jp2doc.pl\/it\/2023\/01\/21\/la-testimonianza-di-giovanni-battista\/#primaryimage"},"thumbnailUrl":"https:\/\/jp2doc.pl\/it\/wp-content\/uploads\/sites\/3\/2017\/09\/Obraz-2.jpg","datePublished":"2023-01-21T22:18:41+00:00","dateModified":"2023-01-21T22:18:42+00:00","breadcrumb":{"@id":"https:\/\/jp2doc.pl\/it\/2023\/01\/21\/la-testimonianza-di-giovanni-battista\/#breadcrumb"},"inLanguage":"it-IT","potentialAction":[{"@type":"ReadAction","target":["https:\/\/jp2doc.pl\/it\/2023\/01\/21\/la-testimonianza-di-giovanni-battista\/"]}]},{"@type":"ImageObject","inLanguage":"it-IT","@id":"https:\/\/jp2doc.pl\/it\/2023\/01\/21\/la-testimonianza-di-giovanni-battista\/#primaryimage","url":"https:\/\/jp2doc.pl\/it\/wp-content\/uploads\/sites\/3\/2017\/09\/Obraz-2.jpg","contentUrl":"https:\/\/jp2doc.pl\/it\/wp-content\/uploads\/sites\/3\/2017\/09\/Obraz-2.jpg","width":1287,"height":670},{"@type":"BreadcrumbList","@id":"https:\/\/jp2doc.pl\/it\/2023\/01\/21\/la-testimonianza-di-giovanni-battista\/#breadcrumb","itemListElement":[{"@type":"ListItem","position":1,"name":"Home","item":"https:\/\/jp2doc.pl\/it\/"},{"@type":"ListItem","position":2,"name":"La testimonianza di Giovanni Battista"}]},{"@type":"WebSite","@id":"https:\/\/jp2doc.pl\/it\/#website","url":"https:\/\/jp2doc.pl\/it\/","name":"Centro di Documentazione e Studio del Pontificato di Giovanni Paolo II a Roma","description":"","publisher":{"@id":"https:\/\/jp2doc.pl\/it\/#organization"},"potentialAction":[{"@type":"SearchAction","target":{"@type":"EntryPoint","urlTemplate":"https:\/\/jp2doc.pl\/it\/?s={search_term_string}"},"query-input":{"@type":"PropertyValueSpecification","valueRequired":true,"valueName":"search_term_string"}}],"inLanguage":"it-IT"},{"@type":"Organization","@id":"https:\/\/jp2doc.pl\/it\/#organization","name":"Centro di Documentazione e Studio del Pontificato di Giovanni Paolo II a Roma","url":"https:\/\/jp2doc.pl\/it\/","logo":{"@type":"ImageObject","inLanguage":"it-IT","@id":"https:\/\/jp2doc.pl\/it\/#\/schema\/logo\/image\/","url":"https:\/\/jp2doc.pl\/it\/wp-content\/uploads\/sites\/3\/2017\/03\/cropped-logo.png","contentUrl":"https:\/\/jp2doc.pl\/it\/wp-content\/uploads\/sites\/3\/2017\/03\/cropped-logo.png","width":115,"height":115,"caption":"Centro di Documentazione e Studio del Pontificato di Giovanni Paolo II a Roma"},"image":{"@id":"https:\/\/jp2doc.pl\/it\/#\/schema\/logo\/image\/"}},{"@type":"Person","@id":"https:\/\/jp2doc.pl\/it\/#\/schema\/person\/6110109e80abb51f6fac4824777eabfe","name":"juliasercanka","image":{"@type":"ImageObject","inLanguage":"it-IT","@id":"https:\/\/jp2doc.pl\/it\/#\/schema\/person\/image\/","url":"https:\/\/secure.gravatar.com\/avatar\/266a66e864556e22d55d61b6b10c97fab9060767b738564bcd109f3997e372bc?s=96&d=mm&r=g","contentUrl":"https:\/\/secure.gravatar.com\/avatar\/266a66e864556e22d55d61b6b10c97fab9060767b738564bcd109f3997e372bc?s=96&d=mm&r=g","caption":"juliasercanka"},"url":"https:\/\/jp2doc.pl\/it\/author\/juliasercanka\/"}]}},"_links":{"self":[{"href":"https:\/\/jp2doc.pl\/it\/wp-json\/wp\/v2\/posts\/2977","targetHints":{"allow":["GET"]}}],"collection":[{"href":"https:\/\/jp2doc.pl\/it\/wp-json\/wp\/v2\/posts"}],"about":[{"href":"https:\/\/jp2doc.pl\/it\/wp-json\/wp\/v2\/types\/post"}],"author":[{"embeddable":true,"href":"https:\/\/jp2doc.pl\/it\/wp-json\/wp\/v2\/users\/5"}],"replies":[{"embeddable":true,"href":"https:\/\/jp2doc.pl\/it\/wp-json\/wp\/v2\/comments?post=2977"}],"version-history":[{"count":1,"href":"https:\/\/jp2doc.pl\/it\/wp-json\/wp\/v2\/posts\/2977\/revisions"}],"predecessor-version":[{"id":2978,"href":"https:\/\/jp2doc.pl\/it\/wp-json\/wp\/v2\/posts\/2977\/revisions\/2978"}],"wp:featuredmedia":[{"embeddable":true,"href":"https:\/\/jp2doc.pl\/it\/wp-json\/wp\/v2\/media\/1779"}],"wp:attachment":[{"href":"https:\/\/jp2doc.pl\/it\/wp-json\/wp\/v2\/media?parent=2977"}],"wp:term":[{"taxonomy":"category","embeddable":true,"href":"https:\/\/jp2doc.pl\/it\/wp-json\/wp\/v2\/categories?post=2977"},{"taxonomy":"post_tag","embeddable":true,"href":"https:\/\/jp2doc.pl\/it\/wp-json\/wp\/v2\/tags?post=2977"}],"curies":[{"name":"wp","href":"https:\/\/api.w.org\/{rel}","templated":true}]}}